{"id":20156,"date":"2021-05-07T13:40:14","date_gmt":"2021-05-07T13:40:14","guid":{"rendered":"https:\/\/larevistadigital.com.ar\/blog\/?p=20156"},"modified":"2021-05-07T13:40:14","modified_gmt":"2021-05-07T13:40:14","slug":"buscan-a-adolescente-que-se-ausento-de-su-casa-hace-2-semanas","status":"publish","type":"post","link":"https:\/\/larevistadigital.com.ar\/blog\/buscan-a-adolescente-que-se-ausento-de-su-casa-hace-2-semanas\/","title":{"rendered":"BUSCAN A ADOLESCENTE QUE SE AUSENT\u00d3 DE SU CASA HACE 2 SEMANAS"},"content":{"rendered":"<p>MAR DEL PLATA &#8211; Una adolescente de <strong>15 a\u00f1os<\/strong> que estuvo de visita en la casa de unos familiares en Mar del Plata es buscada intensamente luego de que su madre denunciara que hab\u00eda perdido el contacto con ella. La causa por la \u00a0averiguaci\u00f3n del paradero de<strong>\u00a0Micaela Daniela Tapia\u00a0<\/strong>se tramita en la Unidad Fiscal de Instrucci\u00f3n 7.<\/p>\n<blockquote>\n<h3>Fuentes judiciales informaron a<strong>\u00a00223<\/strong>\u00a0que la adolescente sali\u00f3 el 23 de abril pasado desde su casa en El Boquer\u00f3n hacia Mar del Plata para pasar unos d\u00edas en la casa de su t\u00eda y visitar algunos amigos. Si bien la adolescente no regres\u00f3 en el tiempo previsto, la familia aguard\u00f3 algunos d\u00edas m\u00e1s para realizar la denuncia en la comisar\u00eda octava.<\/h3>\n<\/blockquote>\n<p><strong>La menor mide 1,60 metros, es robusta de tez blanca, tiene el pelo casta\u00f1o largo y lacio, ojos marrones, con un piercing en su lengua y no posee tatuajes. Estaba vestida con un pantal\u00f3n verde, buzo rojo y zapatillas blancas con vivo negro.<\/strong><\/p>\n<p><strong>Micaela<\/strong> no posee celular y en los \u00faltimos d\u00edas la vieron por la zona del skate park, el casino y la peatonal San Martin, por lo que se solicita que cualquier informaci\u00f3n se remita al 911.<\/p>\n","protected":false},"excerpt":{"rendered":"<div class=\"mh-excerpt\"><p>MAR DEL PLATA &#8211; Una adolescente de 15 a\u00f1os que estuvo de visita en la casa de unos familiares en Mar del Plata es buscada intensamente luego de que su madre denunciara que hab\u00eda perdido <a class=\"mh-excerpt-more\" href=\"https:\/\/larevistadigital.com.ar\/blog\/buscan-a-adolescente-que-se-ausento-de-su-casa-hace-2-semanas\/\" title=\"BUSCAN A ADOLESCENTE QUE SE AUSENT\u00d3 DE SU CASA HACE 2 SEMANAS\">[Leer M\u00e1s]<\/a><\/p>\n<\/div>","protected":false},"author":3,"featured_media":20157,"comment_status":"open","ping_status":"open","sticky":false,"template":"","format":"standard","meta":{"_jetpack_memberships_contains_paid_content":false,"footnotes":"","jetpack_publicize_message":"","jetpack_publicize_feature_enabled":true,"jetpack_social_post_already_shared":true,"jetpack_social_options":{"image_generator_settings":{"template":"highway","default_image_id":0,"font":"","enabled":false},"version":2}},"categories":[44,51],"tags":[],"class_list":{"0":"post-20156","1":"post","2":"type-post","3":"status-publish","4":"format-standard","5":"has-post-thumbnail","7":"category-policiales","8":"category-regionales"},"jetpack_publicize_connections":[],"jetpack_featured_media_url":"https:\/\/i0.wp.com\/larevistadigital.com.ar\/blog\/wp-content\/uploads\/CHICA-BUSCADA.png?fit=992%2C551&ssl=1","jetpack_sharing_enabled":true,"jetpack_shortlink":"https:\/\/wp.me\/p8qtrQ-5f6","jetpack-related-posts":[{"id":7979,"url":"https:\/\/larevistadigital.com.ar\/blog\/mar-del-plata-detienen-a-hombre-acusado-de-violar-a-su-sobrina-de-13-anos\/","url_meta":{"origin":20156,"position":0},"title":"MAR DEL PLATA: DETIENEN A HOMBRE ACUSADO DE VIOLAR A SU SOBRINA DE 13 A\u00d1OS","author":"Alejandro Sosa Ruda","date":"26 enero, 2019","format":false,"excerpt":"El sujeto, de 58 a\u00f1os, se neg\u00f3 a declarar y qued\u00f3 alojado en la Unidad Penal 44 de Bat\u00e1n. Adem\u00e1s, la menor denunci\u00f3 que su t\u00eda ya la hab\u00eda violado, hace unas semanas, cuando estaban en Misiones. El mi\u00e9rcoles la v\u00edctima declarar\u00e1 en C\u00e1mara Gesell. Un hombre de 58 a\u00f1os\u2026","rel":"","context":"En \u00abPOLICIALES\u00bb","block_context":{"text":"POLICIALES","link":"https:\/\/larevistadigital.com.ar\/blog\/category\/policiales\/"},"img":{"alt_text":"","src":"","width":0,"height":0},"classes":[]},{"id":21327,"url":"https:\/\/larevistadigital.com.ar\/blog\/discusion-de-transito-termina-a-los-tiros-y-detienen-a-un-adolescente\/","url_meta":{"origin":20156,"position":1},"title":"DISCUSI\u00d3N DE TR\u00c1NSITO TERMINA A LOS TIROS Y DETIENEN A UN ADOLESCENTE","author":"Alejandro Sosa Ruda","date":"30 julio, 2021","format":false,"excerpt":"Tiene 17 a\u00f1os. Est\u00e1 acusado de haber baleado el auto de un joven de 24 a\u00f1os con quien discuti\u00f3 en las calles de Santa Clara del Mar. Cuando la polic\u00eda fue a detenerlo, su madre habr\u00eda intentado coimear a los efectivos. MAR DEL PLATA -\u00a0 Un\u00a0adolescente de 17 a\u00f1os\u00a0que le\u2026","rel":"","context":"En \u00abPOLICIALES\u00bb","block_context":{"text":"POLICIALES","link":"https:\/\/larevistadigital.com.ar\/blog\/category\/policiales\/"},"img":{"alt_text":"","src":"https:\/\/i0.wp.com\/larevistadigital.com.ar\/blog\/wp-content\/uploads\/Captura-de-pantalla-2021-07-30-131442.png?fit=1015%2C763&ssl=1&resize=350%2C200","width":350,"height":200,"srcset":"https:\/\/i0.wp.com\/larevistadigital.com.ar\/blog\/wp-content\/uploads\/Captura-de-pantalla-2021-07-30-131442.png?fit=1015%2C763&ssl=1&resize=350%2C200 1x, https:\/\/i0.wp.com\/larevistadigital.com.ar\/blog\/wp-content\/uploads\/Captura-de-pantalla-2021-07-30-131442.png?fit=1015%2C763&ssl=1&resize=525%2C300 1.5x, https:\/\/i0.wp.com\/larevistadigital.com.ar\/blog\/wp-content\/uploads\/Captura-de-pantalla-2021-07-30-131442.png?fit=1015%2C763&ssl=1&resize=700%2C400 2x"},"classes":[]},{"id":19907,"url":"https:\/\/larevistadigital.com.ar\/blog\/mar-del-plata-adolescente-con-diabetes-se-contagio-de-coronavirus-y-murio\/","url_meta":{"origin":20156,"position":2},"title":"MAR DEL PLATA: ADOLESCENTE CON DIABETES SE CONTAGI\u00d3 DE CORONAVIRUS Y MURI\u00d3","author":"Alejandro Sosa Ruda","date":"28 abril, 2021","format":false,"excerpt":"MAR DEL PLATA - Mar del Plata sufri\u00f3 la muerte de una de sus v\u00edctimas por Covid-19 m\u00e1s j\u00f3venes. Se trata de una adolescente de 16 que padec\u00eda diabetes y que se encontraba internada en la terapia intensiva del hospital modular, dedicado exclusivamente a la atenci\u00f3n de la pandemia. A\u2026","rel":"","context":"En \u00abREGIONALES\u00bb","block_context":{"text":"REGIONALES","link":"https:\/\/larevistadigital.com.ar\/blog\/category\/regionales\/"},"img":{"alt_text":"","src":"https:\/\/i0.wp.com\/larevistadigital.com.ar\/blog\/wp-content\/uploads\/hospital-mofdular-2021-mdp.jpg?fit=880%2C512&ssl=1&resize=350%2C200","width":350,"height":200,"srcset":"https:\/\/i0.wp.com\/larevistadigital.com.ar\/blog\/wp-content\/uploads\/hospital-mofdular-2021-mdp.jpg?fit=880%2C512&ssl=1&resize=350%2C200 1x, https:\/\/i0.wp.com\/larevistadigital.com.ar\/blog\/wp-content\/uploads\/hospital-mofdular-2021-mdp.jpg?fit=880%2C512&ssl=1&resize=525%2C300 1.5x, https:\/\/i0.wp.com\/larevistadigital.com.ar\/blog\/wp-content\/uploads\/hospital-mofdular-2021-mdp.jpg?fit=880%2C512&ssl=1&resize=700%2C400 2x"},"classes":[]},{"id":14037,"url":"https:\/\/larevistadigital.com.ar\/blog\/encontraron-a-sanso-algunos-detalles\/","url_meta":{"origin":20156,"position":3},"title":"ENCONTRARON A SANSO. ALGUNOS DETALLES","author":"Alejandro Sosa Ruda","date":"6 enero, 2020","format":false,"excerpt":"Un patrullero de la Bonaerense\u00a0detuvo a Exequiel cuando el adolescente caminaba por el costado de la ruta 2\u00a0a la altura del peaje de Samboromb\u00f3n. Ajenos a la b\u00fasqueda casa por casa que se inci\u00f3 desde el descubrimiento del triple crimen,\u00a0los polic\u00edas interrogaron al muchacho porque les pareci\u00f3 raro verlo caminar\u2026","rel":"","context":"En \u00abDESTACADAS\u00bb","block_context":{"text":"DESTACADAS","link":"https:\/\/larevistadigital.com.ar\/blog\/category\/destacadas\/"},"img":{"alt_text":"","src":"https:\/\/i0.wp.com\/larevistadigital.com.ar\/blog\/wp-content\/uploads\/images-1.jpg?fit=600%2C326&ssl=1&resize=350%2C200","width":350,"height":200,"srcset":"https:\/\/i0.wp.com\/larevistadigital.com.ar\/blog\/wp-content\/uploads\/images-1.jpg?fit=600%2C326&ssl=1&resize=350%2C200 1x, https:\/\/i0.wp.com\/larevistadigital.com.ar\/blog\/wp-content\/uploads\/images-1.jpg?fit=600%2C326&ssl=1&resize=525%2C300 1.5x"},"classes":[]},{"id":14034,"url":"https:\/\/larevistadigital.com.ar\/blog\/encontraron-a-ezequiel-sanso-el-adolescente-buscado-por-la-tragedia-de-la-plata\/","url_meta":{"origin":20156,"position":4},"title":"ENCONTRARON A EZEQUIEL SANSO, EL ADOLESCENTE BUSCADO POR LA TRAGEDIA DE LA PLATA","author":"Alejandro Sosa Ruda","date":"6 enero, 2020","format":false,"excerpt":"Lo encontraron en inmediaciones de la bah\u00eda de Samboromb\u00f3n. El joven de 17 a\u00f1os, se encontraba desaparecido desde el pasado 1 de enero, cuando ocurri\u00f3 el brutal triple homicidio en una casa de 523 entre 164 y 165. El adolescente era intensamente buscado por la Polic\u00eda y su testimonio podr\u00eda\u2026","rel":"","context":"En \u00abDESTACADAS\u00bb","block_context":{"text":"DESTACADAS","link":"https:\/\/larevistadigital.com.ar\/blog\/category\/destacadas\/"},"img":{"alt_text":"","src":"https:\/\/i0.wp.com\/larevistadigital.com.ar\/blog\/wp-content\/uploads\/1578347685476.jpg?fit=1200%2C894&ssl=1&resize=350%2C200","width":350,"height":200,"srcset":"https:\/\/i0.wp.com\/larevistadigital.com.ar\/blog\/wp-content\/uploads\/1578347685476.jpg?fit=1200%2C894&ssl=1&resize=350%2C200 1x, https:\/\/i0.wp.com\/larevistadigital.com.ar\/blog\/wp-content\/uploads\/1578347685476.jpg?fit=1200%2C894&ssl=1&resize=525%2C300 1.5x, https:\/\/i0.wp.com\/larevistadigital.com.ar\/blog\/wp-content\/uploads\/1578347685476.jpg?fit=1200%2C894&ssl=1&resize=700%2C400 2x, https:\/\/i0.wp.com\/larevistadigital.com.ar\/blog\/wp-content\/uploads\/1578347685476.jpg?fit=1200%2C894&ssl=1&resize=1050%2C600 3x"},"classes":[]},{"id":11033,"url":"https:\/\/larevistadigital.com.ar\/blog\/mar-del-plata-adolescente-quiso-robar-kiosco-y-el-dueno-le-propino-una-paliza\/","url_meta":{"origin":20156,"position":5},"title":"MAR DEL PLATA: ADOLESCENTE QUISO ROBAR KIOSCO Y EL DUE\u00d1O LE PROPIN\u00d3 UNA PALIZA","author":"Alejandro Sosa Ruda","date":"3 julio, 2019","format":false,"excerpt":"Sucedi\u00f3 esta madrugada en un comercio ubicado en Alsina y la costa. El joven de 15 a\u00f1os result\u00f3 con un corte en la cabeza y distintos golpes, y qued\u00f3\u00a0internado en el Materno Infantil. Un\u00a0adolescente de 15 a\u00f1os en situaci\u00f3n de calle\u00a0que intentaba asaltar un kiosco ubicado en Boulevard Mar\u00edtimo\u00a0Patricio Peralta\u2026","rel":"","context":"En \u00abREGIONALES\u00bb","block_context":{"text":"REGIONALES","link":"https:\/\/larevistadigital.com.ar\/blog\/category\/regionales\/"},"img":{"alt_text":"","src":"https:\/\/i0.wp.com\/larevistadigital.com.ar\/blog\/wp-content\/uploads\/1562160032173.jpg?fit=1032%2C629&ssl=1&resize=350%2C200","width":350,"height":200,"srcset":"https:\/\/i0.wp.com\/larevistadigital.com.ar\/blog\/wp-content\/uploads\/1562160032173.jpg?fit=1032%2C629&ssl=1&resize=350%2C200 1x, https:\/\/i0.wp.com\/larevistadigital.com.ar\/blog\/wp-content\/uploads\/1562160032173.jpg?fit=1032%2C629&ssl=1&resize=525%2C300 1.5x, https:\/\/i0.wp.com\/larevistadigital.com.ar\/blog\/wp-content\/uploads\/1562160032173.jpg?fit=1032%2C629&ssl=1&resize=700%2C400 2x"},"classes":[]}],"_links":{"self":[{"href":"https:\/\/larevistadigital.com.ar\/blog\/wp-json\/wp\/v2\/posts\/20156","targetHints":{"allow":["GET"]}}],"collection":[{"href":"https:\/\/larevistadigital.com.ar\/blog\/wp-json\/wp\/v2\/posts"}],"about":[{"href":"https:\/\/larevistadigital.com.ar\/blog\/wp-json\/wp\/v2\/types\/post"}],"author":[{"embeddable":true,"href":"https:\/\/larevistadigital.com.ar\/blog\/wp-json\/wp\/v2\/users\/3"}],"replies":[{"embeddable":true,"href":"https:\/\/larevistadigital.com.ar\/blog\/wp-json\/wp\/v2\/comments?post=20156"}],"version-history":[{"count":1,"href":"https:\/\/larevistadigital.com.ar\/blog\/wp-json\/wp\/v2\/posts\/20156\/revisions"}],"predecessor-version":[{"id":20158,"href":"https:\/\/larevistadigital.com.ar\/blog\/wp-json\/wp\/v2\/posts\/20156\/revisions\/20158"}],"wp:featuredmedia":[{"embeddable":true,"href":"https:\/\/larevistadigital.com.ar\/blog\/wp-json\/wp\/v2\/media\/20157"}],"wp:attachment":[{"href":"https:\/\/larevistadigital.com.ar\/blog\/wp-json\/wp\/v2\/media?parent=20156"}],"wp:term":[{"taxonomy":"category","embeddable":true,"href":"https:\/\/larevistadigital.com.ar\/blog\/wp-json\/wp\/v2\/categories?post=20156"},{"taxonomy":"post_tag","embeddable":true,"href":"https:\/\/larevistadigital.com.ar\/blog\/wp-json\/wp\/v2\/tags?post=20156"}],"curies":[{"name":"wp","href":"https:\/\/api.w.org\/{rel}","templated":true}]}}