{"id":20159,"date":"2021-05-07T13:53:36","date_gmt":"2021-05-07T13:53:36","guid":{"rendered":"https:\/\/larevistadigital.com.ar\/blog\/?p=20159"},"modified":"2021-05-07T13:54:27","modified_gmt":"2021-05-07T13:54:27","slug":"sera-prohibido-en-chascomus-un-acido-para-control-de-malezas","status":"publish","type":"post","link":"https:\/\/larevistadigital.com.ar\/blog\/sera-prohibido-en-chascomus-un-acido-para-control-de-malezas\/","title":{"rendered":"SER\u00c1 PROHIBIDO EN CHASCOM\u00daS UN \u00c1CIDO PARA CONTROL DE MALEZAS"},"content":{"rendered":"<p>A partir del d\u00eda 24 de julio queda prohibido la comercializaci\u00f3n y el uso del producto denominado \u00c1cido 2,4 Diclorofenoxi\u00e1cetico (2,4- D) en formulaciones de \u00e9steres but\u00edlicos e isobut\u00edlicos y otras formulaciones registradas a base del principio activo 2,4 D, debido a su alta volatibilidad.<\/p>\n<p>Lo dispuesto se da en el marco de la Ordenanza 5329-19 que regula el uso de agroqu\u00edmicos en todo el Partido de Chascom\u00fas, y de acuerdo a la Resoluci\u00f3n SENASA 466\/2019 y su rectificativa 875\/2019.<\/p>\n<p>Una vez iniciada la prohibici\u00f3n de su uso y comercializaci\u00f3n, las firmas titulares de los productos, alcanzados por la Resoluci\u00f3n 466\/2019, que cuenten con remanentes, tendr\u00e1n 15 d\u00edas de corrido para informarlo a la Direcci\u00f3n de Agroqu\u00edmicos y Biol\u00f3gicos del SENASA.<\/p>\n<p>El incumplimiento de lo establecido implicar\u00e1 sanciones, seg\u00fan lo dispuesto en el Cap\u00edtulo V de la Ley N\u00b0 27.233, incluyendo decomiso, suspensi\u00f3n o cualquier otra medida que resulte aconsejable de acuerdo a las circunstancias de riesgo para la salud p\u00fablica o el medio ambiente.<\/p>\n<p>Cualquier duda al respecto podr\u00e1 comunicarse v\u00eda mail a la casilla de correo fiscalizacion@chascomus.gob.ar.<\/p>\n<p>publicado en elfuertediario.com.ar<\/p>\n","protected":false},"excerpt":{"rendered":"<div class=\"mh-excerpt\"><p>A partir del d\u00eda 24 de julio queda prohibido la comercializaci\u00f3n y el uso del producto denominado \u00c1cido 2,4 Diclorofenoxi\u00e1cetico (2,4- D) en formulaciones de \u00e9steres but\u00edlicos e isobut\u00edlicos y otras formulaciones registradas a base <a class=\"mh-excerpt-more\" href=\"https:\/\/larevistadigital.com.ar\/blog\/sera-prohibido-en-chascomus-un-acido-para-control-de-malezas\/\" title=\"SER\u00c1 PROHIBIDO EN CHASCOM\u00daS UN \u00c1CIDO PARA CONTROL DE MALEZAS\">[Leer M\u00e1s]<\/a><\/p>\n<\/div>","protected":false},"author":3,"featured_media":20160,"comment_status":"open","ping_status":"open","sticky":false,"template":"","format":"standard","meta":{"_jetpack_memberships_contains_paid_content":false,"footnotes":"","jetpack_publicize_message":"","jetpack_publicize_feature_enabled":true,"jetpack_social_post_already_shared":true,"jetpack_social_options":{"image_generator_settings":{"template":"highway","default_image_id":0,"font":"","enabled":false},"version":2}},"categories":[41],"tags":[],"class_list":{"0":"post-20159","1":"post","2":"type-post","3":"status-publish","4":"format-standard","5":"has-post-thumbnail","7":"category-destacadas"},"jetpack_publicize_connections":[],"jetpack_featured_media_url":"https:\/\/i0.wp.com\/larevistadigital.com.ar\/blog\/wp-content\/uploads\/herbicidas.jpg?fit=1000%2C666&ssl=1","jetpack_sharing_enabled":true,"jetpack_shortlink":"https:\/\/wp.me\/p8qtrQ-5f9","jetpack-related-posts":[{"id":40081,"url":"https:\/\/larevistadigital.com.ar\/blog\/inaugura-oficialmente-el-cat-chascomus\/","url_meta":{"origin":20159,"position":0},"title":"Inaugura oficialmente el CAT Chascom\u00fas","author":"Alejandro Sosa Ruda","date":"12 junio, 2025","format":false,"excerpt":"Un lugar seguro para la devoluci\u00f3n de envases vac\u00edos de agroqu\u00edmicos. 12 de Junio de 2025 CHASCOM\u00daS -\u00a0 \u00a0Se inaugur\u00f3 oficialmente esta ma\u00f1ana el Centro de Almacenamiento Transitorio (CAT) de bidones vac\u00edos de agroqu\u00edmicos. El mismo se encuentra ubicado en el predio Ceres Tolvas, Ruta 2 km 118,5 mano a\u2026","rel":"","context":"En \u00abCHASCOM\u00daS\u00bb","block_context":{"text":"CHASCOM\u00daS","link":"https:\/\/larevistadigital.com.ar\/blog\/category\/chascomus\/"},"img":{"alt_text":"","src":"https:\/\/i0.wp.com\/larevistadigital.com.ar\/blog\/wp-content\/uploads\/684b138ed7dd7.png?fit=668%2C445&ssl=1&resize=350%2C200","width":350,"height":200,"srcset":"https:\/\/i0.wp.com\/larevistadigital.com.ar\/blog\/wp-content\/uploads\/684b138ed7dd7.png?fit=668%2C445&ssl=1&resize=350%2C200 1x, https:\/\/i0.wp.com\/larevistadigital.com.ar\/blog\/wp-content\/uploads\/684b138ed7dd7.png?fit=668%2C445&ssl=1&resize=525%2C300 1.5x"},"classes":[]},{"id":3788,"url":"https:\/\/larevistadigital.com.ar\/blog\/chascomus-se-creara-la-mesa-estudio-la-regulacion-del-uso-agroquimicos\/","url_meta":{"origin":20159,"position":1},"title":"CHASCOM\u00daS: SE CREAR\u00c1 LA MESA DE ESTUDIO PARA LA REGULACI\u00d3N DEL USO DE AGROQU\u00cdMICOS","author":"Alejandro Sosa Ruda","date":"12 noviembre, 2017","format":false,"excerpt":"En la \u00faltima sesi\u00f3n del Concejo Deliberante de Chascom\u00fas, fue aprobada la creaci\u00f3n de la Mesa de Estudio para la Regulaci\u00f3n de Agroqu\u00edmicos. La misma, ser\u00e1 un \u00f3rgano interdisciplinario que permitir\u00eda la elaboraci\u00f3n de un diagn\u00f3stico sobre dicha problem\u00e1tica, ampliando el conocimiento y que dictamine sobre las dos propuestas presentadas\u2026","rel":"","context":"En \u00abCHASCOM\u00daS\u00bb","block_context":{"text":"CHASCOM\u00daS","link":"https:\/\/larevistadigital.com.ar\/blog\/category\/chascomus\/"},"img":{"alt_text":"","src":"https:\/\/i0.wp.com\/larevistadigital.com.ar\/blog\/wp-content\/uploads\/2017\/11\/concejo-chascomus.jpg?fit=1024%2C768&ssl=1&resize=350%2C200","width":350,"height":200,"srcset":"https:\/\/i0.wp.com\/larevistadigital.com.ar\/blog\/wp-content\/uploads\/2017\/11\/concejo-chascomus.jpg?fit=1024%2C768&ssl=1&resize=350%2C200 1x, https:\/\/i0.wp.com\/larevistadigital.com.ar\/blog\/wp-content\/uploads\/2017\/11\/concejo-chascomus.jpg?fit=1024%2C768&ssl=1&resize=525%2C300 1.5x, https:\/\/i0.wp.com\/larevistadigital.com.ar\/blog\/wp-content\/uploads\/2017\/11\/concejo-chascomus.jpg?fit=1024%2C768&ssl=1&resize=700%2C400 2x"},"classes":[]},{"id":6601,"url":"https:\/\/larevistadigital.com.ar\/blog\/chascomus-ana-francese-conto-porque-volvio-a-comision-la-regulacion-del-uso-de-agroquimicos\/","url_meta":{"origin":20159,"position":2},"title":"CHASCOM\u00daS: ANA FRANCESE CONT\u00d3 PORQU\u00c9 VOLVI\u00d3 A COMISI\u00d3N LA REGULACI\u00d3N DEL USO DE AGROQU\u00cdMICOS","author":"Alejandro Sosa Ruda","date":"23 septiembre, 2018","format":false,"excerpt":"La concejal de Unidad Ciudadana, Ana Francese fue entrevistada por el periodista Alfredo Perona en la FM 102.1 \u201cRadio UNO\u201d durante el programa \u201cTardes El Tr\u00e9bol\u201d. El principal motivo de la nota, fue el de la dilaci\u00f3n que existe respecto de la regulaci\u00f3n de la ordenanza que regular\u00eda el uso\u2026","rel":"","context":"En \u00abPOLITICA\u00bb","block_context":{"text":"POLITICA","link":"https:\/\/larevistadigital.com.ar\/blog\/category\/politica\/"},"img":{"alt_text":"","src":"https:\/\/i0.wp.com\/larevistadigital.com.ar\/blog\/wp-content\/uploads\/2018\/09\/0000290257.jpg?fit=1200%2C696&ssl=1&resize=350%2C200","width":350,"height":200,"srcset":"https:\/\/i0.wp.com\/larevistadigital.com.ar\/blog\/wp-content\/uploads\/2018\/09\/0000290257.jpg?fit=1200%2C696&ssl=1&resize=350%2C200 1x, https:\/\/i0.wp.com\/larevistadigital.com.ar\/blog\/wp-content\/uploads\/2018\/09\/0000290257.jpg?fit=1200%2C696&ssl=1&resize=525%2C300 1.5x, https:\/\/i0.wp.com\/larevistadigital.com.ar\/blog\/wp-content\/uploads\/2018\/09\/0000290257.jpg?fit=1200%2C696&ssl=1&resize=700%2C400 2x, https:\/\/i0.wp.com\/larevistadigital.com.ar\/blog\/wp-content\/uploads\/2018\/09\/0000290257.jpg?fit=1200%2C696&ssl=1&resize=1050%2C600 3x"},"classes":[]},{"id":7399,"url":"https:\/\/larevistadigital.com.ar\/blog\/chascomus-se-tratara-en-el-concejo-el-presupuesto-y-probablemente-la-regulacion-de-agroquimicos\/","url_meta":{"origin":20159,"position":3},"title":"CHASCOM\u00daS: SE TRATAR\u00c1 EN EL CONCEJO EL PRESUPUESTO Y PROBABLEMENTE LA REGULACI\u00d3N DE AGROQU\u00cdMICOS","author":"Alejandro Sosa Ruda","date":"27 diciembre, 2018","format":false,"excerpt":"En el d\u00eda de hoy se estar\u00e1 llevando adelanta la segunda sesi\u00f3n de pr\u00f3rroga del Concejo Deliberante, donde se estar\u00e1n tratando el Presupuesto de Gastos y C\u00e1lculo de Recursos de la Administraci\u00f3n Municipal para el a\u00f1o 2019 y la Ordenanza Fiscal e Impositiva. Ambas iniciativas se aprobar\u00edan en el d\u00eda\u2026","rel":"","context":"En \u00abDESTACADAS\u00bb","block_context":{"text":"DESTACADAS","link":"https:\/\/larevistadigital.com.ar\/blog\/category\/destacadas\/"},"img":{"alt_text":"","src":"https:\/\/i0.wp.com\/larevistadigital.com.ar\/blog\/wp-content\/uploads\/2018\/06\/consjeo_21demarzode2108_elfuerte.jpg?fit=737%2C415&ssl=1&resize=350%2C200","width":350,"height":200,"srcset":"https:\/\/i0.wp.com\/larevistadigital.com.ar\/blog\/wp-content\/uploads\/2018\/06\/consjeo_21demarzode2108_elfuerte.jpg?fit=737%2C415&ssl=1&resize=350%2C200 1x, https:\/\/i0.wp.com\/larevistadigital.com.ar\/blog\/wp-content\/uploads\/2018\/06\/consjeo_21demarzode2108_elfuerte.jpg?fit=737%2C415&ssl=1&resize=525%2C300 1.5x, https:\/\/i0.wp.com\/larevistadigital.com.ar\/blog\/wp-content\/uploads\/2018\/06\/consjeo_21demarzode2108_elfuerte.jpg?fit=737%2C415&ssl=1&resize=700%2C400 2x"},"classes":[]},{"id":4240,"url":"https:\/\/larevistadigital.com.ar\/blog\/chascomus-lorenza-marquez-hablo-lo-expuesto-la-comision-agroquimicos\/","url_meta":{"origin":20159,"position":4},"title":"CHASCOM\u00daS: LORENZA MARQUEZ HABL\u00d3 DE LO EXPUESTO EN LA COMISI\u00d3N DE AGROQU\u00cdMICOS.","author":"Alejandro Sosa Ruda","date":"18 diciembre, 2017","format":false,"excerpt":"La reci\u00e9n asumida concejal por el frente Cambiemos, Lorenza Marquez, cont\u00f3 en una charla en el programa AM Show, durante la ma\u00f1ana de la FM \u201cLa Radio\u201d 101.5, acerca de la reuni\u00f3n que mantuvieron por el tema de \u201cagroqu\u00edmicos\u201d. M\u00e1rquez mencion\u00f3 que la reuni\u00f3n tuvo como principal participante a un\u2026","rel":"","context":"En \u00abCHASCOM\u00daS\u00bb","block_context":{"text":"CHASCOM\u00daS","link":"https:\/\/larevistadigital.com.ar\/blog\/category\/chascomus\/"},"img":{"alt_text":"","src":"https:\/\/i0.wp.com\/larevistadigital.com.ar\/blog\/wp-content\/uploads\/2017\/12\/20374488_10211251330052325_8712709532426586121_n.jpg?fit=724%2C719&ssl=1&resize=350%2C200","width":350,"height":200,"srcset":"https:\/\/i0.wp.com\/larevistadigital.com.ar\/blog\/wp-content\/uploads\/2017\/12\/20374488_10211251330052325_8712709532426586121_n.jpg?fit=724%2C719&ssl=1&resize=350%2C200 1x, https:\/\/i0.wp.com\/larevistadigital.com.ar\/blog\/wp-content\/uploads\/2017\/12\/20374488_10211251330052325_8712709532426586121_n.jpg?fit=724%2C719&ssl=1&resize=525%2C300 1.5x, https:\/\/i0.wp.com\/larevistadigital.com.ar\/blog\/wp-content\/uploads\/2017\/12\/20374488_10211251330052325_8712709532426586121_n.jpg?fit=724%2C719&ssl=1&resize=700%2C400 2x"},"classes":[]},{"id":30050,"url":"https:\/\/larevistadigital.com.ar\/blog\/locura-en-mar-del-plata-molian-envases-de-agroquimicos-y-los-vendian-por-kilo\/","url_meta":{"origin":20159,"position":5},"title":"LOCURA EN MAR DEL PLATA: MOL\u00cdAN ENVASES DE AGROQU\u00cdMICOS Y LOS VEND\u00cdAN POR KILO.","author":"Alejandro Sosa Ruda","date":"8 febrero, 2023","format":false,"excerpt":"Las abandonadas instalaciones donde alguna vez funcion\u00f3 la Cantera de Rizzo fueron tomadas tiempo atr\u00e1s por un grupo de personas que desarroll\u00f3 un emprendimiento ilegal: reciclar envases de agroqu\u00edmicos sin ning\u00fan control. 08 de febrero de 2023 MAR DEL PLATA -\u00a0Los habitantes cercanos a la vieja\u00a0Cantera Rizzo\u00a0empezaron tiempo atr\u00e1s a\u2026","rel":"","context":"En \u00abREGIONALES\u00bb","block_context":{"text":"REGIONALES","link":"https:\/\/larevistadigital.com.ar\/blog\/category\/regionales\/"},"img":{"alt_text":"","src":"https:\/\/i0.wp.com\/larevistadigital.com.ar\/blog\/wp-content\/uploads\/bidones-1024x768-1.jpg?fit=1024%2C768&ssl=1&resize=350%2C200","width":350,"height":200,"srcset":"https:\/\/i0.wp.com\/larevistadigital.com.ar\/blog\/wp-content\/uploads\/bidones-1024x768-1.jpg?fit=1024%2C768&ssl=1&resize=350%2C200 1x, https:\/\/i0.wp.com\/larevistadigital.com.ar\/blog\/wp-content\/uploads\/bidones-1024x768-1.jpg?fit=1024%2C768&ssl=1&resize=525%2C300 1.5x, https:\/\/i0.wp.com\/larevistadigital.com.ar\/blog\/wp-content\/uploads\/bidones-1024x768-1.jpg?fit=1024%2C768&ssl=1&resize=700%2C400 2x"},"classes":[]}],"_links":{"self":[{"href":"https:\/\/larevistadigital.com.ar\/blog\/wp-json\/wp\/v2\/posts\/20159","targetHints":{"allow":["GET"]}}],"collection":[{"href":"https:\/\/larevistadigital.com.ar\/blog\/wp-json\/wp\/v2\/posts"}],"about":[{"href":"https:\/\/larevistadigital.com.ar\/blog\/wp-json\/wp\/v2\/types\/post"}],"author":[{"embeddable":true,"href":"https:\/\/larevistadigital.com.ar\/blog\/wp-json\/wp\/v2\/users\/3"}],"replies":[{"embeddable":true,"href":"https:\/\/larevistadigital.com.ar\/blog\/wp-json\/wp\/v2\/comments?post=20159"}],"version-history":[{"count":1,"href":"https:\/\/larevistadigital.com.ar\/blog\/wp-json\/wp\/v2\/posts\/20159\/revisions"}],"predecessor-version":[{"id":20161,"href":"https:\/\/larevistadigital.com.ar\/blog\/wp-json\/wp\/v2\/posts\/20159\/revisions\/20161"}],"wp:featuredmedia":[{"embeddable":true,"href":"https:\/\/larevistadigital.com.ar\/blog\/wp-json\/wp\/v2\/media\/20160"}],"wp:attachment":[{"href":"https:\/\/larevistadigital.com.ar\/blog\/wp-json\/wp\/v2\/media?parent=20159"}],"wp:term":[{"taxonomy":"category","embeddable":true,"href":"https:\/\/larevistadigital.com.ar\/blog\/wp-json\/wp\/v2\/categories?post=20159"},{"taxonomy":"post_tag","embeddable":true,"href":"https:\/\/larevistadigital.com.ar\/blog\/wp-json\/wp\/v2\/tags?post=20159"}],"curies":[{"name":"wp","href":"https:\/\/api.w.org\/{rel}","templated":true}]}}