{"id":20162,"date":"2021-05-07T14:01:59","date_gmt":"2021-05-07T14:01:59","guid":{"rendered":"https:\/\/larevistadigital.com.ar\/blog\/?p=20162"},"modified":"2021-05-07T14:01:59","modified_gmt":"2021-05-07T14:01:59","slug":"preocupacion-por-el-aumento-de-los-delitos-rurales-en-chascomus","status":"publish","type":"post","link":"https:\/\/larevistadigital.com.ar\/blog\/preocupacion-por-el-aumento-de-los-delitos-rurales-en-chascomus\/","title":{"rendered":"PREOCUPACI\u00d3N POR EL AUMENTO DE LOS DELITOS RURALES EN CHASCOM\u00daS"},"content":{"rendered":"<p>Lamentablemente hay gran preocupaci\u00f3n entre los productores y hombres de campo porque se ha incrementado de manera notable el porcentaje de hechos delictivos en la zona rural de Chascom\u00fas y la zona. As\u00ed ocurri\u00f3 que el pasado 19 de abril alrededor de las 13 horas , un delincuente adulto de sexo masculino se apoder\u00f3 ileg\u00edtimamente de 20 cabezas de ganado vacuno, terneros de 200 kg aproximadamente, de pelaje negro y colorado mediante el traslado con un cami\u00f3n de carga.<\/p>\n<p>Los bovinos , 12 machos y 8 hembras se encontraban en el establecimiento rural La Bellaca sito en ruta 2 km 126, 500 del partido de Chascom\u00fas, propiedad de la firma Kerwin S.A.<\/p>\n<blockquote>\n<h3>Realizada la denuncia con intervenci\u00f3n del Comando de Prevenci\u00f3n Rural Chascom\u00fas la causa fue caratulada c\u00f3mo \u201cAbigeato agravado\u201d, estando a cargo de la UFID N\u00ba 9, cuya titular es la Dra. Daniela Bertoletti Tramuja.<\/h3>\n<\/blockquote>\n<p>Es de destacar, que hay un sospechoso que deber\u00e1 declarar el jueves 13 de mayo a las 9,30 horas, existiendo testimonios de empleados rurales y transportistas de ganado, de los que aparentemente surgir\u00eda que los animales primero fueron trasladados a un campo de nuestro distrito, vinculado a quien ha sido citado por la justicia, y despu\u00e9s a un feedlot de Bavio, en ambos casos sin cumplimentar con las normas vigentes al respecto.<\/p>\n<p><strong>El Estudio Ochoa es qui\u00e9n asiste legalmente a las v\u00edctimas del hecho<\/strong><\/p>\n<p>fuente:diarioelfuerte<\/p>\n","protected":false},"excerpt":{"rendered":"<div class=\"mh-excerpt\"><p>Lamentablemente hay gran preocupaci\u00f3n entre los productores y hombres de campo porque se ha incrementado de manera notable el porcentaje de hechos delictivos en la zona rural de Chascom\u00fas y la zona. As\u00ed ocurri\u00f3 que <a class=\"mh-excerpt-more\" href=\"https:\/\/larevistadigital.com.ar\/blog\/preocupacion-por-el-aumento-de-los-delitos-rurales-en-chascomus\/\" title=\"PREOCUPACI\u00d3N POR EL AUMENTO DE LOS DELITOS RURALES EN CHASCOM\u00daS\">[Leer M\u00e1s]<\/a><\/p>\n<\/div>","protected":false},"author":3,"featured_media":20163,"comment_status":"open","ping_status":"open","sticky":false,"template":"","format":"standard","meta":{"_jetpack_memberships_contains_paid_content":false,"footnotes":"","jetpack_publicize_message":"","jetpack_publicize_feature_enabled":true,"jetpack_social_post_already_shared":true,"jetpack_social_options":{"image_generator_settings":{"template":"highway","default_image_id":0,"font":"","enabled":false},"version":2}},"categories":[6],"tags":[],"class_list":{"0":"post-20162","1":"post","2":"type-post","3":"status-publish","4":"format-standard","5":"has-post-thumbnail","7":"category-chascomus"},"jetpack_publicize_connections":[],"jetpack_featured_media_url":"https:\/\/i0.wp.com\/larevistadigital.com.ar\/blog\/wp-content\/uploads\/abigeato_4.jpg?fit=1330%2C880&ssl=1","jetpack_sharing_enabled":true,"jetpack_shortlink":"https:\/\/wp.me\/p8qtrQ-5fc","jetpack-related-posts":[{"id":9626,"url":"https:\/\/larevistadigital.com.ar\/blog\/chascomus-roban-las-4-ruedas-de-una-camioneta-en-la-zona-rural\/","url_meta":{"origin":20162,"position":0},"title":"CHASCOM\u00daS: ROBAN LAS 4 RUEDAS DE UNA CAMIONETA EN LA ZONA RURAL","author":"Alejandro Sosa Ruda","date":"9 abril, 2019","format":false,"excerpt":"Seg\u00fan publica el diario El Fuerte, ladrones se hicieron de las 4 ruedas completas de una camioneta Chevrolet Blazer, adem\u00e1s del auxilio, el stereo y las llaves que estaban en la guantera. Esto ocurri\u00f3 en Chascom\u00fas, espec\u00edficamente en la zona rural, y a\u00fan se desconocen los autores del il\u00edcito. El\u2026","rel":"","context":"En \u00abPOLICIALES\u00bb","block_context":{"text":"POLICIALES","link":"https:\/\/larevistadigital.com.ar\/blog\/category\/policiales\/"},"img":{"alt_text":"","src":"https:\/\/i0.wp.com\/larevistadigital.com.ar\/blog\/wp-content\/uploads\/2019\/04\/RUEDAS2.jpg?fit=900%2C501&ssl=1&resize=350%2C200","width":350,"height":200,"srcset":"https:\/\/i0.wp.com\/larevistadigital.com.ar\/blog\/wp-content\/uploads\/2019\/04\/RUEDAS2.jpg?fit=900%2C501&ssl=1&resize=350%2C200 1x, https:\/\/i0.wp.com\/larevistadigital.com.ar\/blog\/wp-content\/uploads\/2019\/04\/RUEDAS2.jpg?fit=900%2C501&ssl=1&resize=525%2C300 1.5x, https:\/\/i0.wp.com\/larevistadigital.com.ar\/blog\/wp-content\/uploads\/2019\/04\/RUEDAS2.jpg?fit=900%2C501&ssl=1&resize=700%2C400 2x"},"classes":[]},{"id":32061,"url":"https:\/\/larevistadigital.com.ar\/blog\/chascomus-intensos-operativos-en-zona-rural-accesos-a-la-ciudad-y-estacion-ferroautomotor-por-el-fin-de-semana-largo\/","url_meta":{"origin":20162,"position":1},"title":"CHASCOM\u00daS: INTENSOS OPERATIVOS EN ZONA RURAL, ACCESOS A LA CIUDAD Y ESTACI\u00d3N FERROAUTOMOTOR, POR EL FIN DE SEMANA LARGO.","author":"Alejandro Sosa Ruda","date":"17 junio, 2023","format":false,"excerpt":"Si bien los operativos se realizan con regularidad, se han visto intensificados por el fin de semana largo. 17 de junio de 2023 CHASCOM\u00daS -\u00a0 La Secretar\u00eda de Seguridad, ha tomado la firme decisi\u00f3n de intensificar las tareas de prevenci\u00f3n, con operativos en distintos lugares del distrito, tal como lo\u2026","rel":"","context":"En \u00abDESTACADAS\u00bb","block_context":{"text":"DESTACADAS","link":"https:\/\/larevistadigital.com.ar\/blog\/category\/destacadas\/"},"img":{"alt_text":"","src":"https:\/\/i0.wp.com\/larevistadigital.com.ar\/blog\/wp-content\/uploads\/WhatsApp-Image-2023-06-17-at-11.16.23.jpeg?fit=1200%2C674&ssl=1&resize=350%2C200","width":350,"height":200,"srcset":"https:\/\/i0.wp.com\/larevistadigital.com.ar\/blog\/wp-content\/uploads\/WhatsApp-Image-2023-06-17-at-11.16.23.jpeg?fit=1200%2C674&ssl=1&resize=350%2C200 1x, https:\/\/i0.wp.com\/larevistadigital.com.ar\/blog\/wp-content\/uploads\/WhatsApp-Image-2023-06-17-at-11.16.23.jpeg?fit=1200%2C674&ssl=1&resize=525%2C300 1.5x, https:\/\/i0.wp.com\/larevistadigital.com.ar\/blog\/wp-content\/uploads\/WhatsApp-Image-2023-06-17-at-11.16.23.jpeg?fit=1200%2C674&ssl=1&resize=700%2C400 2x, https:\/\/i0.wp.com\/larevistadigital.com.ar\/blog\/wp-content\/uploads\/WhatsApp-Image-2023-06-17-at-11.16.23.jpeg?fit=1200%2C674&ssl=1&resize=1050%2C600 3x"},"classes":[]},{"id":44460,"url":"https:\/\/larevistadigital.com.ar\/blog\/chascomus-demorados-en-la-zona-rural-por-caza-ilegal-con-perros-galgos\/","url_meta":{"origin":20162,"position":2},"title":"Chascom\u00fas: Demorados en la zona rural por caza ilegal con perros galgos","author":"Alejandro Sosa Ruda","date":"10 marzo, 2026","format":false,"excerpt":"Adem\u00e1s, se detectaron da\u00f1os en carteles de \u201cProhibido Cazar\u201d instalados recientemente como parte del plan de seguridad rural. 10 de marzo de 2026 CHASCOM\u00daS -\u00a0 \u00a0Durante el pasado fin de semana, la Polic\u00eda Rural de Chascom\u00fas llev\u00f3 adelante distintos procedimientos en zonas rurales del partido que derivaron en demoras por\u2026","rel":"","context":"En \u00abINTERES GENERAL\u00bb","block_context":{"text":"INTERES GENERAL","link":"https:\/\/larevistadigital.com.ar\/blog\/category\/interes-general\/"},"img":{"alt_text":"","src":"https:\/\/i0.wp.com\/larevistadigital.com.ar\/blog\/wp-content\/uploads\/69b0561dcd1e9.png?fit=668%2C445&ssl=1&resize=350%2C200","width":350,"height":200,"srcset":"https:\/\/i0.wp.com\/larevistadigital.com.ar\/blog\/wp-content\/uploads\/69b0561dcd1e9.png?fit=668%2C445&ssl=1&resize=350%2C200 1x, https:\/\/i0.wp.com\/larevistadigital.com.ar\/blog\/wp-content\/uploads\/69b0561dcd1e9.png?fit=668%2C445&ssl=1&resize=525%2C300 1.5x"},"classes":[]},{"id":30769,"url":"https:\/\/larevistadigital.com.ar\/blog\/chascomus-la-patrulla-rural-detecto-e-intercepto-a-cazadores-furtivos\/","url_meta":{"origin":20162,"position":3},"title":"CHASCOM\u00daS: LA PATRULLA RURAL DETECT\u00d3 E INTERCEPT\u00d3 A CAZADORES FURTIVOS","author":"Alejandro Sosa Ruda","date":"29 marzo, 2023","format":false,"excerpt":"Sucedi\u00f3 en la Estancia El Carmel del Cuartel X. 29 de marzo de 2023 CHASCOM\u00daS -\u00a0\u00a0 Durante la jornada de ayer, personal de la Patrulla Rural destacado en la zona de LA CORONA intercept\u00f3 a seis (6) ciudadanos los cuales se encontraban cazando animales en una propiedad privada sin previa\u2026","rel":"","context":"En \u00abCHASCOM\u00daS\u00bb","block_context":{"text":"CHASCOM\u00daS","link":"https:\/\/larevistadigital.com.ar\/blog\/category\/chascomus\/"},"img":{"alt_text":"","src":"https:\/\/i0.wp.com\/larevistadigital.com.ar\/blog\/wp-content\/uploads\/patrulla-rural-tandil-2020.jpg?fit=1140%2C761&ssl=1&resize=350%2C200","width":350,"height":200,"srcset":"https:\/\/i0.wp.com\/larevistadigital.com.ar\/blog\/wp-content\/uploads\/patrulla-rural-tandil-2020.jpg?fit=1140%2C761&ssl=1&resize=350%2C200 1x, https:\/\/i0.wp.com\/larevistadigital.com.ar\/blog\/wp-content\/uploads\/patrulla-rural-tandil-2020.jpg?fit=1140%2C761&ssl=1&resize=525%2C300 1.5x, https:\/\/i0.wp.com\/larevistadigital.com.ar\/blog\/wp-content\/uploads\/patrulla-rural-tandil-2020.jpg?fit=1140%2C761&ssl=1&resize=700%2C400 2x, https:\/\/i0.wp.com\/larevistadigital.com.ar\/blog\/wp-content\/uploads\/patrulla-rural-tandil-2020.jpg?fit=1140%2C761&ssl=1&resize=1050%2C600 3x"},"classes":[]},{"id":31897,"url":"https:\/\/larevistadigital.com.ar\/blog\/chascomus-existoso-procedimiento-del-cpr-en-zona-de-los-jagueles\/","url_meta":{"origin":20162,"position":4},"title":"CHASCOM\u00daS: EXISTOSO PROCEDIMIENTO DEL CPR EN ZONA DE \u00abLOS JAGUELES\u00bb","author":"Alejandro Sosa Ruda","date":"9 junio, 2023","format":false,"excerpt":"Nuevamente el CPR da respuestas a los requerimientos de los vecinos, que denuncian la presencia de \"galgueros\" en el \u00e1mbito rural. 9 de junio de 2023 CHASCOM\u00daS -\u00a0 Hace tiempo, que para quienes viven en zona rural la presencia de \"galgueros\" en sus propiedades,\u00a0 y que por distintas actitudes de\u2026","rel":"","context":"En \u00abCHASCOM\u00daS\u00bb","block_context":{"text":"CHASCOM\u00daS","link":"https:\/\/larevistadigital.com.ar\/blog\/category\/chascomus\/"},"img":{"alt_text":"","src":"https:\/\/i0.wp.com\/larevistadigital.com.ar\/blog\/wp-content\/uploads\/WhatsApp-Image-2023-06-08-at-19.41.25-e1686333306290.jpeg?fit=1200%2C948&ssl=1&resize=350%2C200","width":350,"height":200,"srcset":"https:\/\/i0.wp.com\/larevistadigital.com.ar\/blog\/wp-content\/uploads\/WhatsApp-Image-2023-06-08-at-19.41.25-e1686333306290.jpeg?fit=1200%2C948&ssl=1&resize=350%2C200 1x, https:\/\/i0.wp.com\/larevistadigital.com.ar\/blog\/wp-content\/uploads\/WhatsApp-Image-2023-06-08-at-19.41.25-e1686333306290.jpeg?fit=1200%2C948&ssl=1&resize=525%2C300 1.5x, https:\/\/i0.wp.com\/larevistadigital.com.ar\/blog\/wp-content\/uploads\/WhatsApp-Image-2023-06-08-at-19.41.25-e1686333306290.jpeg?fit=1200%2C948&ssl=1&resize=700%2C400 2x, https:\/\/i0.wp.com\/larevistadigital.com.ar\/blog\/wp-content\/uploads\/WhatsApp-Image-2023-06-08-at-19.41.25-e1686333306290.jpeg?fit=1200%2C948&ssl=1&resize=1050%2C600 3x"},"classes":[]},{"id":39879,"url":"https:\/\/larevistadigital.com.ar\/blog\/chascomus-infraccionan-a-tres-personas-por-caza-furtiva-con-galgos-en-un-campo-rural\/","url_meta":{"origin":20162,"position":5},"title":"Chascom\u00fas: infraccionan a tres personas por caza furtiva con galgos en un campo rural","author":"Alejandro Sosa Ruda","date":"25 mayo, 2025","format":false,"excerpt":"La intervenci\u00f3n del Comando de Prevenci\u00f3n Rural se enmarca en el compromiso de las autoridades para combatir el maltrato animal y preservar la fauna silvestre. 25 de Mayo de 2025 CHASCOM\u00daS\u00a0 -\u00a0 \u00a0En un nuevo operativo de control, personal del Comando de Prevenci\u00f3n Rural (CPR) de Chascom\u00fas infraccion\u00f3 a tres\u2026","rel":"","context":"En \u00abCHASCOM\u00daS\u00bb","block_context":{"text":"CHASCOM\u00daS","link":"https:\/\/larevistadigital.com.ar\/blog\/category\/chascomus\/"},"img":{"alt_text":"","src":"https:\/\/i0.wp.com\/larevistadigital.com.ar\/blog\/wp-content\/uploads\/WhatsApp-Image-2025-05-25-at-17.16.54-e1748205044793.jpeg?fit=1200%2C793&ssl=1&resize=350%2C200","width":350,"height":200,"srcset":"https:\/\/i0.wp.com\/larevistadigital.com.ar\/blog\/wp-content\/uploads\/WhatsApp-Image-2025-05-25-at-17.16.54-e1748205044793.jpeg?fit=1200%2C793&ssl=1&resize=350%2C200 1x, https:\/\/i0.wp.com\/larevistadigital.com.ar\/blog\/wp-content\/uploads\/WhatsApp-Image-2025-05-25-at-17.16.54-e1748205044793.jpeg?fit=1200%2C793&ssl=1&resize=525%2C300 1.5x, https:\/\/i0.wp.com\/larevistadigital.com.ar\/blog\/wp-content\/uploads\/WhatsApp-Image-2025-05-25-at-17.16.54-e1748205044793.jpeg?fit=1200%2C793&ssl=1&resize=700%2C400 2x, https:\/\/i0.wp.com\/larevistadigital.com.ar\/blog\/wp-content\/uploads\/WhatsApp-Image-2025-05-25-at-17.16.54-e1748205044793.jpeg?fit=1200%2C793&ssl=1&resize=1050%2C600 3x"},"classes":[]}],"_links":{"self":[{"href":"https:\/\/larevistadigital.com.ar\/blog\/wp-json\/wp\/v2\/posts\/20162","targetHints":{"allow":["GET"]}}],"collection":[{"href":"https:\/\/larevistadigital.com.ar\/blog\/wp-json\/wp\/v2\/posts"}],"about":[{"href":"https:\/\/larevistadigital.com.ar\/blog\/wp-json\/wp\/v2\/types\/post"}],"author":[{"embeddable":true,"href":"https:\/\/larevistadigital.com.ar\/blog\/wp-json\/wp\/v2\/users\/3"}],"replies":[{"embeddable":true,"href":"https:\/\/larevistadigital.com.ar\/blog\/wp-json\/wp\/v2\/comments?post=20162"}],"version-history":[{"count":1,"href":"https:\/\/larevistadigital.com.ar\/blog\/wp-json\/wp\/v2\/posts\/20162\/revisions"}],"predecessor-version":[{"id":20164,"href":"https:\/\/larevistadigital.com.ar\/blog\/wp-json\/wp\/v2\/posts\/20162\/revisions\/20164"}],"wp:featuredmedia":[{"embeddable":true,"href":"https:\/\/larevistadigital.com.ar\/blog\/wp-json\/wp\/v2\/media\/20163"}],"wp:attachment":[{"href":"https:\/\/larevistadigital.com.ar\/blog\/wp-json\/wp\/v2\/media?parent=20162"}],"wp:term":[{"taxonomy":"category","embeddable":true,"href":"https:\/\/larevistadigital.com.ar\/blog\/wp-json\/wp\/v2\/categories?post=20162"},{"taxonomy":"post_tag","embeddable":true,"href":"https:\/\/larevistadigital.com.ar\/blog\/wp-json\/wp\/v2\/tags?post=20162"}],"curies":[{"name":"wp","href":"https:\/\/api.w.org\/{rel}","templated":true}]}}