{"id":204,"date":"2017-02-11T02:38:04","date_gmt":"2017-02-11T02:38:04","guid":{"rendered":"https:\/\/larevistadigital.com.ar\/blog\/?p=204"},"modified":"2017-02-12T02:39:54","modified_gmt":"2017-02-12T02:39:54","slug":"cooperativa-electricidad-ranchos-ltda-comunicado-prensa","status":"publish","type":"post","link":"https:\/\/larevistadigital.com.ar\/blog\/cooperativa-electricidad-ranchos-ltda-comunicado-prensa\/","title":{"rendered":"Cooperativa de Electricidad de Ranchos Ltda.: COMUNICADO DE PRENSA"},"content":{"rendered":"<p>La Cooperativa de Electricidad de Ranchos Ltda.- informa a la comunidad que como consecuencia de los fuertes vientos de car\u00e1cter sostenido con r\u00e1fagas intensas que se registraron en gran parte del partido de General Paz el fin de semana ppdo., hemos sufrido innumerables destrozos en nuestra redes de distribuci\u00f3n el\u00e9ctrica fundamentalmente por la ca\u00edda de \u00e1rboles sobre las mismas.-<br \/>\nEl d\u00eda domingo 5 de febrero por la tarde, toda el \u00e1rea de concesi\u00f3n de la Cooperativa se encontraba imposibilitada de recibir suministro desde los alimentadores de 33 KV pertenecientes a EDEA S.A. dado que los mismos hab\u00edan sido afectados por el temporal. As\u00ed fue que el personal de Redes de nuestra Cooperativa se puso a disposici\u00f3n de EDEA para solucionar el principal inconveniente y es as\u00ed que cerca de las 20 hs. se pudieron energizar las Estaciones Transformadoras de Ranchos y Villanueva.-<br \/>\nDurante toda la presente semana nuestras cuadrillas de Redes y Guardia Reclamos junto a dos empresas contratistas trabajaron incansablemente para restablecer la conectividad en los alimentadores troncales debiendo despejar infinidad de \u00e1rboles, reemplazar 42 postes quebrados, cambiar crucetas con aisladores, empalmar cables y levantar m\u00e1s de 50 kil\u00f3metros de l\u00edneas de distribuci\u00f3n rural.- Al d\u00eda viernes 10 de febrero por la ma\u00f1ana ya hemos reestablecido el 95% de los suministros quedando solamente casos individuales.-<br \/>\nQueremos aprovechar la oportunidad para agradecer a todas aquellas personas que tomaron conciencia del fen\u00f3meno ocurrido y se pusieron a disposici\u00f3n de nuestro personal para colaborar.- Al mismo tiempo queremos aprovechar para concientizar a todas aquellas personas que no realizan poda dentro de sus campos en zonas de influencia de nuestras redes y\/o no permiten que nuestro personal la realice lo que d\u00e1 como resultado que ante eventos como los descriptos los da\u00f1os resulten mucho mayores, m\u00e1s costosos y demandan m\u00e1s tiempo las reparaciones.-<br \/>\nAgradecemos la comprensi\u00f3n de los socios y comunidad toda.-<br \/>\nRanchos, 10 de febrero de 2017.-<\/p>\n<p><strong>p\/Consejo de Administraci\u00f3n.-<br \/>\nAlberto D. Galv\u00e1n<br \/>\nSecretario<\/strong><\/p>\n<p>&nbsp;<\/p>\n<p><a href=\"https:\/\/i0.wp.com\/larevistadigital.com.ar\/blog\/wp-content\/uploads\/2017\/02\/1002393_598665740167099_796125966_n.jpg?ssl=1\"><img data-recalc-dims=\"1\" loading=\"lazy\" decoding=\"async\" class=\"alignnone  wp-image-205\" src=\"https:\/\/i0.wp.com\/larevistadigital.com.ar\/blog\/wp-content\/uploads\/2017\/02\/1002393_598665740167099_796125966_n.jpg?resize=682%2C209&#038;ssl=1\" alt=\"\" width=\"682\" height=\"209\" srcset=\"https:\/\/i0.wp.com\/larevistadigital.com.ar\/blog\/wp-content\/uploads\/2017\/02\/1002393_598665740167099_796125966_n.jpg?resize=300%2C92&amp;ssl=1 300w, https:\/\/i0.wp.com\/larevistadigital.com.ar\/blog\/wp-content\/uploads\/2017\/02\/1002393_598665740167099_796125966_n.jpg?w=400&amp;ssl=1 400w\" sizes=\"auto, (max-width: 682px) 100vw, 682px\" \/><\/a><\/p>\n","protected":false},"excerpt":{"rendered":"<div class=\"mh-excerpt\"><p>La Cooperativa de Electricidad de Ranchos Ltda.- informa a la comunidad que como consecuencia de los fuertes vientos de car\u00e1cter sostenido con r\u00e1fagas intensas que se registraron en gran parte del partido de General Paz <a class=\"mh-excerpt-more\" href=\"https:\/\/larevistadigital.com.ar\/blog\/cooperativa-electricidad-ranchos-ltda-comunicado-prensa\/\" title=\"Cooperativa de Electricidad de Ranchos Ltda.: COMUNICADO DE PRENSA\">[Leer M\u00e1s]<\/a><\/p>\n<\/div>","protected":false},"author":2,"featured_media":205,"comment_status":"open","ping_status":"open","sticky":false,"template":"","format":"standard","meta":{"_jetpack_memberships_contains_paid_content":false,"footnotes":"","jetpack_publicize_message":"","jetpack_publicize_feature_enabled":true,"jetpack_social_post_already_shared":false,"jetpack_social_options":{"image_generator_settings":{"template":"highway","default_image_id":0,"font":"","enabled":false},"version":2}},"categories":[14],"tags":[],"class_list":{"0":"post-204","1":"post","2":"type-post","3":"status-publish","4":"format-standard","5":"has-post-thumbnail","7":"category-ranchos"},"jetpack_publicize_connections":[],"jetpack_featured_media_url":"https:\/\/i0.wp.com\/larevistadigital.com.ar\/blog\/wp-content\/uploads\/2017\/02\/1002393_598665740167099_796125966_n.jpg?fit=400%2C123&ssl=1","jetpack_sharing_enabled":true,"jetpack_shortlink":"https:\/\/wp.me\/p8qtrQ-3i","jetpack-related-posts":[{"id":18497,"url":"https:\/\/larevistadigital.com.ar\/blog\/conectividad-para-escuelas-rurales-del-distrito\/","url_meta":{"origin":204,"position":0},"title":"CONECTIVIDAD PARA ESCUELAS RURALES DEL DISTRITO","author":"Alejandro Sosa Ruda","date":"5 enero, 2021","format":false,"excerpt":"En el marco de un programa confeccionado entre la Municipalidad y la Cooperativa de Electricidad de Ranchos Ltda. para mejorar la conectividad de las escuelas rurales del distrito, tres establecimientos educativos ya cuentan con el servicio de Internet Wireless. El proyecto implica la inversi\u00f3n del Gobierno Municipal para la compra\u2026","rel":"","context":"En \u00abRANCHOS\u00bb","block_context":{"text":"RANCHOS","link":"https:\/\/larevistadigital.com.ar\/blog\/category\/ranchos\/"},"img":{"alt_text":"","src":"https:\/\/i0.wp.com\/larevistadigital.com.ar\/blog\/wp-content\/uploads\/136070963_2617260708513535_2455130780097010872_n.jpg?fit=688%2C360&ssl=1&resize=350%2C200","width":350,"height":200,"srcset":"https:\/\/i0.wp.com\/larevistadigital.com.ar\/blog\/wp-content\/uploads\/136070963_2617260708513535_2455130780097010872_n.jpg?fit=688%2C360&ssl=1&resize=350%2C200 1x, https:\/\/i0.wp.com\/larevistadigital.com.ar\/blog\/wp-content\/uploads\/136070963_2617260708513535_2455130780097010872_n.jpg?fit=688%2C360&ssl=1&resize=525%2C300 1.5x"},"classes":[]},{"id":5806,"url":"https:\/\/larevistadigital.com.ar\/blog\/la-cooperativa-ajusta-a-instituciones-de-bien-publico\/","url_meta":{"origin":204,"position":1},"title":"La Cooperativa ajusta a instituciones de bien p\u00fablico","author":"admin","date":"20 junio, 2018","format":false,"excerpt":"\u00a0 El Consejo de Administraci\u00f3n de la Cooperativa de Electricidad de Ranchos amenaza con cobrarles el consumo de energ\u00eda el\u00e9ctrica a Bomberos Voluntarios, parroquia Nuestra Se\u00f1ora del Pilar y Taller Protegido de General Paz, y se desconoce si la misma suerte correr\u00eda LIPOLCC. Como existe un hermetismo medi\u00e1tico por parte\u2026","rel":"","context":"En \u00abRANCHOS\u00bb","block_context":{"text":"RANCHOS","link":"https:\/\/larevistadigital.com.ar\/blog\/category\/ranchos\/"},"img":{"alt_text":"","src":"https:\/\/i0.wp.com\/larevistadigital.com.ar\/blog\/wp-content\/uploads\/2018\/06\/COOPERATIVA-DE-LUZ-DE-RANCHOS.jpg?fit=900%2C509&ssl=1&resize=350%2C200","width":350,"height":200,"srcset":"https:\/\/i0.wp.com\/larevistadigital.com.ar\/blog\/wp-content\/uploads\/2018\/06\/COOPERATIVA-DE-LUZ-DE-RANCHOS.jpg?fit=900%2C509&ssl=1&resize=350%2C200 1x, https:\/\/i0.wp.com\/larevistadigital.com.ar\/blog\/wp-content\/uploads\/2018\/06\/COOPERATIVA-DE-LUZ-DE-RANCHOS.jpg?fit=900%2C509&ssl=1&resize=525%2C300 1.5x, https:\/\/i0.wp.com\/larevistadigital.com.ar\/blog\/wp-content\/uploads\/2018\/06\/COOPERATIVA-DE-LUZ-DE-RANCHOS.jpg?fit=900%2C509&ssl=1&resize=700%2C400 2x"},"classes":[]},{"id":5820,"url":"https:\/\/larevistadigital.com.ar\/blog\/la-cooperativa-ajusta-a-instituciones-de-bien-publico-2\/","url_meta":{"origin":204,"position":2},"title":"La Cooperativa ajusta a instituciones de bien p\u00fablico","author":"admin","date":"20 junio, 2018","format":false,"excerpt":"El Consejo de Administraci\u00f3n de la Cooperativa de Electricidad de Ranchos amenaza con cobrarles el consumo de energ\u00eda el\u00e9ctrica a Bomberos Voluntarios, parroquia Nuestra Se\u00f1ora del Pilar y Taller Protegido de General Paz, y se desconoce si la misma suerte correr\u00eda LIPOLCC. Como existe un hermetismo medi\u00e1tico por parte de\u2026","rel":"","context":"En \u00abRANCHOS\u00bb","block_context":{"text":"RANCHOS","link":"https:\/\/larevistadigital.com.ar\/blog\/category\/ranchos\/"},"img":{"alt_text":"","src":"","width":0,"height":0},"classes":[]},{"id":5320,"url":"https:\/\/larevistadigital.com.ar\/blog\/raul-uribarri-renuncio-a-la-presidencia-de-la-cooperativa\/","url_meta":{"origin":204,"position":3},"title":"Ra\u00fal Uribarri renunci\u00f3 a la presidencia de la Cooperativa","author":"admin","date":"22 marzo, 2018","format":false,"excerpt":"El presidente del Consejo de Administraci\u00f3n de la Cooperativa de Electricidad de Ranchos, Ra\u00fal Fernando Uribarri, renunci\u00f3 anoche cuando se desarrollaba una reuni\u00f3n de la entidad. En di\u00e1logo con este medio, Uribarri manifest\u00f3 no estar de acuerdo con el rumbo que ha decidido tomar el consejo de administraci\u00f3n. \u201cCreo que\u2026","rel":"","context":"En \u00abRANCHOS\u00bb","block_context":{"text":"RANCHOS","link":"https:\/\/larevistadigital.com.ar\/blog\/category\/ranchos\/"},"img":{"alt_text":"","src":"https:\/\/i0.wp.com\/larevistadigital.com.ar\/blog\/wp-content\/uploads\/2018\/03\/RAUL-310x459.jpg?fit=310%2C459&ssl=1&resize=350%2C200","width":350,"height":200},"classes":[]},{"id":10170,"url":"https:\/\/larevistadigital.com.ar\/blog\/ranchos-se-inauguro-una-empresa-de-mozzarela\/","url_meta":{"origin":204,"position":4},"title":"RANCHOS:  SE INAUGUR\u00d3 UNA EMPRESA DE MOZZARELA","author":"Alejandro Sosa Ruda","date":"14 mayo, 2019","format":false,"excerpt":"El Intendente Municipal de General Paz, Juan Manuel Alvarez, particip\u00f3 de la jornada de presentaci\u00f3n de una nueva f\u00e1brica de mozzarella que se radica en la ciudad de Ranchos. El mencionado emprendimiento pertenece a una cooperativa, que recupera el edificio\u00a0ubicado en la intersecci\u00f3n de las calles Ram\u00f3n Castro y Desvi\u00f3\u2026","rel":"","context":"En \u00abPOLITICA\u00bb","block_context":{"text":"POLITICA","link":"https:\/\/larevistadigital.com.ar\/blog\/category\/politica\/"},"img":{"alt_text":"","src":"https:\/\/i0.wp.com\/larevistadigital.com.ar\/blog\/wp-content\/uploads\/2019\/05\/Screenshot_1-11.jpg?fit=905%2C345&ssl=1&resize=350%2C200","width":350,"height":200,"srcset":"https:\/\/i0.wp.com\/larevistadigital.com.ar\/blog\/wp-content\/uploads\/2019\/05\/Screenshot_1-11.jpg?fit=905%2C345&ssl=1&resize=350%2C200 1x, https:\/\/i0.wp.com\/larevistadigital.com.ar\/blog\/wp-content\/uploads\/2019\/05\/Screenshot_1-11.jpg?fit=905%2C345&ssl=1&resize=525%2C300 1.5x, https:\/\/i0.wp.com\/larevistadigital.com.ar\/blog\/wp-content\/uploads\/2019\/05\/Screenshot_1-11.jpg?fit=905%2C345&ssl=1&resize=700%2C400 2x"},"classes":[]},{"id":23468,"url":"https:\/\/larevistadigital.com.ar\/blog\/ranchos-fatalidad-que-costo-una-vida-salio-a-correr-piso-un-cable-caido-y-murio-electrocutado\/","url_meta":{"origin":204,"position":5},"title":"RANCHOS: FATALIDAD QUE COST\u00d3 UNA VIDA&#8230; SALI\u00d3 A CORRER, PIS\u00d3 UN CABLE CA\u00cdDO Y MURI\u00d3 ELECTROCUTADO","author":"Alejandro Sosa Ruda","date":"19 enero, 2022","format":false,"excerpt":"Se trataba de un ciudadano oriundo de la localidad de Lomas de Zamora, de 42 a\u00f1os de edad, quien pose\u00eda un campo familiar en las inmediaciones y hab\u00eda salido a practicar actividades aer\u00f3bicas en horas de la ma\u00f1ana, suscit\u00e1ndose desafortunadamente el triste suceso RANCHOS -\u00a0 En horas de la ma\u00f1ana\u2026","rel":"","context":"En \u00abRANCHOS\u00bb","block_context":{"text":"RANCHOS","link":"https:\/\/larevistadigital.com.ar\/blog\/category\/ranchos\/"},"img":{"alt_text":"","src":"https:\/\/i0.wp.com\/larevistadigital.com.ar\/blog\/wp-content\/uploads\/20220118172639_cienti.jpg?fit=880%2C512&ssl=1&resize=350%2C200","width":350,"height":200,"srcset":"https:\/\/i0.wp.com\/larevistadigital.com.ar\/blog\/wp-content\/uploads\/20220118172639_cienti.jpg?fit=880%2C512&ssl=1&resize=350%2C200 1x, https:\/\/i0.wp.com\/larevistadigital.com.ar\/blog\/wp-content\/uploads\/20220118172639_cienti.jpg?fit=880%2C512&ssl=1&resize=525%2C300 1.5x, https:\/\/i0.wp.com\/larevistadigital.com.ar\/blog\/wp-content\/uploads\/20220118172639_cienti.jpg?fit=880%2C512&ssl=1&resize=700%2C400 2x"},"classes":[]}],"_links":{"self":[{"href":"https:\/\/larevistadigital.com.ar\/blog\/wp-json\/wp\/v2\/posts\/204","targetHints":{"allow":["GET"]}}],"collection":[{"href":"https:\/\/larevistadigital.com.ar\/blog\/wp-json\/wp\/v2\/posts"}],"about":[{"href":"https:\/\/larevistadigital.com.ar\/blog\/wp-json\/wp\/v2\/types\/post"}],"author":[{"embeddable":true,"href":"https:\/\/larevistadigital.com.ar\/blog\/wp-json\/wp\/v2\/users\/2"}],"replies":[{"embeddable":true,"href":"https:\/\/larevistadigital.com.ar\/blog\/wp-json\/wp\/v2\/comments?post=204"}],"version-history":[{"count":1,"href":"https:\/\/larevistadigital.com.ar\/blog\/wp-json\/wp\/v2\/posts\/204\/revisions"}],"predecessor-version":[{"id":206,"href":"https:\/\/larevistadigital.com.ar\/blog\/wp-json\/wp\/v2\/posts\/204\/revisions\/206"}],"wp:featuredmedia":[{"embeddable":true,"href":"https:\/\/larevistadigital.com.ar\/blog\/wp-json\/wp\/v2\/media\/205"}],"wp:attachment":[{"href":"https:\/\/larevistadigital.com.ar\/blog\/wp-json\/wp\/v2\/media?parent=204"}],"wp:term":[{"taxonomy":"category","embeddable":true,"href":"https:\/\/larevistadigital.com.ar\/blog\/wp-json\/wp\/v2\/categories?post=204"},{"taxonomy":"post_tag","embeddable":true,"href":"https:\/\/larevistadigital.com.ar\/blog\/wp-json\/wp\/v2\/tags?post=204"}],"curies":[{"name":"wp","href":"https:\/\/api.w.org\/{rel}","templated":true}]}}