{"id":208,"date":"2017-02-12T02:42:59","date_gmt":"2017-02-12T02:42:59","guid":{"rendered":"https:\/\/larevistadigital.com.ar\/blog\/?p=208"},"modified":"2017-02-12T02:42:59","modified_gmt":"2017-02-12T02:42:59","slug":"municipalidad-gral-paz-intendente-alvarez-solicito-la-conciliacion-obligatoria-conflicto-rapido-argentino","status":"publish","type":"post","link":"https:\/\/larevistadigital.com.ar\/blog\/municipalidad-gral-paz-intendente-alvarez-solicito-la-conciliacion-obligatoria-conflicto-rapido-argentino\/","title":{"rendered":"Municipalidad de Gral. Paz: EL INTENDENTE ALVAREZ SOLICITO LA CONCILIACI\u00d3N OBLIGATORIA EN EL CONFLICTO DE \u00c9L R\u00c1PIDO ARGENTINO."},"content":{"rendered":"<p>La Municipalidad de General Paz informa, que a ra\u00edz del conflicto que mantienen los trabajadores agremiados en UTA (Uni\u00f3n de Tranviarios Automotor) y la empresa El R\u00e1pido Argentino y que consecuentemente ha originado el cese por tiempo indeterminado del servicio de transporte de pasajeros del ramal La Plata \u2013 General Belgrano del cual forman parte las localidades de Ranchos y Villanueva, por tal motivo el Intendente (i) Juan Manuel Alvarez ha solicitado a las m\u00e1ximas autoridades del Ministerio de Trabajo de la Provincia de Buenos Aires que dicten de manera inmediata la conciliaci\u00f3n obligatoria al conflicto precedentemente mencionado a los efectos de que se regularice inmediatamente la prestaci\u00f3n del servicio.<br \/>\n\u00c9sta decisi\u00f3n ha sido acompa\u00f1ada por el intendente de la vecina ciudad de General Belgrano, Prof. Osvaldo Mario Di Napoli.<br \/>\nEl motivo de la solicitud es que el cese del servicio ha iniciado el pasado martes 7 de Febrero y lleva ya m\u00e1s de 48 horas afectando de manera sustancial en su vida cotidiana a los vecinos y usuarios de las localidades de Ranchos y Villanueva ya que es el \u00fanico medio de transporte p\u00fablico de pasajeros que se tiene para llegar a ciudades como General Belgrano, Brandsen o La Plata.<br \/>\nVale destacar tambi\u00e9n que ambos intendentes han manifestado una vez m\u00e1s ante las autoridades de la Direcci\u00f3n Provincial de Transporte el reiterativo reclamo, ya sea de manera particular o conjunta, por el deficiente servicio que presta la empresa.<br \/>\n<strong>MUNICIPALIDAD DE GENERAL PAZ.<\/strong><\/p>\n<p>&nbsp;<\/p>\n","protected":false},"excerpt":{"rendered":"<div class=\"mh-excerpt\"><p>La Municipalidad de General Paz informa, que a ra\u00edz del conflicto que mantienen los trabajadores agremiados en UTA (Uni\u00f3n de Tranviarios Automotor) y la empresa El R\u00e1pido Argentino y que consecuentemente ha originado el cese <a class=\"mh-excerpt-more\" href=\"https:\/\/larevistadigital.com.ar\/blog\/municipalidad-gral-paz-intendente-alvarez-solicito-la-conciliacion-obligatoria-conflicto-rapido-argentino\/\" title=\"Municipalidad de Gral. Paz: EL INTENDENTE ALVAREZ SOLICITO LA CONCILIACI\u00d3N OBLIGATORIA EN EL CONFLICTO DE \u00c9L R\u00c1PIDO ARGENTINO.\">[Leer M\u00e1s]<\/a><\/p>\n<\/div>","protected":false},"author":2,"featured_media":209,"comment_status":"open","ping_status":"open","sticky":false,"template":"","format":"standard","meta":{"_jetpack_memberships_contains_paid_content":false,"footnotes":"","jetpack_publicize_message":"","jetpack_publicize_feature_enabled":true,"jetpack_social_post_already_shared":false,"jetpack_social_options":{"image_generator_settings":{"template":"highway","default_image_id":0,"font":"","enabled":false},"version":2}},"categories":[14],"tags":[],"class_list":{"0":"post-208","1":"post","2":"type-post","3":"status-publish","4":"format-standard","5":"has-post-thumbnail","7":"category-ranchos"},"jetpack_publicize_connections":[],"jetpack_featured_media_url":"https:\/\/i0.wp.com\/larevistadigital.com.ar\/blog\/wp-content\/uploads\/2017\/02\/micro.jpg?fit=388%2C235&ssl=1","jetpack_sharing_enabled":true,"jetpack_shortlink":"https:\/\/wp.me\/p8qtrQ-3m","jetpack-related-posts":[{"id":158,"url":"https:\/\/larevistadigital.com.ar\/blog\/union-platense-restablece-momentaneamente-servicio-transporte-la-plata\/","url_meta":{"origin":208,"position":0},"title":"UNI\u00d3N PLATENSE RESTABLECE MOMENTANEAMENTE EL SERVICIO DE TRANSPORTE A LA PLATA","author":"editor","date":"12 febrero, 2017","format":false,"excerpt":"UNI\u00d3N PLATENSE La empresa Uni\u00f3n Platense, restableci\u00f3 con los mismos horarios que hacia el R\u00e1pido Argentino, el trayecto General Belgrano \u2013 La Plata, hasta que se solucione el conflicto que mantiene esta empresa con sus trabajadores. El Intendente Dinapoli acompa\u00f1ado por el Intendente Alvarez, de Ranchos, realizaron diversas gestiones que\u2026","rel":"","context":"En \u00abGENERAL BELGRANO\u00bb","block_context":{"text":"GENERAL BELGRANO","link":"https:\/\/larevistadigital.com.ar\/blog\/category\/general-belgrano\/"},"img":{"alt_text":"","src":"https:\/\/i0.wp.com\/larevistadigital.com.ar\/blog\/wp-content\/uploads\/2017\/02\/GB1.jpg?fit=680%2C365&ssl=1&resize=350%2C200","width":350,"height":200,"srcset":"https:\/\/i0.wp.com\/larevistadigital.com.ar\/blog\/wp-content\/uploads\/2017\/02\/GB1.jpg?fit=680%2C365&ssl=1&resize=350%2C200 1x, https:\/\/i0.wp.com\/larevistadigital.com.ar\/blog\/wp-content\/uploads\/2017\/02\/GB1.jpg?fit=680%2C365&ssl=1&resize=525%2C300 1.5x"},"classes":[]},{"id":8734,"url":"https:\/\/larevistadigital.com.ar\/blog\/ranchos-el-intendente-alvarez-se-reunio-con-el-administrador-de-vialidad-provincial\/","url_meta":{"origin":208,"position":1},"title":"RANCHOS: EL INTENDENTE \u00c1LVAREZ SE REUNI\u00d3 CON EL ADMINISTRADOR DE VIALIDAD PROVINCIAL","author":"Alejandro Sosa Ruda","date":"26 febrero, 2019","format":false,"excerpt":"D\u00edas atr\u00e1s, el Intendente Municipal de General Paz, Sr. Juan Manuel\u00a0\u00c1lvarez; mantuvo una reuni\u00f3n con el Administrador General de Vialidad de la Provincia de Buenos Aires, Ing. Esteban Perera. Durante el encuentro, llevado a cabo en sede del organismo provincial, el Jefe Comunal plante\u00f3 una serie de temas a resolver\u2026","rel":"","context":"En \u00abPOLITICA\u00bb","block_context":{"text":"POLITICA","link":"https:\/\/larevistadigital.com.ar\/blog\/category\/politica\/"},"img":{"alt_text":"","src":"https:\/\/i0.wp.com\/larevistadigital.com.ar\/blog\/wp-content\/uploads\/2019\/02\/Juan-Manuel-Alvarez-y-Esteban-Perea.jpg?fit=640%2C480&ssl=1&resize=350%2C200","width":350,"height":200,"srcset":"https:\/\/i0.wp.com\/larevistadigital.com.ar\/blog\/wp-content\/uploads\/2019\/02\/Juan-Manuel-Alvarez-y-Esteban-Perea.jpg?fit=640%2C480&ssl=1&resize=350%2C200 1x, https:\/\/i0.wp.com\/larevistadigital.com.ar\/blog\/wp-content\/uploads\/2019\/02\/Juan-Manuel-Alvarez-y-Esteban-Perea.jpg?fit=640%2C480&ssl=1&resize=525%2C300 1.5x"},"classes":[]},{"id":9076,"url":"https:\/\/larevistadigital.com.ar\/blog\/ranchos-el-intendente-en-audiencia-con-el-presidente-de-bagsa-por-la-obra-de-gas-de-villanueva\/","url_meta":{"origin":208,"position":2},"title":"RANCHOS: EL INTENDENTE EN AUDIENCIA CON EL PRESIDENTE DE BAGSA POR LA OBRA DE GAS DE VILLANUEVA.","author":"Alejandro Sosa Ruda","date":"14 marzo, 2019","format":false,"excerpt":"El mi\u00e9rcoles 13 del corriente, el Intendente Municipal (i) de General Paz, Sr. Juan Manuel\u00a0\u00c1lvarez, se reuni\u00f3 con el Sr. Mariano Ledesma Arocena, Presidente de Buenos Aires Gas S.A. (Bagsa). El tema principal del encuentro - del cual tambi\u00e9n particip\u00f3 el Vicepresidente de la entidad, Sr. Daniel Herbalejo - fue\u2026","rel":"","context":"En \u00abPOLITICA\u00bb","block_context":{"text":"POLITICA","link":"https:\/\/larevistadigital.com.ar\/blog\/category\/politica\/"},"img":{"alt_text":"","src":"https:\/\/i0.wp.com\/larevistadigital.com.ar\/blog\/wp-content\/uploads\/2019\/03\/53694032_2125724224333855_8697816400879681536_n.jpg?fit=720%2C960&ssl=1&resize=350%2C200","width":350,"height":200,"srcset":"https:\/\/i0.wp.com\/larevistadigital.com.ar\/blog\/wp-content\/uploads\/2019\/03\/53694032_2125724224333855_8697816400879681536_n.jpg?fit=720%2C960&ssl=1&resize=350%2C200 1x, https:\/\/i0.wp.com\/larevistadigital.com.ar\/blog\/wp-content\/uploads\/2019\/03\/53694032_2125724224333855_8697816400879681536_n.jpg?fit=720%2C960&ssl=1&resize=525%2C300 1.5x, https:\/\/i0.wp.com\/larevistadigital.com.ar\/blog\/wp-content\/uploads\/2019\/03\/53694032_2125724224333855_8697816400879681536_n.jpg?fit=720%2C960&ssl=1&resize=700%2C400 2x"},"classes":[]},{"id":1358,"url":"https:\/\/larevistadigital.com.ar\/blog\/municipalidad-de-general-paz-licitacion-publica-no-0317\/","url_meta":{"origin":208,"position":3},"title":"Municipalidad de General Paz: Licitaci\u00f3n P\u00fablica N\u00ba 03\/17","author":"editor","date":"18 marzo, 2017","format":false,"excerpt":"Expediente Interno n\u00ba 4047-25430\/17 OBJETO: \u00abEjecuci\u00f3n de Pavimento de Hormig\u00f3n Simple H30 en calle Espa\u00f1a entre Moreno y Calle 80 (dos cuadras) y Pavimentaci\u00f3n de cruce de v\u00edas del FFCC en calle Belgrano y calle Rivadavia de la localidad de Ranchos\u00bb A EJECUTARSE EN RANCHOS, PDO. GENERAL PAZ, PROVINCIA DE\u2026","rel":"","context":"En \u00abRANCHOS\u00bb","block_context":{"text":"RANCHOS","link":"https:\/\/larevistadigital.com.ar\/blog\/category\/ranchos\/"},"img":{"alt_text":"","src":"https:\/\/i0.wp.com\/larevistadigital.com.ar\/blog\/wp-content\/uploads\/2017\/03\/2.jpg?fit=720%2C483&ssl=1&resize=350%2C200","width":350,"height":200,"srcset":"https:\/\/i0.wp.com\/larevistadigital.com.ar\/blog\/wp-content\/uploads\/2017\/03\/2.jpg?fit=720%2C483&ssl=1&resize=350%2C200 1x, https:\/\/i0.wp.com\/larevistadigital.com.ar\/blog\/wp-content\/uploads\/2017\/03\/2.jpg?fit=720%2C483&ssl=1&resize=525%2C300 1.5x, https:\/\/i0.wp.com\/larevistadigital.com.ar\/blog\/wp-content\/uploads\/2017\/03\/2.jpg?fit=720%2C483&ssl=1&resize=700%2C400 2x"},"classes":[]},{"id":9860,"url":"https:\/\/larevistadigital.com.ar\/blog\/ranchos-el-intendente-se-reunio-con-el-ministerio-de-salud\/","url_meta":{"origin":208,"position":4},"title":"RANCHOS: EL INTENDENTE SE REUNI\u00d3 CON EL MINISTERIO DE SALUD","author":"Alejandro Sosa Ruda","date":"26 abril, 2019","format":false,"excerpt":"El Intendente Municipal de General Paz, Juan Manuel Alvarez, mantuvo una importante reuni\u00f3n con el Jefe de Gabinete del Ministerio de Salud de la Provincia de Buenos Aires, Dr. Juan Ignacio Grosso y el Director Provincial de Hospitales, dependiente de la misma cartera, Dr. Alejandro Ravecca. Durante el encuentro, Alvarez\u2026","rel":"","context":"En \u00abPOLITICA\u00bb","block_context":{"text":"POLITICA","link":"https:\/\/larevistadigital.com.ar\/blog\/category\/politica\/"},"img":{"alt_text":"","src":"https:\/\/i0.wp.com\/larevistadigital.com.ar\/blog\/wp-content\/uploads\/2019\/04\/IMG_20190426_092453-1.jpg?fit=974%2C549&ssl=1&resize=350%2C200","width":350,"height":200,"srcset":"https:\/\/i0.wp.com\/larevistadigital.com.ar\/blog\/wp-content\/uploads\/2019\/04\/IMG_20190426_092453-1.jpg?fit=974%2C549&ssl=1&resize=350%2C200 1x, https:\/\/i0.wp.com\/larevistadigital.com.ar\/blog\/wp-content\/uploads\/2019\/04\/IMG_20190426_092453-1.jpg?fit=974%2C549&ssl=1&resize=525%2C300 1.5x, https:\/\/i0.wp.com\/larevistadigital.com.ar\/blog\/wp-content\/uploads\/2019\/04\/IMG_20190426_092453-1.jpg?fit=974%2C549&ssl=1&resize=700%2C400 2x"},"classes":[]},{"id":5323,"url":"https:\/\/larevistadigital.com.ar\/blog\/la-municipalidad-de-general-paz-informa-que-se-ha-dispuesto-el-cronograma-para-realizar-la-vacunacion-antirrabica-en-el-distrito\/","url_meta":{"origin":208,"position":5},"title":"La Municipalidad de General Paz, informa que se ha dispuesto el cronograma para realizar la vacunaci\u00f3n antirr\u00e1bica en el Distrito.","author":"admin","date":"26 marzo, 2018","format":false,"excerpt":"La Municipalidad de General Paz, informa que se ha dispuesto el cronograma para realizar la vacunaci\u00f3n antirr\u00e1bica en el Distrito. El mismo es el siguiente: \u00a0 Ranchos: Mi\u00e9rcoles 4 de Abril en el Centro Comunitario del Barrio \u201cNestor Kirchner\u201d. Mi\u00e9rcoles 11 de Abril en la Plaza del Barrio \u201cRinc\u00f3n del\u2026","rel":"","context":"En \u00abRANCHOS\u00bb","block_context":{"text":"RANCHOS","link":"https:\/\/larevistadigital.com.ar\/blog\/category\/ranchos\/"},"img":{"alt_text":"","src":"https:\/\/i0.wp.com\/larevistadigital.com.ar\/blog\/wp-content\/uploads\/2018\/03\/vacuna-perros-310x233.jpg?fit=310%2C233&ssl=1&resize=350%2C200","width":350,"height":200},"classes":[]}],"_links":{"self":[{"href":"https:\/\/larevistadigital.com.ar\/blog\/wp-json\/wp\/v2\/posts\/208","targetHints":{"allow":["GET"]}}],"collection":[{"href":"https:\/\/larevistadigital.com.ar\/blog\/wp-json\/wp\/v2\/posts"}],"about":[{"href":"https:\/\/larevistadigital.com.ar\/blog\/wp-json\/wp\/v2\/types\/post"}],"author":[{"embeddable":true,"href":"https:\/\/larevistadigital.com.ar\/blog\/wp-json\/wp\/v2\/users\/2"}],"replies":[{"embeddable":true,"href":"https:\/\/larevistadigital.com.ar\/blog\/wp-json\/wp\/v2\/comments?post=208"}],"version-history":[{"count":1,"href":"https:\/\/larevistadigital.com.ar\/blog\/wp-json\/wp\/v2\/posts\/208\/revisions"}],"predecessor-version":[{"id":210,"href":"https:\/\/larevistadigital.com.ar\/blog\/wp-json\/wp\/v2\/posts\/208\/revisions\/210"}],"wp:featuredmedia":[{"embeddable":true,"href":"https:\/\/larevistadigital.com.ar\/blog\/wp-json\/wp\/v2\/media\/209"}],"wp:attachment":[{"href":"https:\/\/larevistadigital.com.ar\/blog\/wp-json\/wp\/v2\/media?parent=208"}],"wp:term":[{"taxonomy":"category","embeddable":true,"href":"https:\/\/larevistadigital.com.ar\/blog\/wp-json\/wp\/v2\/categories?post=208"},{"taxonomy":"post_tag","embeddable":true,"href":"https:\/\/larevistadigital.com.ar\/blog\/wp-json\/wp\/v2\/tags?post=208"}],"curies":[{"name":"wp","href":"https:\/\/api.w.org\/{rel}","templated":true}]}}