{"id":21090,"date":"2021-07-12T13:46:34","date_gmt":"2021-07-12T13:46:34","guid":{"rendered":"https:\/\/larevistadigital.com.ar\/blog\/?p=21090"},"modified":"2021-07-12T13:46:34","modified_gmt":"2021-07-12T13:46:34","slug":"familia-de-brandsen-se-accidento-en-la-pampa-y-murio-una-mujer","status":"publish","type":"post","link":"https:\/\/larevistadigital.com.ar\/blog\/familia-de-brandsen-se-accidento-en-la-pampa-y-murio-una-mujer\/","title":{"rendered":"FAMILIA DE BRANDSEN SE ACCIDENT\u00d3 EN LA PAMPA Y MURI\u00d3 UNA MUJER"},"content":{"rendered":"<h2><strong>Ocurri\u00f3 en la tarde de ayer cerca de General Acha. La familia se dirig\u00eda a la ciudad tur\u00edstica de Bariloche.<\/strong><\/h2>\n<p>Un tr\u00e1gico accidente ocurri\u00f3 en las ultimas horas, cuando una mujer de 68 a\u00f1os de edad que circulaba en una camioneta Land Rover junto a su hija, el yerno y sus dos nietos, perdi\u00f3 la vida tras el vuelco del veh\u00edculo ocasionado por la rotura de uno de los neum\u00e1ticos.<\/p>\n<p>El desenlace fatal sucedi\u00f3 alrededor de las 15 horas en el kil\u00f3metro 59 de la ruta nacional 152, en la provincia de La Pampa.<\/p>\n<p>Seg\u00fan consignaron los medios locales,\u00a0<strong>la familia viajaba desde la localidad de\u00a0<a title=\"Brandsen\" href=\"https:\/\/detrasdelanoticia.com.ar\/ciudad\/brandsen\/\" target=\"_blank\" rel=\"noopener\" data-seo-automated-link-building=\"1\">Brandsen<\/a>, provincia de Buenos Aires, con destino a Bariloche, en la provincia de R\u00edo Negro.<\/strong><\/p>\n<p>Todos los ocupantes del rodado fueron derivados al Hospital Padre Buodo de General Acha para ser atendidos,\u00a0<strong>donde horas m\u00e1s tarde, lamentablemente se confirm\u00f3 el fallecimiento de la mujer de 68 a\u00f1os.<\/strong><\/p>\n<p>Por disposici\u00f3n de Fiscal\u00eda local, se iniciaron diligencias judiciales y periciales, junto a Agencia de Investigaci\u00f3n Cient\u00edfica.<\/p>\n","protected":false},"excerpt":{"rendered":"<div class=\"mh-excerpt\"><p>Ocurri\u00f3 en la tarde de ayer cerca de General Acha. La familia se dirig\u00eda a la ciudad tur\u00edstica de Bariloche. Un tr\u00e1gico accidente ocurri\u00f3 en las ultimas horas, cuando una mujer de 68 a\u00f1os de <a class=\"mh-excerpt-more\" href=\"https:\/\/larevistadigital.com.ar\/blog\/familia-de-brandsen-se-accidento-en-la-pampa-y-murio-una-mujer\/\" title=\"FAMILIA DE BRANDSEN SE ACCIDENT\u00d3 EN LA PAMPA Y MURI\u00d3 UNA MUJER\">[Leer M\u00e1s]<\/a><\/p>\n<\/div>","protected":false},"author":3,"featured_media":21091,"comment_status":"open","ping_status":"open","sticky":false,"template":"","format":"standard","meta":{"_jetpack_memberships_contains_paid_content":false,"footnotes":"","jetpack_publicize_message":"","jetpack_publicize_feature_enabled":true,"jetpack_social_post_already_shared":true,"jetpack_social_options":{"image_generator_settings":{"template":"highway","default_image_id":0,"font":"","enabled":false},"version":2}},"categories":[51],"tags":[],"class_list":{"0":"post-21090","1":"post","2":"type-post","3":"status-publish","4":"format-standard","5":"has-post-thumbnail","7":"category-regionales"},"jetpack_publicize_connections":[],"jetpack_featured_media_url":"https:\/\/i0.wp.com\/larevistadigital.com.ar\/blog\/wp-content\/uploads\/accidente-fatal.jpg?fit=873%2C527&ssl=1","jetpack_sharing_enabled":true,"jetpack_shortlink":"https:\/\/wp.me\/p8qtrQ-5ua","jetpack-related-posts":[{"id":13324,"url":"https:\/\/larevistadigital.com.ar\/blog\/brandsen-la-comisaria-de-la-mujer-y-la-familia-tendran-movil-propio\/","url_meta":{"origin":21090,"position":0},"title":"BRANDSEN: LA COMISAR\u00cdA DE LA MUJER Y LA FAMILIA TENDR\u00c1N M\u00d3VIL PROPIO","author":"Alejandro Sosa Ruda","date":"21 noviembre, 2019","format":false,"excerpt":"Ser\u00e1 entregado en el marco de una presentaci\u00f3n de tres m\u00f3viles nuevos que har\u00e1 la Secretar\u00eda de Proteccion Ciudadana y Habilitaciones ma\u00f1ana jueves frente al municipio Dos de los m\u00f3viles a presentar son recuperados, mientras que el tercero fue gestionado 0km ante el Ministerio de Seguridad de la provincia de\u2026","rel":"","context":"En \u00abREGIONALES\u00bb","block_context":{"text":"REGIONALES","link":"https:\/\/larevistadigital.com.ar\/blog\/category\/regionales\/"},"img":{"alt_text":"","src":"https:\/\/i0.wp.com\/larevistadigital.com.ar\/blog\/wp-content\/uploads\/20191120_142221-1024x610.jpg?fit=1024%2C610&ssl=1&resize=350%2C200","width":350,"height":200,"srcset":"https:\/\/i0.wp.com\/larevistadigital.com.ar\/blog\/wp-content\/uploads\/20191120_142221-1024x610.jpg?fit=1024%2C610&ssl=1&resize=350%2C200 1x, https:\/\/i0.wp.com\/larevistadigital.com.ar\/blog\/wp-content\/uploads\/20191120_142221-1024x610.jpg?fit=1024%2C610&ssl=1&resize=525%2C300 1.5x, https:\/\/i0.wp.com\/larevistadigital.com.ar\/blog\/wp-content\/uploads\/20191120_142221-1024x610.jpg?fit=1024%2C610&ssl=1&resize=700%2C400 2x"},"classes":[]},{"id":12768,"url":"https:\/\/larevistadigital.com.ar\/blog\/kicillof-culmina-su-gira-por-la-provincia-junto-al-diputado-cote-rossi-en-lobos-y-brandsen\/","url_meta":{"origin":21090,"position":1},"title":"KICILLOF CULMINA SU GIRA POR LA PROVINCIA JUNTO AL DIPUTADO COTE ROSSI EN LOBOS Y BRANDSEN","author":"Alejandro Sosa Ruda","date":"21 octubre, 2019","format":false,"excerpt":"El candidato a gobernador bonaerense del Frente de Todos concluir\u00e1 su gira el mi\u00e9rcoles por los dos distritos que a\u00fan no visit\u00f3 y la capital provincial. El pr\u00f3ximo mi\u00e9rcoles 23 de octubre antes de las elecciones, Axel Kicillof desembarcar\u00e1 en la estrat\u00e9gica Tercera Secci\u00f3n Electoral donde buscar\u00e1 sumar votos de\u2026","rel":"","context":"En \u00abPOLITICA PROVINCIAL\u00bb","block_context":{"text":"POLITICA PROVINCIAL","link":"https:\/\/larevistadigital.com.ar\/blog\/category\/politica\/politica-provincial\/"},"img":{"alt_text":"","src":"https:\/\/i0.wp.com\/larevistadigital.com.ar\/blog\/wp-content\/uploads\/20191018_153444.jpg?fit=1080%2C696&ssl=1&resize=350%2C200","width":350,"height":200,"srcset":"https:\/\/i0.wp.com\/larevistadigital.com.ar\/blog\/wp-content\/uploads\/20191018_153444.jpg?fit=1080%2C696&ssl=1&resize=350%2C200 1x, https:\/\/i0.wp.com\/larevistadigital.com.ar\/blog\/wp-content\/uploads\/20191018_153444.jpg?fit=1080%2C696&ssl=1&resize=525%2C300 1.5x, https:\/\/i0.wp.com\/larevistadigital.com.ar\/blog\/wp-content\/uploads\/20191018_153444.jpg?fit=1080%2C696&ssl=1&resize=700%2C400 2x, https:\/\/i0.wp.com\/larevistadigital.com.ar\/blog\/wp-content\/uploads\/20191018_153444.jpg?fit=1080%2C696&ssl=1&resize=1050%2C600 3x"},"classes":[]},{"id":11898,"url":"https:\/\/larevistadigital.com.ar\/blog\/brandsen-delincuentes-ingresan-a-robar-a-casa-de-una-docente-a-plena-luz-del-dia\/","url_meta":{"origin":21090,"position":2},"title":"BRANDSEN: DELINCUENTES INGRESAN A ROBAR A CASA DE UNA DOCENTE A PLENA LUZ DEL D\u00cdA","author":"Alejandro Sosa Ruda","date":"19 agosto, 2019","format":false,"excerpt":"Ocurri\u00f3 el s\u00e1bado a las 13:00 horas en un domicilio ubicado en ruta 53 entre calle Churrinche y Golondrina de\u00a0Brandsen. Tras maniatar a la familia se dieron a fuga con dinero en efectivo y electrodom\u00e9sticos. El s\u00e1bado al mediod\u00eda, la propietaria de la vivienda, una conocida docente de esta localidad,\u2026","rel":"","context":"En \u00abREGIONALES\u00bb","block_context":{"text":"REGIONALES","link":"https:\/\/larevistadigital.com.ar\/blog\/category\/regionales\/"},"img":{"alt_text":"","src":"https:\/\/i0.wp.com\/larevistadigital.com.ar\/blog\/wp-content\/uploads\/1566180176563.jpg?fit=1200%2C674&ssl=1&resize=350%2C200","width":350,"height":200,"srcset":"https:\/\/i0.wp.com\/larevistadigital.com.ar\/blog\/wp-content\/uploads\/1566180176563.jpg?fit=1200%2C674&ssl=1&resize=350%2C200 1x, https:\/\/i0.wp.com\/larevistadigital.com.ar\/blog\/wp-content\/uploads\/1566180176563.jpg?fit=1200%2C674&ssl=1&resize=525%2C300 1.5x, https:\/\/i0.wp.com\/larevistadigital.com.ar\/blog\/wp-content\/uploads\/1566180176563.jpg?fit=1200%2C674&ssl=1&resize=700%2C400 2x, https:\/\/i0.wp.com\/larevistadigital.com.ar\/blog\/wp-content\/uploads\/1566180176563.jpg?fit=1200%2C674&ssl=1&resize=1050%2C600 3x"},"classes":[]},{"id":10069,"url":"https:\/\/larevistadigital.com.ar\/blog\/nueva-feria-de-artesanos-y-emprendedores-en-brandsen\/","url_meta":{"origin":21090,"position":3},"title":"NUEVA FERIA DE ARTESANOS Y EMPRENDEDORES EN BRANDSEN","author":"Alejandro Sosa Ruda","date":"8 mayo, 2019","format":false,"excerpt":"El pr\u00f3ximo domingo 12 de mayo a partir de las 11:00 horas, se llevar\u00e1 a cabo en la ciudad de Brandsen, una nueva Feria de Artesanos y Emprendedores en la Plaza Hip\u00f3lito Yrigoyen. La misma es organizada por la Municipalidad de Brandsen, a trav\u00e9s de la Direcci\u00f3n de Producci\u00f3n y\u2026","rel":"","context":"En \u00abPOLITICA\u00bb","block_context":{"text":"POLITICA","link":"https:\/\/larevistadigital.com.ar\/blog\/category\/politica\/"},"img":{"alt_text":"","src":"https:\/\/i0.wp.com\/larevistadigital.com.ar\/blog\/wp-content\/uploads\/2019\/05\/IMG_20190312_113128.jpg?fit=986%2C555&ssl=1&resize=350%2C200","width":350,"height":200,"srcset":"https:\/\/i0.wp.com\/larevistadigital.com.ar\/blog\/wp-content\/uploads\/2019\/05\/IMG_20190312_113128.jpg?fit=986%2C555&ssl=1&resize=350%2C200 1x, https:\/\/i0.wp.com\/larevistadigital.com.ar\/blog\/wp-content\/uploads\/2019\/05\/IMG_20190312_113128.jpg?fit=986%2C555&ssl=1&resize=525%2C300 1.5x, https:\/\/i0.wp.com\/larevistadigital.com.ar\/blog\/wp-content\/uploads\/2019\/05\/IMG_20190312_113128.jpg?fit=986%2C555&ssl=1&resize=700%2C400 2x"},"classes":[]},{"id":14302,"url":"https:\/\/larevistadigital.com.ar\/blog\/brandsen-capturan-a-mujer-que-ingresaba-a-las-casas-y-mantenia-en-vilo-a-la-comunidad\/","url_meta":{"origin":21090,"position":4},"title":"BRANDSEN: CAPTURAN A MUJER QUE INGRESABA A LAS CASAS, Y MANTEN\u00cdA EN VILO A LA COMUNIDAD","author":"Alejandro Sosa Ruda","date":"23 enero, 2020","format":false,"excerpt":"La detuvieron mientras se daba a la fuga luego de robar en el barrio La Manzana. Se resisti\u00f3 y golpe\u00f3 a los oficiales. En las pr\u00f3ximas horas podr\u00eda quedar en libertad En las \u00faltimas horas efectivos de la polic\u00eda comunal de Brandsen\u00a0lograron la aprehensi\u00f3n de una mujer que manten\u00eda en\u2026","rel":"","context":"En \u00abPOLICIALES\u00bb","block_context":{"text":"POLICIALES","link":"https:\/\/larevistadigital.com.ar\/blog\/category\/policiales\/"},"img":{"alt_text":"","src":"https:\/\/i0.wp.com\/larevistadigital.com.ar\/blog\/wp-content\/uploads\/IMG-20200123-WA0016.jpg?fit=1054%2C593&ssl=1&resize=350%2C200","width":350,"height":200,"srcset":"https:\/\/i0.wp.com\/larevistadigital.com.ar\/blog\/wp-content\/uploads\/IMG-20200123-WA0016.jpg?fit=1054%2C593&ssl=1&resize=350%2C200 1x, https:\/\/i0.wp.com\/larevistadigital.com.ar\/blog\/wp-content\/uploads\/IMG-20200123-WA0016.jpg?fit=1054%2C593&ssl=1&resize=525%2C300 1.5x, https:\/\/i0.wp.com\/larevistadigital.com.ar\/blog\/wp-content\/uploads\/IMG-20200123-WA0016.jpg?fit=1054%2C593&ssl=1&resize=700%2C400 2x, https:\/\/i0.wp.com\/larevistadigital.com.ar\/blog\/wp-content\/uploads\/IMG-20200123-WA0016.jpg?fit=1054%2C593&ssl=1&resize=1050%2C600 3x"},"classes":[]},{"id":13402,"url":"https:\/\/larevistadigital.com.ar\/blog\/detienen-a-una-famila-de-brandsen-que-comercializaba-crema-y-aceite-de-cannabis\/","url_meta":{"origin":21090,"position":5},"title":"DETIENEN A UNA FAMILA DE BRANDSEN QUE COMERCIALIZABA CREMA Y ACEITE DE CANNABIS","author":"Alejandro Sosa Ruda","date":"1 diciembre, 2019","format":false,"excerpt":"La detenci\u00f3n se produjo luego de que alertaran a la polic\u00eda, que en inmediaciones a la laguna, varios sujetos estar\u00edan comercializando cremas y aceite de cannabis. Esta tarde les allanaron la casa. En las \u00faltimas horas efectivos de la polic\u00eda comunal de Ranchos identificaron en inmediaciones a la laguna \"a\u2026","rel":"","context":"En \u00abRANCHOS\u00bb","block_context":{"text":"RANCHOS","link":"https:\/\/larevistadigital.com.ar\/blog\/category\/ranchos\/"},"img":{"alt_text":"","src":"https:\/\/i0.wp.com\/larevistadigital.com.ar\/blog\/wp-content\/uploads\/1575152284586_wm-1.jpg?fit=1200%2C674&ssl=1&resize=350%2C200","width":350,"height":200,"srcset":"https:\/\/i0.wp.com\/larevistadigital.com.ar\/blog\/wp-content\/uploads\/1575152284586_wm-1.jpg?fit=1200%2C674&ssl=1&resize=350%2C200 1x, https:\/\/i0.wp.com\/larevistadigital.com.ar\/blog\/wp-content\/uploads\/1575152284586_wm-1.jpg?fit=1200%2C674&ssl=1&resize=525%2C300 1.5x, https:\/\/i0.wp.com\/larevistadigital.com.ar\/blog\/wp-content\/uploads\/1575152284586_wm-1.jpg?fit=1200%2C674&ssl=1&resize=700%2C400 2x, https:\/\/i0.wp.com\/larevistadigital.com.ar\/blog\/wp-content\/uploads\/1575152284586_wm-1.jpg?fit=1200%2C674&ssl=1&resize=1050%2C600 3x"},"classes":[]}],"_links":{"self":[{"href":"https:\/\/larevistadigital.com.ar\/blog\/wp-json\/wp\/v2\/posts\/21090","targetHints":{"allow":["GET"]}}],"collection":[{"href":"https:\/\/larevistadigital.com.ar\/blog\/wp-json\/wp\/v2\/posts"}],"about":[{"href":"https:\/\/larevistadigital.com.ar\/blog\/wp-json\/wp\/v2\/types\/post"}],"author":[{"embeddable":true,"href":"https:\/\/larevistadigital.com.ar\/blog\/wp-json\/wp\/v2\/users\/3"}],"replies":[{"embeddable":true,"href":"https:\/\/larevistadigital.com.ar\/blog\/wp-json\/wp\/v2\/comments?post=21090"}],"version-history":[{"count":1,"href":"https:\/\/larevistadigital.com.ar\/blog\/wp-json\/wp\/v2\/posts\/21090\/revisions"}],"predecessor-version":[{"id":21092,"href":"https:\/\/larevistadigital.com.ar\/blog\/wp-json\/wp\/v2\/posts\/21090\/revisions\/21092"}],"wp:featuredmedia":[{"embeddable":true,"href":"https:\/\/larevistadigital.com.ar\/blog\/wp-json\/wp\/v2\/media\/21091"}],"wp:attachment":[{"href":"https:\/\/larevistadigital.com.ar\/blog\/wp-json\/wp\/v2\/media?parent=21090"}],"wp:term":[{"taxonomy":"category","embeddable":true,"href":"https:\/\/larevistadigital.com.ar\/blog\/wp-json\/wp\/v2\/categories?post=21090"},{"taxonomy":"post_tag","embeddable":true,"href":"https:\/\/larevistadigital.com.ar\/blog\/wp-json\/wp\/v2\/tags?post=21090"}],"curies":[{"name":"wp","href":"https:\/\/api.w.org\/{rel}","templated":true}]}}