{"id":21093,"date":"2021-07-12T14:01:37","date_gmt":"2021-07-12T14:01:37","guid":{"rendered":"https:\/\/larevistadigital.com.ar\/blog\/?p=21093"},"modified":"2021-07-12T14:01:37","modified_gmt":"2021-07-12T14:01:37","slug":"mar-del-plata-lo-atacaron-en-su-casa-lo-golpearon-y-lo-balearon-en-las-piernas","status":"publish","type":"post","link":"https:\/\/larevistadigital.com.ar\/blog\/mar-del-plata-lo-atacaron-en-su-casa-lo-golpearon-y-lo-balearon-en-las-piernas\/","title":{"rendered":"MAR DEL PLATA: LO ATACARON EN SU CASA, LO GOLPEARON Y LO BALEARON EN LAS PIERNAS"},"content":{"rendered":"<h2 class=\"intro\">Sucedi\u00f3 en el barrio 2 de Abril. El herido de 31 a\u00f1os dijo que no pod\u00eda reconocer a los autores y se sospecha que fue un ajuste de cuentas.<\/h2>\n<p>Un hombre que estaba en su casa fue atacado a golpes por al menos tres sujetos que lo sorprendieron en su casa del barrio\u00a0<strong>2 de Abril<\/strong>. Antes de escapar le dispararon en ambas piernas.<\/p>\n<blockquote>\n<h3>Fuentes oficiales confirmaron que el hecho se registr\u00f3 el domingo por la tarde en una casa de Planes al 700 cuando la v\u00edctima de 31 a\u00f1os fue sorprendida por tres sujetos cuando descansaba en el interior.<\/h3>\n<\/blockquote>\n<p>Desde la Jefatura Departamental informaron que los sujetos escaparon de la vivienda sin robar elemento alguno.\u00a0<strong>La v\u00edctima llam\u00f3 al 911<\/strong>, se entrevist\u00f3 con personal de la Subcomisar\u00eda Camet y luego fue trasladado en una ambulancia del Same al Hospital Interzonal General de Agudos (Higa).<\/p>\n<blockquote>\n<h3>Mientras se realizaban algunas actuaciones en el lugar los oficiales encontraron una motocicleta que hab\u00eda sido sustra\u00edda el d\u00eda anterior en la zona de Parque Camet.<\/h3>\n<\/blockquote>\n<p>En el marco de una causa por averiguaci\u00f3n de il\u00edcito\u00a0<strong>la principal hip\u00f3tesis es que el ataque se dio en el marco de un ajuste de cuentas.<\/strong><\/p>\n<p>publicado en 0223.com.ar<\/p>\n","protected":false},"excerpt":{"rendered":"<div class=\"mh-excerpt\"><p>Sucedi\u00f3 en el barrio 2 de Abril. El herido de 31 a\u00f1os dijo que no pod\u00eda reconocer a los autores y se sospecha que fue un ajuste de cuentas. Un hombre que estaba en su <a class=\"mh-excerpt-more\" href=\"https:\/\/larevistadigital.com.ar\/blog\/mar-del-plata-lo-atacaron-en-su-casa-lo-golpearon-y-lo-balearon-en-las-piernas\/\" title=\"MAR DEL PLATA: LO ATACARON EN SU CASA, LO GOLPEARON Y LO BALEARON EN LAS PIERNAS\">[Leer M\u00e1s]<\/a><\/p>\n<\/div>","protected":false},"author":3,"featured_media":21094,"comment_status":"open","ping_status":"open","sticky":false,"template":"","format":"standard","meta":{"_jetpack_memberships_contains_paid_content":false,"footnotes":"","jetpack_publicize_message":"","jetpack_publicize_feature_enabled":true,"jetpack_social_post_already_shared":true,"jetpack_social_options":{"image_generator_settings":{"template":"highway","default_image_id":0,"font":"","enabled":false},"version":2}},"categories":[44,51],"tags":[],"class_list":{"0":"post-21093","1":"post","2":"type-post","3":"status-publish","4":"format-standard","5":"has-post-thumbnail","7":"category-policiales","8":"category-regionales"},"jetpack_publicize_connections":[],"jetpack_featured_media_url":"https:\/\/i0.wp.com\/larevistadigital.com.ar\/blog\/wp-content\/uploads\/Captura-de-pantalla-2021-07-12-105832.png?fit=1003%2C502&ssl=1","jetpack_sharing_enabled":true,"jetpack_shortlink":"https:\/\/wp.me\/p8qtrQ-5ud","jetpack-related-posts":[{"id":31273,"url":"https:\/\/larevistadigital.com.ar\/blog\/mar-del-plata-robaron-600-000-en-una-salidera\/","url_meta":{"origin":21093,"position":0},"title":"MAR DEL PLATA: ROBARON $600.000.- EN UNA SALIDERA","author":"Alejandro Sosa Ruda","date":"27 abril, 2023","format":false,"excerpt":"La v\u00edctima sali\u00f3 de un banco c\u00e9ntrico y lo interceptaron cuan do lleg\u00f3 a su casa en el barrio Estrada. Los delincuentes escaparon a bordo de un autom\u00f3vil. 27 de abril de 2023 MAR DEL PLATA -\u00a0 Un comerciante que sac\u00f3 de un banco en el centro\u00a0600 mil pesos para\u2026","rel":"","context":"En \u00abPOLICIALES\u00bb","block_context":{"text":"POLICIALES","link":"https:\/\/larevistadigital.com.ar\/blog\/category\/policiales\/"},"img":{"alt_text":"","src":"https:\/\/i0.wp.com\/larevistadigital.com.ar\/blog\/wp-content\/uploads\/Captura-de-pantalla-2023-04-27-205421.png?fit=808%2C419&ssl=1&resize=350%2C200","width":350,"height":200,"srcset":"https:\/\/i0.wp.com\/larevistadigital.com.ar\/blog\/wp-content\/uploads\/Captura-de-pantalla-2023-04-27-205421.png?fit=808%2C419&ssl=1&resize=350%2C200 1x, https:\/\/i0.wp.com\/larevistadigital.com.ar\/blog\/wp-content\/uploads\/Captura-de-pantalla-2023-04-27-205421.png?fit=808%2C419&ssl=1&resize=525%2C300 1.5x, https:\/\/i0.wp.com\/larevistadigital.com.ar\/blog\/wp-content\/uploads\/Captura-de-pantalla-2023-04-27-205421.png?fit=808%2C419&ssl=1&resize=700%2C400 2x"},"classes":[]},{"id":30487,"url":"https:\/\/larevistadigital.com.ar\/blog\/lo-condenaron-a-13-anos-de-prision-por-violar-a-su-hijastra-y-quedo-detenido-luego-de-la-lectura-de-la-sentencia\/","url_meta":{"origin":21093,"position":1},"title":"LO CONDENARON A 13 A\u00d1OS DE PRISI\u00d3N POR VIOLAR A SU HIJASTRA, Y QUED\u00d3 DETENIDO LUEGO DE LA LECTURA DE LA SENTENCIA","author":"Alejandro Sosa Ruda","date":"8 marzo, 2023","format":false,"excerpt":"Sucedi\u00f3 este mi\u00e9rcoles en el Tribunal Oral en lo Criminal N\u00b03. El imputado cometi\u00f3 los hechos entre 2008 y 2016 en la casa que compart\u00edan, en descampados y en un hotel. MAR DEL PLATA -\u00a0 Viol\u00f3 a su hijastra durante 8 a\u00f1os, cuando esta era adolescente. Los hechos ocurrieron en\u2026","rel":"","context":"En \u00abPOLICIALES\u00bb","block_context":{"text":"POLICIALES","link":"https:\/\/larevistadigital.com.ar\/blog\/category\/policiales\/"},"img":{"alt_text":"","src":"https:\/\/i0.wp.com\/larevistadigital.com.ar\/blog\/wp-content\/uploads\/VIOLADOR-1.png?fit=801%2C423&ssl=1&resize=350%2C200","width":350,"height":200,"srcset":"https:\/\/i0.wp.com\/larevistadigital.com.ar\/blog\/wp-content\/uploads\/VIOLADOR-1.png?fit=801%2C423&ssl=1&resize=350%2C200 1x, https:\/\/i0.wp.com\/larevistadigital.com.ar\/blog\/wp-content\/uploads\/VIOLADOR-1.png?fit=801%2C423&ssl=1&resize=525%2C300 1.5x, https:\/\/i0.wp.com\/larevistadigital.com.ar\/blog\/wp-content\/uploads\/VIOLADOR-1.png?fit=801%2C423&ssl=1&resize=700%2C400 2x"},"classes":[]},{"id":28494,"url":"https:\/\/larevistadigital.com.ar\/blog\/balcarce-quiso-recuperar-su-celular-robado-y-lo-hirieron-a-machetazos\/","url_meta":{"origin":21093,"position":2},"title":"BALCARCE: QUISO RECUPERAR SU CELULAR ROBADO Y LO HIRIERON A MACHETAZOS","author":"Alejandro Sosa Ruda","date":"18 octubre, 2022","format":false,"excerpt":"El hecho ocurri\u00f3 en la ciudad bonaerense de Balcarce. La v\u00edctima sufri\u00f3 m\u00faltiples cortes de importante gravedad y fue asistido. 18 de octubre de 2022 BALCARCE -\u00a0 Un joven de 26 a\u00f1os sufri\u00f3 heridas de diversa consideraci\u00f3n tras ser atacado a machetazos a la salida de un local bailable de\u2026","rel":"","context":"En \u00abPOLICIALES\u00bb","block_context":{"text":"POLICIALES","link":"https:\/\/larevistadigital.com.ar\/blog\/category\/policiales\/"},"img":{"alt_text":"","src":"https:\/\/i0.wp.com\/larevistadigital.com.ar\/blog\/wp-content\/uploads\/20221018181603_f608x342-34295-64018-30.jpg?fit=880%2C512&ssl=1&resize=350%2C200","width":350,"height":200,"srcset":"https:\/\/i0.wp.com\/larevistadigital.com.ar\/blog\/wp-content\/uploads\/20221018181603_f608x342-34295-64018-30.jpg?fit=880%2C512&ssl=1&resize=350%2C200 1x, https:\/\/i0.wp.com\/larevistadigital.com.ar\/blog\/wp-content\/uploads\/20221018181603_f608x342-34295-64018-30.jpg?fit=880%2C512&ssl=1&resize=525%2C300 1.5x, https:\/\/i0.wp.com\/larevistadigital.com.ar\/blog\/wp-content\/uploads\/20221018181603_f608x342-34295-64018-30.jpg?fit=880%2C512&ssl=1&resize=700%2C400 2x"},"classes":[]},{"id":20254,"url":"https:\/\/larevistadigital.com.ar\/blog\/sos-vos-le-preguntaron-y-le-dispararon-tres-vices\/","url_meta":{"origin":21093,"position":3},"title":"\u00bfSOS VOS? LE PREGUNTARON, Y LE DISPARARON TRES VICES","author":"Alejandro Sosa Ruda","date":"14 mayo, 2021","format":false,"excerpt":"Sucedi\u00f3 esta madrugada en el barrio Las Dalias. Se inici\u00f3 una causa por abuso de armas y lesiones.\u00a0 El herido fue atendido por personal m\u00e9dico en el lugar. MAR DEL PLATA - Un hombre de 43 a\u00f1os,\u00a0que registra\u00a0antecedentes penales por\u00a0diferentes delitos, fue baleado el jueves a la madrugada\u00a0por dos sujetos\u2026","rel":"","context":"En \u00abPOLICIALES\u00bb","block_context":{"text":"POLICIALES","link":"https:\/\/larevistadigital.com.ar\/blog\/category\/policiales\/"},"img":{"alt_text":"","src":"https:\/\/i0.wp.com\/larevistadigital.com.ar\/blog\/wp-content\/uploads\/Screenshot_1-121.jpg?fit=1007%2C565&ssl=1&resize=350%2C200","width":350,"height":200,"srcset":"https:\/\/i0.wp.com\/larevistadigital.com.ar\/blog\/wp-content\/uploads\/Screenshot_1-121.jpg?fit=1007%2C565&ssl=1&resize=350%2C200 1x, https:\/\/i0.wp.com\/larevistadigital.com.ar\/blog\/wp-content\/uploads\/Screenshot_1-121.jpg?fit=1007%2C565&ssl=1&resize=525%2C300 1.5x, https:\/\/i0.wp.com\/larevistadigital.com.ar\/blog\/wp-content\/uploads\/Screenshot_1-121.jpg?fit=1007%2C565&ssl=1&resize=700%2C400 2x"},"classes":[]},{"id":24943,"url":"https:\/\/larevistadigital.com.ar\/blog\/mato-a-la-vecina-porque-lo-denuncio-por-ruidos-molestos\/","url_meta":{"origin":21093,"position":4},"title":"MAT\u00d3 A LA VECINA PORQUE LO DENUNCI\u00d3 POR RUIDOS MOLESTOS","author":"Alejandro Sosa Ruda","date":"4 abril, 2022","format":false,"excerpt":"El salvaje crimen ocurri\u00f3 el s\u00e1bado en el barrio porte\u00f1o de Caballito.\u00a0Gloria Houllmann ten\u00eda 71 a\u00f1os. CABALLITO -\u00a0 Un joven de 25 a\u00f1os fue detenido este fin de semana acusado de asesinar a su vecina,\u00a0una jubilada de 71 a\u00f1os,\u00a0con quien discut\u00eda frecuentemente, luego de que la mujer fuera encontrada muerta\u2026","rel":"","context":"En \u00abINTERES GENERAL\u00bb","block_context":{"text":"INTERES GENERAL","link":"https:\/\/larevistadigital.com.ar\/blog\/category\/interes-general\/"},"img":{"alt_text":"","src":"https:\/\/i0.wp.com\/larevistadigital.com.ar\/blog\/wp-content\/uploads\/Captura-de-pantalla-2022-04-03-211002.jpg?fit=918%2C452&ssl=1&resize=350%2C200","width":350,"height":200,"srcset":"https:\/\/i0.wp.com\/larevistadigital.com.ar\/blog\/wp-content\/uploads\/Captura-de-pantalla-2022-04-03-211002.jpg?fit=918%2C452&ssl=1&resize=350%2C200 1x, https:\/\/i0.wp.com\/larevistadigital.com.ar\/blog\/wp-content\/uploads\/Captura-de-pantalla-2022-04-03-211002.jpg?fit=918%2C452&ssl=1&resize=525%2C300 1.5x, https:\/\/i0.wp.com\/larevistadigital.com.ar\/blog\/wp-content\/uploads\/Captura-de-pantalla-2022-04-03-211002.jpg?fit=918%2C452&ssl=1&resize=700%2C400 2x"},"classes":[]},{"id":41110,"url":"https:\/\/larevistadigital.com.ar\/blog\/general-madariaga-detienen-a-dos-sujetos-por-un-violento-hecho-de-robo-en-pinamar\/","url_meta":{"origin":21093,"position":5},"title":"General Madariaga: Detienen a dos sujetos por un violento  hecho de robo en Pinamar","author":"Alejandro Sosa Ruda","date":"26 agosto, 2025","format":false,"excerpt":"La investigaci\u00f3n permiti\u00f3 dar con los sospechosos en General Madariaga. La v\u00edctima hab\u00eda sido reducida y golpeada en su vivienda. 26 de agosto de 2025 GENERAL MADARIAGA\u00a0 -\u00a0 \u00a0Un operativo policial desarrollado en General Madariaga culmin\u00f3 con la aprehensi\u00f3n de dos hombres acusados de participar en un violento robo ocurrido\u2026","rel":"","context":"En \u00abPOLICIALES\u00bb","block_context":{"text":"POLICIALES","link":"https:\/\/larevistadigital.com.ar\/blog\/category\/policiales\/"},"img":{"alt_text":"","src":"https:\/\/i0.wp.com\/larevistadigital.com.ar\/blog\/wp-content\/uploads\/539384492_18053244758449331_7543124158828652225_n.jpg?fit=700%2C700&ssl=1&resize=350%2C200","width":350,"height":200,"srcset":"https:\/\/i0.wp.com\/larevistadigital.com.ar\/blog\/wp-content\/uploads\/539384492_18053244758449331_7543124158828652225_n.jpg?fit=700%2C700&ssl=1&resize=350%2C200 1x, https:\/\/i0.wp.com\/larevistadigital.com.ar\/blog\/wp-content\/uploads\/539384492_18053244758449331_7543124158828652225_n.jpg?fit=700%2C700&ssl=1&resize=525%2C300 1.5x, https:\/\/i0.wp.com\/larevistadigital.com.ar\/blog\/wp-content\/uploads\/539384492_18053244758449331_7543124158828652225_n.jpg?fit=700%2C700&ssl=1&resize=700%2C400 2x"},"classes":[]}],"_links":{"self":[{"href":"https:\/\/larevistadigital.com.ar\/blog\/wp-json\/wp\/v2\/posts\/21093","targetHints":{"allow":["GET"]}}],"collection":[{"href":"https:\/\/larevistadigital.com.ar\/blog\/wp-json\/wp\/v2\/posts"}],"about":[{"href":"https:\/\/larevistadigital.com.ar\/blog\/wp-json\/wp\/v2\/types\/post"}],"author":[{"embeddable":true,"href":"https:\/\/larevistadigital.com.ar\/blog\/wp-json\/wp\/v2\/users\/3"}],"replies":[{"embeddable":true,"href":"https:\/\/larevistadigital.com.ar\/blog\/wp-json\/wp\/v2\/comments?post=21093"}],"version-history":[{"count":1,"href":"https:\/\/larevistadigital.com.ar\/blog\/wp-json\/wp\/v2\/posts\/21093\/revisions"}],"predecessor-version":[{"id":21095,"href":"https:\/\/larevistadigital.com.ar\/blog\/wp-json\/wp\/v2\/posts\/21093\/revisions\/21095"}],"wp:featuredmedia":[{"embeddable":true,"href":"https:\/\/larevistadigital.com.ar\/blog\/wp-json\/wp\/v2\/media\/21094"}],"wp:attachment":[{"href":"https:\/\/larevistadigital.com.ar\/blog\/wp-json\/wp\/v2\/media?parent=21093"}],"wp:term":[{"taxonomy":"category","embeddable":true,"href":"https:\/\/larevistadigital.com.ar\/blog\/wp-json\/wp\/v2\/categories?post=21093"},{"taxonomy":"post_tag","embeddable":true,"href":"https:\/\/larevistadigital.com.ar\/blog\/wp-json\/wp\/v2\/tags?post=21093"}],"curies":[{"name":"wp","href":"https:\/\/api.w.org\/{rel}","templated":true}]}}