{"id":21096,"date":"2021-07-12T14:13:23","date_gmt":"2021-07-12T14:13:23","guid":{"rendered":"https:\/\/larevistadigital.com.ar\/blog\/?p=21096"},"modified":"2021-07-12T14:13:23","modified_gmt":"2021-07-12T14:13:23","slug":"los-vuelos-de-todo-el-pais-estan-afectados-por-un-paro","status":"publish","type":"post","link":"https:\/\/larevistadigital.com.ar\/blog\/los-vuelos-de-todo-el-pais-estan-afectados-por-un-paro\/","title":{"rendered":"LOS VUELOS DE TODO EL PA\u00cdS EST\u00c1N AFECTADOS POR UN PARO"},"content":{"rendered":"<h2>Controladores y t\u00e9cnicos de navegaci\u00f3n a\u00e9rea llevan a cabo una medida de fuerza. No afecta vuelos humanitarios y\/o sanitarios que transportan vacunas.<\/h2>\n<p>Los controladores y t\u00e9cnicos de navegaci\u00f3n a\u00e9rea nucleados en la Asociaci\u00f3n T\u00e9cnicos y Empleados de Protecci\u00f3n y Seguridad a la Aeronavegaci\u00f3n (Atepsa) realizan hoy una medida de fuerza en todo el pa\u00eds en demanda de incremento de salarios.<\/p>\n<p>Seg\u00fan inform\u00f3 el gremio en un comunicado, el paro afectar\u00e1 el despegue de vuelos en todo el pa\u00eds y ser\u00e1 acompa\u00f1ado por una protesta desde las 8 en el aeroparque Jorge Newbery.<\/p>\n<blockquote>\n<h3>El secretario general del sindicato, Jonatan Doino, dijo que el reclamo consiste en \u201cuna urgente recomposici\u00f3n salarial para completar la negociaci\u00f3n paritaria del a\u00f1o pasado y acordar la del actual, recuperar lo perdido y ganarle a la inflaci\u00f3n\u201d.<\/h3>\n<\/blockquote>\n<p>El sindicato aclar\u00f3 que la protesta no afectar\u00e1 <strong><em>\u201cvuelos humanitarios y\/o sanitarios que transportan vacunas, suministros m\u00e9dicos, elementos o personas relacionados con el Covid-19\u2033<\/em><\/strong>.<\/p>\n<blockquote>\n<h3>La medida de fuerza fue decidida tras el fracaso de las negociaciones entre el sindicato y la empresa Eana.<\/h3>\n<\/blockquote>\n<p>El sindicato ya hab\u00eda realizado medidas de fuerza afectando vuelos de carga y privados, y en esta nueva etapa del conflicto aseguran que se ver\u00e1n impactadnos los vuelos de pasajeros.<\/p>\n","protected":false},"excerpt":{"rendered":"<div class=\"mh-excerpt\"><p>Controladores y t\u00e9cnicos de navegaci\u00f3n a\u00e9rea llevan a cabo una medida de fuerza. No afecta vuelos humanitarios y\/o sanitarios que transportan vacunas. Los controladores y t\u00e9cnicos de navegaci\u00f3n a\u00e9rea nucleados en la Asociaci\u00f3n T\u00e9cnicos y <a class=\"mh-excerpt-more\" href=\"https:\/\/larevistadigital.com.ar\/blog\/los-vuelos-de-todo-el-pais-estan-afectados-por-un-paro\/\" title=\"LOS VUELOS DE TODO EL PA\u00cdS EST\u00c1N AFECTADOS POR UN PARO\">[Leer M\u00e1s]<\/a><\/p>\n<\/div>","protected":false},"author":3,"featured_media":21097,"comment_status":"open","ping_status":"open","sticky":false,"template":"","format":"standard","meta":{"_jetpack_memberships_contains_paid_content":false,"footnotes":"","jetpack_publicize_message":"","jetpack_publicize_feature_enabled":true,"jetpack_social_post_already_shared":true,"jetpack_social_options":{"image_generator_settings":{"template":"highway","default_image_id":0,"font":"","enabled":false},"version":2}},"categories":[50],"tags":[],"class_list":{"0":"post-21096","1":"post","2":"type-post","3":"status-publish","4":"format-standard","5":"has-post-thumbnail","7":"category-interes-general"},"jetpack_publicize_connections":[],"jetpack_featured_media_url":"https:\/\/i0.wp.com\/larevistadigital.com.ar\/blog\/wp-content\/uploads\/Captura-de-pantalla-2021-07-12-111104.png?fit=1012%2C567&ssl=1","jetpack_sharing_enabled":true,"jetpack_shortlink":"https:\/\/wp.me\/p8qtrQ-5ug","jetpack-related-posts":[{"id":35278,"url":"https:\/\/larevistadigital.com.ar\/blog\/trabajadores-de-la-sanidad-realizan-un-paro-general-por-bajos-salarios\/","url_meta":{"origin":21096,"position":0},"title":"TRABAJADORES DE LA SANIDAD REALIZAN UN PARO GENERAL POR BAJOS SALARIOS","author":"Alejandro Sosa Ruda","date":"20 febrero, 2024","format":false,"excerpt":"El secretario general del sindicato, H\u00e9ctor Daer, anunci\u00f3 la medida y adelant\u00f3 que llevar\u00e1n adelante \"todas las acciones necesarias\" para la recomposici\u00f3n salarial. 20 de febrero de 2023 La\u00a0Federaci\u00f3n de Asociaciones Trabajadores de la\u00a0Sanidad\u00a0Argentina (FATSA)\u00a0anunci\u00f3 que llevar\u00e1 a cabo un\u00a0paro nacional este jueves 22 de febrero, en reclamo por una\u2026","rel":"","context":"En \u00abINTERES GENERAL\u00bb","block_context":{"text":"INTERES GENERAL","link":"https:\/\/larevistadigital.com.ar\/blog\/category\/interes-general\/"},"img":{"alt_text":"","src":"https:\/\/i0.wp.com\/larevistadigital.com.ar\/blog\/wp-content\/uploads\/Captura-de-pantalla-2024-02-20-101324.png?fit=891%2C505&ssl=1&resize=350%2C200","width":350,"height":200,"srcset":"https:\/\/i0.wp.com\/larevistadigital.com.ar\/blog\/wp-content\/uploads\/Captura-de-pantalla-2024-02-20-101324.png?fit=891%2C505&ssl=1&resize=350%2C200 1x, https:\/\/i0.wp.com\/larevistadigital.com.ar\/blog\/wp-content\/uploads\/Captura-de-pantalla-2024-02-20-101324.png?fit=891%2C505&ssl=1&resize=525%2C300 1.5x, https:\/\/i0.wp.com\/larevistadigital.com.ar\/blog\/wp-content\/uploads\/Captura-de-pantalla-2024-02-20-101324.png?fit=891%2C505&ssl=1&resize=700%2C400 2x"},"classes":[]},{"id":5927,"url":"https:\/\/larevistadigital.com.ar\/blog\/el-paro-general-de-la-cgt-es-contundente\/","url_meta":{"origin":21096,"position":1},"title":"El Paro general de la CGT es contundente","author":"admin","date":"25 junio, 2018","format":false,"excerpt":"La CGT comenz\u00f3 a las 00:00 de hoy su tercer paro nacional en la gesti\u00f3n de Mauricio Macri en rechazo a las pol\u00edticas del Gobierno, con lo cual no funcionan la mayor\u00eda de las actividades y servicios del pa\u00eds, incluyendo escuelas, dependencias p\u00fablicas, transporte y comercios. La medida de fuerza\u2026","rel":"","context":"En \u00abGREMIALES\u00bb","block_context":{"text":"GREMIALES","link":"https:\/\/larevistadigital.com.ar\/blog\/category\/gremiales\/"},"img":{"alt_text":"","src":"https:\/\/i0.wp.com\/larevistadigital.com.ar\/blog\/wp-content\/uploads\/2018\/06\/25-06-2018_buenos_aires_huelga_convocada_por-4-644x340.jpg?fit=644%2C340&ssl=1&resize=350%2C200","width":350,"height":200,"srcset":"https:\/\/i0.wp.com\/larevistadigital.com.ar\/blog\/wp-content\/uploads\/2018\/06\/25-06-2018_buenos_aires_huelga_convocada_por-4-644x340.jpg?fit=644%2C340&ssl=1&resize=350%2C200 1x, https:\/\/i0.wp.com\/larevistadigital.com.ar\/blog\/wp-content\/uploads\/2018\/06\/25-06-2018_buenos_aires_huelga_convocada_por-4-644x340.jpg?fit=644%2C340&ssl=1&resize=525%2C300 1.5x"},"classes":[]},{"id":45286,"url":"https:\/\/larevistadigital.com.ar\/blog\/cierre-de-tesoros-del-banco-central-y-paro-bancario-fuerte-impacto-en-el-sistema-y-alerta-por-el-efectivo\/","url_meta":{"origin":21096,"position":2},"title":"Cierre de Tesoros del Banco Central y paro bancario: fuerte impacto en el sistema y alerta por el efectivo","author":"Alejandro Sosa Ruda","date":"23 abril, 2026","format":false,"excerpt":"El Gobierno dispuso el cierre de m\u00e1s de la mitad de las dependencias regionales del BCRA. Hay despidos y el gremio convoc\u00f3 a una medida de fuerza que podr\u00eda afectar la disponibilidad de dinero en bancos. 23 de abril de 2026 El ajuste sobre la estructura estatal suma un nuevo\u2026","rel":"","context":"En \u00abDESTACADAS\u00bb","block_context":{"text":"DESTACADAS","link":"https:\/\/larevistadigital.com.ar\/blog\/category\/destacadas\/"},"img":{"alt_text":"","src":"https:\/\/i0.wp.com\/larevistadigital.com.ar\/blog\/wp-content\/uploads\/Captura-de-pantalla-2026-04-23-165026.jpg?fit=611%2C399&ssl=1&resize=350%2C200","width":350,"height":200,"srcset":"https:\/\/i0.wp.com\/larevistadigital.com.ar\/blog\/wp-content\/uploads\/Captura-de-pantalla-2026-04-23-165026.jpg?fit=611%2C399&ssl=1&resize=350%2C200 1x, https:\/\/i0.wp.com\/larevistadigital.com.ar\/blog\/wp-content\/uploads\/Captura-de-pantalla-2026-04-23-165026.jpg?fit=611%2C399&ssl=1&resize=525%2C300 1.5x"},"classes":[]},{"id":19763,"url":"https:\/\/larevistadigital.com.ar\/blog\/mar-del-plata-hoy-paran-los-municipales-tras-no-llegar-a-un-acuerdo-salarial\/","url_meta":{"origin":21096,"position":3},"title":"MAR DEL PLATA: HOY PARAN LOS MUNICIPALES TRAS NO LLEGAR A UN ACUERDO SALARIAL","author":"Alejandro Sosa Ruda","date":"20 abril, 2021","format":false,"excerpt":"MAR DEL PLATA - Rige desde la primera hora de hoy un paro de los trabajadores municipales por lo que s\u00f3lo funcionan guardias m\u00ednimas y los servicios esenciales en el \u00e1mbito de la comuna. El Sindicato de Trabajadores Municipales dispuso para hoy una medida de fuerza por 24 tras no\u2026","rel":"","context":"En \u00abPOLITICA\u00bb","block_context":{"text":"POLITICA","link":"https:\/\/larevistadigital.com.ar\/blog\/category\/politica\/"},"img":{"alt_text":"","src":"https:\/\/i0.wp.com\/larevistadigital.com.ar\/blog\/wp-content\/uploads\/MUNICIPALIDAD-DE-GENERAL-PUEYRREDON.png?fit=1013%2C713&ssl=1&resize=350%2C200","width":350,"height":200,"srcset":"https:\/\/i0.wp.com\/larevistadigital.com.ar\/blog\/wp-content\/uploads\/MUNICIPALIDAD-DE-GENERAL-PUEYRREDON.png?fit=1013%2C713&ssl=1&resize=350%2C200 1x, https:\/\/i0.wp.com\/larevistadigital.com.ar\/blog\/wp-content\/uploads\/MUNICIPALIDAD-DE-GENERAL-PUEYRREDON.png?fit=1013%2C713&ssl=1&resize=525%2C300 1.5x, https:\/\/i0.wp.com\/larevistadigital.com.ar\/blog\/wp-content\/uploads\/MUNICIPALIDAD-DE-GENERAL-PUEYRREDON.png?fit=1013%2C713&ssl=1&resize=700%2C400 2x"},"classes":[]},{"id":20358,"url":"https:\/\/larevistadigital.com.ar\/blog\/mar-del-plata-paro-de-48-hs-en-la-pesca-por-la-muerte-de-4-trabajadores-por-covid\/","url_meta":{"origin":21096,"position":4},"title":"MAR DEL PLATA: PARO DE 48 HS EN LA PESCA, POR LA MUERTE DE 4 TRABAJADORES POR COVID","author":"Alejandro Sosa Ruda","date":"19 mayo, 2021","format":false,"excerpt":"Desde este martes y hasta el pr\u00f3ximo jueves se detiene la actividad de pesca embarcada en los puertos. Se exigen mayores medidas para enfrentar al covid. Todos los gremios relacionados a la actividad de pesca embarcada entraron en paro este martes a la tarde y por 48 horas luego de\u2026","rel":"","context":"En \u00abGREMIALES\u00bb","block_context":{"text":"GREMIALES","link":"https:\/\/larevistadigital.com.ar\/blog\/category\/gremiales\/"},"img":{"alt_text":"","src":"https:\/\/i0.wp.com\/larevistadigital.com.ar\/blog\/wp-content\/uploads\/PARO-PESCA.png?fit=997%2C702&ssl=1&resize=350%2C200","width":350,"height":200,"srcset":"https:\/\/i0.wp.com\/larevistadigital.com.ar\/blog\/wp-content\/uploads\/PARO-PESCA.png?fit=997%2C702&ssl=1&resize=350%2C200 1x, https:\/\/i0.wp.com\/larevistadigital.com.ar\/blog\/wp-content\/uploads\/PARO-PESCA.png?fit=997%2C702&ssl=1&resize=525%2C300 1.5x, https:\/\/i0.wp.com\/larevistadigital.com.ar\/blog\/wp-content\/uploads\/PARO-PESCA.png?fit=997%2C702&ssl=1&resize=700%2C400 2x"},"classes":[]},{"id":5898,"url":"https:\/\/larevistadigital.com.ar\/blog\/el-gobierno-estimo-que-el-paro-le-costara-al-pais-casi-29-mil-millones-de-pesos\/","url_meta":{"origin":21096,"position":5},"title":"El Gobierno estim\u00f3 que el paro le costar\u00e1 al pa\u00eds casi 29 mil millones de pesos","author":"admin","date":"25 junio, 2018","format":false,"excerpt":"El ministro de Hacienda,\u00a0Nicol\u00e1s Dujovne, estim\u00f3 hoy que el\u00a0paro general\u00a0convocado por la CGT, el tercero durante la gesti\u00f3n Cambiemos,\u00a0representa la p\u00e9rdida de 28.824 millones de pesos para el pa\u00eds, y consider\u00f3 en un mensaje publicado en las redes que\u00a0\"la \u00fanica manera de sacar adelante nuestro pa\u00eds es trabajando\". La cifra\u2026","rel":"","context":"En \u00abPOLITICA\u00bb","block_context":{"text":"POLITICA","link":"https:\/\/larevistadigital.com.ar\/blog\/category\/politica\/"},"img":{"alt_text":"","src":"https:\/\/i0.wp.com\/larevistadigital.com.ar\/blog\/wp-content\/uploads\/2018\/06\/0021935332.jpg?fit=600%2C337&ssl=1&resize=350%2C200","width":350,"height":200,"srcset":"https:\/\/i0.wp.com\/larevistadigital.com.ar\/blog\/wp-content\/uploads\/2018\/06\/0021935332.jpg?fit=600%2C337&ssl=1&resize=350%2C200 1x, https:\/\/i0.wp.com\/larevistadigital.com.ar\/blog\/wp-content\/uploads\/2018\/06\/0021935332.jpg?fit=600%2C337&ssl=1&resize=525%2C300 1.5x"},"classes":[]}],"_links":{"self":[{"href":"https:\/\/larevistadigital.com.ar\/blog\/wp-json\/wp\/v2\/posts\/21096","targetHints":{"allow":["GET"]}}],"collection":[{"href":"https:\/\/larevistadigital.com.ar\/blog\/wp-json\/wp\/v2\/posts"}],"about":[{"href":"https:\/\/larevistadigital.com.ar\/blog\/wp-json\/wp\/v2\/types\/post"}],"author":[{"embeddable":true,"href":"https:\/\/larevistadigital.com.ar\/blog\/wp-json\/wp\/v2\/users\/3"}],"replies":[{"embeddable":true,"href":"https:\/\/larevistadigital.com.ar\/blog\/wp-json\/wp\/v2\/comments?post=21096"}],"version-history":[{"count":1,"href":"https:\/\/larevistadigital.com.ar\/blog\/wp-json\/wp\/v2\/posts\/21096\/revisions"}],"predecessor-version":[{"id":21098,"href":"https:\/\/larevistadigital.com.ar\/blog\/wp-json\/wp\/v2\/posts\/21096\/revisions\/21098"}],"wp:featuredmedia":[{"embeddable":true,"href":"https:\/\/larevistadigital.com.ar\/blog\/wp-json\/wp\/v2\/media\/21097"}],"wp:attachment":[{"href":"https:\/\/larevistadigital.com.ar\/blog\/wp-json\/wp\/v2\/media?parent=21096"}],"wp:term":[{"taxonomy":"category","embeddable":true,"href":"https:\/\/larevistadigital.com.ar\/blog\/wp-json\/wp\/v2\/categories?post=21096"},{"taxonomy":"post_tag","embeddable":true,"href":"https:\/\/larevistadigital.com.ar\/blog\/wp-json\/wp\/v2\/tags?post=21096"}],"curies":[{"name":"wp","href":"https:\/\/api.w.org\/{rel}","templated":true}]}}