{"id":21099,"date":"2021-07-12T16:10:48","date_gmt":"2021-07-12T16:10:48","guid":{"rendered":"https:\/\/larevistadigital.com.ar\/blog\/?p=21099"},"modified":"2021-07-12T16:10:48","modified_gmt":"2021-07-12T16:10:48","slug":"chascomus-familiar-muerto-y-una-experiencia-terrible-de-la-doctora-erica-gonzalez-por-falta-de-insumos-capacitacion-y-la-tardanza-de-una-ambulancia-en-una-emergencia","status":"publish","type":"post","link":"https:\/\/larevistadigital.com.ar\/blog\/chascomus-familiar-muerto-y-una-experiencia-terrible-de-la-doctora-erica-gonzalez-por-falta-de-insumos-capacitacion-y-la-tardanza-de-una-ambulancia-en-una-emergencia\/","title":{"rendered":"CHASCOM\u00daS: FAMILIAR MUERTO Y UNA EXPERIENCIA TERRIBLE DE LA DOCTORA \u00c9RICA GONZALEZ POR FALTA DE INSUMOS, CAPACITACI\u00d3N Y LA TARDANZA DE UNA AMBULANCIA EN UNA EMERGENCIA"},"content":{"rendered":"<h2>La doctora Erica Gonzalez, dialog\u00f3 con La Revista Digital, y narr\u00f3 un triste, indignante y preocupante episodio que le toc\u00f3 vivir ante una emergencia con su t\u00edo y que termin\u00f3 con la muerte del hombre de solo 59 a\u00f1os de edad.<\/h2>\n<p><strong>CHASCOM\u00daS &#8211;\u00a0\u00a0<\/strong>En una nota que nos hace estremecer, logramos tomar conciencia que pasan cosas que ni nos imaginamos, pero que son un peligro latente ante cualquier emergencia.<\/p>\n<p>La doctora cont\u00f3 que d\u00edas atr\u00e1s tuvo un llamado de su t\u00eda, que llorando le ped\u00eda ayuda porque <em><strong>\u00abel t\u00edo se descompuso\u00bb\u00a0<\/strong><\/em>por lo que sali\u00f3 vertiginosamente en ayuda de sus familiares.<\/p>\n<blockquote>\n<h3>Lo primero que debi\u00f3 padecer, y que la sorprendi\u00f3 de sobremanera, es que al llamar al 107, recibi\u00f3 como contestaci\u00f3n un contestador autom\u00e1tico que es un total desprop\u00f3sito, ya que en un n\u00famero de urgencias, no pueden perder tiempos con un men\u00fa de opciones ni presentaciones.<\/h3>\n<\/blockquote>\n<p>Finalmente, fue atendida y explic\u00f3 que estaba yendo a atender una persona con distintos problemas de salud que lo convert\u00edan en alto riesgo, y solicit\u00f3 el env\u00edo de una ambulancia con los implementos necesarios.<\/p>\n<h3>Al llegar a destino, encontr\u00f3 a su t\u00edo desvanecido, descompensado y con la familia desesperada. comenz\u00f3 con las tareas de primeros auxilios, y volvi\u00f3 a llamar a emergencias, donde explic\u00f3 el cuadro y los elementos que se necesitaban ante la urgencia, y los antecedentes del paciente, que entre otras cosas padec\u00eda diabetes tipo 2, y obesidad m\u00f3rbida. Ante la tardanza, lament\u00f3 tener que decir que har\u00eda la denuncia, lo que aparentemente aceler\u00f3 las cosas.<\/h3>\n<p>Mientras tanto, la situaci\u00f3n se complicaba cada vez m\u00e1s, y el paciente cada vez estaba peor. Tuvo que hacerle ejercicios de reanimaci\u00f3n y en eso estaba cuando lleg\u00f3 la ambulancia.<\/p>\n<blockquote>\n<h3>La doctora coment\u00f3 que <em><strong>\u00abllegaron un medico muy joven y una enfermera y les ped\u00ed con mucho respeto si me permit\u00edan llevar adelante la reanimaci\u00f3n ya que cuento con una basta experiencia en emergentolog\u00eda y terapia, y me dijeron que no hay ning\u00fan problema\u00bb. \u00abLes ped\u00ed las drogas necesarias para esa situaci\u00f3n pero no hab\u00eda suficiente. Imaginate que la tuve que intubar, y no hab\u00eda para sujetarlo, por lo que tuvimos que utilizar los cordones de la zapatilla de mi t\u00edo para eso. cuando subimos a\u00a0 la ambulancia, observ\u00e9 que hab\u00eda un desfibrilador, y les pregunt\u00e9 porqu\u00e9 no lo bajaron pero me respondieron que no funcionaba. Luego, se le hab\u00eda terminado el suero, y observ\u00e9 que la sangre se estaba pasando al envase vac\u00edo, por lo que les ped\u00ed un suero para que esto no ocurra&#8230; Me respondieron que no ten\u00edan suero.\u00bb<\/strong><\/em><\/h3>\n<\/blockquote>\n<p>Todo esto, ante la ayuda y presencia de sus hijas, que lamentablemente tuvieron que vivir esta situaci\u00f3n, viendo agonizar a su padre y tratando de colaborar. Algo que sin dudas nunca olvidaran.<\/p>\n<blockquote>\n<h3>De esta manera, llegaron al Hospital Municipal, donde la recibi\u00f3 una enfermera que de manera despectiva pregunt\u00f3 <em><strong>\u00ab\u00bfesta es terapista?\u00bb<\/strong><\/em>&#8230; el terapista, que conoc\u00eda a la doctora <strong>Gonzalez<\/strong> respondi\u00f3 que si, por lo que le permitieron ingresar. Una vez adentro, con el paciente sin signos vitales hac\u00eda un largo rato, y lo \u00fanico que quedaba era utilizar el \u00abdesfibrilador\u00bb, pero no sab\u00edan ensamblarlo, y dec\u00edan \u00abno anda\u00bb.<\/h3>\n<\/blockquote>\n<p>Ah\u00ed la doctora, le explic\u00f3 que el aparato estaba apagado y c\u00f3mo se encend\u00eda. Iniciaron la resucitaci\u00f3n, pero ya era demasiado tarde, y el hombre falleci\u00f3.<\/p>\n<blockquote>\n<h3>Ese fue el triste resultado de un c\u00famulo de irresponsabilidades y falta de preparaci\u00f3n inconcebibles, porque se trata de salud. Y cuando se comenten fallos o errores en salud, el saldo es que se pierden vidas, de manera gratuita y absurda.<\/h3>\n<\/blockquote>\n<p>As\u00ed, falleci\u00f3 a la temprana edad de 59 a\u00f1os <strong>Angel Anibal Galeano<\/strong>, dejando con un dolor inmenso a su viuda <strong>Olga Fontana<\/strong>, y sus hijas Angelina y Karina, a quienes les hacemos llegar nuestro p\u00e9same y cari\u00f1o.<\/p>\n<p>&nbsp;<\/p>\n<p>&nbsp;<\/p>\n","protected":false},"excerpt":{"rendered":"<div class=\"mh-excerpt\"><p>La doctora Erica Gonzalez, dialog\u00f3 con La Revista Digital, y narr\u00f3 un triste, indignante y preocupante episodio que le toc\u00f3 vivir ante una emergencia con su t\u00edo y que termin\u00f3 con la muerte del hombre <a class=\"mh-excerpt-more\" href=\"https:\/\/larevistadigital.com.ar\/blog\/chascomus-familiar-muerto-y-una-experiencia-terrible-de-la-doctora-erica-gonzalez-por-falta-de-insumos-capacitacion-y-la-tardanza-de-una-ambulancia-en-una-emergencia\/\" title=\"CHASCOM\u00daS: FAMILIAR MUERTO Y UNA EXPERIENCIA TERRIBLE DE LA DOCTORA \u00c9RICA GONZALEZ POR FALTA DE INSUMOS, CAPACITACI\u00d3N Y LA TARDANZA DE UNA AMBULANCIA EN UNA EMERGENCIA\">[Leer M\u00e1s]<\/a><\/p>\n<\/div>","protected":false},"author":3,"featured_media":21100,"comment_status":"open","ping_status":"open","sticky":false,"template":"","format":"standard","meta":{"_jetpack_memberships_contains_paid_content":false,"footnotes":"","jetpack_publicize_message":"","jetpack_publicize_feature_enabled":true,"jetpack_social_post_already_shared":true,"jetpack_social_options":{"image_generator_settings":{"template":"highway","default_image_id":0,"font":"","enabled":false},"version":2}},"categories":[50],"tags":[],"class_list":{"0":"post-21099","1":"post","2":"type-post","3":"status-publish","4":"format-standard","5":"has-post-thumbnail","7":"category-interes-general"},"jetpack_publicize_connections":[],"jetpack_featured_media_url":"https:\/\/i0.wp.com\/larevistadigital.com.ar\/blog\/wp-content\/uploads\/ANGEL-GALEANO.jpg?fit=900%2C967&ssl=1","jetpack_sharing_enabled":true,"jetpack_shortlink":"https:\/\/wp.me\/p8qtrQ-5uj","jetpack-related-posts":[{"id":21081,"url":"https:\/\/larevistadigital.com.ar\/blog\/los-audios-de-la-doctora-erica-gonzalez-a-la-directora-del-hospital-por-la-desidia-que-derivo-en-lamuerte-de-su-tio\/","url_meta":{"origin":21099,"position":0},"title":"LOS AUDIOS DE LA DOCTORA ERICA GONZALEZ A LA DIRECTORA DEL HOSPITAL POR LA DESIDIA QUE DERIV\u00d3 EN LAMUERTE DE SU T\u00cdO","author":"Alejandro Sosa Ruda","date":"12 julio, 2021","format":false,"excerpt":"Aqu\u00ed los conmovedores audios que la doctora le envi\u00f3 a su vieja conocida, ex compa\u00f1era de trabajo, y actual directora del hospital desesperada por lo que hab\u00eda vivido con la muerte de su t\u00edo. La doctora Erica Gonzalez, es una profesional con sobrada experiencia y capacitaci\u00f3n en distintas especialidades de\u2026","rel":"","context":"En \u00abDESTACADAS\u00bb","block_context":{"text":"DESTACADAS","link":"https:\/\/larevistadigital.com.ar\/blog\/category\/destacadas\/"},"img":{"alt_text":"","src":"https:\/\/i0.wp.com\/larevistadigital.com.ar\/blog\/wp-content\/uploads\/CAPTURA-AUDIOS-DE-LA-DOCTORA-ERICA-GONZALEZ-A-LA-DOCTORA-MARINA-VINCENT.jpg?fit=900%2C1184&ssl=1&resize=350%2C200","width":350,"height":200,"srcset":"https:\/\/i0.wp.com\/larevistadigital.com.ar\/blog\/wp-content\/uploads\/CAPTURA-AUDIOS-DE-LA-DOCTORA-ERICA-GONZALEZ-A-LA-DOCTORA-MARINA-VINCENT.jpg?fit=900%2C1184&ssl=1&resize=350%2C200 1x, https:\/\/i0.wp.com\/larevistadigital.com.ar\/blog\/wp-content\/uploads\/CAPTURA-AUDIOS-DE-LA-DOCTORA-ERICA-GONZALEZ-A-LA-DOCTORA-MARINA-VINCENT.jpg?fit=900%2C1184&ssl=1&resize=525%2C300 1.5x, https:\/\/i0.wp.com\/larevistadigital.com.ar\/blog\/wp-content\/uploads\/CAPTURA-AUDIOS-DE-LA-DOCTORA-ERICA-GONZALEZ-A-LA-DOCTORA-MARINA-VINCENT.jpg?fit=900%2C1184&ssl=1&resize=700%2C400 2x"},"classes":[]},{"id":21205,"url":"https:\/\/larevistadigital.com.ar\/blog\/la-doctora-erica-gonzalez-a-cipriano-perez-del-cerro-no-haga-el-ridiculo-es-una-persona-mayor\/","url_meta":{"origin":21099,"position":1},"title":"LA DOCTORA \u00c9RICA GONZALEZ A CIPRIANO P\u00c9REZ DEL CERRO: \u00abNO HAGA EL RID\u00cdCULO, ES UNA PERSONA MAYOR\u00bb!","author":"Alejandro Sosa Ruda","date":"20 julio, 2021","format":false,"excerpt":"La doctora Gonzalez, quien hace solo unos d\u00edas sufri\u00f3 un terrible hecho en donde seg\u00fan denunci\u00f3 su t\u00edo tuvo una indisposici\u00f3n, que por las caracter\u00edsticas de riesgo que padec\u00eda y la tardanza de la llegada de la ambulancia m\u00e1s la falta de insumos necesarios para la emergencia, le cost\u00f3 la\u2026","rel":"","context":"En \u00abCHASCOM\u00daS\u00bb","block_context":{"text":"CHASCOM\u00daS","link":"https:\/\/larevistadigital.com.ar\/blog\/category\/chascomus\/"},"img":{"alt_text":"","src":"https:\/\/i0.wp.com\/larevistadigital.com.ar\/blog\/wp-content\/uploads\/203732540_10159544828089456_7428644336953173175_n.jpg?fit=843%2C843&ssl=1&resize=350%2C200","width":350,"height":200,"srcset":"https:\/\/i0.wp.com\/larevistadigital.com.ar\/blog\/wp-content\/uploads\/203732540_10159544828089456_7428644336953173175_n.jpg?fit=843%2C843&ssl=1&resize=350%2C200 1x, https:\/\/i0.wp.com\/larevistadigital.com.ar\/blog\/wp-content\/uploads\/203732540_10159544828089456_7428644336953173175_n.jpg?fit=843%2C843&ssl=1&resize=525%2C300 1.5x, https:\/\/i0.wp.com\/larevistadigital.com.ar\/blog\/wp-content\/uploads\/203732540_10159544828089456_7428644336953173175_n.jpg?fit=843%2C843&ssl=1&resize=700%2C400 2x"},"classes":[]},{"id":21141,"url":"https:\/\/larevistadigital.com.ar\/blog\/video-sean-humanos-el-pedido-de-la-hija-de-sandra-sosa-a-los-concejales-en-plena-sesion\/","url_meta":{"origin":21099,"position":2},"title":"[VIDEO] \u00abSEAN HUMANOS\u00bb EL PEDIDO DE LA HIJA DE SANDRA SOSA, A LOS CONCEJALES EN PLENA SESI\u00d3N.","author":"Alejandro Sosa Ruda","date":"16 julio, 2021","format":false,"excerpt":"CHASCOM\u00daS - Los familiares de personas fallecidas por fallas en el sistema de salud, luego de reclamar en el nosocomio, y marchar por la ciudad, se acercaron al Teatro Brazzola, donde estaba sesionando el Concejo Deliberante, para pedir ayuda en sus reclamos, y se vivieron momentos de intensidad y emoci\u00f3n,\u2026","rel":"","context":"En \u00abDESTACADAS\u00bb","block_context":{"text":"DESTACADAS","link":"https:\/\/larevistadigital.com.ar\/blog\/category\/destacadas\/"},"img":{"alt_text":"","src":"https:\/\/i0.wp.com\/larevistadigital.com.ar\/blog\/wp-content\/uploads\/WhatsApp-Image-2021-07-16-at-14.37.14.jpeg?fit=1200%2C675&ssl=1&resize=350%2C200","width":350,"height":200,"srcset":"https:\/\/i0.wp.com\/larevistadigital.com.ar\/blog\/wp-content\/uploads\/WhatsApp-Image-2021-07-16-at-14.37.14.jpeg?fit=1200%2C675&ssl=1&resize=350%2C200 1x, https:\/\/i0.wp.com\/larevistadigital.com.ar\/blog\/wp-content\/uploads\/WhatsApp-Image-2021-07-16-at-14.37.14.jpeg?fit=1200%2C675&ssl=1&resize=525%2C300 1.5x, https:\/\/i0.wp.com\/larevistadigital.com.ar\/blog\/wp-content\/uploads\/WhatsApp-Image-2021-07-16-at-14.37.14.jpeg?fit=1200%2C675&ssl=1&resize=700%2C400 2x, https:\/\/i0.wp.com\/larevistadigital.com.ar\/blog\/wp-content\/uploads\/WhatsApp-Image-2021-07-16-at-14.37.14.jpeg?fit=1200%2C675&ssl=1&resize=1050%2C600 3x"},"classes":[]},{"id":21208,"url":"https:\/\/larevistadigital.com.ar\/blog\/el-presidente-del-concejo-de-chascomus-pide-explicaciones-al-intendente-por-supuestas-irregularidades-en-el-fallecimiento-de-angel-anibal-galeano\/","url_meta":{"origin":21099,"position":3},"title":"EL PRESIDENTE DEL CONCEJO DE CHASCOM\u00daS ELEV\u00d3 PEDIDO DE INFORMES DE CAMBIEMOS AL INTENDENTE POR SUPUESTAS IRREGULARIDADES EN EL FALLECIMIENTO DE \u00c1NGEL ANIBAL GALEANO","author":"Alejandro Sosa Ruda","date":"20 julio, 2021","format":false,"excerpt":"Luego de que las circunstancias del fallecimiento de \u00c1ngel Anibal Galeano tomaran estado p\u00fablico por las denuncias que refiri\u00f3 su sobrina, la doctora \u00c9rica Gonzalez, sobrina del fallecido y quien lo socorri\u00f3 en la urgencia mientras llegaba la ambulancia, el presidente del Concejo Deliberante, Hector Larramendy elev\u00f3 un proyecto de\u2026","rel":"","context":"En \u00abINTERES GENERAL\u00bb","block_context":{"text":"INTERES GENERAL","link":"https:\/\/larevistadigital.com.ar\/blog\/category\/interes-general\/"},"img":{"alt_text":"","src":"https:\/\/i0.wp.com\/larevistadigital.com.ar\/blog\/wp-content\/uploads\/2018\/09\/concejo-chascomus.jpg?fit=954%2C768&ssl=1&resize=350%2C200","width":350,"height":200,"srcset":"https:\/\/i0.wp.com\/larevistadigital.com.ar\/blog\/wp-content\/uploads\/2018\/09\/concejo-chascomus.jpg?fit=954%2C768&ssl=1&resize=350%2C200 1x, https:\/\/i0.wp.com\/larevistadigital.com.ar\/blog\/wp-content\/uploads\/2018\/09\/concejo-chascomus.jpg?fit=954%2C768&ssl=1&resize=525%2C300 1.5x, https:\/\/i0.wp.com\/larevistadigital.com.ar\/blog\/wp-content\/uploads\/2018\/09\/concejo-chascomus.jpg?fit=954%2C768&ssl=1&resize=700%2C400 2x"},"classes":[]},{"id":6644,"url":"https:\/\/larevistadigital.com.ar\/blog\/chascomus-luto-y-dolor-por-el-fallecimiento-de-la-doctora-maria-travascio\/","url_meta":{"origin":21099,"position":4},"title":"CHASCOM\u00daS: LUTO Y DOLOR POR EL FALLECIMIENTO DE LA DOCTORA MAR\u00cdA TRAVASCIO","author":"Alejandro Sosa Ruda","date":"25 septiembre, 2018","format":false,"excerpt":"Lamentablemente, y con profundo pesar, informamos el fallecimiento de la doctora Mar\u00eda Travascio, luego de una larga lucha contra un c\u00e1ncer que termin\u00f3 cobr\u00e1ndose su vida. La doctora Travascio, fue una mujer que supo desarrollar su profesi\u00f3n con pasi\u00f3n y dedicaci\u00f3n, siendo uno de los pocos o casi la \u00fanica\u2026","rel":"","context":"En \u00abDESTACADAS\u00bb","block_context":{"text":"DESTACADAS","link":"https:\/\/larevistadigital.com.ar\/blog\/category\/destacadas\/"},"img":{"alt_text":"","src":"https:\/\/i0.wp.com\/larevistadigital.com.ar\/blog\/wp-content\/uploads\/2018\/09\/mar%C3%ADa-travascio.jpg?fit=600%2C830&ssl=1&resize=350%2C200","width":350,"height":200,"srcset":"https:\/\/i0.wp.com\/larevistadigital.com.ar\/blog\/wp-content\/uploads\/2018\/09\/mar%C3%ADa-travascio.jpg?fit=600%2C830&ssl=1&resize=350%2C200 1x, https:\/\/i0.wp.com\/larevistadigital.com.ar\/blog\/wp-content\/uploads\/2018\/09\/mar%C3%ADa-travascio.jpg?fit=600%2C830&ssl=1&resize=525%2C300 1.5x"},"classes":[]},{"id":19075,"url":"https:\/\/larevistadigital.com.ar\/blog\/lamentablemente-informamos-del-fallecimiento-de-la-doctora-en-historia-alicia-lahourcade\/","url_meta":{"origin":21099,"position":5},"title":"LAMENTABLEMENTE INFORMAMOS DEL FALLECIMIENTO DE LA DOCTORA EN HISTORIA ALICIA LAHOURCADE","author":"Alejandro Sosa Ruda","date":"27 febrero, 2021","format":false,"excerpt":"Alicia Lahoucrade, fue doctora en Historia y Licenciada en Ciencias P\u00fablicas. Autora de distintos libros de investigaci\u00f3n hist\u00f3rica como \"La Creaci\u00f3n del Hombre en las Grandes Religiones de Am\u00e9rica Precolombina\" (Tesis doctoral 1970) o \"Chascom\u00fas desde la platea, Obra hist\u00f3rica en 3 actos, un pr\u00f3logo y un saludo final (1991)\u2026","rel":"","context":"En \u00abCHASCOM\u00daS\u00bb","block_context":{"text":"CHASCOM\u00daS","link":"https:\/\/larevistadigital.com.ar\/blog\/category\/chascomus\/"},"img":{"alt_text":"","src":"https:\/\/i0.wp.com\/larevistadigital.com.ar\/blog\/wp-content\/uploads\/154357310_266611608178714_5337427398656777644_n.jpg?fit=960%2C640&ssl=1&resize=350%2C200","width":350,"height":200,"srcset":"https:\/\/i0.wp.com\/larevistadigital.com.ar\/blog\/wp-content\/uploads\/154357310_266611608178714_5337427398656777644_n.jpg?fit=960%2C640&ssl=1&resize=350%2C200 1x, https:\/\/i0.wp.com\/larevistadigital.com.ar\/blog\/wp-content\/uploads\/154357310_266611608178714_5337427398656777644_n.jpg?fit=960%2C640&ssl=1&resize=525%2C300 1.5x, https:\/\/i0.wp.com\/larevistadigital.com.ar\/blog\/wp-content\/uploads\/154357310_266611608178714_5337427398656777644_n.jpg?fit=960%2C640&ssl=1&resize=700%2C400 2x"},"classes":[]}],"_links":{"self":[{"href":"https:\/\/larevistadigital.com.ar\/blog\/wp-json\/wp\/v2\/posts\/21099","targetHints":{"allow":["GET"]}}],"collection":[{"href":"https:\/\/larevistadigital.com.ar\/blog\/wp-json\/wp\/v2\/posts"}],"about":[{"href":"https:\/\/larevistadigital.com.ar\/blog\/wp-json\/wp\/v2\/types\/post"}],"author":[{"embeddable":true,"href":"https:\/\/larevistadigital.com.ar\/blog\/wp-json\/wp\/v2\/users\/3"}],"replies":[{"embeddable":true,"href":"https:\/\/larevistadigital.com.ar\/blog\/wp-json\/wp\/v2\/comments?post=21099"}],"version-history":[{"count":1,"href":"https:\/\/larevistadigital.com.ar\/blog\/wp-json\/wp\/v2\/posts\/21099\/revisions"}],"predecessor-version":[{"id":21101,"href":"https:\/\/larevistadigital.com.ar\/blog\/wp-json\/wp\/v2\/posts\/21099\/revisions\/21101"}],"wp:featuredmedia":[{"embeddable":true,"href":"https:\/\/larevistadigital.com.ar\/blog\/wp-json\/wp\/v2\/media\/21100"}],"wp:attachment":[{"href":"https:\/\/larevistadigital.com.ar\/blog\/wp-json\/wp\/v2\/media?parent=21099"}],"wp:term":[{"taxonomy":"category","embeddable":true,"href":"https:\/\/larevistadigital.com.ar\/blog\/wp-json\/wp\/v2\/categories?post=21099"},{"taxonomy":"post_tag","embeddable":true,"href":"https:\/\/larevistadigital.com.ar\/blog\/wp-json\/wp\/v2\/tags?post=21099"}],"curies":[{"name":"wp","href":"https:\/\/api.w.org\/{rel}","templated":true}]}}