{"id":211,"date":"2017-02-13T02:26:32","date_gmt":"2017-02-13T02:26:32","guid":{"rendered":"https:\/\/larevistadigital.com.ar\/blog\/?p=211"},"modified":"2017-02-13T02:26:32","modified_gmt":"2017-02-13T02:26:32","slug":"personalidad-acuerdo-la-longitud-tus-dedos","status":"publish","type":"post","link":"https:\/\/larevistadigital.com.ar\/blog\/personalidad-acuerdo-la-longitud-tus-dedos\/","title":{"rendered":"\u00bfC\u00f3mo es tu personalidad, de acuerdo a la longitud de tus dedos?"},"content":{"rendered":"<h2><strong><em>De acuerdo a algunos estudios cient\u00edficos, la longitud del dedo anular respecto del \u00edndice, determina el tipo de personalidad del sujeto en cuesti\u00f3n.<\/em><\/strong><\/h2>\n<p>Seg\u00fan algunas publicaciones se han efectuado diversos estudios cient\u00edficos que aseguran que de acuerdo a la relaci\u00f3n de tama\u00f1o entre los dedos \u00edndice y anular, se pueden revelar aspectos de tu personalidad.<\/p>\n<p>Prueba comparando los tuyos y aqu\u00ed te damos las respuestas.<\/p>\n<ul>\n<li>Se dice que la gente con el dedo anular m\u00e1s largo que el dedo \u00edndice suelen ser personas hermosas y atractivas. Irradian encanto que otros se encuentran irresistible. Adem\u00e1s, son m\u00e1s agresivos y decisivos y no tienen problemas en correr riesgos. Los cient\u00edficos han descubierto que las personas con dedos anulares m\u00e1s largos ganan\u00a0<a href=\"https:\/\/i0.wp.com\/larevistadigital.com.ar\/blog\/wp-content\/uploads\/2017\/02\/estudio-longitud_dedos-mano-ansiedad-depresion-testosterona_MDSIMA20161013_0350_9.jpg?ssl=1\"><img data-recalc-dims=\"1\" loading=\"lazy\" decoding=\"async\" class=\"size-medium wp-image-212 alignleft\" src=\"https:\/\/i0.wp.com\/larevistadigital.com.ar\/blog\/wp-content\/uploads\/2017\/02\/estudio-longitud_dedos-mano-ansiedad-depresion-testosterona_MDSIMA20161013_0350_9.jpg?resize=300%2C168&#038;ssl=1\" alt=\"\" width=\"300\" height=\"168\" srcset=\"https:\/\/i0.wp.com\/larevistadigital.com.ar\/blog\/wp-content\/uploads\/2017\/02\/estudio-longitud_dedos-mano-ansiedad-depresion-testosterona_MDSIMA20161013_0350_9.jpg?resize=300%2C168&amp;ssl=1 300w, https:\/\/i0.wp.com\/larevistadigital.com.ar\/blog\/wp-content\/uploads\/2017\/02\/estudio-longitud_dedos-mano-ansiedad-depresion-testosterona_MDSIMA20161013_0350_9.jpg?resize=768%2C430&amp;ssl=1 768w, https:\/\/i0.wp.com\/larevistadigital.com.ar\/blog\/wp-content\/uploads\/2017\/02\/estudio-longitud_dedos-mano-ansiedad-depresion-testosterona_MDSIMA20161013_0350_9.jpg?resize=678%2C381&amp;ssl=1 678w, https:\/\/i0.wp.com\/larevistadigital.com.ar\/blog\/wp-content\/uploads\/2017\/02\/estudio-longitud_dedos-mano-ansiedad-depresion-testosterona_MDSIMA20161013_0350_9.jpg?w=980&amp;ssl=1 980w\" sizes=\"auto, (max-width: 300px) 100vw, 300px\" \/><\/a>m\u00e1s que las personas con dedos anulares m\u00e1s cortos.<\/li>\n<li>Las personas con dedos anulares m\u00e1s cortos que los dedos \u00edndices tienen una gran confianza en s\u00ed mismos, incluso pueden llegar a ser arrogantes. Disfrutan de la soledad y no les gusta que sean molestados en su tiempo libre. No son el tipo de persona que dan el primer paso cuando se trata de relaciones, pero siempre aceptan y aprecian la atenci\u00f3n que reciben.<\/li>\n<li>Las personas en que la longitud del dedo anular y el dedo \u00edndice son iguales, son amantes de la paz, y se sienten inc\u00f3modos cuando se ven en un conflicto. Son personas organizadas y tratan de llevarse bien con todo el mundo son personas que tienden a ser fieles en una relaci\u00f3n llena de ternura y cari\u00f1o hacia sus parejas.<\/li>\n<\/ul>\n<p><strong>FUENTE: TENMUCHASALUD<\/strong><\/p>\n","protected":false},"excerpt":{"rendered":"<div class=\"mh-excerpt\"><p>De acuerdo a algunos estudios cient\u00edficos, la longitud del dedo anular respecto del \u00edndice, determina el tipo de personalidad del sujeto en cuesti\u00f3n. Seg\u00fan algunas publicaciones se han efectuado diversos estudios cient\u00edficos que aseguran que <a class=\"mh-excerpt-more\" href=\"https:\/\/larevistadigital.com.ar\/blog\/personalidad-acuerdo-la-longitud-tus-dedos\/\" title=\"\u00bfC\u00f3mo es tu personalidad, de acuerdo a la longitud de tus dedos?\">[Leer M\u00e1s]<\/a><\/p>\n<\/div>","protected":false},"author":2,"featured_media":212,"comment_status":"open","ping_status":"open","sticky":false,"template":"","format":"standard","meta":{"_jetpack_memberships_contains_paid_content":false,"footnotes":"","jetpack_publicize_message":"","jetpack_publicize_feature_enabled":true,"jetpack_social_post_already_shared":false,"jetpack_social_options":{"image_generator_settings":{"template":"highway","default_image_id":0,"font":"","enabled":false},"version":2}},"categories":[11],"tags":[],"class_list":{"0":"post-211","1":"post","2":"type-post","3":"status-publish","4":"format-standard","5":"has-post-thumbnail","7":"category-curiosas"},"jetpack_publicize_connections":[],"jetpack_featured_media_url":"https:\/\/i0.wp.com\/larevistadigital.com.ar\/blog\/wp-content\/uploads\/2017\/02\/estudio-longitud_dedos-mano-ansiedad-depresion-testosterona_MDSIMA20161013_0350_9.jpg?fit=980%2C549&ssl=1","jetpack_sharing_enabled":true,"jetpack_shortlink":"https:\/\/wp.me\/p8qtrQ-3p","jetpack-related-posts":[{"id":34639,"url":"https:\/\/larevistadigital.com.ar\/blog\/le-corto-tres-dedos-a-un-delincuente-que-habia-entrado-a-robar-a-su-casa\/","url_meta":{"origin":211,"position":0},"title":"LE CORT\u00d3 TRES DEDOS A UN DELINCUENTE QUE HAB\u00cdA ENTRADO A ROBAR A SU CASA","author":"Alejandro Sosa Ruda","date":"26 noviembre, 2023","format":false,"excerpt":"Un vecino de Am\u00e9rica, partido de Rivadavia,\u00a0 le cort\u00f3 tres dedos de las manos a quien hab\u00eda entrado a su casa con intenciones de robar. 26 de Noviembre de 2023 RIVADAVIA -\u00a0 Seg\u00fan explic\u00f3 el Comisario Javier P\u00e9rez, al portal Masternews, lo sucedido el domingo de las elecciones en una\u2026","rel":"","context":"En \u00abINTERES GENERAL\u00bb","block_context":{"text":"INTERES GENERAL","link":"https:\/\/larevistadigital.com.ar\/blog\/category\/interes-general\/"},"img":{"alt_text":"","src":"https:\/\/i0.wp.com\/larevistadigital.com.ar\/blog\/wp-content\/uploads\/Polic%C3%ADa-Bonaerense-Patrulleros-3.jpg?fit=772%2C434&ssl=1&resize=350%2C200","width":350,"height":200,"srcset":"https:\/\/i0.wp.com\/larevistadigital.com.ar\/blog\/wp-content\/uploads\/Polic%C3%ADa-Bonaerense-Patrulleros-3.jpg?fit=772%2C434&ssl=1&resize=350%2C200 1x, https:\/\/i0.wp.com\/larevistadigital.com.ar\/blog\/wp-content\/uploads\/Polic%C3%ADa-Bonaerense-Patrulleros-3.jpg?fit=772%2C434&ssl=1&resize=525%2C300 1.5x, https:\/\/i0.wp.com\/larevistadigital.com.ar\/blog\/wp-content\/uploads\/Polic%C3%ADa-Bonaerense-Patrulleros-3.jpg?fit=772%2C434&ssl=1&resize=700%2C400 2x"},"classes":[]},{"id":5205,"url":"https:\/\/larevistadigital.com.ar\/blog\/la-actriz-porno-stormy-daniels-demando-donald-trump-anular-pacto-confidencialidad-la-relacion-habrian-mantenido\/","url_meta":{"origin":211,"position":1},"title":"LA ACTRIZ PORNO STORMY DANIELS DEMAND\u00d3 A DONALD TRUMP PARA ANULAR EL PACTO DE CONFIDENCIALIDAD DE LA RELACI\u00d3N QUE HABR\u00cdAN MANTENIDO","author":"Alejandro Sosa Ruda","date":"7 marzo, 2018","format":false,"excerpt":"EL PRESIDENTE AMERICANO Y LA ACTRIZ PORNO HABR\u00cdAN MANTENIDO ENCUENTROS SEXUALES DURANTE LOS A\u00d1OS 2006 Y 2007 Y SE HABR\u00cdAN PAGADO A LA MUJER UNOS 130.000 DOLARES POR SU SILENCIO... Una actriz porno que afirma haber tenido relaciones sexuales con\u00a0Donald Trump present\u00f3 el martes una demanda para invalidar un acuerdo\u2026","rel":"","context":"En \u00abPOLITICA\u00bb","block_context":{"text":"POLITICA","link":"https:\/\/larevistadigital.com.ar\/blog\/category\/politica\/"},"img":{"alt_text":"","src":"https:\/\/i0.wp.com\/larevistadigital.com.ar\/blog\/wp-content\/uploads\/2018\/03\/daniels.jpg.size-custom-crop.1086x0.jpg?fit=1086%2C673&ssl=1&resize=350%2C200","width":350,"height":200,"srcset":"https:\/\/i0.wp.com\/larevistadigital.com.ar\/blog\/wp-content\/uploads\/2018\/03\/daniels.jpg.size-custom-crop.1086x0.jpg?fit=1086%2C673&ssl=1&resize=350%2C200 1x, https:\/\/i0.wp.com\/larevistadigital.com.ar\/blog\/wp-content\/uploads\/2018\/03\/daniels.jpg.size-custom-crop.1086x0.jpg?fit=1086%2C673&ssl=1&resize=525%2C300 1.5x, https:\/\/i0.wp.com\/larevistadigital.com.ar\/blog\/wp-content\/uploads\/2018\/03\/daniels.jpg.size-custom-crop.1086x0.jpg?fit=1086%2C673&ssl=1&resize=700%2C400 2x, https:\/\/i0.wp.com\/larevistadigital.com.ar\/blog\/wp-content\/uploads\/2018\/03\/daniels.jpg.size-custom-crop.1086x0.jpg?fit=1086%2C673&ssl=1&resize=1050%2C600 3x"},"classes":[]},{"id":36698,"url":"https:\/\/larevistadigital.com.ar\/blog\/se-decidio-anular-la-concesion-otorgada-hace-unos-dias-de-punta-norte\/","url_meta":{"origin":211,"position":2},"title":"SE DECIDI\u00d3 ANULAR LA CONCESI\u00d3N OTORGADA HACE UNOS D\u00cdAS DE \u00abPUNTA NORTE\u00bb","author":"Alejandro Sosa Ruda","date":"15 julio, 2024","format":false,"excerpt":"Fue por irregularidades en documentaci\u00f3n presentada. La decisi\u00f3n del municipio es realizar una nueva licitaci\u00f3n lo m\u00e1s pronto posible. 15 de Julio de 2024 CHASCOM\u00daS -\u00a0\u00a0Luego de que hace unos d\u00edas se otorgara la concesi\u00f3n del Parador \"Punta Norte\" en la ciudad, desde el gobierno municipal se observaron irregularidades en\u2026","rel":"","context":"En \u00abINTERES GENERAL\u00bb","block_context":{"text":"INTERES GENERAL","link":"https:\/\/larevistadigital.com.ar\/blog\/category\/interes-general\/"},"img":{"alt_text":"","src":"https:\/\/i0.wp.com\/larevistadigital.com.ar\/blog\/wp-content\/uploads\/Captura-de-pantalla-2024-07-15-182043.png?fit=730%2C413&ssl=1&resize=350%2C200","width":350,"height":200,"srcset":"https:\/\/i0.wp.com\/larevistadigital.com.ar\/blog\/wp-content\/uploads\/Captura-de-pantalla-2024-07-15-182043.png?fit=730%2C413&ssl=1&resize=350%2C200 1x, https:\/\/i0.wp.com\/larevistadigital.com.ar\/blog\/wp-content\/uploads\/Captura-de-pantalla-2024-07-15-182043.png?fit=730%2C413&ssl=1&resize=525%2C300 1.5x, https:\/\/i0.wp.com\/larevistadigital.com.ar\/blog\/wp-content\/uploads\/Captura-de-pantalla-2024-07-15-182043.png?fit=730%2C413&ssl=1&resize=700%2C400 2x"},"classes":[]},{"id":38933,"url":"https:\/\/larevistadigital.com.ar\/blog\/advertencia-de-cientificos-sobre-la-seguridad-en-la-investigacion-de-virus\/","url_meta":{"origin":211,"position":3},"title":"Advertencia de Cient\u00edficos sobre la Seguridad en la Investigaci\u00f3n de Virus","author":"Alejandro Sosa Ruda","date":"5 marzo, 2025","format":false,"excerpt":"Dos epidemi\u00f3logos estadounidenses alertan sobre los experimentos realizados con el pat\u00f3geno HKU5-CoV-2, similar al que gener\u00f3 la pandemia de COVID. En una columna en The New York Times, advierten que deben realizarse en centros con la m\u00e1xima certificaci\u00f3n internacional 05 de Marzo de 2025 Los cient\u00edficos W. Ian Lipkin y\u2026","rel":"","context":"En \u00abINTERES GENERAL\u00bb","block_context":{"text":"INTERES GENERAL","link":"https:\/\/larevistadigital.com.ar\/blog\/category\/interes-general\/"},"img":{"alt_text":"","src":"https:\/\/i0.wp.com\/larevistadigital.com.ar\/blog\/wp-content\/uploads\/Captura-de-pantalla-2025-03-05-151514.jpg?fit=640%2C383&ssl=1&resize=350%2C200","width":350,"height":200,"srcset":"https:\/\/i0.wp.com\/larevistadigital.com.ar\/blog\/wp-content\/uploads\/Captura-de-pantalla-2025-03-05-151514.jpg?fit=640%2C383&ssl=1&resize=350%2C200 1x, https:\/\/i0.wp.com\/larevistadigital.com.ar\/blog\/wp-content\/uploads\/Captura-de-pantalla-2025-03-05-151514.jpg?fit=640%2C383&ssl=1&resize=525%2C300 1.5x"},"classes":[]},{"id":34691,"url":"https:\/\/larevistadigital.com.ar\/blog\/discutio-con-un-vecino-y-le-corto-un-dedo-de-un-mordisco\/","url_meta":{"origin":211,"position":4},"title":"DISCUTI\u00d3 CON UN VECINO Y LE CORT\u00d3 UN DEDO DE UN MORDISCO","author":"Alejandro Sosa Ruda","date":"29 noviembre, 2023","format":false,"excerpt":"Un joven de 26 a\u00f1os le arranc\u00f3 de un mordisco parte de un dedo a un vecino mientras se peleaban. La Justicia le prohibi\u00f3 al acusado tener contacto a la v\u00edctima. 29 de Noviembre de 2023 AZUL -\u00a0 El enfrentamiento tuvo lugar en la cuadra donde viven los protagonistas del\u2026","rel":"","context":"En \u00abPOLICIALES\u00bb","block_context":{"text":"POLICIALES","link":"https:\/\/larevistadigital.com.ar\/blog\/category\/policiales\/"},"img":{"alt_text":"","src":"https:\/\/i0.wp.com\/larevistadigital.com.ar\/blog\/wp-content\/uploads\/20231129165317_vecino.png?fit=880%2C512&ssl=1&resize=350%2C200","width":350,"height":200,"srcset":"https:\/\/i0.wp.com\/larevistadigital.com.ar\/blog\/wp-content\/uploads\/20231129165317_vecino.png?fit=880%2C512&ssl=1&resize=350%2C200 1x, https:\/\/i0.wp.com\/larevistadigital.com.ar\/blog\/wp-content\/uploads\/20231129165317_vecino.png?fit=880%2C512&ssl=1&resize=525%2C300 1.5x, https:\/\/i0.wp.com\/larevistadigital.com.ar\/blog\/wp-content\/uploads\/20231129165317_vecino.png?fit=880%2C512&ssl=1&resize=700%2C400 2x"},"classes":[]},{"id":24818,"url":"https:\/\/larevistadigital.com.ar\/blog\/cientificos-aseguran-haber-encontrado-restos-de-microplasticos-en-la-sangre-humana\/","url_meta":{"origin":211,"position":5},"title":"CIENT\u00cdFICOS ASEGURAN HABER ENCONTRADO RESTOS DE MICROPL\u00c1STICOS EN LA SANGRE HUMANA","author":"Alejandro Sosa Ruda","date":"26 marzo, 2022","format":false,"excerpt":"La investigaci\u00f3n cient\u00edfica fue publicada en el medio Environment International, que difunde el resultado del an\u00e1lisis de la sangre de 22 donantes, adultos sanos: se hall\u00f3 part\u00edculas de pl\u00e1stico en 17 de ellos, nada menos. Un grupo de cient\u00edficos mostraron los resultados de una investigaci\u00f3n in\u00e9dita en la que se\u2026","rel":"","context":"En \u00abINTERES GENERAL\u00bb","block_context":{"text":"INTERES GENERAL","link":"https:\/\/larevistadigital.com.ar\/blog\/category\/interes-general\/"},"img":{"alt_text":"","src":"https:\/\/i0.wp.com\/larevistadigital.com.ar\/blog\/wp-content\/uploads\/20220325160123_microp.jpg?fit=880%2C512&ssl=1&resize=350%2C200","width":350,"height":200,"srcset":"https:\/\/i0.wp.com\/larevistadigital.com.ar\/blog\/wp-content\/uploads\/20220325160123_microp.jpg?fit=880%2C512&ssl=1&resize=350%2C200 1x, https:\/\/i0.wp.com\/larevistadigital.com.ar\/blog\/wp-content\/uploads\/20220325160123_microp.jpg?fit=880%2C512&ssl=1&resize=525%2C300 1.5x, https:\/\/i0.wp.com\/larevistadigital.com.ar\/blog\/wp-content\/uploads\/20220325160123_microp.jpg?fit=880%2C512&ssl=1&resize=700%2C400 2x"},"classes":[]}],"_links":{"self":[{"href":"https:\/\/larevistadigital.com.ar\/blog\/wp-json\/wp\/v2\/posts\/211","targetHints":{"allow":["GET"]}}],"collection":[{"href":"https:\/\/larevistadigital.com.ar\/blog\/wp-json\/wp\/v2\/posts"}],"about":[{"href":"https:\/\/larevistadigital.com.ar\/blog\/wp-json\/wp\/v2\/types\/post"}],"author":[{"embeddable":true,"href":"https:\/\/larevistadigital.com.ar\/blog\/wp-json\/wp\/v2\/users\/2"}],"replies":[{"embeddable":true,"href":"https:\/\/larevistadigital.com.ar\/blog\/wp-json\/wp\/v2\/comments?post=211"}],"version-history":[{"count":1,"href":"https:\/\/larevistadigital.com.ar\/blog\/wp-json\/wp\/v2\/posts\/211\/revisions"}],"predecessor-version":[{"id":213,"href":"https:\/\/larevistadigital.com.ar\/blog\/wp-json\/wp\/v2\/posts\/211\/revisions\/213"}],"wp:featuredmedia":[{"embeddable":true,"href":"https:\/\/larevistadigital.com.ar\/blog\/wp-json\/wp\/v2\/media\/212"}],"wp:attachment":[{"href":"https:\/\/larevistadigital.com.ar\/blog\/wp-json\/wp\/v2\/media?parent=211"}],"wp:term":[{"taxonomy":"category","embeddable":true,"href":"https:\/\/larevistadigital.com.ar\/blog\/wp-json\/wp\/v2\/categories?post=211"},{"taxonomy":"post_tag","embeddable":true,"href":"https:\/\/larevistadigital.com.ar\/blog\/wp-json\/wp\/v2\/tags?post=211"}],"curies":[{"name":"wp","href":"https:\/\/api.w.org\/{rel}","templated":true}]}}