{"id":21108,"date":"2021-07-15T15:40:28","date_gmt":"2021-07-15T15:40:28","guid":{"rendered":"https:\/\/larevistadigital.com.ar\/blog\/?p=21108"},"modified":"2021-07-15T15:40:28","modified_gmt":"2021-07-15T15:40:28","slug":"se-afirma-el-monzoismo-en-chascomus-la-juventud-con-un-destacado-referente","status":"publish","type":"post","link":"https:\/\/larevistadigital.com.ar\/blog\/se-afirma-el-monzoismo-en-chascomus-la-juventud-con-un-destacado-referente\/","title":{"rendered":"SE AFIRMA EL MONZO\u00cdSMO EN CHASCOMUS: LA JUVENTUD CON UN DESTACADO REFERENTE"},"content":{"rendered":"<h2><strong>En el marco del Monzo\u00edsmo en Chascom\u00fas, se siguen sumando personas, entre las que se destaca quien ser\u00e1 el referente de \u00abJovenes Con Emilio\u00bb.<\/strong><\/h2>\n<p><strong>CHASCOM\u00daS &#8211;<\/strong> En el \u00e1mbito de la Juventud Monzo\u00edsta en Chascom\u00fas, se ha concretado el arribo de un destacado, respetado y muy apreciado vecino: <strong>El \u201cColo\u201d<\/strong> <strong>Andr\u00e9s Messina.<\/strong><\/p>\n<blockquote>\n<h3><strong>Messina, <\/strong>es adem\u00e1s un referente gremial Bancario con vasta experiencia, compromiso y participaci\u00f3n gremial, por cuyo desempe\u00f1o le vali\u00f3 ganar el cargo de Secretario Adjunto en la Comisi\u00f3n Directiva de la seccional local. Tambi\u00e9n forma parte de la Agrupaci\u00f3n Peronista Bancaria \u201cLa Rucci\u201d.<\/h3>\n<\/blockquote>\n<p>Hoy es uno de los hombres fuertes de<strong> Jos\u00e9 Fares<\/strong> y <strong>Carolina Vieira<\/strong>, que tienen depositadas en \u00e9l grandes expectativas.<\/p>\n<blockquote>\n<h3>Consultado por La Revista Digital, \u00abEl Colo Messina\u00bb confirm\u00f3 la noticia, y expres\u00f3 que se siente feliz de haberse sumado a un espacio que por sobre todas las cosas se ubica fuera de la \u00abgrieta\u00bb, lejos de odios y ubic\u00e1ndose de cara al futuro, a base de di\u00e1logo, como forma de construir consensos.<\/h3>\n<\/blockquote>\n<p><strong><img data-recalc-dims=\"1\" loading=\"lazy\" decoding=\"async\" class=\"size-full wp-image-21109 alignright\" src=\"https:\/\/i0.wp.com\/larevistadigital.com.ar\/blog\/wp-content\/uploads\/COLO.jpg?resize=861%2C729&#038;ssl=1\" alt=\"\" width=\"861\" height=\"729\" srcset=\"https:\/\/i0.wp.com\/larevistadigital.com.ar\/blog\/wp-content\/uploads\/COLO.jpg?w=861&amp;ssl=1 861w, https:\/\/i0.wp.com\/larevistadigital.com.ar\/blog\/wp-content\/uploads\/COLO.jpg?resize=300%2C254&amp;ssl=1 300w, https:\/\/i0.wp.com\/larevistadigital.com.ar\/blog\/wp-content\/uploads\/COLO.jpg?resize=768%2C650&amp;ssl=1 768w\" sizes=\"auto, (max-width: 861px) 100vw, 861px\" \/><\/strong><\/p>\n<p><strong>Messina<\/strong> por su car\u00e1cter y compromiso, en m\u00e1s de una oportunidad fue tentado para sumarse en distintos espacios, pero hasta ahora nunca se hab\u00eda decidido. Cuando le preguntamos al respecto, nos respondi\u00f3 que <em><strong>\u00abMi decisi\u00f3n tiene que ver con varios factores, en primer lugar y luego de tantas peleas, disputas y mezquindades de una grieta que ha llegado a dividir familias, me sedujo el mensaje de Emilio Monz\u00f3, que bas\u00f3 toda su historia en la construcci\u00f3n de consensos. Estoy convencido que es lo que se necesita para de una vez por todas salir adelante. Y luego, otra cosa que tambi\u00e9n es muy importante: cuando conoc\u00ed a Jos\u00e9 Fares y a Carolina Vieira, hubo qu\u00edmica en el acto, y confirm\u00e9 lo que me hab\u00edan comentado. Son excelentes personas y muy comprometidas, cosa que para m\u00ed es fundamental, y ah\u00ed todo cerr\u00f3. Yo quiero aportar mi compromiso para hacer un Chascom\u00fas y un pa\u00eds mejor, con humildad y desde el lugar que sume. Hoy siento que encontr\u00e9 el espacio adecuado\u00bb<\/strong><\/em><\/p>\n<p>As\u00ed entonces, el equipo toma forma, y se preparan a trabajar con quienes adem\u00e1s del grupo de Emilio Monz\u00f3, acompa\u00f1en a Facundo Manes en las pr\u00f3ximas elecciones.<\/p>\n","protected":false},"excerpt":{"rendered":"<div class=\"mh-excerpt\"><p>En el marco del Monzo\u00edsmo en Chascom\u00fas, se siguen sumando personas, entre las que se destaca quien ser\u00e1 el referente de \u00abJovenes Con Emilio\u00bb. CHASCOM\u00daS &#8211; En el \u00e1mbito de la Juventud Monzo\u00edsta en Chascom\u00fas, <a class=\"mh-excerpt-more\" href=\"https:\/\/larevistadigital.com.ar\/blog\/se-afirma-el-monzoismo-en-chascomus-la-juventud-con-un-destacado-referente\/\" title=\"SE AFIRMA EL MONZO\u00cdSMO EN CHASCOMUS: LA JUVENTUD CON UN DESTACADO REFERENTE\">[Leer M\u00e1s]<\/a><\/p>\n<\/div>","protected":false},"author":3,"featured_media":21110,"comment_status":"open","ping_status":"open","sticky":false,"template":"","format":"standard","meta":{"_jetpack_memberships_contains_paid_content":false,"footnotes":"","jetpack_publicize_message":"","jetpack_publicize_feature_enabled":true,"jetpack_social_post_already_shared":true,"jetpack_social_options":{"image_generator_settings":{"template":"highway","default_image_id":0,"font":"","enabled":false},"version":2}},"categories":[50,23],"tags":[],"class_list":{"0":"post-21108","1":"post","2":"type-post","3":"status-publish","4":"format-standard","5":"has-post-thumbnail","7":"category-interes-general","8":"category-politica-local"},"jetpack_publicize_connections":[],"jetpack_featured_media_url":"https:\/\/i0.wp.com\/larevistadigital.com.ar\/blog\/wp-content\/uploads\/JOSE-CARO-Y-COLO.jpg?fit=1268%2C538&ssl=1","jetpack_sharing_enabled":true,"jetpack_shortlink":"https:\/\/wp.me\/p8qtrQ-5us","jetpack-related-posts":[{"id":23721,"url":"https:\/\/larevistadigital.com.ar\/blog\/incluye-galeria-de-fotos-la-bancaria-de-chascomus-nuevo-sum-para-un-gremio-ejemplar\/","url_meta":{"origin":21108,"position":0},"title":"[INCLUYE GALER\u00cdA DE FOTOS] LA BANCARIA DE CHASCOM\u00daS, NUEVO SUM PARA UN GREMIO EJEMPLAR","author":"Alejandro Sosa Ruda","date":"1 febrero, 2022","format":false,"excerpt":"CHASCOM\u00daS -\u00a0\u00a0Luego del azote de una pandemia que ha afectado a todo y todos de alguna u otra manera, el sindicato de los empleados bancarios, La Bancaria, sigue dando muestras de gesti\u00f3n, y esto se refleja en las distintas sedes que posee a lo ancho y largo de todo el\u2026","rel":"","context":"En \u00abDESTACADAS\u00bb","block_context":{"text":"DESTACADAS","link":"https:\/\/larevistadigital.com.ar\/blog\/category\/destacadas\/"},"img":{"alt_text":"","src":"https:\/\/i0.wp.com\/larevistadigital.com.ar\/blog\/wp-content\/uploads\/WhatsApp-Image-2022-01-31-at-11.07.58-1.jpeg?fit=1200%2C894&ssl=1&resize=350%2C200","width":350,"height":200,"srcset":"https:\/\/i0.wp.com\/larevistadigital.com.ar\/blog\/wp-content\/uploads\/WhatsApp-Image-2022-01-31-at-11.07.58-1.jpeg?fit=1200%2C894&ssl=1&resize=350%2C200 1x, https:\/\/i0.wp.com\/larevistadigital.com.ar\/blog\/wp-content\/uploads\/WhatsApp-Image-2022-01-31-at-11.07.58-1.jpeg?fit=1200%2C894&ssl=1&resize=525%2C300 1.5x, https:\/\/i0.wp.com\/larevistadigital.com.ar\/blog\/wp-content\/uploads\/WhatsApp-Image-2022-01-31-at-11.07.58-1.jpeg?fit=1200%2C894&ssl=1&resize=700%2C400 2x, https:\/\/i0.wp.com\/larevistadigital.com.ar\/blog\/wp-content\/uploads\/WhatsApp-Image-2022-01-31-at-11.07.58-1.jpeg?fit=1200%2C894&ssl=1&resize=1050%2C600 3x"},"classes":[]},{"id":23851,"url":"https:\/\/larevistadigital.com.ar\/blog\/el-merendero-los-chicos-agradecio-a-la-bancaria-de-chascomus-y-al-dirigente-andres-messina-por-una-donacion\/","url_meta":{"origin":21108,"position":1},"title":"EL \u00abMERENDERO LOS CHICOS\u00bb AGRADECI\u00d3 A LA BANCARIA DE CHASCOM\u00daS Y AL DIRIGENTE ANDR\u00c9S MESSINA POR UNA DONACI\u00d3N","author":"Alejandro Sosa Ruda","date":"7 febrero, 2022","format":false,"excerpt":"CHASCOM\u00daS -\u00a0 El \"Merendero Los Chicos\" hizo una publicaci\u00f3n en su p\u00e1gina de Facebook, para agradecer a la Seccional Chascom\u00fas de la Asociaci\u00f3n Bancaria, por una donaci\u00f3n que recibieron, donde adem\u00e1s resalta la figura del secretario general adjunto de la misma, el \"Colo\" Andr\u00e9s Messina. La publicaci\u00f3n expresa \"Holaaa a\u2026","rel":"","context":"En \u00abCHASCOM\u00daS\u00bb","block_context":{"text":"CHASCOM\u00daS","link":"https:\/\/larevistadigital.com.ar\/blog\/category\/chascomus\/"},"img":{"alt_text":"","src":"https:\/\/i0.wp.com\/larevistadigital.com.ar\/blog\/wp-content\/uploads\/273302365_267623518813507_5072451784698434726_n.jpg?fit=1200%2C900&ssl=1&resize=350%2C200","width":350,"height":200,"srcset":"https:\/\/i0.wp.com\/larevistadigital.com.ar\/blog\/wp-content\/uploads\/273302365_267623518813507_5072451784698434726_n.jpg?fit=1200%2C900&ssl=1&resize=350%2C200 1x, https:\/\/i0.wp.com\/larevistadigital.com.ar\/blog\/wp-content\/uploads\/273302365_267623518813507_5072451784698434726_n.jpg?fit=1200%2C900&ssl=1&resize=525%2C300 1.5x, https:\/\/i0.wp.com\/larevistadigital.com.ar\/blog\/wp-content\/uploads\/273302365_267623518813507_5072451784698434726_n.jpg?fit=1200%2C900&ssl=1&resize=700%2C400 2x, https:\/\/i0.wp.com\/larevistadigital.com.ar\/blog\/wp-content\/uploads\/273302365_267623518813507_5072451784698434726_n.jpg?fit=1200%2C900&ssl=1&resize=1050%2C600 3x"},"classes":[]},{"id":13631,"url":"https:\/\/larevistadigital.com.ar\/blog\/xoana-cerillano-y-andres-messina-fueron-nuevamente-elegidos-como-delegados-del-banco-santander\/","url_meta":{"origin":21108,"position":2},"title":"XOANA CERILLANO Y ANDR\u00c9S MESSINA FUERON NUEVAMENTE ELEGIDOS COMO DELEGADOS DEL BANCO SANTANDER","author":"Alejandro Sosa Ruda","date":"12 diciembre, 2019","format":false,"excerpt":"Nuestros vecinos Xoana Cerillano y Andr\u00e9s Messina, han sido nuevamente elegidos como delegados del Banco Santander en Seccional Chascom\u00fas. La Revista Digital, quiere no solo publicar la noticia, sin\u00f3 tambi\u00e9n felicitar a ambos, por su trabajo, compromiso y dedicaci\u00f3n gremial y con la sociedad toda, ya que en tiempos en\u2026","rel":"","context":"En \u00abGREMIALES\u00bb","block_context":{"text":"GREMIALES","link":"https:\/\/larevistadigital.com.ar\/blog\/category\/gremiales\/"},"img":{"alt_text":"","src":"https:\/\/i0.wp.com\/larevistadigital.com.ar\/blog\/wp-content\/uploads\/79908155_2659839697395092_6717767495953940480_n.jpg?fit=559%2C586&ssl=1&resize=350%2C200","width":350,"height":200,"srcset":"https:\/\/i0.wp.com\/larevistadigital.com.ar\/blog\/wp-content\/uploads\/79908155_2659839697395092_6717767495953940480_n.jpg?fit=559%2C586&ssl=1&resize=350%2C200 1x, https:\/\/i0.wp.com\/larevistadigital.com.ar\/blog\/wp-content\/uploads\/79908155_2659839697395092_6717767495953940480_n.jpg?fit=559%2C586&ssl=1&resize=525%2C300 1.5x"},"classes":[]},{"id":22084,"url":"https:\/\/larevistadigital.com.ar\/blog\/juan-emilio-pallo-un-querido-chascomunense-que-sigue-firme-como-dirigente-bancario\/","url_meta":{"origin":21108,"position":3},"title":"JUAN EMILIO PALLO, UN QUERIDO CHASCOMUNENSE QUE SIGUE FIRME COMO DIRIGENTE BANCARIO","author":"Alejandro Sosa Ruda","date":"22 septiembre, 2021","format":false,"excerpt":"Durante la jornada de ayer, se present\u00f3 la lista Celeste y Blanca n\u00b01, del gremio de los Bancarios, para las elecciones nacionales que se llevar\u00e1n a cabo el pr\u00f3ximo 14 de diciembre en el sindicato. Desde el sindicato, en Chascom\u00fas, entre otras cosas emitieron un comunicado donde expresan su alegr\u00eda\u2026","rel":"","context":"En \u00abINTERES GENERAL\u00bb","block_context":{"text":"INTERES GENERAL","link":"https:\/\/larevistadigital.com.ar\/blog\/category\/interes-general\/"},"img":{"alt_text":"","src":"https:\/\/i0.wp.com\/larevistadigital.com.ar\/blog\/wp-content\/uploads\/WhatsApp-Image-2021-09-22-at-08.37.46.jpeg?fit=720%2C720&ssl=1&resize=350%2C200","width":350,"height":200,"srcset":"https:\/\/i0.wp.com\/larevistadigital.com.ar\/blog\/wp-content\/uploads\/WhatsApp-Image-2021-09-22-at-08.37.46.jpeg?fit=720%2C720&ssl=1&resize=350%2C200 1x, https:\/\/i0.wp.com\/larevistadigital.com.ar\/blog\/wp-content\/uploads\/WhatsApp-Image-2021-09-22-at-08.37.46.jpeg?fit=720%2C720&ssl=1&resize=525%2C300 1.5x, https:\/\/i0.wp.com\/larevistadigital.com.ar\/blog\/wp-content\/uploads\/WhatsApp-Image-2021-09-22-at-08.37.46.jpeg?fit=720%2C720&ssl=1&resize=700%2C400 2x"},"classes":[]},{"id":21692,"url":"https:\/\/larevistadigital.com.ar\/blog\/documento-del-delegado-general-del-banco-santander-andres-messina-y-sus-companeros-en-contra-del-ajuste\/","url_meta":{"origin":21108,"position":4},"title":"DOCUMENTO DEL DELEGADO GENERAL DEL BANCO SANTANDER, ANDR\u00c9S MESSINA Y SUS COMPA\u00d1EROS EN CONTRA DEL AJUSTE","author":"Alejandro Sosa Ruda","date":"25 agosto, 2021","format":false,"excerpt":"Como lo expresa el documento: \"Los trabajadores no pueden ser la variable de ajuste\", los delegados del Banco Santander, encabezados por el dirigente chascomunense Andr\u00e9s Messina, y con total respaldo del Secretariado de Chascom\u00fas, hicieron p\u00fablico un firme documento diciendo \"BASTA\" CHASCOM\u00daS -\u00a0En el marco de graves irregularidades cometidas por\u2026","rel":"","context":"En \u00abGREMIALES\u00bb","block_context":{"text":"GREMIALES","link":"https:\/\/larevistadigital.com.ar\/blog\/category\/gremiales\/"},"img":{"alt_text":"","src":"https:\/\/i0.wp.com\/larevistadigital.com.ar\/blog\/wp-content\/uploads\/81752253_1051720298497059_2452939806536105984_n.jpg?fit=1200%2C900&ssl=1&resize=350%2C200","width":350,"height":200,"srcset":"https:\/\/i0.wp.com\/larevistadigital.com.ar\/blog\/wp-content\/uploads\/81752253_1051720298497059_2452939806536105984_n.jpg?fit=1200%2C900&ssl=1&resize=350%2C200 1x, https:\/\/i0.wp.com\/larevistadigital.com.ar\/blog\/wp-content\/uploads\/81752253_1051720298497059_2452939806536105984_n.jpg?fit=1200%2C900&ssl=1&resize=525%2C300 1.5x, https:\/\/i0.wp.com\/larevistadigital.com.ar\/blog\/wp-content\/uploads\/81752253_1051720298497059_2452939806536105984_n.jpg?fit=1200%2C900&ssl=1&resize=700%2C400 2x, https:\/\/i0.wp.com\/larevistadigital.com.ar\/blog\/wp-content\/uploads\/81752253_1051720298497059_2452939806536105984_n.jpg?fit=1200%2C900&ssl=1&resize=1050%2C600 3x"},"classes":[]},{"id":13137,"url":"https:\/\/larevistadigital.com.ar\/blog\/destacada-participacion-de-chascomus-en-las-olimpiadas-bancarias\/","url_meta":{"origin":21108,"position":5},"title":"DESTACADA PARTICIPACI\u00d3N DE CHASCOM\u00daS, EN LAS OLIMPIADAS BANCARIAS","author":"Alejandro Sosa Ruda","date":"11 noviembre, 2019","format":false,"excerpt":"Dirigentes Bancarios acompa\u00f1aron a los participantes. Muy buena presentaci\u00f3n de los Chascomunenses con una gran participaci\u00f3n de los Bancos Privados, lo que marca un excelente trabajo gremial en esas entidades.\u00a0 Se desarrollaron las Olimpiadas Bancarias en Mar del Plata de la zona de Prov. De Bs. As. (Los ganadores pasan\u2026","rel":"","context":"En \u00abINTERES GENERAL\u00bb","block_context":{"text":"INTERES GENERAL","link":"https:\/\/larevistadigital.com.ar\/blog\/category\/interes-general\/"},"img":{"alt_text":"","src":"https:\/\/i0.wp.com\/larevistadigital.com.ar\/blog\/wp-content\/uploads\/WhatsApp-Image-2019-11-11-at-10.33.35.jpeg?fit=1200%2C900&ssl=1&resize=350%2C200","width":350,"height":200,"srcset":"https:\/\/i0.wp.com\/larevistadigital.com.ar\/blog\/wp-content\/uploads\/WhatsApp-Image-2019-11-11-at-10.33.35.jpeg?fit=1200%2C900&ssl=1&resize=350%2C200 1x, https:\/\/i0.wp.com\/larevistadigital.com.ar\/blog\/wp-content\/uploads\/WhatsApp-Image-2019-11-11-at-10.33.35.jpeg?fit=1200%2C900&ssl=1&resize=525%2C300 1.5x, https:\/\/i0.wp.com\/larevistadigital.com.ar\/blog\/wp-content\/uploads\/WhatsApp-Image-2019-11-11-at-10.33.35.jpeg?fit=1200%2C900&ssl=1&resize=700%2C400 2x, https:\/\/i0.wp.com\/larevistadigital.com.ar\/blog\/wp-content\/uploads\/WhatsApp-Image-2019-11-11-at-10.33.35.jpeg?fit=1200%2C900&ssl=1&resize=1050%2C600 3x"},"classes":[]}],"_links":{"self":[{"href":"https:\/\/larevistadigital.com.ar\/blog\/wp-json\/wp\/v2\/posts\/21108","targetHints":{"allow":["GET"]}}],"collection":[{"href":"https:\/\/larevistadigital.com.ar\/blog\/wp-json\/wp\/v2\/posts"}],"about":[{"href":"https:\/\/larevistadigital.com.ar\/blog\/wp-json\/wp\/v2\/types\/post"}],"author":[{"embeddable":true,"href":"https:\/\/larevistadigital.com.ar\/blog\/wp-json\/wp\/v2\/users\/3"}],"replies":[{"embeddable":true,"href":"https:\/\/larevistadigital.com.ar\/blog\/wp-json\/wp\/v2\/comments?post=21108"}],"version-history":[{"count":2,"href":"https:\/\/larevistadigital.com.ar\/blog\/wp-json\/wp\/v2\/posts\/21108\/revisions"}],"predecessor-version":[{"id":21112,"href":"https:\/\/larevistadigital.com.ar\/blog\/wp-json\/wp\/v2\/posts\/21108\/revisions\/21112"}],"wp:featuredmedia":[{"embeddable":true,"href":"https:\/\/larevistadigital.com.ar\/blog\/wp-json\/wp\/v2\/media\/21110"}],"wp:attachment":[{"href":"https:\/\/larevistadigital.com.ar\/blog\/wp-json\/wp\/v2\/media?parent=21108"}],"wp:term":[{"taxonomy":"category","embeddable":true,"href":"https:\/\/larevistadigital.com.ar\/blog\/wp-json\/wp\/v2\/categories?post=21108"},{"taxonomy":"post_tag","embeddable":true,"href":"https:\/\/larevistadigital.com.ar\/blog\/wp-json\/wp\/v2\/tags?post=21108"}],"curies":[{"name":"wp","href":"https:\/\/api.w.org\/{rel}","templated":true}]}}