{"id":21113,"date":"2021-07-15T19:04:12","date_gmt":"2021-07-15T19:04:12","guid":{"rendered":"https:\/\/larevistadigital.com.ar\/blog\/?p=21113"},"modified":"2021-07-15T19:04:12","modified_gmt":"2021-07-15T19:04:12","slug":"una-nueva-era-en-la-f-1-desde-el-2022-se-presento-el-nuevo-diseno-y-normas-en-el-evento-f1-one-begins","status":"publish","type":"post","link":"https:\/\/larevistadigital.com.ar\/blog\/una-nueva-era-en-la-f-1-desde-el-2022-se-presento-el-nuevo-diseno-y-normas-en-el-evento-f1-one-begins\/","title":{"rendered":"\u00bfUNA NUEVA ERA EN LA F-1 DESDE EL 2022? SE PRESENT\u00d3 EL NUEVO DISE\u00d1O Y NORMAS EN EL EVENTO \u00abF1 ONE BEGINS\u00bb"},"content":{"rendered":"<p>Ya el t\u00edtulo del evento que se realiz\u00f3 hoy, a las 10 hs. de Argentina lo anuncia por s\u00ed mismo <strong>\u00abF1 One begins\u00bb (La F\u00f3rmula 1 comienza). <\/strong>Se llev\u00f3 a cabo en\u00a0el m\u00edtico circuito de Silverstone, donde este fin de semana se disputar\u00e1 el Gran Premio de Gran Breta\u00f1a con el debut del formato sprint, para presentar el primer modelo en tama\u00f1o real basado en el reglamento t\u00e9cnico que se utilizar\u00e1 a partir del a\u00f1o que viene.<\/p>\n<blockquote>\n<h3>La empresa que maneja los derechos comerciales de la categor\u00eda, Formula One Management (FOM), y la Federaci\u00f3n Internacional del Autom\u00f3vil (FIA) buscaron con estas innovaciones hacer que el manejo de los coches sea m\u00e1s inestable y que se mejore el espect\u00e1culo en pista y que los sobrepasos no sean solo \u201cartificiales\u201d por el DRS, el sistema que le otorga m\u00e1s velocidad al auto que viene detr\u00e1s.<\/h3>\n<\/blockquote>\n<p><b>Ross Brawn<\/b>, director t\u00e9cnico de FOM, cuando se difundieron los bocetos de los autos, destac\u00f3 que <strong><em>\u201cse buscaba que los j\u00f3venes cuelguen en sus habitaciones p\u00f3sters de los autos de F-1\u201d<\/em><\/strong>, como ocurr\u00eda d\u00e9cadas atr\u00e1s. Ese objetivo tal vez se cumpla si se advierte c\u00f3mo se simplific\u00f3 el dise\u00f1o de los monopostos. Ya no hay abundancia de alas ni otros aditamentos aerodin\u00e1micos como peque\u00f1os deflectores. Los alerones delanteros son m\u00e1s finos y con una inclinaci\u00f3n hacia atr\u00e1s. El halo aparece m\u00e1s estilizado y con eso se gana en est\u00e9tica, aunque no se pierde seguridad. De perfil el auto se parece al de fines de los a\u00f1os ochenta y comienzos de los noventa.<\/p>\n<blockquote>\n<h3 class=\"paragraph\">Otra novedad importante en lo aerodin\u00e1mico es el retorno al efecto suelo luego de casi 40 a\u00f1os. Esto significa que los autos hagan un efecto de succi\u00f3n y se queden pegados al piso, ofreciendo una mayor estabilidad tanto en rectas como en las curvas y por ende m\u00e1s velocidad. Fue un sistema que Colin Chapman, creador de Lotus, aplic\u00f3 en 1978 y sus autos arrasaron ese a\u00f1o. Esa variante t\u00e9cnica estuvo hasta 1982.<\/h3>\n<\/blockquote>\n<p class=\"paragraph\">Tambi\u00e9n, con reducci\u00f3n de un 86 por ciento de la carga aerodin\u00e1mica total, los autos tendr\u00e1n una p\u00e9rdida de un 14 por ciento al seguir a otro coche. En el presente, la carga aerodin\u00e1mica baja al 55 por ciento, y la p\u00e9rdida es del 45 por ciento cuando se gira detr\u00e1s de otro monoplaza. En teor\u00eda esto deber\u00eda contribuir a la lucha en la pista.<\/p>\n<p>&nbsp;<\/p>\n","protected":false},"excerpt":{"rendered":"<div class=\"mh-excerpt\"><p>Ya el t\u00edtulo del evento que se realiz\u00f3 hoy, a las 10 hs. de Argentina lo anuncia por s\u00ed mismo \u00abF1 One begins\u00bb (La F\u00f3rmula 1 comienza). Se llev\u00f3 a cabo en\u00a0el m\u00edtico circuito de <a class=\"mh-excerpt-more\" href=\"https:\/\/larevistadigital.com.ar\/blog\/una-nueva-era-en-la-f-1-desde-el-2022-se-presento-el-nuevo-diseno-y-normas-en-el-evento-f1-one-begins\/\" title=\"\u00bfUNA NUEVA ERA EN LA F-1 DESDE EL 2022? SE PRESENT\u00d3 EL NUEVO DISE\u00d1O Y NORMAS EN EL EVENTO \u00abF1 ONE BEGINS\u00bb\">[Leer M\u00e1s]<\/a><\/p>\n<\/div>","protected":false},"author":3,"featured_media":21114,"comment_status":"open","ping_status":"open","sticky":false,"template":"","format":"standard","meta":{"_jetpack_memberships_contains_paid_content":false,"footnotes":"","jetpack_publicize_message":"","jetpack_publicize_feature_enabled":true,"jetpack_social_post_already_shared":true,"jetpack_social_options":{"image_generator_settings":{"template":"highway","default_image_id":0,"font":"","enabled":false},"version":2}},"categories":[8,50],"tags":[],"class_list":{"0":"post-21113","1":"post","2":"type-post","3":"status-publish","4":"format-standard","5":"has-post-thumbnail","7":"category-deportes","8":"category-interes-general"},"jetpack_publicize_connections":[],"jetpack_featured_media_url":"https:\/\/i0.wp.com\/larevistadigital.com.ar\/blog\/wp-content\/uploads\/f1_2022.jpg?fit=840%2C440&ssl=1","jetpack_sharing_enabled":true,"jetpack_shortlink":"https:\/\/wp.me\/p8qtrQ-5ux","jetpack-related-posts":[{"id":4867,"url":"https:\/\/larevistadigital.com.ar\/blog\/aqui-te-mostramos-seran-los-coches-formula-1-futuro\/","url_meta":{"origin":21113,"position":0},"title":"AQU\u00cd TE MOSTRAMOS COMO SER\u00c1N LOS COCHES DE FORMULA 1 EN EL FUTURO","author":"Alejandro Sosa Ruda","date":"13 febrero, 2018","format":false,"excerpt":"La F\u00f3rmula 1, en su esencia, es la viva imagen de un pu\u00f1ado de mentes alocadas que sue\u00f1an c\u00f3mo ser\u00e1 el futuro, lo visualizan, lo atrapan y lo traen al presente. Lo que hoy vemos en la pista est\u00e1 adelantado a nuestro tiempo. Es una ventana al mundo que veremos\u2026","rel":"","context":"En \u00abDEPORTES\u00bb","block_context":{"text":"DEPORTES","link":"https:\/\/larevistadigital.com.ar\/blog\/category\/deportes\/"},"img":{"alt_text":"","src":"https:\/\/i0.wp.com\/larevistadigital.com.ar\/blog\/wp-content\/uploads\/2018\/02\/untitled-article-1493226911-body-image-1493229618.jpg?fit=950%2C535&ssl=1&resize=350%2C200","width":350,"height":200,"srcset":"https:\/\/i0.wp.com\/larevistadigital.com.ar\/blog\/wp-content\/uploads\/2018\/02\/untitled-article-1493226911-body-image-1493229618.jpg?fit=950%2C535&ssl=1&resize=350%2C200 1x, https:\/\/i0.wp.com\/larevistadigital.com.ar\/blog\/wp-content\/uploads\/2018\/02\/untitled-article-1493226911-body-image-1493229618.jpg?fit=950%2C535&ssl=1&resize=525%2C300 1.5x, https:\/\/i0.wp.com\/larevistadigital.com.ar\/blog\/wp-content\/uploads\/2018\/02\/untitled-article-1493226911-body-image-1493229618.jpg?fit=950%2C535&ssl=1&resize=700%2C400 2x"},"classes":[]},{"id":26297,"url":"https:\/\/larevistadigital.com.ar\/blog\/terrible-accidente-en-la-largada-de-la-formula-1-en-gran-bretana\/","url_meta":{"origin":21113,"position":1},"title":"TERRIBLE ACCIDENTE EN LA LARGADA DE LA F\u00d3RMULA 1 EN GRAN BRETA\u00d1A","author":"Alejandro Sosa Ruda","date":"3 julio, 2022","format":false,"excerpt":"El chino\u00a0Guanyu Zhou\u00a0salv\u00f3 su vida de \u201cmilagro\u201d tras un impactante accidente se produjo en\u00a0los segundos iniciales del\u00a0Gran Premio de Gran Breta\u00f1a de F\u00f3rmula 1. Mientras todas las miradas estaban puestas en el sobrepaso de\u00a0Max Verstappen (Red Bull) a Carlos Sainz (Ferrari),\u00a0quien hab\u00eda realizado la pole position, m\u00e1s atr\u00e1s hubo un\u2026","rel":"","context":"En \u00abINTERES GENERAL\u00bb","block_context":{"text":"INTERES GENERAL","link":"https:\/\/larevistadigital.com.ar\/blog\/category\/interes-general\/"},"img":{"alt_text":"","src":"https:\/\/i0.wp.com\/larevistadigital.com.ar\/blog\/wp-content\/uploads\/accidente-f1.png?fit=1006%2C483&ssl=1&resize=350%2C200","width":350,"height":200,"srcset":"https:\/\/i0.wp.com\/larevistadigital.com.ar\/blog\/wp-content\/uploads\/accidente-f1.png?fit=1006%2C483&ssl=1&resize=350%2C200 1x, https:\/\/i0.wp.com\/larevistadigital.com.ar\/blog\/wp-content\/uploads\/accidente-f1.png?fit=1006%2C483&ssl=1&resize=525%2C300 1.5x, https:\/\/i0.wp.com\/larevistadigital.com.ar\/blog\/wp-content\/uploads\/accidente-f1.png?fit=1006%2C483&ssl=1&resize=700%2C400 2x"},"classes":[]},{"id":41454,"url":"https:\/\/larevistadigital.com.ar\/blog\/chascomus-se-corrieron-los-21k\/","url_meta":{"origin":21113,"position":2},"title":"Chascom\u00fas: Se corrieron los 21K","author":"Alejandro Sosa Ruda","date":"15 septiembre, 2025","format":false,"excerpt":"M\u00e1s de 250 corredores participaron de la carrera de calle organizada por la Municipalidad de Chascom\u00fas. 15 de septirmbre de 2025 CHASCOM\u00daS\u00a0 -\u00a0 \u00a0Gran convocatoria en la carrera m\u00e1s importante de running que organiza el \u00e1rea de Deportes municipal. Los corredores largaron desde Mitre y Cramer para recorrer distancias de\u2026","rel":"","context":"En \u00abCHASCOM\u00daS\u00bb","block_context":{"text":"CHASCOM\u00daS","link":"https:\/\/larevistadigital.com.ar\/blog\/category\/chascomus\/"},"img":{"alt_text":"","src":"https:\/\/i0.wp.com\/larevistadigital.com.ar\/blog\/wp-content\/uploads\/68c850b5e9395.png?fit=668%2C445&ssl=1&resize=350%2C200","width":350,"height":200,"srcset":"https:\/\/i0.wp.com\/larevistadigital.com.ar\/blog\/wp-content\/uploads\/68c850b5e9395.png?fit=668%2C445&ssl=1&resize=350%2C200 1x, https:\/\/i0.wp.com\/larevistadigital.com.ar\/blog\/wp-content\/uploads\/68c850b5e9395.png?fit=668%2C445&ssl=1&resize=525%2C300 1.5x"},"classes":[]},{"id":40740,"url":"https:\/\/larevistadigital.com.ar\/blog\/se-viene-sabores-bonaerenses-a-chascomus\/","url_meta":{"origin":21113,"position":3},"title":"Se viene Sabores Bonaerenses a Chascom\u00fas","author":"Alejandro Sosa Ruda","date":"4 agosto, 2025","format":false,"excerpt":"Se trata de la feria de alimentos m\u00e1s importante de la provincia de Buenos Aires, donde productores y productoras comercializan directamente sus creaciones. 04 de Agosto de 2025 CHASCOM\u00daS -\u00a0 \u00a0La Municipalidad de Chascom\u00fas en conjunto con el Ministerio Desarrollo Agrario invitan a la comunidad a participar de una nueva\u2026","rel":"","context":"En \u00abCHASCOM\u00daS\u00bb","block_context":{"text":"CHASCOM\u00daS","link":"https:\/\/larevistadigital.com.ar\/blog\/category\/chascomus\/"},"img":{"alt_text":"","src":"https:\/\/i0.wp.com\/larevistadigital.com.ar\/blog\/wp-content\/uploads\/6890f15d68be0.png?fit=668%2C445&ssl=1&resize=350%2C200","width":350,"height":200,"srcset":"https:\/\/i0.wp.com\/larevistadigital.com.ar\/blog\/wp-content\/uploads\/6890f15d68be0.png?fit=668%2C445&ssl=1&resize=350%2C200 1x, https:\/\/i0.wp.com\/larevistadigital.com.ar\/blog\/wp-content\/uploads\/6890f15d68be0.png?fit=668%2C445&ssl=1&resize=525%2C300 1.5x"},"classes":[]},{"id":7235,"url":"https:\/\/larevistadigital.com.ar\/blog\/la-revista-digital-tendra-cronista-destacado-en-abu-dhabi\/","url_meta":{"origin":21113,"position":4},"title":"LA REVISTA DIGITAL TENDR\u00c1 CRONISTA DESTACADO EN ABU DHABI","author":"Alejandro Sosa Ruda","date":"16 diciembre, 2018","format":false,"excerpt":"Con gran alegr\u00eda, queremos contarles que La Revista Digital contar\u00e1 con un cronista exclusivo, cubriendo el mundial de clubes en Abu Dhabi. Se trata de Juan Lemik, quien nos estar\u00e1 enviando material exclusivo, adem\u00e1s de contarnos la previa, y c\u00f3mo viven este evento nuestros compatriotas que han llegado al lugar.\u2026","rel":"","context":"En \u00abDESTACADAS\u00bb","block_context":{"text":"DESTACADAS","link":"https:\/\/larevistadigital.com.ar\/blog\/category\/destacadas\/"},"img":{"alt_text":"","src":"https:\/\/i0.wp.com\/larevistadigital.com.ar\/blog\/wp-content\/uploads\/2018\/12\/VIAJE-IDA-ABU-DHABI-1.jpg?fit=650%2C733&ssl=1&resize=350%2C200","width":350,"height":200,"srcset":"https:\/\/i0.wp.com\/larevistadigital.com.ar\/blog\/wp-content\/uploads\/2018\/12\/VIAJE-IDA-ABU-DHABI-1.jpg?fit=650%2C733&ssl=1&resize=350%2C200 1x, https:\/\/i0.wp.com\/larevistadigital.com.ar\/blog\/wp-content\/uploads\/2018\/12\/VIAJE-IDA-ABU-DHABI-1.jpg?fit=650%2C733&ssl=1&resize=525%2C300 1.5x"},"classes":[]},{"id":40356,"url":"https:\/\/larevistadigital.com.ar\/blog\/lluvia-caos-y-emocion-norris-gano-el-gp-de-gran-bretana-en-una-carrera-memorable\/","url_meta":{"origin":21113,"position":5},"title":"Lluvia, caos y emoci\u00f3n: Norris gan\u00f3 el GP de Gran Breta\u00f1a en una carrera memorable","author":"Alejandro Sosa Ruda","date":"6 julio, 2025","format":false,"excerpt":"06 de Julio de 2025 GRAN BRETA\u00d1A -\u00a0 \u00a0El Gran Premio de Gran Breta\u00f1a 2025 de F\u00f3rmula 1 se convirti\u00f3 en una de las carreras m\u00e1s emocionantes y ca\u00f3ticas de la temporada. Con la lluvia como protagonista desde el inicio, el asfalto cambiante oblig\u00f3 a los equipos a tomar decisiones\u2026","rel":"","context":"En \u00abDEPORTES\u00bb","block_context":{"text":"DEPORTES","link":"https:\/\/larevistadigital.com.ar\/blog\/category\/deportes\/"},"img":{"alt_text":"","src":"https:\/\/i0.wp.com\/larevistadigital.com.ar\/blog\/wp-content\/uploads\/17518181075657-e1751842666637.jpg?fit=1080%2C828&ssl=1&resize=350%2C200","width":350,"height":200,"srcset":"https:\/\/i0.wp.com\/larevistadigital.com.ar\/blog\/wp-content\/uploads\/17518181075657-e1751842666637.jpg?fit=1080%2C828&ssl=1&resize=350%2C200 1x, https:\/\/i0.wp.com\/larevistadigital.com.ar\/blog\/wp-content\/uploads\/17518181075657-e1751842666637.jpg?fit=1080%2C828&ssl=1&resize=525%2C300 1.5x, https:\/\/i0.wp.com\/larevistadigital.com.ar\/blog\/wp-content\/uploads\/17518181075657-e1751842666637.jpg?fit=1080%2C828&ssl=1&resize=700%2C400 2x, https:\/\/i0.wp.com\/larevistadigital.com.ar\/blog\/wp-content\/uploads\/17518181075657-e1751842666637.jpg?fit=1080%2C828&ssl=1&resize=1050%2C600 3x"},"classes":[]}],"_links":{"self":[{"href":"https:\/\/larevistadigital.com.ar\/blog\/wp-json\/wp\/v2\/posts\/21113","targetHints":{"allow":["GET"]}}],"collection":[{"href":"https:\/\/larevistadigital.com.ar\/blog\/wp-json\/wp\/v2\/posts"}],"about":[{"href":"https:\/\/larevistadigital.com.ar\/blog\/wp-json\/wp\/v2\/types\/post"}],"author":[{"embeddable":true,"href":"https:\/\/larevistadigital.com.ar\/blog\/wp-json\/wp\/v2\/users\/3"}],"replies":[{"embeddable":true,"href":"https:\/\/larevistadigital.com.ar\/blog\/wp-json\/wp\/v2\/comments?post=21113"}],"version-history":[{"count":2,"href":"https:\/\/larevistadigital.com.ar\/blog\/wp-json\/wp\/v2\/posts\/21113\/revisions"}],"predecessor-version":[{"id":21116,"href":"https:\/\/larevistadigital.com.ar\/blog\/wp-json\/wp\/v2\/posts\/21113\/revisions\/21116"}],"wp:featuredmedia":[{"embeddable":true,"href":"https:\/\/larevistadigital.com.ar\/blog\/wp-json\/wp\/v2\/media\/21114"}],"wp:attachment":[{"href":"https:\/\/larevistadigital.com.ar\/blog\/wp-json\/wp\/v2\/media?parent=21113"}],"wp:term":[{"taxonomy":"category","embeddable":true,"href":"https:\/\/larevistadigital.com.ar\/blog\/wp-json\/wp\/v2\/categories?post=21113"},{"taxonomy":"post_tag","embeddable":true,"href":"https:\/\/larevistadigital.com.ar\/blog\/wp-json\/wp\/v2\/tags?post=21113"}],"curies":[{"name":"wp","href":"https:\/\/api.w.org\/{rel}","templated":true}]}}