{"id":21118,"date":"2021-07-16T05:15:50","date_gmt":"2021-07-16T05:15:50","guid":{"rendered":"https:\/\/larevistadigital.com.ar\/blog\/?p=21118"},"modified":"2021-07-16T05:16:34","modified_gmt":"2021-07-16T05:16:34","slug":"hospital-municipal-jefe-de-teerapia-en-la-mira-de-la-hija-de-una-senora-fallecida-le-mintieron-con-la-hora-de-fallecimiento-de-su-madre-y-cremaron-a-otra-persona","status":"publish","type":"post","link":"https:\/\/larevistadigital.com.ar\/blog\/hospital-municipal-jefe-de-teerapia-en-la-mira-de-la-hija-de-una-senora-fallecida-le-mintieron-con-la-hora-de-fallecimiento-de-su-madre-y-cremaron-a-otra-persona\/","title":{"rendered":"[AUDIO] HOSPITAL MUNICIPAL: JEFE DE TEERAPIA EN LA MIRA DE LA HIJA DE UNA SE\u00d1ORA FALLECIDA. LE MINTIERON CON LA HORA DE FALLECIMIENTO DE SU MADRE Y \u00bfCREMARON A OTRA PERSONA?"},"content":{"rendered":"<p><strong>CHASCOM\u00daS &#8211;<\/strong> Durante la jornada de ayer, tom\u00f3 trascendencia un audio en el que una mujer con desesperaci\u00f3n insultaba y reclamaba desesperadamente al Jefe de Terapia del Hospital Municipal San Vicente de Paul porque \u00e9sta la estaba llamando para disculparse por haberse equivocado en la fecha de muerte de\u00a0 la madre de quien estaba hablando.<\/p>\n<p>La situaci\u00f3n comenz\u00f3 cuando la se\u00f1ora <strong>Sandra Beatriz Sosa<\/strong>, de 48 a\u00f1os de edad fue internada en el mes de junio pasado, con diagn\u00f3stico de neumon\u00eda grave, que luego le dijeron que se trataba de COVID.<\/p>\n<blockquote>\n<h3>El tema es que permaneci\u00f3 internada un\u00a0 mes en el Hospital, sucediendo varias irregularidades en ese \u00ednterin, y de acuerdo a los dichos de la hija de la fallecida, la se\u00f1ora <strong>Elizabeth Ruiz<\/strong>, que recibi\u00f3 una llamada del doctor <strong>Pesoa<\/strong> el d\u00eda 10 de julio, inform\u00e1ndole que su madre hab\u00eda sufrido un infarto a las 04:00 AM de ese mismo d\u00eda, pero que hab\u00eda fallecido a las 7:00 AM.<\/h3>\n<\/blockquote>\n<p>Hasta aqu\u00ed, un triste desenlace, pero todo normal. Elizabeth y sus hermanas se ocuparon de los tr\u00e1mites para la cremaci\u00f3n del cuerpo de su mam\u00e1, obteniendo un turno para el pasado lunes 12 de julio, a las 11 hs, que luego se cambi\u00f3 para las 9 hs. por otro error que le fue avisado. Lleg\u00f3 el lunes, y se efectu\u00f3 la cremaci\u00f3n. Elizabeth, nunca vio el cuerpo de su madre, por los protocolos de pandemia.<\/p>\n<blockquote>\n<h3>As\u00ed pues, recibi\u00f3 la urna con las cenizas y la llev\u00f3 a su casa, pero advirti\u00f3 que hab\u00eda un error en la fecha. No dec\u00eda 10 como fecha de fallecimiento, sino que dec\u00eda 9 de julio.<\/h3>\n<\/blockquote>\n<p>Luego de averiguar, en la casa funeraria se dio cuenta que el error proven\u00eda del mismo hospital, y de quien firmaba el certificado de defunci\u00f3n, advirtiendo que la firma correspond\u00eda a la misma persona que le hab\u00eda avisado el infarto y muerte de su madre: <strong>\u00a1El doctor Pesoa!<\/strong><\/p>\n<blockquote>\n<h3>Entonces, ella no entend\u00eda como era posible, que si Pesoa el 10\/7 le dijo que la madre hac\u00eda dos horas hab\u00eda muerto, y que en la noche hab\u00eda sufrido un infarto, \u00bfC\u00d3MO ERA POSIBLE QUE \u00c9L MISMO HAB\u00cdA FIRMADO UN CERTIFICADO DE DEFUNCI\u00d3N QUE DEC\u00cdA QUE SU MADRE MURI\u00d3 EL 9 DE JULIO A LAS 22 HS.? \u00bfC\u00d3MO ERA POSIBLE QUE ALGUIEN MUERTO SE INFARTASE HORAS DESPU\u00c9S Y \u00abMURIERA\u00bb A LA MA\u00d1ANA SIGUIENTE?<\/h3>\n<\/blockquote>\n<p><strong>Elizabeth<\/strong> fue al Hospital, y se dirigi\u00f3 a terapia. Ah\u00ed solo hab\u00edan enfermeras que se negaron a entregar la historia cl\u00ednica de su madre, pero insisti\u00f3 y llam\u00f3 al doctor <strong>Rodriguez<\/strong>, quien enterado de la gravedad de la situaci\u00f3n se aperson\u00f3 en el Hospital y con la historia cl\u00ednica en sus manos se encerr\u00f3 en su oficina con la desesperada <strong>Elizabeth<\/strong>, que en ese momento no sab\u00eda ni entend\u00eda qu\u00e9 hab\u00eda pasado con su madre (lleg\u00f3 inclusive a pensar que el error indicaba que su mam\u00e1 a\u00fan estaba viva) y no sab\u00eda a qui\u00e9n correspond\u00edan las cenizas de la persona cremada.<\/p>\n<blockquote>\n<h3>Una vez en el despacho de Rodriguez, y al abrir la historia cl\u00ednica, se corrobor\u00f3 que la se\u00f1ora Sosa falleci\u00f3 a las 22 horas del d\u00eda 9 de julio, y se la retir\u00f3 de Terapia a las 23 hs. Repetimos: \u00bfC\u00f3mo se entiende entonces el llamado al otro d\u00eda, diciendo que a las 4 am se infart\u00f3 y que a las 7 am muri\u00f3, si ya hab\u00eda muerto la noche anterior?<\/h3>\n<\/blockquote>\n<p><strong>Rodriguez<\/strong> no supo qu\u00e9 decir, solo balbuce\u00f3 que no pod\u00eda estar al tanto de todo, y asegur\u00f3 que el abogado del Hospital tomar\u00eda \u00abdeclaraci\u00f3n\u00bb a <strong>Pesoa<\/strong>, para corroborar la identidad del cuerpo que le fue entregado.<\/p>\n<blockquote>\n<h3>Los hechos tienen a\u00fan m\u00e1s detalles que hacen de esto una situaci\u00f3n terrible para una familia, que hoy todav\u00eda no sabe a ciencia cierta a qui\u00e9n tienen en la urna, y con todo derecho dicen que \u00aba esta altura no creemos nada de lo que nos han dicho\u00bb. Pesoa reci\u00e9n ayer, 15\/7 (seguramente porque lo obligaron a hacerlo) llam\u00f3 a Elizabeth para disculparse porque se hab\u00eda equivocado.<\/h3>\n<\/blockquote>\n<p>Esto desat\u00f3 la furia, impotencia, y l\u00f3gica indignaci\u00f3n de Elizabeth, m\u00e1s cuando ante sus preguntas y reclamos, el m\u00e9dico no supo ni pudo responder qu\u00e9 fue lo que hab\u00eda sucedido.<\/p>\n<h3>EL AUDIO DE LA LLAMADA DE PESOA:<\/h3>\n<!--[if lt IE 9]><script>document.createElement('audio');<\/script><![endif]-->\n<audio class=\"wp-audio-shortcode\" id=\"audio-21118-1\" preload=\"none\" style=\"width: 100%;\" controls=\"controls\"><source type=\"audio\/mpeg\" src=\"https:\/\/larevistadigital.com.ar\/blog\/wp-content\/uploads\/PESOA-LLAMA-A-ELIZABETH.mp3?_=1\" \/><a href=\"https:\/\/larevistadigital.com.ar\/blog\/wp-content\/uploads\/PESOA-LLAMA-A-ELIZABETH.mp3\">https:\/\/larevistadigital.com.ar\/blog\/wp-content\/uploads\/PESOA-LLAMA-A-ELIZABETH.mp3<\/a><\/audio>\n<p>&nbsp;<\/p>\n","protected":false},"excerpt":{"rendered":"<div class=\"mh-excerpt\"><p>CHASCOM\u00daS &#8211; Durante la jornada de ayer, tom\u00f3 trascendencia un audio en el que una mujer con desesperaci\u00f3n insultaba y reclamaba desesperadamente al Jefe de Terapia del Hospital Municipal San Vicente de Paul porque \u00e9sta <a class=\"mh-excerpt-more\" href=\"https:\/\/larevistadigital.com.ar\/blog\/hospital-municipal-jefe-de-teerapia-en-la-mira-de-la-hija-de-una-senora-fallecida-le-mintieron-con-la-hora-de-fallecimiento-de-su-madre-y-cremaron-a-otra-persona\/\" title=\"[AUDIO] HOSPITAL MUNICIPAL: JEFE DE TEERAPIA EN LA MIRA DE LA HIJA DE UNA SE\u00d1ORA FALLECIDA. LE MINTIERON CON LA HORA DE FALLECIMIENTO DE SU MADRE Y \u00bfCREMARON A OTRA PERSONA?\">[Leer M\u00e1s]<\/a><\/p>\n<\/div>","protected":false},"author":3,"featured_media":21120,"comment_status":"open","ping_status":"open","sticky":false,"template":"","format":"standard","meta":{"_jetpack_memberships_contains_paid_content":false,"footnotes":"","jetpack_publicize_message":"","jetpack_publicize_feature_enabled":true,"jetpack_social_post_already_shared":true,"jetpack_social_options":{"image_generator_settings":{"template":"highway","default_image_id":0,"font":"","enabled":false},"version":2}},"categories":[50],"tags":[],"class_list":{"0":"post-21118","1":"post","2":"type-post","3":"status-publish","4":"format-standard","5":"has-post-thumbnail","7":"category-interes-general"},"jetpack_publicize_connections":[],"jetpack_featured_media_url":"https:\/\/i0.wp.com\/larevistadigital.com.ar\/blog\/wp-content\/uploads\/SANDRA-SOSA.jpg?fit=480%2C640&ssl=1","jetpack_sharing_enabled":true,"jetpack_shortlink":"https:\/\/wp.me\/p8qtrQ-5uC","jetpack-related-posts":[{"id":3438,"url":"https:\/\/larevistadigital.com.ar\/blog\/chascomus-lamentablemente-fallecio-la-joven-que-estaba-internada-tras-prenderse-fuego\/","url_meta":{"origin":21118,"position":0},"title":"CHASCOM\u00daS: LAMENTABLEMENTE FALLECI\u00d3 LA JOVEN QUE ESTABA INTERNADA, TRAS PRENDERSE FUEGO.","author":"Alejandro Sosa Ruda","date":"9 octubre, 2017","format":false,"excerpt":"Lamentablemente falleci\u00f3 la joven Gimena Cisneros, de 30 a\u00f1os de edad, que seg\u00fan informamos ayer,\u00a0 en un intento de suicidio se hab\u00eda prendido fuego \"a lo bonzo\" y se encontraba internada en estado reservado. La madre de la fallecida, hab\u00eda dialogado con la FM Por Siempre, contando que la muchacha\u2026","rel":"","context":"En \u00abPOLITICA\u00bb","block_context":{"text":"POLITICA","link":"https:\/\/larevistadigital.com.ar\/blog\/category\/politica\/"},"img":{"alt_text":"","src":"https:\/\/i0.wp.com\/larevistadigital.com.ar\/blog\/wp-content\/uploads\/2017\/10\/CRESP%C3%93N-NEGRO.jpg?fit=900%2C900&ssl=1&resize=350%2C200","width":350,"height":200,"srcset":"https:\/\/i0.wp.com\/larevistadigital.com.ar\/blog\/wp-content\/uploads\/2017\/10\/CRESP%C3%93N-NEGRO.jpg?fit=900%2C900&ssl=1&resize=350%2C200 1x, https:\/\/i0.wp.com\/larevistadigital.com.ar\/blog\/wp-content\/uploads\/2017\/10\/CRESP%C3%93N-NEGRO.jpg?fit=900%2C900&ssl=1&resize=525%2C300 1.5x, https:\/\/i0.wp.com\/larevistadigital.com.ar\/blog\/wp-content\/uploads\/2017\/10\/CRESP%C3%93N-NEGRO.jpg?fit=900%2C900&ssl=1&resize=700%2C400 2x"},"classes":[]},{"id":21161,"url":"https:\/\/larevistadigital.com.ar\/blog\/el-doctor-jorge-rodriguez-y-cipriano-perez-del-cerro-recibieron-el-sabado-a-la-hija-de-la-fallecida-sandra-sosa-con-su-abogado-jose-ochoa\/","url_meta":{"origin":21118,"position":1},"title":"EL DOCTOR JORGE RODRIGUEZ Y CIPRIANO PEREZ DEL CERRO RECIBIERON EL S\u00c1BADO A LA HIJA DE LA FALLECIDA SANDRA SOSA CON SU ABOGADO JOS\u00c9 OCHOA","author":"Alejandro Sosa Ruda","date":"19 julio, 2021","format":false,"excerpt":"La joven se present\u00f3 acompa\u00f1ada por su abogado, el doctor Jos\u00e9 Ochoa CHASCOM\u00daS - El \u00bfDirector? del Hospital Municipal San Vicente de Paul, Jorge Rodriguez y el Secretario de Gobierno, Cipriano P\u00e9rez del Cerro, finalmente atendieron a las hijas de la fallecida Sandra Sosa de solo 48 a\u00f1os de edad.\u2026","rel":"","context":"En \u00abDESTACADAS\u00bb","block_context":{"text":"DESTACADAS","link":"https:\/\/larevistadigital.com.ar\/blog\/category\/destacadas\/"},"img":{"alt_text":"","src":"https:\/\/i0.wp.com\/larevistadigital.com.ar\/blog\/wp-content\/uploads\/FOTO-RUIZ-OCHOA.jpg?fit=1200%2C884&ssl=1&resize=350%2C200","width":350,"height":200,"srcset":"https:\/\/i0.wp.com\/larevistadigital.com.ar\/blog\/wp-content\/uploads\/FOTO-RUIZ-OCHOA.jpg?fit=1200%2C884&ssl=1&resize=350%2C200 1x, https:\/\/i0.wp.com\/larevistadigital.com.ar\/blog\/wp-content\/uploads\/FOTO-RUIZ-OCHOA.jpg?fit=1200%2C884&ssl=1&resize=525%2C300 1.5x, https:\/\/i0.wp.com\/larevistadigital.com.ar\/blog\/wp-content\/uploads\/FOTO-RUIZ-OCHOA.jpg?fit=1200%2C884&ssl=1&resize=700%2C400 2x, https:\/\/i0.wp.com\/larevistadigital.com.ar\/blog\/wp-content\/uploads\/FOTO-RUIZ-OCHOA.jpg?fit=1200%2C884&ssl=1&resize=1050%2C600 3x"},"classes":[]},{"id":21629,"url":"https:\/\/larevistadigital.com.ar\/blog\/madre-de-nena-de-9-anos-fallecida-por-neumonia-pide-al-intendente-gaston-que-desafecte-del-hospital-municipal-al-medico-que-atendio-a-su-hijita-en-berisso\/","url_meta":{"origin":21118,"position":2},"title":"MADRE DE NENA DE 9 A\u00d1OS FALLECIDA POR NEUMON\u00cdA, PIDE AL INTENDENTE GAST\u00d3N QUE DESAFECTE DEL HOSPITAL MUNICIPAL AL M\u00c9DICO QUE ATENDI\u00d3 A SU HIJITA EN BERISSO","author":"Alejandro Sosa Ruda","date":"19 agosto, 2021","format":false,"excerpt":"Se trata de Ana Baban, mam\u00e1 de Nahiara, quien encontr\u00f3 la muerte a los 9 a\u00f1itos de edad, v\u00edctima de una neumon\u00eda que en ese momento no fue detectada por los profesionales. Especialmente el doctor Dar\u00edo Corazza, que en aquel momento envi\u00f3 a la criatura de regreso a su domicilio.\u2026","rel":"","context":"En \u00abINTERES GENERAL\u00bb","block_context":{"text":"INTERES GENERAL","link":"https:\/\/larevistadigital.com.ar\/blog\/category\/interes-general\/"},"img":{"alt_text":"","src":"https:\/\/i0.wp.com\/larevistadigital.com.ar\/blog\/wp-content\/uploads\/MAMA.png?fit=927%2C693&ssl=1&resize=350%2C200","width":350,"height":200,"srcset":"https:\/\/i0.wp.com\/larevistadigital.com.ar\/blog\/wp-content\/uploads\/MAMA.png?fit=927%2C693&ssl=1&resize=350%2C200 1x, https:\/\/i0.wp.com\/larevistadigital.com.ar\/blog\/wp-content\/uploads\/MAMA.png?fit=927%2C693&ssl=1&resize=525%2C300 1.5x, https:\/\/i0.wp.com\/larevistadigital.com.ar\/blog\/wp-content\/uploads\/MAMA.png?fit=927%2C693&ssl=1&resize=700%2C400 2x"},"classes":[]},{"id":4821,"url":"https:\/\/larevistadigital.com.ar\/blog\/la-hija-menor-balcedo-fue-mordida-una-serpiente\/","url_meta":{"origin":21118,"position":3},"title":"LA HIJA MENOR DE BALCEDO FUE MORDIDA POR UNA SERPIENTE","author":"Alejandro Sosa Ruda","date":"9 febrero, 2018","format":false,"excerpt":"La hija menor de Marcelo Balcedo, el ex titular del Soeme detenido por lavado de activos, se encuentra\u00a0internada en el hospital de Maldonado luego de haber sido mordida por una serpiente\u00a0mientras estaba en la estancia \"El Gran Chaparral\" de Playa Verde, departamento de Maldonado. Uno de los abogados de Balcedo,\u2026","rel":"","context":"En \u00abPOLITICA\u00bb","block_context":{"text":"POLITICA","link":"https:\/\/larevistadigital.com.ar\/blog\/category\/politica\/"},"img":{"alt_text":"","src":"","width":0,"height":0},"classes":[]},{"id":18174,"url":"https:\/\/larevistadigital.com.ar\/blog\/lamentablemente-rauch-tuvo-su-primera-victima-por-covid-19\/","url_meta":{"origin":21118,"position":4},"title":"LAMENTABLEMENTE, RAUCH TUVO SU PRIMERA V\u00cdCTIMA POR COVID-19","author":"Alejandro Sosa Ruda","date":"16 diciembre, 2020","format":false,"excerpt":"Rauch tuvo su primera v\u00edctima por Coronavirus. Se trata de una mujer de 79 a\u00f1os que hab\u00eda sido internada ayer. As\u00ed lo confirm\u00f3 el Sistema Municipal de Salud de Rauch. La Dra. Rosana V\u00e9lez se\u00f1al\u00f3 que\u00a0\u00a0\u00abHab\u00eda sido internada en el d\u00eda de ayer (martes) una abuela de 79 a\u00f1os que\u2026","rel":"","context":"En \u00abREGIONALES\u00bb","block_context":{"text":"REGIONALES","link":"https:\/\/larevistadigital.com.ar\/blog\/category\/regionales\/"},"img":{"alt_text":"","src":"https:\/\/i0.wp.com\/larevistadigital.com.ar\/blog\/wp-content\/uploads\/achaga-anuncio-rauch-covid.jpeg?fit=1070%2C605&ssl=1&resize=350%2C200","width":350,"height":200,"srcset":"https:\/\/i0.wp.com\/larevistadigital.com.ar\/blog\/wp-content\/uploads\/achaga-anuncio-rauch-covid.jpeg?fit=1070%2C605&ssl=1&resize=350%2C200 1x, https:\/\/i0.wp.com\/larevistadigital.com.ar\/blog\/wp-content\/uploads\/achaga-anuncio-rauch-covid.jpeg?fit=1070%2C605&ssl=1&resize=525%2C300 1.5x, https:\/\/i0.wp.com\/larevistadigital.com.ar\/blog\/wp-content\/uploads\/achaga-anuncio-rauch-covid.jpeg?fit=1070%2C605&ssl=1&resize=700%2C400 2x, https:\/\/i0.wp.com\/larevistadigital.com.ar\/blog\/wp-content\/uploads\/achaga-anuncio-rauch-covid.jpeg?fit=1070%2C605&ssl=1&resize=1050%2C600 3x"},"classes":[]},{"id":32979,"url":"https:\/\/larevistadigital.com.ar\/blog\/campana-murio-una-nena-de-8-anos-la-familia-denuncia-mala-praxis-y-negligencia-en-el-hospital-municipal\/","url_meta":{"origin":21118,"position":5},"title":"CAMPANA: MURI\u00d3 UNA NENA DE 8 A\u00d1OS. LA FAMILIA DENUNCIA MALA PR\u00c1XIS Y NEGLIGENCIA EN EL HOSPITAL MUNICIPAL","author":"Alejandro Sosa Ruda","date":"22 agosto, 2023","format":false,"excerpt":"La menor ingres\u00f3 a la guardia del Hospital por problemas respiratorios, pero fue dada de alta horas m\u00e1s tarde. Su cuadro no mejor\u00f3 y debi\u00f3 regresar poco despu\u00e9s, y esta vez qued\u00f3 internada al detectarle una anomal\u00eda en un pulm\u00f3n. Finalmente, la ni\u00f1a falleci\u00f3 y sus padres exigen respuestas. CAMPANA\u2026","rel":"","context":"En \u00abPOLICIALES\u00bb","block_context":{"text":"POLICIALES","link":"https:\/\/larevistadigital.com.ar\/blog\/category\/policiales\/"},"img":{"alt_text":"","src":"https:\/\/i0.wp.com\/larevistadigital.com.ar\/blog\/wp-content\/uploads\/20230822183456_guardia.jpg?fit=880%2C512&ssl=1&resize=350%2C200","width":350,"height":200,"srcset":"https:\/\/i0.wp.com\/larevistadigital.com.ar\/blog\/wp-content\/uploads\/20230822183456_guardia.jpg?fit=880%2C512&ssl=1&resize=350%2C200 1x, https:\/\/i0.wp.com\/larevistadigital.com.ar\/blog\/wp-content\/uploads\/20230822183456_guardia.jpg?fit=880%2C512&ssl=1&resize=525%2C300 1.5x, https:\/\/i0.wp.com\/larevistadigital.com.ar\/blog\/wp-content\/uploads\/20230822183456_guardia.jpg?fit=880%2C512&ssl=1&resize=700%2C400 2x"},"classes":[]}],"_links":{"self":[{"href":"https:\/\/larevistadigital.com.ar\/blog\/wp-json\/wp\/v2\/posts\/21118","targetHints":{"allow":["GET"]}}],"collection":[{"href":"https:\/\/larevistadigital.com.ar\/blog\/wp-json\/wp\/v2\/posts"}],"about":[{"href":"https:\/\/larevistadigital.com.ar\/blog\/wp-json\/wp\/v2\/types\/post"}],"author":[{"embeddable":true,"href":"https:\/\/larevistadigital.com.ar\/blog\/wp-json\/wp\/v2\/users\/3"}],"replies":[{"embeddable":true,"href":"https:\/\/larevistadigital.com.ar\/blog\/wp-json\/wp\/v2\/comments?post=21118"}],"version-history":[{"count":3,"href":"https:\/\/larevistadigital.com.ar\/blog\/wp-json\/wp\/v2\/posts\/21118\/revisions"}],"predecessor-version":[{"id":21124,"href":"https:\/\/larevistadigital.com.ar\/blog\/wp-json\/wp\/v2\/posts\/21118\/revisions\/21124"}],"wp:featuredmedia":[{"embeddable":true,"href":"https:\/\/larevistadigital.com.ar\/blog\/wp-json\/wp\/v2\/media\/21120"}],"wp:attachment":[{"href":"https:\/\/larevistadigital.com.ar\/blog\/wp-json\/wp\/v2\/media?parent=21118"}],"wp:term":[{"taxonomy":"category","embeddable":true,"href":"https:\/\/larevistadigital.com.ar\/blog\/wp-json\/wp\/v2\/categories?post=21118"},{"taxonomy":"post_tag","embeddable":true,"href":"https:\/\/larevistadigital.com.ar\/blog\/wp-json\/wp\/v2\/tags?post=21118"}],"curies":[{"name":"wp","href":"https:\/\/api.w.org\/{rel}","templated":true}]}}