{"id":21125,"date":"2021-07-16T06:49:19","date_gmt":"2021-07-16T06:49:19","guid":{"rendered":"https:\/\/larevistadigital.com.ar\/blog\/?p=21125"},"modified":"2021-07-16T06:49:19","modified_gmt":"2021-07-16T06:49:19","slug":"audio-completo-y-exclusivo-reportaje-a-elizabeth-ruiz-quien-aun-desconoce-si-cremaron-a-otra-persona-en-lugar-de-su-madre-por-un-error-del-doctor-pesoa","status":"publish","type":"post","link":"https:\/\/larevistadigital.com.ar\/blog\/audio-completo-y-exclusivo-reportaje-a-elizabeth-ruiz-quien-aun-desconoce-si-cremaron-a-otra-persona-en-lugar-de-su-madre-por-un-error-del-doctor-pesoa\/","title":{"rendered":"AUDIO COMPLETO Y EXCLUSIVO: REPORTAJE A ELIZABETH RUIZ, QUIEN A\u00daN DESCONOCE SI CREMARON A OTRA PERSONA EN LUGAR DE SU MADRE, POR UN \u00abERROR\u00bb DEL DOCTOR PESOA"},"content":{"rendered":"<p><strong>CHASCOM\u00daS &#8211;<\/strong> Luego del audio que se viraliz\u00f3 en toda la sociedad, donde el doctor y jefe de terapia intensiva del Hospital Municipal San Vicente de Paul, <strong>Mart\u00edn Pesoa<\/strong> llamaba a <strong>Elizabeth Ruiz<\/strong>, pidiendo disculpas por haber cometido el error de decirle que su madre hab\u00eda sufrido un infarto durante la madrugada y fallecido a las 7 AM del d\u00eda 10 de julio, cuando en realidad el certificado de defunci\u00f3n ten\u00eda fecha del d\u00eda anterior, 9 de julio a las 22 hs., y estaba firmado por el mismo <strong>Pesoa<\/strong>, <strong>La Revista Digital<\/strong> mantuvo una entrevista exclusiva con <strong>Elizabeth Ruiz<\/strong>, que nos cont\u00f3 con detalles todo lo sucedido.<\/p>\n<p><img data-recalc-dims=\"1\" loading=\"lazy\" decoding=\"async\" class=\"alignnone size-full wp-image-21128\" src=\"https:\/\/i0.wp.com\/larevistadigital.com.ar\/blog\/wp-content\/uploads\/acta-defuncion-2.jpg?resize=1176%2C1280&#038;ssl=1\" alt=\"\" width=\"1176\" height=\"1280\" srcset=\"https:\/\/i0.wp.com\/larevistadigital.com.ar\/blog\/wp-content\/uploads\/acta-defuncion-2.jpg?w=1176&amp;ssl=1 1176w, https:\/\/i0.wp.com\/larevistadigital.com.ar\/blog\/wp-content\/uploads\/acta-defuncion-2.jpg?resize=276%2C300&amp;ssl=1 276w, https:\/\/i0.wp.com\/larevistadigital.com.ar\/blog\/wp-content\/uploads\/acta-defuncion-2.jpg?resize=941%2C1024&amp;ssl=1 941w, https:\/\/i0.wp.com\/larevistadigital.com.ar\/blog\/wp-content\/uploads\/acta-defuncion-2.jpg?resize=768%2C836&amp;ssl=1 768w\" sizes=\"auto, (max-width: 1000px) 100vw, 1000px\" \/><\/p>\n<h3>LA ENTREVISTA COMPLETA:<\/h3>\n<p><span class=\"embed-youtube\" style=\"text-align:center; display: block;\"><iframe loading=\"lazy\" class=\"youtube-player\" width=\"640\" height=\"360\" src=\"https:\/\/www.youtube.com\/embed\/Net2c1WMxV4?version=3&#038;rel=1&#038;showsearch=0&#038;showinfo=1&#038;iv_load_policy=1&#038;fs=1&#038;hl=es-ES&#038;autohide=2&#038;wmode=transparent\" allowfullscreen=\"true\" style=\"border:0;\" sandbox=\"allow-scripts allow-same-origin allow-popups allow-presentation allow-popups-to-escape-sandbox\"><\/iframe><\/span><\/p>\n<p>&nbsp;<\/p>\n","protected":false},"excerpt":{"rendered":"<div class=\"mh-excerpt\"><p>CHASCOM\u00daS &#8211; Luego del audio que se viraliz\u00f3 en toda la sociedad, donde el doctor y jefe de terapia intensiva del Hospital Municipal San Vicente de Paul, Mart\u00edn Pesoa llamaba a Elizabeth Ruiz, pidiendo disculpas <a class=\"mh-excerpt-more\" href=\"https:\/\/larevistadigital.com.ar\/blog\/audio-completo-y-exclusivo-reportaje-a-elizabeth-ruiz-quien-aun-desconoce-si-cremaron-a-otra-persona-en-lugar-de-su-madre-por-un-error-del-doctor-pesoa\/\" title=\"AUDIO COMPLETO Y EXCLUSIVO: REPORTAJE A ELIZABETH RUIZ, QUIEN A\u00daN DESCONOCE SI CREMARON A OTRA PERSONA EN LUGAR DE SU MADRE, POR UN \u00abERROR\u00bb DEL DOCTOR PESOA\">[Leer M\u00e1s]<\/a><\/p>\n<\/div>","protected":false},"author":3,"featured_media":21126,"comment_status":"open","ping_status":"open","sticky":false,"template":"","format":"standard","meta":{"_jetpack_memberships_contains_paid_content":false,"footnotes":"","jetpack_publicize_message":"","jetpack_publicize_feature_enabled":true,"jetpack_social_post_already_shared":true,"jetpack_social_options":{"image_generator_settings":{"template":"highway","default_image_id":0,"font":"","enabled":false},"version":2}},"categories":[41],"tags":[],"class_list":{"0":"post-21125","1":"post","2":"type-post","3":"status-publish","4":"format-standard","5":"has-post-thumbnail","7":"category-destacadas"},"jetpack_publicize_connections":[],"jetpack_featured_media_url":"https:\/\/i0.wp.com\/larevistadigital.com.ar\/blog\/wp-content\/uploads\/Captura-de-pantalla-2021-07-16-022509.png?fit=707%2C435&ssl=1","jetpack_sharing_enabled":true,"jetpack_shortlink":"https:\/\/wp.me\/p8qtrQ-5uJ","jetpack-related-posts":[{"id":21118,"url":"https:\/\/larevistadigital.com.ar\/blog\/hospital-municipal-jefe-de-teerapia-en-la-mira-de-la-hija-de-una-senora-fallecida-le-mintieron-con-la-hora-de-fallecimiento-de-su-madre-y-cremaron-a-otra-persona\/","url_meta":{"origin":21125,"position":0},"title":"[AUDIO] HOSPITAL MUNICIPAL: JEFE DE TEERAPIA EN LA MIRA DE LA HIJA DE UNA SE\u00d1ORA FALLECIDA. LE MINTIERON CON LA HORA DE FALLECIMIENTO DE SU MADRE Y \u00bfCREMARON A OTRA PERSONA?","author":"Alejandro Sosa Ruda","date":"16 julio, 2021","format":false,"excerpt":"CHASCOM\u00daS - Durante la jornada de ayer, tom\u00f3 trascendencia un audio en el que una mujer con desesperaci\u00f3n insultaba y reclamaba desesperadamente al Jefe de Terapia del Hospital Municipal San Vicente de Paul porque \u00e9sta la estaba llamando para disculparse por haberse equivocado en la fecha de muerte de\u00a0 la\u2026","rel":"","context":"En \u00abINTERES GENERAL\u00bb","block_context":{"text":"INTERES GENERAL","link":"https:\/\/larevistadigital.com.ar\/blog\/category\/interes-general\/"},"img":{"alt_text":"","src":"https:\/\/i0.wp.com\/larevistadigital.com.ar\/blog\/wp-content\/uploads\/SANDRA-SOSA.jpg?fit=480%2C640&ssl=1&resize=350%2C200","width":350,"height":200},"classes":[]},{"id":21161,"url":"https:\/\/larevistadigital.com.ar\/blog\/el-doctor-jorge-rodriguez-y-cipriano-perez-del-cerro-recibieron-el-sabado-a-la-hija-de-la-fallecida-sandra-sosa-con-su-abogado-jose-ochoa\/","url_meta":{"origin":21125,"position":1},"title":"EL DOCTOR JORGE RODRIGUEZ Y CIPRIANO PEREZ DEL CERRO RECIBIERON EL S\u00c1BADO A LA HIJA DE LA FALLECIDA SANDRA SOSA CON SU ABOGADO JOS\u00c9 OCHOA","author":"Alejandro Sosa Ruda","date":"19 julio, 2021","format":false,"excerpt":"La joven se present\u00f3 acompa\u00f1ada por su abogado, el doctor Jos\u00e9 Ochoa CHASCOM\u00daS - El \u00bfDirector? del Hospital Municipal San Vicente de Paul, Jorge Rodriguez y el Secretario de Gobierno, Cipriano P\u00e9rez del Cerro, finalmente atendieron a las hijas de la fallecida Sandra Sosa de solo 48 a\u00f1os de edad.\u2026","rel":"","context":"En \u00abDESTACADAS\u00bb","block_context":{"text":"DESTACADAS","link":"https:\/\/larevistadigital.com.ar\/blog\/category\/destacadas\/"},"img":{"alt_text":"","src":"https:\/\/i0.wp.com\/larevistadigital.com.ar\/blog\/wp-content\/uploads\/FOTO-RUIZ-OCHOA.jpg?fit=1200%2C884&ssl=1&resize=350%2C200","width":350,"height":200,"srcset":"https:\/\/i0.wp.com\/larevistadigital.com.ar\/blog\/wp-content\/uploads\/FOTO-RUIZ-OCHOA.jpg?fit=1200%2C884&ssl=1&resize=350%2C200 1x, https:\/\/i0.wp.com\/larevistadigital.com.ar\/blog\/wp-content\/uploads\/FOTO-RUIZ-OCHOA.jpg?fit=1200%2C884&ssl=1&resize=525%2C300 1.5x, https:\/\/i0.wp.com\/larevistadigital.com.ar\/blog\/wp-content\/uploads\/FOTO-RUIZ-OCHOA.jpg?fit=1200%2C884&ssl=1&resize=700%2C400 2x, https:\/\/i0.wp.com\/larevistadigital.com.ar\/blog\/wp-content\/uploads\/FOTO-RUIZ-OCHOA.jpg?fit=1200%2C884&ssl=1&resize=1050%2C600 3x"},"classes":[]},{"id":10252,"url":"https:\/\/larevistadigital.com.ar\/blog\/chascomus-el-intendente-removio-del-cargo-de-director-del-hospital-municipal-al-doctor-martin-pezoa\/","url_meta":{"origin":21125,"position":2},"title":"CHASCOM\u00daS: EL INTENDENTE REMOVI\u00d3 DEL CARGO DE DIRECTOR DEL HOSPITAL MUNICIPAL AL DOCTOR MART\u00cdN PEZOA","author":"Alejandro Sosa Ruda","date":"21 mayo, 2019","format":false,"excerpt":"Luego de la informaci\u00f3n que publicamos en primicia de las irregularidades detectadas por Femeba, respecto del cobro de prestaciones por el doctor Mart\u00edn Pesoa a pacientes que no hab\u00edan sido atendidos, el Secretario de gobierno, Cipriano P\u00e9rez del Cerro, respondi\u00f3 el requerimiento de los concejales por el proyecto de comunicaci\u00f3n\u2026","rel":"","context":"En \u00abDESTACADAS\u00bb","block_context":{"text":"DESTACADAS","link":"https:\/\/larevistadigital.com.ar\/blog\/category\/destacadas\/"},"img":{"alt_text":"","src":"https:\/\/i0.wp.com\/larevistadigital.com.ar\/blog\/wp-content\/uploads\/2017\/11\/hospi1-1024x767-111-700x524.jpg?fit=700%2C524&ssl=1&resize=350%2C200","width":350,"height":200,"srcset":"https:\/\/i0.wp.com\/larevistadigital.com.ar\/blog\/wp-content\/uploads\/2017\/11\/hospi1-1024x767-111-700x524.jpg?fit=700%2C524&ssl=1&resize=350%2C200 1x, https:\/\/i0.wp.com\/larevistadigital.com.ar\/blog\/wp-content\/uploads\/2017\/11\/hospi1-1024x767-111-700x524.jpg?fit=700%2C524&ssl=1&resize=525%2C300 1.5x, https:\/\/i0.wp.com\/larevistadigital.com.ar\/blog\/wp-content\/uploads\/2017\/11\/hospi1-1024x767-111-700x524.jpg?fit=700%2C524&ssl=1&resize=700%2C400 2x"},"classes":[]},{"id":10261,"url":"https:\/\/larevistadigital.com.ar\/blog\/remocion-de-pesoa-los-errores-en-la-nota-de-descargo-de-perez-del-cerro\/","url_meta":{"origin":21125,"position":3},"title":"REMOCI\u00d3N DE PESOA: LOS \u00abERRORES\u00bb EN LA NOTA DE DESCARGO DE PEREZ DEL CERRO","author":"Alejandro Sosa Ruda","date":"23 mayo, 2019","format":false,"excerpt":"La evidente intenci\u00f3n oficial de despegar al doctor Mart\u00edn Pesoa de la gesti\u00f3n, y del Hospital Municipal, cuando fue el gobierno local quien lo nombr\u00f3 como Director Asociado. Un verdadero esc\u00e1ndalo, que reci\u00e9n comienza. En lo que ha sido una de las noticias m\u00e1s fuertes de los \u00faltimos tiempos, ya\u2026","rel":"","context":"En \u00abDESTACADAS\u00bb","block_context":{"text":"DESTACADAS","link":"https:\/\/larevistadigital.com.ar\/blog\/category\/destacadas\/"},"img":{"alt_text":"","src":"https:\/\/i0.wp.com\/larevistadigital.com.ar\/blog\/wp-content\/uploads\/2019\/05\/471a6777537990403af77d7f6991ce41_XL.jpg?fit=900%2C831&ssl=1&resize=350%2C200","width":350,"height":200,"srcset":"https:\/\/i0.wp.com\/larevistadigital.com.ar\/blog\/wp-content\/uploads\/2019\/05\/471a6777537990403af77d7f6991ce41_XL.jpg?fit=900%2C831&ssl=1&resize=350%2C200 1x, https:\/\/i0.wp.com\/larevistadigital.com.ar\/blog\/wp-content\/uploads\/2019\/05\/471a6777537990403af77d7f6991ce41_XL.jpg?fit=900%2C831&ssl=1&resize=525%2C300 1.5x, https:\/\/i0.wp.com\/larevistadigital.com.ar\/blog\/wp-content\/uploads\/2019\/05\/471a6777537990403af77d7f6991ce41_XL.jpg?fit=900%2C831&ssl=1&resize=700%2C400 2x"},"classes":[]},{"id":19017,"url":"https:\/\/larevistadigital.com.ar\/blog\/remociones-cambios-y-contramarchas-en-el-hospital-municipal-para-tratar-de-calmar-los-animos\/","url_meta":{"origin":21125,"position":4},"title":"REMOCIONES, CAMBIOS Y CONTRAMARCHAS EN EL HOSPITAL MUNICIPAL PARA TRATAR DE CALMAR LOS \u00c1NIMOS","author":"Alejandro Sosa Ruda","date":"24 febrero, 2021","format":false,"excerpt":"Al gobierno de Javier Gast\u00f3n, le est\u00e1 saliendo muy caro el seguir apoyando la gesti\u00f3n de la doctora Marcela Arias, dado que desde que asumi\u00f3 provoc\u00f3 conflictos, renuncias y quejas de distintos profesionales. Ahora se suma la remoci\u00f3n del Jefe de Guardia, la renuncia de una medica, y se agregar\u00eda\u2026","rel":"","context":"En \u00abINTERES GENERAL\u00bb","block_context":{"text":"INTERES GENERAL","link":"https:\/\/larevistadigital.com.ar\/blog\/category\/interes-general\/"},"img":{"alt_text":"","src":"https:\/\/i0.wp.com\/larevistadigital.com.ar\/blog\/wp-content\/uploads\/HOSPITAL-DE-CHASCOMUS.jpg?fit=1200%2C675&ssl=1&resize=350%2C200","width":350,"height":200,"srcset":"https:\/\/i0.wp.com\/larevistadigital.com.ar\/blog\/wp-content\/uploads\/HOSPITAL-DE-CHASCOMUS.jpg?fit=1200%2C675&ssl=1&resize=350%2C200 1x, https:\/\/i0.wp.com\/larevistadigital.com.ar\/blog\/wp-content\/uploads\/HOSPITAL-DE-CHASCOMUS.jpg?fit=1200%2C675&ssl=1&resize=525%2C300 1.5x, https:\/\/i0.wp.com\/larevistadigital.com.ar\/blog\/wp-content\/uploads\/HOSPITAL-DE-CHASCOMUS.jpg?fit=1200%2C675&ssl=1&resize=700%2C400 2x, https:\/\/i0.wp.com\/larevistadigital.com.ar\/blog\/wp-content\/uploads\/HOSPITAL-DE-CHASCOMUS.jpg?fit=1200%2C675&ssl=1&resize=1050%2C600 3x"},"classes":[]},{"id":22943,"url":"https:\/\/larevistadigital.com.ar\/blog\/chascomus-incluimos-la-carta-de-norma-al-intendente-gaston-manana-desde-las-18-hs-norma-saucedo-encabezara-una-marcha-desde-el-hospital-pidiendo-justicia-por-la-muerte-de-su-hijo-jonathan-quinter\/","url_meta":{"origin":21125,"position":5},"title":"CHASCOM\u00daS: (INCLU\u00cdMOS LA CARTA DE NORMA AL INTENDENTE GAST\u00d3N) MA\u00d1ANA DESDE LAS 18 HS. NORMA SAUCEDO ENCABEZAR\u00c1 UNA MARCHA DESDE EL HOSPITAL, PIDIENDO JUSTICIA POR LA MUERTE DE SU HIJO JONATHAN QUINTEROS","author":"Alejandro Sosa Ruda","date":"15 diciembre, 2021","format":false,"excerpt":"La desesperada madre, pidi\u00f3 ayuda, y denuncia la desatenci\u00f3n y abandono de su hijo Jonathan que termin\u00f3 fallecido. Responsabiliza a algunos m\u00e9dicos del Hospital Municipal San Vicente de Paul, y recurre a la marcha porque el intendente Gast\u00f3n no respondi\u00f3 sus mensajes, ni siquiera le dedic\u00f3 un p\u00e9same y no\u2026","rel":"","context":"En \u00abINTERES GENERAL\u00bb","block_context":{"text":"INTERES GENERAL","link":"https:\/\/larevistadigital.com.ar\/blog\/category\/interes-general\/"},"img":{"alt_text":"","src":"https:\/\/i0.wp.com\/larevistadigital.com.ar\/blog\/wp-content\/uploads\/Captura-de-pantalla-2021-12-14-220833.jpg?fit=823%2C777&ssl=1&resize=350%2C200","width":350,"height":200,"srcset":"https:\/\/i0.wp.com\/larevistadigital.com.ar\/blog\/wp-content\/uploads\/Captura-de-pantalla-2021-12-14-220833.jpg?fit=823%2C777&ssl=1&resize=350%2C200 1x, https:\/\/i0.wp.com\/larevistadigital.com.ar\/blog\/wp-content\/uploads\/Captura-de-pantalla-2021-12-14-220833.jpg?fit=823%2C777&ssl=1&resize=525%2C300 1.5x, https:\/\/i0.wp.com\/larevistadigital.com.ar\/blog\/wp-content\/uploads\/Captura-de-pantalla-2021-12-14-220833.jpg?fit=823%2C777&ssl=1&resize=700%2C400 2x"},"classes":[]}],"_links":{"self":[{"href":"https:\/\/larevistadigital.com.ar\/blog\/wp-json\/wp\/v2\/posts\/21125","targetHints":{"allow":["GET"]}}],"collection":[{"href":"https:\/\/larevistadigital.com.ar\/blog\/wp-json\/wp\/v2\/posts"}],"about":[{"href":"https:\/\/larevistadigital.com.ar\/blog\/wp-json\/wp\/v2\/types\/post"}],"author":[{"embeddable":true,"href":"https:\/\/larevistadigital.com.ar\/blog\/wp-json\/wp\/v2\/users\/3"}],"replies":[{"embeddable":true,"href":"https:\/\/larevistadigital.com.ar\/blog\/wp-json\/wp\/v2\/comments?post=21125"}],"version-history":[{"count":2,"href":"https:\/\/larevistadigital.com.ar\/blog\/wp-json\/wp\/v2\/posts\/21125\/revisions"}],"predecessor-version":[{"id":21129,"href":"https:\/\/larevistadigital.com.ar\/blog\/wp-json\/wp\/v2\/posts\/21125\/revisions\/21129"}],"wp:featuredmedia":[{"embeddable":true,"href":"https:\/\/larevistadigital.com.ar\/blog\/wp-json\/wp\/v2\/media\/21126"}],"wp:attachment":[{"href":"https:\/\/larevistadigital.com.ar\/blog\/wp-json\/wp\/v2\/media?parent=21125"}],"wp:term":[{"taxonomy":"category","embeddable":true,"href":"https:\/\/larevistadigital.com.ar\/blog\/wp-json\/wp\/v2\/categories?post=21125"},{"taxonomy":"post_tag","embeddable":true,"href":"https:\/\/larevistadigital.com.ar\/blog\/wp-json\/wp\/v2\/tags?post=21125"}],"curies":[{"name":"wp","href":"https:\/\/api.w.org\/{rel}","templated":true}]}}