{"id":21130,"date":"2021-07-16T07:06:31","date_gmt":"2021-07-16T07:06:31","guid":{"rendered":"https:\/\/larevistadigital.com.ar\/blog\/?p=21130"},"modified":"2021-07-16T07:06:31","modified_gmt":"2021-07-16T07:06:31","slug":"marcha-por-los-medicos-y-sus-condiciones-de-trabajo-para-que-no-hayan-mas-fallecidos-por-negligencia-de-las-autoridades-del-hospital","status":"publish","type":"post","link":"https:\/\/larevistadigital.com.ar\/blog\/marcha-por-los-medicos-y-sus-condiciones-de-trabajo-para-que-no-hayan-mas-fallecidos-por-negligencia-de-las-autoridades-del-hospital\/","title":{"rendered":"MARCHA POR LOS M\u00c9DICOS Y SUS CONDICIONES DE TRABAJO,  PARA QUE NO HAYAN M\u00c1S FALLECIDOS POR NEGLIGENCIA DE LAS AUTORIDADES DEL HOSPITAL"},"content":{"rendered":"<p><strong>CHASCOM\u00daS &#8211;\u00a0<\/strong> <span style=\"color: #ff0000\"><strong>Hoy, desde las 11<\/strong><\/span> hs los vecinos de Chascom\u00fas se reunir\u00e1n en la puerta del Hospital Municipal San Vicente de Paul, para reclamar por que no haya m\u00e1s fallecidos por falta de insumos o negligencia de las autoridades del Hospital, con denuncias de familiares de personas que fallecieron de manera injusta e innecesaria y por causas que tienen que ver con faltas de insumos o de capacitaci\u00f3n o de recursos, que en gran parte de los casos provocaron muertes que podr\u00edan haberse evitado.<\/p>\n<blockquote>\n<h3>Tal es el caso del t\u00edo de la doctora Erika Ruiz, que tom\u00f3 trascendencia p\u00fablica hace d\u00edas porque falleci\u00f3 por la tardanza de la ambulancia, y que esta al llegar no contaba con los insumos necesarios para alguien que estaba en situaci\u00f3n de extrema urgencia, con un paro card\u00edaco y recibiendo tareas de reanimaci\u00f3n. No contaban con las ampollas necesarias para eso, no bajaron el desfibrilador, que adem\u00e1s seg\u00fan los propios dichos del personal de la ambulancia, no funcionaba, no ten\u00edan suero, y otras cosas que sumadas a la tardanza en llegar derivaron en la muerte del hombre de solo 59 a\u00f1os de edad<\/h3>\n<\/blockquote>\n<p>Este, no es el \u00fanico caso, sino que hay gran cantidad de personas que han padecido situaciones similares o incluso peores, ya que quienes sufrieron la consecuencia fueron menores de edad.<\/p>\n<blockquote>\n<h3><img data-recalc-dims=\"1\" loading=\"lazy\" decoding=\"async\" class=\"size-full wp-image-21131 aligncenter\" src=\"https:\/\/i0.wp.com\/larevistadigital.com.ar\/blog\/wp-content\/uploads\/WhatsApp-Image-2021-07-14-at-23.33.45.jpeg?resize=720%2C1280&#038;ssl=1\" alt=\"\" width=\"720\" height=\"1280\" srcset=\"https:\/\/i0.wp.com\/larevistadigital.com.ar\/blog\/wp-content\/uploads\/WhatsApp-Image-2021-07-14-at-23.33.45.jpeg?w=720&amp;ssl=1 720w, https:\/\/i0.wp.com\/larevistadigital.com.ar\/blog\/wp-content\/uploads\/WhatsApp-Image-2021-07-14-at-23.33.45.jpeg?resize=169%2C300&amp;ssl=1 169w, https:\/\/i0.wp.com\/larevistadigital.com.ar\/blog\/wp-content\/uploads\/WhatsApp-Image-2021-07-14-at-23.33.45.jpeg?resize=576%2C1024&amp;ssl=1 576w\" sizes=\"auto, (max-width: 720px) 100vw, 720px\" \/>Por eso, la marcha de hoy. Por eso se trata de defender al Hospital Municipal, y a sus profesionales y enfermeros, que adem\u00e1s de las cargas horarias y los problemas l\u00f3gicos que trae aparejado vivir en situaci\u00f3n de pandemia, deben trabajar sin descanso y sin elementos que les permita trabajar con normalidad y de manera segura para los pacientes que le tocan en suerte.<\/h3>\n<\/blockquote>\n<p>Ac\u00e1 se trata de eso, y de comprometernos para que esto no siga pasando, porque se trata de vidas humanas que se pierden y eso no tiene remedio alguno.<\/p>\n<p><strong>EXPRESAMOS NUESTRA SOLIDARIDAD CON LOS RECLAMOS Y PEDIMOS A TODOS QUE SE SUMEN PORQUE ES POR TODOS NOSOTROS Y NUESTROS PADRES E HIJOS.<\/strong><\/p>\n","protected":false},"excerpt":{"rendered":"<div class=\"mh-excerpt\"><p>CHASCOM\u00daS &#8211;\u00a0 Hoy, desde las 11 hs los vecinos de Chascom\u00fas se reunir\u00e1n en la puerta del Hospital Municipal San Vicente de Paul, para reclamar por que no haya m\u00e1s fallecidos por falta de insumos <a class=\"mh-excerpt-more\" href=\"https:\/\/larevistadigital.com.ar\/blog\/marcha-por-los-medicos-y-sus-condiciones-de-trabajo-para-que-no-hayan-mas-fallecidos-por-negligencia-de-las-autoridades-del-hospital\/\" title=\"MARCHA POR LOS M\u00c9DICOS Y SUS CONDICIONES DE TRABAJO,  PARA QUE NO HAYAN M\u00c1S FALLECIDOS POR NEGLIGENCIA DE LAS AUTORIDADES DEL HOSPITAL\">[Leer M\u00e1s]<\/a><\/p>\n<\/div>","protected":false},"author":3,"featured_media":21131,"comment_status":"open","ping_status":"open","sticky":false,"template":"","format":"standard","meta":{"_jetpack_memberships_contains_paid_content":false,"footnotes":"","jetpack_publicize_message":"","jetpack_publicize_feature_enabled":true,"jetpack_social_post_already_shared":true,"jetpack_social_options":{"image_generator_settings":{"template":"highway","default_image_id":0,"font":"","enabled":false},"version":2}},"categories":[41],"tags":[],"class_list":{"0":"post-21130","1":"post","2":"type-post","3":"status-publish","4":"format-standard","5":"has-post-thumbnail","7":"category-destacadas"},"jetpack_publicize_connections":[],"jetpack_featured_media_url":"https:\/\/i0.wp.com\/larevistadigital.com.ar\/blog\/wp-content\/uploads\/WhatsApp-Image-2021-07-14-at-23.33.45.jpeg?fit=720%2C1280&ssl=1","jetpack_sharing_enabled":true,"jetpack_shortlink":"https:\/\/wp.me\/p8qtrQ-5uO","jetpack-related-posts":[{"id":43148,"url":"https:\/\/larevistadigital.com.ar\/blog\/chascomus-vos-tambien-podes-colaborar-con-la-cooperadora-del-hospital-municipal\/","url_meta":{"origin":21130,"position":0},"title":"Chascom\u00fas:  Vos tambi\u00e9n pod\u00e9s colaborar con la Cooperadora del Hospital Municipal","author":"Alejandro Sosa Ruda","date":"5 enero, 2026","format":false,"excerpt":"Bien sabido es el importante trabajo que desarrollan desde la cooperadora, con recursos para el bienestar de los pacientes y con herramientas e insumos para un mejor servicio. 05 de enero de 2026 CHASCOM\u00daS -\u00a0 \u00a0Sin lugar a dudas una de las instituciones m\u00e1s reconocidas de nuestra ciudad es la\u2026","rel":"","context":"En \u00abCHASCOM\u00daS\u00bb","block_context":{"text":"CHASCOM\u00daS","link":"https:\/\/larevistadigital.com.ar\/blog\/category\/chascomus\/"},"img":{"alt_text":"","src":"https:\/\/i0.wp.com\/larevistadigital.com.ar\/blog\/wp-content\/uploads\/695bf0b88f6bd.png?fit=668%2C445&ssl=1&resize=350%2C200","width":350,"height":200,"srcset":"https:\/\/i0.wp.com\/larevistadigital.com.ar\/blog\/wp-content\/uploads\/695bf0b88f6bd.png?fit=668%2C445&ssl=1&resize=350%2C200 1x, https:\/\/i0.wp.com\/larevistadigital.com.ar\/blog\/wp-content\/uploads\/695bf0b88f6bd.png?fit=668%2C445&ssl=1&resize=525%2C300 1.5x"},"classes":[]},{"id":23422,"url":"https:\/\/larevistadigital.com.ar\/blog\/por-falta-de-insumos-el-municipio-suspendio-los-testeos-en-el-hospital\/","url_meta":{"origin":21130,"position":1},"title":"POR \u00abFALTA DE INSUMOS\u00bb, EL MUNICIPIO SUSPENDI\u00d3 LOS TESTEOS EN EL HOSPITAL","author":"Alejandro Sosa Ruda","date":"17 enero, 2022","format":false,"excerpt":"CHASCOM\u00daS -\u00a0 Hace instantes, desde el grupo de whatsapp de \"prensa\" del municipio, hicieron llegar la informaci\u00f3n\u00a0 que se suspenden hasta nuevo aviso los testeos de Covid en el Hospital Municipal San Vicente de Paul. Con un escueto comunicado, hacen saber que \"ante cualquier duda, consulte a su m\u00e9dico, o\u2026","rel":"","context":"En \u00abDESTACADAS\u00bb","block_context":{"text":"DESTACADAS","link":"https:\/\/larevistadigital.com.ar\/blog\/category\/destacadas\/"},"img":{"alt_text":"","src":"https:\/\/i0.wp.com\/larevistadigital.com.ar\/blog\/wp-content\/uploads\/testeos.jpg?fit=936%2C527&ssl=1&resize=350%2C200","width":350,"height":200,"srcset":"https:\/\/i0.wp.com\/larevistadigital.com.ar\/blog\/wp-content\/uploads\/testeos.jpg?fit=936%2C527&ssl=1&resize=350%2C200 1x, https:\/\/i0.wp.com\/larevistadigital.com.ar\/blog\/wp-content\/uploads\/testeos.jpg?fit=936%2C527&ssl=1&resize=525%2C300 1.5x, https:\/\/i0.wp.com\/larevistadigital.com.ar\/blog\/wp-content\/uploads\/testeos.jpg?fit=936%2C527&ssl=1&resize=700%2C400 2x"},"classes":[]},{"id":37317,"url":"https:\/\/larevistadigital.com.ar\/blog\/chascomus-importante-equipamiento-para-el-hospital-municipal\/","url_meta":{"origin":21130,"position":2},"title":"Chascom\u00fas: Importante equipamiento para el Hospital Municipal","author":"Alejandro Sosa Ruda","date":"26 septiembre, 2024","format":false,"excerpt":"El intendente Javier Gast\u00f3n visit\u00f3 el hospital municipal San Vicente de Paul donde fueron recibidos nuevos equipos que contribuir\u00e1n a un mejor funcionamiento de la instituci\u00f3n. 26 de Septiembre de 2024 CHASCOM\u00daS -\u00a0 En su recorrido estuvo acompa\u00f1ado por la secretaria de Salud P\u00fablica, Marcela Arias, y el director del\u2026","rel":"","context":"En \u00abCHASCOM\u00daS\u00bb","block_context":{"text":"CHASCOM\u00daS","link":"https:\/\/larevistadigital.com.ar\/blog\/category\/chascomus\/"},"img":{"alt_text":"","src":"https:\/\/i0.wp.com\/larevistadigital.com.ar\/blog\/wp-content\/uploads\/66f591ad2d40e.png?fit=668%2C445&ssl=1&resize=350%2C200","width":350,"height":200,"srcset":"https:\/\/i0.wp.com\/larevistadigital.com.ar\/blog\/wp-content\/uploads\/66f591ad2d40e.png?fit=668%2C445&ssl=1&resize=350%2C200 1x, https:\/\/i0.wp.com\/larevistadigital.com.ar\/blog\/wp-content\/uploads\/66f591ad2d40e.png?fit=668%2C445&ssl=1&resize=525%2C300 1.5x"},"classes":[]},{"id":16476,"url":"https:\/\/larevistadigital.com.ar\/blog\/lezama-recibio-mas-insumos-de-region-sanitaria-xi\/","url_meta":{"origin":21130,"position":3},"title":"LEZAMA RECIBI\u00d3 M\u00c1S INSUMOS DE REGI\u00d3N SANITARIA XI","author":"Alejandro Sosa Ruda","date":"23 septiembre, 2020","format":false,"excerpt":"El Hospital Municipal Dr. Francisco Quijano fue destinatario de una nueva entrega de insumos de Regi\u00f3n Sanitaria XI del Ministerio de Salud de la provincia de Buenos Aires, en el marco de contingencia por coronavirus. El viernes se recibieron camisolines, barbijos, alcohol en gel y desinfectante; elementos que permitir\u00e1n seguir\u2026","rel":"","context":"En \u00abLEZAMA\u00bb","block_context":{"text":"LEZAMA","link":"https:\/\/larevistadigital.com.ar\/blog\/category\/lezama\/"},"img":{"alt_text":"","src":"https:\/\/i0.wp.com\/larevistadigital.com.ar\/blog\/wp-content\/uploads\/119922535_1873677102824982_2137351822522288059_n.jpg?fit=751%2C581&ssl=1&resize=350%2C200","width":350,"height":200,"srcset":"https:\/\/i0.wp.com\/larevistadigital.com.ar\/blog\/wp-content\/uploads\/119922535_1873677102824982_2137351822522288059_n.jpg?fit=751%2C581&ssl=1&resize=350%2C200 1x, https:\/\/i0.wp.com\/larevistadigital.com.ar\/blog\/wp-content\/uploads\/119922535_1873677102824982_2137351822522288059_n.jpg?fit=751%2C581&ssl=1&resize=525%2C300 1.5x, https:\/\/i0.wp.com\/larevistadigital.com.ar\/blog\/wp-content\/uploads\/119922535_1873677102824982_2137351822522288059_n.jpg?fit=751%2C581&ssl=1&resize=700%2C400 2x"},"classes":[]},{"id":9029,"url":"https:\/\/larevistadigital.com.ar\/blog\/la-plata-se-suspenden-cirugias-en-el-hospital-rossi-por-falta-de-insumos\/","url_meta":{"origin":21130,"position":4},"title":"LA PLATA: SE SUSPENDEN CIRUG\u00cdAS EN EL HOSPITAL ROSSI POR FALTA DE INSUMOS","author":"Alejandro Sosa Ruda","date":"12 marzo, 2019","format":false,"excerpt":"El\u00a0Hospital Rossi,\u00a0ubicado en\u00a0calle 37 entre 116 y 117\u00a0de la ciudad de\u00a0La Plata,\u00a0suspendi\u00f3 sus cirug\u00edas por falta de insumos.\u00a0El \u00e1rea de quir\u00f3fano ten\u00eda\u00a0operaciones programadas que fueron\u00a0suspendidas por falta de material para llevar a cabo las suturas. Desde el nosocomio platense indicaron que\u00a0no hab\u00eda suturas, no contaban con hilos, agujas y\u00a0grapas\u00a0para coser.\u00a0Por\u2026","rel":"","context":"En \u00abPOLITICA\u00bb","block_context":{"text":"POLITICA","link":"https:\/\/larevistadigital.com.ar\/blog\/category\/politica\/"},"img":{"alt_text":"","src":"https:\/\/i0.wp.com\/larevistadigital.com.ar\/blog\/wp-content\/uploads\/2019\/03\/hospital-rodolfo-rossi-la-plata.jpg?fit=1024%2C578&ssl=1&resize=350%2C200","width":350,"height":200,"srcset":"https:\/\/i0.wp.com\/larevistadigital.com.ar\/blog\/wp-content\/uploads\/2019\/03\/hospital-rodolfo-rossi-la-plata.jpg?fit=1024%2C578&ssl=1&resize=350%2C200 1x, https:\/\/i0.wp.com\/larevistadigital.com.ar\/blog\/wp-content\/uploads\/2019\/03\/hospital-rodolfo-rossi-la-plata.jpg?fit=1024%2C578&ssl=1&resize=525%2C300 1.5x, https:\/\/i0.wp.com\/larevistadigital.com.ar\/blog\/wp-content\/uploads\/2019\/03\/hospital-rodolfo-rossi-la-plata.jpg?fit=1024%2C578&ssl=1&resize=700%2C400 2x"},"classes":[]},{"id":23444,"url":"https:\/\/larevistadigital.com.ar\/blog\/video-chascomus-tristemente-celebres-por-la-situacion-en-salud-trasciende-en-medios-nacionales\/","url_meta":{"origin":21130,"position":5},"title":"[VIDEO] CHASCOM\u00daS: \u00abTRISTEMENTE C\u00c9LEBRES\u00bb&#8230; POR LA SITUACI\u00d3N EN SALUD, TRASCIENDE EN MEDIOS NACIONALES","author":"Alejandro Sosa Ruda","date":"18 enero, 2022","format":false,"excerpt":"El tema de la falta de insumos y la suspensi\u00f3n de los testeos lleg\u00f3 a medios nacionales como TN, que a las 21,30 de hoy abordar\u00e1 el tema en vivo, con entrevistas y testimonios. CHASCOM\u00daS -\u00a0 La situaci\u00f3n de la salud en Chascom\u00fas, donde por falta de insumos se ha\u2026","rel":"","context":"En \u00abDESTACADAS\u00bb","block_context":{"text":"DESTACADAS","link":"https:\/\/larevistadigital.com.ar\/blog\/category\/destacadas\/"},"img":{"alt_text":"","src":"https:\/\/i0.wp.com\/larevistadigital.com.ar\/blog\/wp-content\/uploads\/WhatsApp-Image-2022-01-18-at-19.42.19.jpeg?fit=1200%2C540&ssl=1&resize=350%2C200","width":350,"height":200,"srcset":"https:\/\/i0.wp.com\/larevistadigital.com.ar\/blog\/wp-content\/uploads\/WhatsApp-Image-2022-01-18-at-19.42.19.jpeg?fit=1200%2C540&ssl=1&resize=350%2C200 1x, https:\/\/i0.wp.com\/larevistadigital.com.ar\/blog\/wp-content\/uploads\/WhatsApp-Image-2022-01-18-at-19.42.19.jpeg?fit=1200%2C540&ssl=1&resize=525%2C300 1.5x, https:\/\/i0.wp.com\/larevistadigital.com.ar\/blog\/wp-content\/uploads\/WhatsApp-Image-2022-01-18-at-19.42.19.jpeg?fit=1200%2C540&ssl=1&resize=700%2C400 2x, https:\/\/i0.wp.com\/larevistadigital.com.ar\/blog\/wp-content\/uploads\/WhatsApp-Image-2022-01-18-at-19.42.19.jpeg?fit=1200%2C540&ssl=1&resize=1050%2C600 3x"},"classes":[]}],"_links":{"self":[{"href":"https:\/\/larevistadigital.com.ar\/blog\/wp-json\/wp\/v2\/posts\/21130","targetHints":{"allow":["GET"]}}],"collection":[{"href":"https:\/\/larevistadigital.com.ar\/blog\/wp-json\/wp\/v2\/posts"}],"about":[{"href":"https:\/\/larevistadigital.com.ar\/blog\/wp-json\/wp\/v2\/types\/post"}],"author":[{"embeddable":true,"href":"https:\/\/larevistadigital.com.ar\/blog\/wp-json\/wp\/v2\/users\/3"}],"replies":[{"embeddable":true,"href":"https:\/\/larevistadigital.com.ar\/blog\/wp-json\/wp\/v2\/comments?post=21130"}],"version-history":[{"count":2,"href":"https:\/\/larevistadigital.com.ar\/blog\/wp-json\/wp\/v2\/posts\/21130\/revisions"}],"predecessor-version":[{"id":21133,"href":"https:\/\/larevistadigital.com.ar\/blog\/wp-json\/wp\/v2\/posts\/21130\/revisions\/21133"}],"wp:featuredmedia":[{"embeddable":true,"href":"https:\/\/larevistadigital.com.ar\/blog\/wp-json\/wp\/v2\/media\/21131"}],"wp:attachment":[{"href":"https:\/\/larevistadigital.com.ar\/blog\/wp-json\/wp\/v2\/media?parent=21130"}],"wp:term":[{"taxonomy":"category","embeddable":true,"href":"https:\/\/larevistadigital.com.ar\/blog\/wp-json\/wp\/v2\/categories?post=21130"},{"taxonomy":"post_tag","embeddable":true,"href":"https:\/\/larevistadigital.com.ar\/blog\/wp-json\/wp\/v2\/tags?post=21130"}],"curies":[{"name":"wp","href":"https:\/\/api.w.org\/{rel}","templated":true}]}}