{"id":21473,"date":"2021-08-08T21:23:25","date_gmt":"2021-08-08T21:23:25","guid":{"rendered":"https:\/\/larevistadigital.com.ar\/blog\/?p=21473"},"modified":"2021-08-08T21:24:23","modified_gmt":"2021-08-08T21:24:23","slug":"fotos-y-video-temporal-impresionante-granizada-en-saladillo-y-9-de-julio","status":"publish","type":"post","link":"https:\/\/larevistadigital.com.ar\/blog\/fotos-y-video-temporal-impresionante-granizada-en-saladillo-y-9-de-julio\/","title":{"rendered":"[FOTOS] TEMPORAL: IMPRESIONANTE GRANIZADA EN SALADILLO Y 9 DE JULIO"},"content":{"rendered":"<p>Algunas ciudades de la Provincia de Buenos Aires, se vieron cubiertas de granizo tanto en zonas urbanas y sub urbanas como rurales.<\/p>\n<blockquote>\n<h3>As\u00ed fue que una muy fuerte tormenta con granizo cay\u00f3 en la ciudad de Saladillo durante la ma\u00f1ana, dejando colmadas a las calles y veredas con gruesas capas, que le daban un aspecto similar a la nieve. Los fuertes vientos, tambi\u00e9n provocaron da\u00f1os en viviendas, ca\u00eddas de \u00e1rboles y anegamientos en distintas calles de tierra. Una situaci\u00f3n similar, se vivi\u00f3 en la ciudad cercana de 9 de Julio.<\/h3>\n<\/blockquote>\n<p>Seg\u00fan el diario La Ma\u00f1ana, de 25 de Mayo, la Cooperativa El\u00e9ctrica de Saladillo inform\u00f3 que el viento y el intenso granizo provocaron roturas en l\u00edneas de distribuci\u00f3n del servicio el\u00e9ctrico y de fusibles, debido a las descargas atmosf\u00e9ricas.<\/p>\n<h3>GALER\u00cdA DE FOTOS<\/h3>\n<p><img data-recalc-dims=\"1\" loading=\"lazy\" decoding=\"async\" class=\"alignnone size-full wp-image-21475\" src=\"https:\/\/i0.wp.com\/larevistadigital.com.ar\/blog\/wp-content\/uploads\/saladillo-1.png?resize=867%2C548&#038;ssl=1\" alt=\"\" width=\"867\" height=\"548\" srcset=\"https:\/\/i0.wp.com\/larevistadigital.com.ar\/blog\/wp-content\/uploads\/saladillo-1.png?w=867&amp;ssl=1 867w, https:\/\/i0.wp.com\/larevistadigital.com.ar\/blog\/wp-content\/uploads\/saladillo-1.png?resize=300%2C190&amp;ssl=1 300w, https:\/\/i0.wp.com\/larevistadigital.com.ar\/blog\/wp-content\/uploads\/saladillo-1.png?resize=768%2C485&amp;ssl=1 768w\" sizes=\"auto, (max-width: 867px) 100vw, 867px\" \/> <img data-recalc-dims=\"1\" loading=\"lazy\" decoding=\"async\" class=\"alignnone size-full wp-image-21476\" src=\"https:\/\/i0.wp.com\/larevistadigital.com.ar\/blog\/wp-content\/uploads\/saladillo-2.png?resize=871%2C453&#038;ssl=1\" alt=\"\" width=\"871\" height=\"453\" srcset=\"https:\/\/i0.wp.com\/larevistadigital.com.ar\/blog\/wp-content\/uploads\/saladillo-2.png?w=871&amp;ssl=1 871w, https:\/\/i0.wp.com\/larevistadigital.com.ar\/blog\/wp-content\/uploads\/saladillo-2.png?resize=300%2C156&amp;ssl=1 300w, https:\/\/i0.wp.com\/larevistadigital.com.ar\/blog\/wp-content\/uploads\/saladillo-2.png?resize=768%2C399&amp;ssl=1 768w\" sizes=\"auto, (max-width: 871px) 100vw, 871px\" \/> <img data-recalc-dims=\"1\" loading=\"lazy\" decoding=\"async\" class=\"alignnone wp-image-21477\" src=\"https:\/\/i0.wp.com\/larevistadigital.com.ar\/blog\/wp-content\/uploads\/saladillo-3.png?resize=871%2C655&#038;ssl=1\" alt=\"\" width=\"871\" height=\"655\" srcset=\"https:\/\/i0.wp.com\/larevistadigital.com.ar\/blog\/wp-content\/uploads\/saladillo-3.png?w=761&amp;ssl=1 761w, https:\/\/i0.wp.com\/larevistadigital.com.ar\/blog\/wp-content\/uploads\/saladillo-3.png?resize=300%2C225&amp;ssl=1 300w, https:\/\/i0.wp.com\/larevistadigital.com.ar\/blog\/wp-content\/uploads\/saladillo-3.png?resize=678%2C509&amp;ssl=1 678w, https:\/\/i0.wp.com\/larevistadigital.com.ar\/blog\/wp-content\/uploads\/saladillo-3.png?resize=326%2C245&amp;ssl=1 326w, https:\/\/i0.wp.com\/larevistadigital.com.ar\/blog\/wp-content\/uploads\/saladillo-3.png?resize=80%2C60&amp;ssl=1 80w\" sizes=\"auto, (max-width: 871px) 100vw, 871px\" \/> <img data-recalc-dims=\"1\" loading=\"lazy\" decoding=\"async\" class=\"alignnone size-full wp-image-21478\" src=\"https:\/\/i0.wp.com\/larevistadigital.com.ar\/blog\/wp-content\/uploads\/saladillo-4.png?resize=851%2C572&#038;ssl=1\" alt=\"\" width=\"851\" height=\"572\" srcset=\"https:\/\/i0.wp.com\/larevistadigital.com.ar\/blog\/wp-content\/uploads\/saladillo-4.png?w=851&amp;ssl=1 851w, https:\/\/i0.wp.com\/larevistadigital.com.ar\/blog\/wp-content\/uploads\/saladillo-4.png?resize=300%2C202&amp;ssl=1 300w, https:\/\/i0.wp.com\/larevistadigital.com.ar\/blog\/wp-content\/uploads\/saladillo-4.png?resize=768%2C516&amp;ssl=1 768w\" sizes=\"auto, (max-width: 851px) 100vw, 851px\" \/> <img data-recalc-dims=\"1\" loading=\"lazy\" decoding=\"async\" class=\"alignnone wp-image-21479\" src=\"https:\/\/i0.wp.com\/larevistadigital.com.ar\/blog\/wp-content\/uploads\/saladillo-5.png?resize=851%2C476&#038;ssl=1\" alt=\"\" width=\"851\" height=\"476\" srcset=\"https:\/\/i0.wp.com\/larevistadigital.com.ar\/blog\/wp-content\/uploads\/saladillo-5.png?w=862&amp;ssl=1 862w, https:\/\/i0.wp.com\/larevistadigital.com.ar\/blog\/wp-content\/uploads\/saladillo-5.png?resize=300%2C168&amp;ssl=1 300w, https:\/\/i0.wp.com\/larevistadigital.com.ar\/blog\/wp-content\/uploads\/saladillo-5.png?resize=768%2C429&amp;ssl=1 768w\" sizes=\"auto, (max-width: 851px) 100vw, 851px\" \/><\/p>\n<p>fuente:criterioonline.com<\/p>\n","protected":false},"excerpt":{"rendered":"<div class=\"mh-excerpt\"><p>Algunas ciudades de la Provincia de Buenos Aires, se vieron cubiertas de granizo tanto en zonas urbanas y sub urbanas como rurales. As\u00ed fue que una muy fuerte tormenta con granizo cay\u00f3 en la ciudad <a class=\"mh-excerpt-more\" href=\"https:\/\/larevistadigital.com.ar\/blog\/fotos-y-video-temporal-impresionante-granizada-en-saladillo-y-9-de-julio\/\" title=\"[FOTOS] TEMPORAL: IMPRESIONANTE GRANIZADA EN SALADILLO Y 9 DE JULIO\">[Leer M\u00e1s]<\/a><\/p>\n<\/div>","protected":false},"author":3,"featured_media":21474,"comment_status":"open","ping_status":"open","sticky":false,"template":"","format":"standard","meta":{"_jetpack_memberships_contains_paid_content":false,"footnotes":"","jetpack_publicize_message":"","jetpack_publicize_feature_enabled":true,"jetpack_social_post_already_shared":true,"jetpack_social_options":{"image_generator_settings":{"template":"highway","default_image_id":0,"font":"","enabled":false},"version":2}},"categories":[50],"tags":[],"class_list":{"0":"post-21473","1":"post","2":"type-post","3":"status-publish","4":"format-standard","5":"has-post-thumbnail","7":"category-interes-general"},"jetpack_publicize_connections":[],"jetpack_featured_media_url":"https:\/\/i0.wp.com\/larevistadigital.com.ar\/blog\/wp-content\/uploads\/SALADILLO.png?fit=766%2C571&ssl=1","jetpack_sharing_enabled":true,"jetpack_shortlink":"https:\/\/wp.me\/p8qtrQ-5Al","jetpack-related-posts":[{"id":44791,"url":"https:\/\/larevistadigital.com.ar\/blog\/olavarria-un-temporal-dejo-casas-inundadas-y-calles-anegadas-en-la-ciudad\/","url_meta":{"origin":21473,"position":0},"title":"Olavarr\u00eda: un temporal dej\u00f3 casas inundadas y calles anegadas en la ciudad","author":"Alejandro Sosa Ruda","date":"30 marzo, 2026","format":false,"excerpt":"Por el colapso del sistema pluvial, varios sectores de la ciudad de Olavarr\u00eda se anegaron. El municipio pidi\u00f3 a los vecinos que no salgan de sus casas. Un fuerte temporal pas\u00f3 por la ciudad de\u00a0Olavarr\u00eda\u00a0y dej\u00f3 este domingo a la madrugada un escenario cr\u00edtico, con casas inundadas y calles anegadas\u2026","rel":"","context":"En \u00abREGIONALES\u00bb","block_context":{"text":"REGIONALES","link":"https:\/\/larevistadigital.com.ar\/blog\/category\/regionales\/"},"img":{"alt_text":"","src":"https:\/\/i0.wp.com\/larevistadigital.com.ar\/blog\/wp-content\/uploads\/Captura-de-pantalla-2026-03-30-001626.jpg?fit=621%2C313&ssl=1&resize=350%2C200","width":350,"height":200,"srcset":"https:\/\/i0.wp.com\/larevistadigital.com.ar\/blog\/wp-content\/uploads\/Captura-de-pantalla-2026-03-30-001626.jpg?fit=621%2C313&ssl=1&resize=350%2C200 1x, https:\/\/i0.wp.com\/larevistadigital.com.ar\/blog\/wp-content\/uploads\/Captura-de-pantalla-2026-03-30-001626.jpg?fit=621%2C313&ssl=1&resize=525%2C300 1.5x"},"classes":[]},{"id":33415,"url":"https:\/\/larevistadigital.com.ar\/blog\/tandil-gran-tormenta-con-importante-caida-de-granizo\/","url_meta":{"origin":21473,"position":1},"title":"TANDIL: GRAN TORMENTA CON IMPORTANTE CA\u00cdDA DE GRANIZO.","author":"Alejandro Sosa Ruda","date":"11 septiembre, 2023","format":false,"excerpt":"El alerta meteorol\u00f3gico para este lunes impacta en gran parte del territorio bonaerense y en Tandil se registr\u00f3 en horas de la ma\u00f1ana una abundante ca\u00edda de granizo. 11 de Septiembre de 2023 TANDIL -\u00a0 Las intensas lluvias desarrolladas este lunes en buena parte del territorio bonaerense tuvieron mayor violencia\u2026","rel":"","context":"En \u00abSin categor\u00eda\u00bb","block_context":{"text":"Sin categor\u00eda","link":"https:\/\/larevistadigital.com.ar\/blog\/category\/sin-categoria\/"},"img":{"alt_text":"","src":"https:\/\/i0.wp.com\/larevistadigital.com.ar\/blog\/wp-content\/uploads\/20230911172023_1694441550.jpg?fit=880%2C512&ssl=1&resize=350%2C200","width":350,"height":200,"srcset":"https:\/\/i0.wp.com\/larevistadigital.com.ar\/blog\/wp-content\/uploads\/20230911172023_1694441550.jpg?fit=880%2C512&ssl=1&resize=350%2C200 1x, https:\/\/i0.wp.com\/larevistadigital.com.ar\/blog\/wp-content\/uploads\/20230911172023_1694441550.jpg?fit=880%2C512&ssl=1&resize=525%2C300 1.5x, https:\/\/i0.wp.com\/larevistadigital.com.ar\/blog\/wp-content\/uploads\/20230911172023_1694441550.jpg?fit=880%2C512&ssl=1&resize=700%2C400 2x"},"classes":[]},{"id":14780,"url":"https:\/\/larevistadigital.com.ar\/blog\/saladillo-hallan-murcielago-con-rabia-y-montan-operativo-preventivo\/","url_meta":{"origin":21473,"position":2},"title":"SALADILLO: HALLAN MURCI\u00c9LAGO CON RABIA Y MONTAN OPERATIVO PREVENTIVO","author":"Alejandro Sosa Ruda","date":"12 febrero, 2020","format":false,"excerpt":"Ser\u00e1 para vacunar perros y gatos. Un murci\u00e9lago afectado de rabia fue hallado en la ciudad bonaerense de Saladillo, cuyas autoridades sanitarias convocaron a la poblaci\u00f3n a concurrir el pr\u00f3ximo viernes a la plaza principal donde se montar\u00e1 un operativo\u00a0para vacunar perros y gatos contra esa enfermedad, inform\u00f3 una fuente\u2026","rel":"","context":"En \u00abREGIONALES\u00bb","block_context":{"text":"REGIONALES","link":"https:\/\/larevistadigital.com.ar\/blog\/category\/regionales\/"},"img":{"alt_text":"","src":"https:\/\/i0.wp.com\/larevistadigital.com.ar\/blog\/wp-content\/uploads\/1581540924845.jpg?fit=1200%2C645&ssl=1&resize=350%2C200","width":350,"height":200,"srcset":"https:\/\/i0.wp.com\/larevistadigital.com.ar\/blog\/wp-content\/uploads\/1581540924845.jpg?fit=1200%2C645&ssl=1&resize=350%2C200 1x, https:\/\/i0.wp.com\/larevistadigital.com.ar\/blog\/wp-content\/uploads\/1581540924845.jpg?fit=1200%2C645&ssl=1&resize=525%2C300 1.5x, https:\/\/i0.wp.com\/larevistadigital.com.ar\/blog\/wp-content\/uploads\/1581540924845.jpg?fit=1200%2C645&ssl=1&resize=700%2C400 2x, https:\/\/i0.wp.com\/larevistadigital.com.ar\/blog\/wp-content\/uploads\/1581540924845.jpg?fit=1200%2C645&ssl=1&resize=1050%2C600 3x"},"classes":[]},{"id":8784,"url":"https:\/\/larevistadigital.com.ar\/blog\/atencion-defensa-civil-envia-alerta-de-tormentas-para-chascomus-y-la-zona\/","url_meta":{"origin":21473,"position":3},"title":"ATENCI\u00d3N: DEFENSA CIVIL ENV\u00cdA ALERTA DE TORMENTAS PARA CHASCOM\u00daS Y LA ZONA","author":"Alejandro Sosa Ruda","date":"27 febrero, 2019","format":false,"excerpt":"Desde la cuenta de facebook de \"Defensa Civil Chascom\u00fas\", se dio a conocer una alerta meteorol\u00f3gica que advierte por probables tormentas en la regi\u00f3n., CON VIENTOS Y OCASIONAL CA\u00cdDA DE GRANIZO. EL COMUNICADO: AVISO METEOROL\u00d3GICO\u00a0A MUY CORTO PLAZO FECHA Y HORA DE EMISI\u00d3N: 27\/02\/2019 a las 16:52 HOA. VALIDEZ HASTA:\u2026","rel":"","context":"En \u00abPOLITICA\u00bb","block_context":{"text":"POLITICA","link":"https:\/\/larevistadigital.com.ar\/blog\/category\/politica\/"},"img":{"alt_text":"","src":"https:\/\/i0.wp.com\/larevistadigital.com.ar\/blog\/wp-content\/uploads\/2019\/02\/Screenshot_3-2.jpg?fit=718%2C564&ssl=1&resize=350%2C200","width":350,"height":200,"srcset":"https:\/\/i0.wp.com\/larevistadigital.com.ar\/blog\/wp-content\/uploads\/2019\/02\/Screenshot_3-2.jpg?fit=718%2C564&ssl=1&resize=350%2C200 1x, https:\/\/i0.wp.com\/larevistadigital.com.ar\/blog\/wp-content\/uploads\/2019\/02\/Screenshot_3-2.jpg?fit=718%2C564&ssl=1&resize=525%2C300 1.5x, https:\/\/i0.wp.com\/larevistadigital.com.ar\/blog\/wp-content\/uploads\/2019\/02\/Screenshot_3-2.jpg?fit=718%2C564&ssl=1&resize=700%2C400 2x"},"classes":[]},{"id":32217,"url":"https:\/\/larevistadigital.com.ar\/blog\/saladillo-presentan-el-programa-mejor-en-bici\/","url_meta":{"origin":21473,"position":4},"title":"SALADILLO: PRESENTAN EL PROGRAMA \u00abMEJOR EN BICI\u00bb","author":"Alejandro Sosa Ruda","date":"2 julio, 2023","format":false,"excerpt":"El intendente de Saladillo Ing. Jos\u00e9 Luis Salom\u00f3n junto con el Subsecretario de Desarrollo Local Tom\u00e1s Chaime, el subsecretario de Obra P\u00fablica y Planeamiento y vecinos del distrito, presentaron este viernes el programa \u201cMejor en Bici\u201d. 2 de julio de 2023 SALADILLO -\u00a0 El programa Mejor en bici, fue pensado\u2026","rel":"","context":"En \u00abPOLITICA LOCAL\u00bb","block_context":{"text":"POLITICA LOCAL","link":"https:\/\/larevistadigital.com.ar\/blog\/category\/politica\/politica-local\/"},"img":{"alt_text":"","src":"https:\/\/i0.wp.com\/larevistadigital.com.ar\/blog\/wp-content\/uploads\/20230702102924_programa-mi-bici-saladillo.jpg?fit=880%2C512&ssl=1&resize=350%2C200","width":350,"height":200,"srcset":"https:\/\/i0.wp.com\/larevistadigital.com.ar\/blog\/wp-content\/uploads\/20230702102924_programa-mi-bici-saladillo.jpg?fit=880%2C512&ssl=1&resize=350%2C200 1x, https:\/\/i0.wp.com\/larevistadigital.com.ar\/blog\/wp-content\/uploads\/20230702102924_programa-mi-bici-saladillo.jpg?fit=880%2C512&ssl=1&resize=525%2C300 1.5x, https:\/\/i0.wp.com\/larevistadigital.com.ar\/blog\/wp-content\/uploads\/20230702102924_programa-mi-bici-saladillo.jpg?fit=880%2C512&ssl=1&resize=700%2C400 2x"},"classes":[]},{"id":38005,"url":"https:\/\/larevistadigital.com.ar\/blog\/la-plata-alerta-amarillo-por-tormentas-con-posible-caida-de-granizo-a-que-hora-llegara\/","url_meta":{"origin":21473,"position":5},"title":"La Plata: Alerta amarillo por tormentas con posible ca\u00edda de granizo. \u00bfA qu\u00e9 hora llegar\u00e1?","author":"Alejandro Sosa Ruda","date":"24 noviembre, 2024","format":false,"excerpt":"24 de Noviembre de 2024 LA PLATA -\u00a0 \u00a0El Servicio Meteorol\u00f3gico Nacional emiti\u00f3 una alerta amarilla, porque se prev\u00e9 que llegar\u00e1n tormantas fuertes con r\u00e1fagas de vientos y probable ca\u00edda de granizo en la ciudad. A esta alerta, se suman Berisso y Ensenada, y las lluvias continuar\u00e1n por la noche\u2026","rel":"","context":"En \u00abREGIONALES\u00bb","block_context":{"text":"REGIONALES","link":"https:\/\/larevistadigital.com.ar\/blog\/category\/regionales\/"},"img":{"alt_text":"","src":"https:\/\/i0.wp.com\/larevistadigital.com.ar\/blog\/wp-content\/uploads\/bbx_337649232_1_unnamed__7_-e1732486703695.jpg?fit=799%2C477&ssl=1&resize=350%2C200","width":350,"height":200,"srcset":"https:\/\/i0.wp.com\/larevistadigital.com.ar\/blog\/wp-content\/uploads\/bbx_337649232_1_unnamed__7_-e1732486703695.jpg?fit=799%2C477&ssl=1&resize=350%2C200 1x, https:\/\/i0.wp.com\/larevistadigital.com.ar\/blog\/wp-content\/uploads\/bbx_337649232_1_unnamed__7_-e1732486703695.jpg?fit=799%2C477&ssl=1&resize=525%2C300 1.5x, https:\/\/i0.wp.com\/larevistadigital.com.ar\/blog\/wp-content\/uploads\/bbx_337649232_1_unnamed__7_-e1732486703695.jpg?fit=799%2C477&ssl=1&resize=700%2C400 2x"},"classes":[]}],"_links":{"self":[{"href":"https:\/\/larevistadigital.com.ar\/blog\/wp-json\/wp\/v2\/posts\/21473","targetHints":{"allow":["GET"]}}],"collection":[{"href":"https:\/\/larevistadigital.com.ar\/blog\/wp-json\/wp\/v2\/posts"}],"about":[{"href":"https:\/\/larevistadigital.com.ar\/blog\/wp-json\/wp\/v2\/types\/post"}],"author":[{"embeddable":true,"href":"https:\/\/larevistadigital.com.ar\/blog\/wp-json\/wp\/v2\/users\/3"}],"replies":[{"embeddable":true,"href":"https:\/\/larevistadigital.com.ar\/blog\/wp-json\/wp\/v2\/comments?post=21473"}],"version-history":[{"count":2,"href":"https:\/\/larevistadigital.com.ar\/blog\/wp-json\/wp\/v2\/posts\/21473\/revisions"}],"predecessor-version":[{"id":21481,"href":"https:\/\/larevistadigital.com.ar\/blog\/wp-json\/wp\/v2\/posts\/21473\/revisions\/21481"}],"wp:featuredmedia":[{"embeddable":true,"href":"https:\/\/larevistadigital.com.ar\/blog\/wp-json\/wp\/v2\/media\/21474"}],"wp:attachment":[{"href":"https:\/\/larevistadigital.com.ar\/blog\/wp-json\/wp\/v2\/media?parent=21473"}],"wp:term":[{"taxonomy":"category","embeddable":true,"href":"https:\/\/larevistadigital.com.ar\/blog\/wp-json\/wp\/v2\/categories?post=21473"},{"taxonomy":"post_tag","embeddable":true,"href":"https:\/\/larevistadigital.com.ar\/blog\/wp-json\/wp\/v2\/tags?post=21473"}],"curies":[{"name":"wp","href":"https:\/\/api.w.org\/{rel}","templated":true}]}}