{"id":21485,"date":"2021-08-11T00:24:17","date_gmt":"2021-08-11T00:24:17","guid":{"rendered":"https:\/\/larevistadigital.com.ar\/blog\/?p=21485"},"modified":"2021-08-11T00:24:17","modified_gmt":"2021-08-11T00:24:17","slug":"video-ano-1983-imagenes-ineditas-de-como-y-que-se-vivia-la-campana-en-la-vuelta-de-la-democracia","status":"publish","type":"post","link":"https:\/\/larevistadigital.com.ar\/blog\/video-ano-1983-imagenes-ineditas-de-como-y-que-se-vivia-la-campana-en-la-vuelta-de-la-democracia\/","title":{"rendered":"[VIDEO] A\u00d1O 1983. IM\u00c1GENES IN\u00c9DITAS DE C\u00d3MO Y QU\u00c9 SE VIV\u00cdA, LA CAMPA\u00d1A EN LA VUELTA DE LA DEMOCRACIA"},"content":{"rendered":"<h2>Una excelente compilaci\u00f3n de hechos destacados de 1983, para la nostalgia de quienes vivieron esa \u00e9poca, y para quienes solo lo leyeron en libros de historia.<\/h2>\n<p>Hoy, La Revista Digital les acerca un video que consideramos de colecci\u00f3n, de un destacado \u00abyoutuber\u00bb que se ha dedicado a editar y producir estos imperdibles res\u00famenes de los acontecimientos pasados, colaborando de una manera incre\u00edble con la historia y las cosas que nos fueron sucediendo.<\/p>\n<p>De lectura imprescindible. Un lujo de trabajo del se\u00f1or <strong>N\u00e9stor Montalbano.<\/strong> Felicitaciones a \u00e9l, y a disfrutarlo si es posible en familia.<\/p>\n<p>No olviden poner me gusta y suscribirse.<\/p>\n<p><span class=\"embed-youtube\" style=\"text-align:center; display: block;\"><iframe loading=\"lazy\" class=\"youtube-player\" width=\"640\" height=\"360\" src=\"https:\/\/www.youtube.com\/embed\/m9u7oCYt1Go?version=3&#038;rel=1&#038;showsearch=0&#038;showinfo=1&#038;iv_load_policy=1&#038;fs=1&#038;hl=es-ES&#038;autohide=2&#038;start=115&#038;wmode=transparent\" allowfullscreen=\"true\" style=\"border:0;\" sandbox=\"allow-scripts allow-same-origin allow-popups allow-presentation allow-popups-to-escape-sandbox\"><\/iframe><\/span><\/p>\n","protected":false},"excerpt":{"rendered":"<div class=\"mh-excerpt\"><p>Una excelente compilaci\u00f3n de hechos destacados de 1983, para la nostalgia de quienes vivieron esa \u00e9poca, y para quienes solo lo leyeron en libros de historia. Hoy, La Revista Digital les acerca un video que <a class=\"mh-excerpt-more\" href=\"https:\/\/larevistadigital.com.ar\/blog\/video-ano-1983-imagenes-ineditas-de-como-y-que-se-vivia-la-campana-en-la-vuelta-de-la-democracia\/\" title=\"[VIDEO] A\u00d1O 1983. IM\u00c1GENES IN\u00c9DITAS DE C\u00d3MO Y QU\u00c9 SE VIV\u00cdA, LA CAMPA\u00d1A EN LA VUELTA DE LA DEMOCRACIA\">[Leer M\u00e1s]<\/a><\/p>\n<\/div>","protected":false},"author":3,"featured_media":21486,"comment_status":"open","ping_status":"open","sticky":false,"template":"","format":"standard","meta":{"_jetpack_memberships_contains_paid_content":false,"footnotes":"","jetpack_publicize_message":"","jetpack_publicize_feature_enabled":true,"jetpack_social_post_already_shared":true,"jetpack_social_options":{"image_generator_settings":{"template":"highway","default_image_id":0,"font":"","enabled":false},"version":2}},"categories":[45],"tags":[],"class_list":{"0":"post-21485","1":"post","2":"type-post","3":"status-publish","4":"format-standard","5":"has-post-thumbnail","7":"category-lo-vi-en-internet"},"jetpack_publicize_connections":[],"jetpack_featured_media_url":"https:\/\/i0.wp.com\/larevistadigital.com.ar\/blog\/wp-content\/uploads\/Captura-26.png?fit=791%2C614&ssl=1","jetpack_sharing_enabled":true,"jetpack_shortlink":"https:\/\/wp.me\/p8qtrQ-5Ax","jetpack-related-posts":[{"id":7997,"url":"https:\/\/larevistadigital.com.ar\/blog\/video-impresionante-alienigenas-reticulianos-masacrados-a-balazos-en-brasil\/","url_meta":{"origin":21485,"position":0},"title":"VIDEO IMPRESIONANTE: ALIEN\u00cdGENAS RETICULIANOS MASACRADOS A BALAZOS EN BRASIL","author":"Alejandro Sosa Ruda","date":"27 enero, 2019","format":false,"excerpt":"La historia que los uf\u00f3logos no se atrevieron a contar... Marzo 15 del 2007, un militar logra fotografiar los rostros de dos seres acribillados por el ej\u00e9rcito brasile\u00f1o, las im\u00e1genes son enviadas junto con la historia a un investigador poco conocido en el Brasil, provocando el \"celo\" de quienes creen\u2026","rel":"","context":"En \u00abLO V\u00cd EN INTERNET\u00bb","block_context":{"text":"LO V\u00cd EN INTERNET","link":"https:\/\/larevistadigital.com.ar\/blog\/category\/lo-vi-en-internet\/"},"img":{"alt_text":"","src":"https:\/\/i0.wp.com\/larevistadigital.com.ar\/blog\/wp-content\/uploads\/2019\/01\/grises.jpg?fit=1200%2C675&ssl=1&resize=350%2C200","width":350,"height":200,"srcset":"https:\/\/i0.wp.com\/larevistadigital.com.ar\/blog\/wp-content\/uploads\/2019\/01\/grises.jpg?fit=1200%2C675&ssl=1&resize=350%2C200 1x, https:\/\/i0.wp.com\/larevistadigital.com.ar\/blog\/wp-content\/uploads\/2019\/01\/grises.jpg?fit=1200%2C675&ssl=1&resize=525%2C300 1.5x, https:\/\/i0.wp.com\/larevistadigital.com.ar\/blog\/wp-content\/uploads\/2019\/01\/grises.jpg?fit=1200%2C675&ssl=1&resize=700%2C400 2x, https:\/\/i0.wp.com\/larevistadigital.com.ar\/blog\/wp-content\/uploads\/2019\/01\/grises.jpg?fit=1200%2C675&ssl=1&resize=1050%2C600 3x"},"classes":[]},{"id":21301,"url":"https:\/\/larevistadigital.com.ar\/blog\/nicolas-kreplack-es-el-nuevo-ministro-de-salud-de-la-provincia\/","url_meta":{"origin":21485,"position":1},"title":"NICOL\u00c1S KREPLACK ES EL NUEVO MINISTRO DE SALUD DE LA PROVINCIA","author":"Alejandro Sosa Ruda","date":"30 julio, 2021","format":false,"excerpt":"El gobernador Axel Kicillof tom\u00f3 juramento esta ma\u00f1ana al nuevo ministro de Salud de la provincia de Buenos Aires, Nicol\u00e1s Kreplak, durante un acto celebrado en Sal\u00f3n Dorado de la Casa de Gobierno junto a la vicegobernadora Ver\u00f3nica Magario. Estuvieron presentes tambi\u00e9n el ministro saliente, Daniel Gollan, y la ministra\u2026","rel":"","context":"En \u00abINTERES GENERAL\u00bb","block_context":{"text":"INTERES GENERAL","link":"https:\/\/larevistadigital.com.ar\/blog\/category\/interes-general\/"},"img":{"alt_text":"","src":"https:\/\/i0.wp.com\/larevistadigital.com.ar\/blog\/wp-content\/uploads\/Nicolas-Kreplak-jura-salud-27-7-2021-scaled-1.jpg?fit=1200%2C800&ssl=1&resize=350%2C200","width":350,"height":200,"srcset":"https:\/\/i0.wp.com\/larevistadigital.com.ar\/blog\/wp-content\/uploads\/Nicolas-Kreplak-jura-salud-27-7-2021-scaled-1.jpg?fit=1200%2C800&ssl=1&resize=350%2C200 1x, https:\/\/i0.wp.com\/larevistadigital.com.ar\/blog\/wp-content\/uploads\/Nicolas-Kreplak-jura-salud-27-7-2021-scaled-1.jpg?fit=1200%2C800&ssl=1&resize=525%2C300 1.5x, https:\/\/i0.wp.com\/larevistadigital.com.ar\/blog\/wp-content\/uploads\/Nicolas-Kreplak-jura-salud-27-7-2021-scaled-1.jpg?fit=1200%2C800&ssl=1&resize=700%2C400 2x, https:\/\/i0.wp.com\/larevistadigital.com.ar\/blog\/wp-content\/uploads\/Nicolas-Kreplak-jura-salud-27-7-2021-scaled-1.jpg?fit=1200%2C800&ssl=1&resize=1050%2C600 3x"},"classes":[]},{"id":20612,"url":"https:\/\/larevistadigital.com.ar\/blog\/hoy-es-el-dia-nacional-del-perro-porque-se-celebra\/","url_meta":{"origin":21485,"position":2},"title":"HOY ES EL D\u00cdA NACIONAL DEL PERRO: \u00bfPORQU\u00c9 SE CELEBRA?","author":"Alejandro Sosa Ruda","date":"2 junio, 2021","format":false,"excerpt":"Desde 1996, cada 2 de junio se conmemora el D\u00eda Nacional del Perro, en homenaje a Chonino, un pastor alem\u00e1n que muri\u00f3 en 1983 defendiendo a su due\u00f1o. A principios de 1975 naci\u00f3 en Buenos Aires un ovejero alem\u00e1n que fue bautizado como\u00a0Chonino.\u00a0Con tal solo dos a\u00f1os, el cachorro fue\u2026","rel":"","context":"En \u00abINTERES GENERAL\u00bb","block_context":{"text":"INTERES GENERAL","link":"https:\/\/larevistadigital.com.ar\/blog\/category\/interes-general\/"},"img":{"alt_text":"","src":"https:\/\/i0.wp.com\/larevistadigital.com.ar\/blog\/wp-content\/uploads\/PERRO-DE-POLICIA.png?fit=928%2C616&ssl=1&resize=350%2C200","width":350,"height":200,"srcset":"https:\/\/i0.wp.com\/larevistadigital.com.ar\/blog\/wp-content\/uploads\/PERRO-DE-POLICIA.png?fit=928%2C616&ssl=1&resize=350%2C200 1x, https:\/\/i0.wp.com\/larevistadigital.com.ar\/blog\/wp-content\/uploads\/PERRO-DE-POLICIA.png?fit=928%2C616&ssl=1&resize=525%2C300 1.5x, https:\/\/i0.wp.com\/larevistadigital.com.ar\/blog\/wp-content\/uploads\/PERRO-DE-POLICIA.png?fit=928%2C616&ssl=1&resize=700%2C400 2x"},"classes":[]},{"id":39073,"url":"https:\/\/larevistadigital.com.ar\/blog\/pepe-cibrian-llega-en-abril-a-chascomus-con-su-version-original-de-caligula\/","url_meta":{"origin":21485,"position":3},"title":"Pepe Cibri\u00e1n llega en abril a Chascom\u00fas con su versi\u00f3n original de \u201cCal\u00edgula\u201d","author":"Alejandro Sosa Ruda","date":"22 marzo, 2025","format":false,"excerpt":"La cita es el jueves 17 de abril, en el Teatro Municipal Brazzola. Ya est\u00e1n disponibles las entradas. CHASCOM\u00daS -\u00a0 El 17 de abril, desde las 21 horas, subir\u00e1 a escena la comedia musical \u201cCal\u00edgula\u201d, de Pepe Cibri\u00e1n Campoy, inspirada en el emperador romano cuya locura lo lleva a creerse\u2026","rel":"","context":"En \u00abCHASCOM\u00daS\u00bb","block_context":{"text":"CHASCOM\u00daS","link":"https:\/\/larevistadigital.com.ar\/blog\/category\/chascomus\/"},"img":{"alt_text":"","src":"https:\/\/i0.wp.com\/larevistadigital.com.ar\/blog\/wp-content\/uploads\/67dda47b36c00.png?fit=668%2C445&ssl=1&resize=350%2C200","width":350,"height":200,"srcset":"https:\/\/i0.wp.com\/larevistadigital.com.ar\/blog\/wp-content\/uploads\/67dda47b36c00.png?fit=668%2C445&ssl=1&resize=350%2C200 1x, https:\/\/i0.wp.com\/larevistadigital.com.ar\/blog\/wp-content\/uploads\/67dda47b36c00.png?fit=668%2C445&ssl=1&resize=525%2C300 1.5x"},"classes":[]},{"id":30136,"url":"https:\/\/larevistadigital.com.ar\/blog\/lo-que-viene-en-la-revista-digital-dirigentes-candidatos-el-perfil-y-el-archivo-o-datos-de-cada-uno\/","url_meta":{"origin":21485,"position":4},"title":"LO QUE VIENE EN LA REVISTA DIGITAL: DIRIGENTES\/CANDIDATOS (EL PERFIL Y EL ARCHIVO O DATOS DE CADA UNO)","author":"Alejandro Sosa Ruda","date":"13 febrero, 2023","format":false,"excerpt":"Muy pronto, comenzar\u00e1 la carrera de candidaturas que ya comienza a asomar con sus primeros pasos. Nosotros desde La Revista Digital, vamos entonces a ocuparnos del tema, refiri\u00e9ndonos a quienes ser\u00e1n los protagonistas. Muy pronto el primer envio. CHASCOM\u00daS -\u00a0\u00a0Se viene una nueva elecci\u00f3n, y por lo general comienzan a\u2026","rel":"","context":"En \u00abDESTACADAS\u00bb","block_context":{"text":"DESTACADAS","link":"https:\/\/larevistadigital.com.ar\/blog\/category\/destacadas\/"},"img":{"alt_text":"","src":"https:\/\/i0.wp.com\/larevistadigital.com.ar\/blog\/wp-content\/uploads\/DIRIGENTES.jpg?fit=900%2C671&ssl=1&resize=350%2C200","width":350,"height":200,"srcset":"https:\/\/i0.wp.com\/larevistadigital.com.ar\/blog\/wp-content\/uploads\/DIRIGENTES.jpg?fit=900%2C671&ssl=1&resize=350%2C200 1x, https:\/\/i0.wp.com\/larevistadigital.com.ar\/blog\/wp-content\/uploads\/DIRIGENTES.jpg?fit=900%2C671&ssl=1&resize=525%2C300 1.5x, https:\/\/i0.wp.com\/larevistadigital.com.ar\/blog\/wp-content\/uploads\/DIRIGENTES.jpg?fit=900%2C671&ssl=1&resize=700%2C400 2x"},"classes":[]},{"id":7959,"url":"https:\/\/larevistadigital.com.ar\/blog\/castelli-el-municipio-aplicara-multas-a-quienes-no-mantengan-sus-terrenos-limpios\/","url_meta":{"origin":21485,"position":5},"title":"CASTELLI: EL MUNICIPIO APLICAR\u00c1 MULTAS A QUIENES NO MANTENGAN SUS TERRENOS LIMPIOS","author":"Alejandro Sosa Ruda","date":"26 enero, 2019","format":false,"excerpt":"Al parecer el intendente Echarren est\u00e1 dispuesto a hacer todo lo necesario para luchar con el hantavirus, que en su ciudad se cobr\u00f3 una v\u00edctima fatal. Se han tomado medidas al respecto. A la desratizaci\u00f3n y limpieza y desmalezamiento de terrenos y espacios p\u00fablicos, se ha sumado al f\u00e9rrea decisi\u00f3n\u2026","rel":"","context":"En \u00abCASTELLI\u00bb","block_context":{"text":"CASTELLI","link":"https:\/\/larevistadigital.com.ar\/blog\/category\/castelli\/"},"img":{"alt_text":"","src":"https:\/\/i0.wp.com\/larevistadigital.com.ar\/blog\/wp-content\/uploads\/2019\/01\/31-07-18-multas-por-terrenos-bald%C3%ADos-sin-limpiar-1038x568.jpg?fit=1038%2C568&ssl=1&resize=350%2C200","width":350,"height":200,"srcset":"https:\/\/i0.wp.com\/larevistadigital.com.ar\/blog\/wp-content\/uploads\/2019\/01\/31-07-18-multas-por-terrenos-bald%C3%ADos-sin-limpiar-1038x568.jpg?fit=1038%2C568&ssl=1&resize=350%2C200 1x, https:\/\/i0.wp.com\/larevistadigital.com.ar\/blog\/wp-content\/uploads\/2019\/01\/31-07-18-multas-por-terrenos-bald%C3%ADos-sin-limpiar-1038x568.jpg?fit=1038%2C568&ssl=1&resize=525%2C300 1.5x, https:\/\/i0.wp.com\/larevistadigital.com.ar\/blog\/wp-content\/uploads\/2019\/01\/31-07-18-multas-por-terrenos-bald%C3%ADos-sin-limpiar-1038x568.jpg?fit=1038%2C568&ssl=1&resize=700%2C400 2x"},"classes":[]}],"_links":{"self":[{"href":"https:\/\/larevistadigital.com.ar\/blog\/wp-json\/wp\/v2\/posts\/21485","targetHints":{"allow":["GET"]}}],"collection":[{"href":"https:\/\/larevistadigital.com.ar\/blog\/wp-json\/wp\/v2\/posts"}],"about":[{"href":"https:\/\/larevistadigital.com.ar\/blog\/wp-json\/wp\/v2\/types\/post"}],"author":[{"embeddable":true,"href":"https:\/\/larevistadigital.com.ar\/blog\/wp-json\/wp\/v2\/users\/3"}],"replies":[{"embeddable":true,"href":"https:\/\/larevistadigital.com.ar\/blog\/wp-json\/wp\/v2\/comments?post=21485"}],"version-history":[{"count":2,"href":"https:\/\/larevistadigital.com.ar\/blog\/wp-json\/wp\/v2\/posts\/21485\/revisions"}],"predecessor-version":[{"id":21488,"href":"https:\/\/larevistadigital.com.ar\/blog\/wp-json\/wp\/v2\/posts\/21485\/revisions\/21488"}],"wp:featuredmedia":[{"embeddable":true,"href":"https:\/\/larevistadigital.com.ar\/blog\/wp-json\/wp\/v2\/media\/21486"}],"wp:attachment":[{"href":"https:\/\/larevistadigital.com.ar\/blog\/wp-json\/wp\/v2\/media?parent=21485"}],"wp:term":[{"taxonomy":"category","embeddable":true,"href":"https:\/\/larevistadigital.com.ar\/blog\/wp-json\/wp\/v2\/categories?post=21485"},{"taxonomy":"post_tag","embeddable":true,"href":"https:\/\/larevistadigital.com.ar\/blog\/wp-json\/wp\/v2\/tags?post=21485"}],"curies":[{"name":"wp","href":"https:\/\/api.w.org\/{rel}","templated":true}]}}