{"id":21489,"date":"2021-08-11T02:20:38","date_gmt":"2021-08-11T02:20:38","guid":{"rendered":"https:\/\/larevistadigital.com.ar\/blog\/?p=21489"},"modified":"2021-08-11T02:40:16","modified_gmt":"2021-08-11T02:40:16","slug":"se-judicializa-el-proyecto-del-basural-en-la-ruta-20-vecinos-denuncian-al-municipio-con-un-amparo","status":"publish","type":"post","link":"https:\/\/larevistadigital.com.ar\/blog\/se-judicializa-el-proyecto-del-basural-en-la-ruta-20-vecinos-denuncian-al-municipio-con-un-amparo\/","title":{"rendered":"SE JUDICIALIZA EL PROYECTO DEL BASURAL EN LA RUTA 20: VECINOS DENUNCIAN AL MUNICIPIO CON UN AMPARO"},"content":{"rendered":"<h2>Los Autoconvocados de Ruta 20 informamos que varios vecinos cercanos al predio donde la Municipalidad de Chascom\u00fas pretende instalar un basural ilegal presentaron un amparo ante la justicia provincial de Dolores denunciando las irregularidades del proyecto. Son patrocinados por el prestigioso abogado Jos\u00e9 Ochoa.<\/h2>\n<p>Tanto la Municipalidad como el Ministerio de Ambiente de Naci\u00f3n fueron notificados de la demanda e intimados a presentar respuestas. La demanda refleja los cuestionamientos que los Vecinos Autoconvocados contra el Basural Ilegal en ruta 20 venimos haciendo p\u00fablicos ya que estamos decididos a impedir la instalaci\u00f3n del basural de manera ilegal en el predio de ruta 20 por las siguiente irregularidades, que ahora tambi\u00e9n est\u00e1n denunciadas ante la Justicia:<\/p>\n<p><strong>-Terreno no apto:<\/strong> la zona tiene una vulnerabilidad ambiental alta, con napas cerca de la superficie, escurrimientos superficiales que tocar\u00edan las celdas de deposici\u00f3n de residuos del proyecto, bajos anegables y humedales cercanos.<\/p>\n<p><strong>-Falta de un estudio de impacto ambiental para la elecci\u00f3n del predio.<\/strong> La Municipalidad incumpli\u00f3 con el estudio de impacto ambiental estipulado por ley, que deber\u00eda haber realizado para la preselecci\u00f3n del predio. Asimismo el estudio de viabilidad realizado para la elegibilidad tiene graves contradicciones.<\/p>\n<p><strong>-Zona de humedales:<\/strong> la matriz del paisaje donde est\u00e1 emplazado el predio presenta numerosos humedales. Las lagunas Las Margaritas y Las Mulas son muy cercanas al predio y est\u00e1n dentro de la cuenca del R\u00edo Samboromb\u00f3n, que termina en el sitio RAMSAR Bah\u00eda Samboromb\u00f3n; por su riqueza en flora y fauna son objeto de estudio por parte de investigadores de la UBA. Un sitio RAMSAR es un lugar de un alto valor ecosist\u00e9mico que la Argentina se comprometi\u00f3 a proteger ante la comunidad internacional. En el pa\u00eds hay 23 sitios RAMSAR- Al adherir a la Convenci\u00f3n RAMSAR, Argentina se comprometi\u00f3 a fomentar la conservaci\u00f3n de todos los humedales de nuestro pa\u00eds.<\/p>\n<p><strong>-Pozos de agua cercanos:<\/strong> Un escribano corrobor\u00f3 la existencia de pozos de agua en las cercan\u00edas al predio. La Municipalidad contest\u00f3 al juzgado que los mismos no estaban declarados, ignorando que el organismo de agua provincial no exige la declaraci\u00f3n de este tipo de pozos ganaderos con extracci\u00f3n en base a molinos. Adem\u00e1s, esos pozos tienen derecho de uso otorgado expresamente por ley 12.257 del C\u00f3digo de Aguas de la Provincia. La resoluci\u00f3n 1143\/02 dice que la distancia m\u00ednima del proyecto a pozos es de 500 metros, con lo cual el predio incumple con la ley.<\/p>\n<p><strong>-Presuncion de Regionalidad.<\/strong> Los vecinos tambi\u00e9n denunciamos que el proyecto puede convertirse en un basural regional en cualquier momento. Existen sospechosas inconsistencias entre la experiencia exigida al operador y las toneladas que el proyecto operar\u00eda seg\u00fan el pliego de licitaci\u00f3n. La experiencia exigida al operador es el doble (80 toneladas\/d\u00eda) que las toneladas que generadas por el partido de Chascom\u00fas (40 toneladas\/d\u00eda). En cambio, en otros pliegos de proyectos similares, las toneladas coinciden con el monto a gestionar. El anteproyecto Ecoparque Chascom\u00fas, tambi\u00e9n indica que las toneladas proyectadas a operar son cercanas a las 80 tons\/dia. Y recordemos que el intendente Javier Gast\u00f3n firm\u00f3 por Chascom\u00fas un Acta de acuerdo con los municipios de Lezama, Castelli, Ranchos, General Paz y Pila para el manejo regional de residuos que a\u00fan sigue vigente: la basura conjunta producida por estas localidades suma aproximadamente 70 toneladas\/d\u00eda. Adem\u00e1s existe una partida presupuestaria aprobada por el Ministerio de Medio Ambiente, tanto en el presupuesto 2021 como en el plan de inversiones 2021-2023, para la Construcci\u00f3n de un Centro Integral de Residuos en Chascom\u00fas, Dolores, Ranchos y aleda\u00f1os (BID N\u00b0 3249). En su contestaci\u00f3n al oficio judicial, el Municipio no neg\u00f3 la existencia de esta partida.<\/p>\n<p><strong>-El predio est\u00e1 embargado<\/strong>. El campo fue embargado por un juzgado de La Plata ra\u00edz del \u201cjuicio de la rifa\u201d. Mientras la municipalidad respondi\u00f3 en el pedido de amparo que no fue notificada, el juzgado que tramita el reclamo orden\u00f3 la inscripci\u00f3n del embargo en el registro de la propiedad, prueba que los vecinos aportamos en nuestra denuncia. Al abrir los sobres de la licitaci\u00f3n el predio ya estaba embargado.<\/p>\n<p><strong>-Falta de consulta p\u00fablica.<\/strong> La falta de transparencia fue una constante en todo el proceso del llamado Ecoparque Chascom\u00fas. El Municipio no contest\u00f3 a los requerimientos formales que los vecinos hicimos, y a pesar de haber marchado en 2 ocasiones a la Municipalidad para entregas de petitorios, no fuimos recibidos por el Intendente.<\/p>\n<p><strong>-Predio donado para beneficencia.<\/strong> Existe un incumplimiento del cargo de donaci\u00f3n por parte de la Municipalidad de Chascom\u00fas ya que Leonor Arriagada don\u00f3 su campo con la condici\u00f3n de que en el mismo se construyera un hogar de ancianos , un hogar de ni\u00f1os y una capilla a nombre de Nuestra Sra de Luj\u00e1n.<\/p>\n<p><strong>Tr\u00e1mite expr\u00e9s<\/strong><br \/>\nEl HCD de Chascom\u00fas, en un escandaloso \u201ctr\u00e1mite expr\u00e9s\u201d en el que la oposici\u00f3n se retir\u00f3 del recinto de votaci\u00f3n, declar\u00f3 cumplido el cargo de donaci\u00f3n alegando obras municipales ajenas a la donaci\u00f3n en su origen y ubicaci\u00f3n. Adem\u00e1s aprobaron la construcci\u00f3n de una guarder\u00eda para ni\u00f1os de 0 a 5 a\u00f1os en un predio donde se manejar\u00edan residuos, lo que es contrario a la Ley 26.061-de protecci\u00f3n integral de los derechos de los derechos de las ni\u00f1as, ni\u00f1os y adolescentes, en donde estipula que los ni\u00f1os tienen derecho a un ambiente sano y ecol\u00f3gicamente equilibrado.<\/p>\n<p>Por otro lado, resulta ins\u00f3lito que la construcci\u00f3n del hist\u00f3rico asilo de ancianos municipal de Chascom\u00fas y la adquisici\u00f3n del hogar la casita sean considerados por los concejales como cumplimiento del cargo de donaci\u00f3n cuando ambas instituciones fueron muy anteriores al fallecimiento de la Sra Leonor Arriagada en 2012, que es cuando la Municipalidad comenz\u00f3 a recibir usufructo por el predio y debi\u00f3 cumplir el cargo. Las remodelaciones m\u00e1s importantes de estos predios, realizadas con posterioridad a 2012, fueron financiadas con partidas presupuestarias de la Provincia.<\/p>\n<p>Todas estas irregularidades existentes al momento de la licitaci\u00f3n, fueron objetadas por los vecinos de ruta 20. La licitaci\u00f3n fue impugnada por un gran n\u00famero de vecinos en forma previa a la apertura de sobres y en el mismo acto de apertura, present\u00e1ndose con un Escribano p\u00fablico.<\/p>\n<p>Los Autoconvocados nos oponemos a la elecci\u00f3n de predio de Ruta 20 por ilegal e inadecuado. Estamos a favor de realizar un mejor tratamiento de residuos y de la remediaci\u00f3n basural a cielo abierto. El Municipio quiere generar falsamente la idea que el cierre del basural a cielo abierto y un mejor reciclaje de residuos s\u00f3lo pueden realizarse si la deposici\u00f3n de residuos es en el predio de ruta 20, lo cual es falso. Se debe elegir un predio que no sea vulnerable desde el punto de vista ambiental y termine generando un nuevo pasivo ambiental municipal y comprometiendo el bienestar de generaciones futuras.<\/p>\n","protected":false},"excerpt":{"rendered":"<div class=\"mh-excerpt\"><p>Los Autoconvocados de Ruta 20 informamos que varios vecinos cercanos al predio donde la Municipalidad de Chascom\u00fas pretende instalar un basural ilegal presentaron un amparo ante la justicia provincial de Dolores denunciando las irregularidades del <a class=\"mh-excerpt-more\" href=\"https:\/\/larevistadigital.com.ar\/blog\/se-judicializa-el-proyecto-del-basural-en-la-ruta-20-vecinos-denuncian-al-municipio-con-un-amparo\/\" title=\"SE JUDICIALIZA EL PROYECTO DEL BASURAL EN LA RUTA 20: VECINOS DENUNCIAN AL MUNICIPIO CON UN AMPARO\">[Leer M\u00e1s]<\/a><\/p>\n<\/div>","protected":false},"author":3,"featured_media":9553,"comment_status":"open","ping_status":"open","sticky":false,"template":"","format":"standard","meta":{"_jetpack_memberships_contains_paid_content":false,"footnotes":"","jetpack_publicize_message":"","jetpack_publicize_feature_enabled":true,"jetpack_social_post_already_shared":true,"jetpack_social_options":{"image_generator_settings":{"template":"highway","default_image_id":0,"font":"","enabled":false},"version":2}},"categories":[50],"tags":[],"class_list":{"0":"post-21489","1":"post","2":"type-post","3":"status-publish","4":"format-standard","5":"has-post-thumbnail","7":"category-interes-general"},"jetpack_publicize_connections":[],"jetpack_featured_media_url":"https:\/\/i0.wp.com\/larevistadigital.com.ar\/blog\/wp-content\/uploads\/2019\/04\/Basural-660x330.jpg?fit=660%2C330&ssl=1","jetpack_sharing_enabled":true,"jetpack_shortlink":"https:\/\/wp.me\/p8qtrQ-5AB","jetpack-related-posts":[{"id":22546,"url":"https:\/\/larevistadigital.com.ar\/blog\/carta-al-dr-raul-alfonsin-de-los-vecinos-autoconvocados-conra-el-basural-ilegal-de-ruta-20-y-convocatoria-para-la-protesta-del-viernes-5-a-las-11-en-el-museo-pampeano\/","url_meta":{"origin":21489,"position":0},"title":"CARTA AL DR. RAUL ALFONS\u00cdN DE LOS VECINOS AUTOCONVOCADOS CONRA EL BASURAL ILEGAL DE RUTA 20 Y CONVOCATORIA PARA LA PROTESTA DEL VIERNES 5 A LAS 11 EN EL MUSEO PAMPEANO","author":"Alejandro Sosa Ruda","date":"31 octubre, 2021","format":false,"excerpt":"En la cuna de la democracia el intendente Gast\u00f3n viola la ley Dr. Alfons\u00edn, sepa lo que pasa por sus pagos en este nuevo aniversario. En la cuna de la democracia violan la ley. Por eso los Vecinos Autoconvocados de Chascom\u00fas denunciamos el atropello a principios b\u00e1sicos de la democracia\u2026","rel":"","context":"En \u00abINTERES GENERAL\u00bb","block_context":{"text":"INTERES GENERAL","link":"https:\/\/larevistadigital.com.ar\/blog\/category\/interes-general\/"},"img":{"alt_text":"","src":"https:\/\/i0.wp.com\/larevistadigital.com.ar\/blog\/wp-content\/uploads\/WhatsApp-Image-2021-10-30-at-14.11.20.jpeg?fit=1200%2C805&ssl=1&resize=350%2C200","width":350,"height":200,"srcset":"https:\/\/i0.wp.com\/larevistadigital.com.ar\/blog\/wp-content\/uploads\/WhatsApp-Image-2021-10-30-at-14.11.20.jpeg?fit=1200%2C805&ssl=1&resize=350%2C200 1x, https:\/\/i0.wp.com\/larevistadigital.com.ar\/blog\/wp-content\/uploads\/WhatsApp-Image-2021-10-30-at-14.11.20.jpeg?fit=1200%2C805&ssl=1&resize=525%2C300 1.5x, https:\/\/i0.wp.com\/larevistadigital.com.ar\/blog\/wp-content\/uploads\/WhatsApp-Image-2021-10-30-at-14.11.20.jpeg?fit=1200%2C805&ssl=1&resize=700%2C400 2x, https:\/\/i0.wp.com\/larevistadigital.com.ar\/blog\/wp-content\/uploads\/WhatsApp-Image-2021-10-30-at-14.11.20.jpeg?fit=1200%2C805&ssl=1&resize=1050%2C600 3x"},"classes":[]},{"id":20730,"url":"https:\/\/larevistadigital.com.ar\/blog\/chascomus-nueva-marcha-para-evitar-la-instalacion-del-basurero-en-la-ruta-20\/","url_meta":{"origin":21489,"position":1},"title":"CHASCOM\u00daS: NUEVA MARCHA PARA EVITAR LA INSTALACI\u00d3N DEL BASURERO EN LA RUTA 20","author":"Alejandro Sosa Ruda","date":"12 junio, 2021","format":false,"excerpt":"CHASCOM\u00daS -\u00a0El grupo de vecinos \"Autoconvocados de la Ruta 20\" hizo llegar a nuestra redacci\u00f3n una nota en donde no solo manifiestan el rechazo a la licitaci\u00f3n que planea llevar a cabo el municipio de Chascom\u00fas, sino que adem\u00e1s planean un a protesta para el pr\u00f3ximo 21 del corriente en\u2026","rel":"","context":"En \u00abDESTACADAS\u00bb","block_context":{"text":"DESTACADAS","link":"https:\/\/larevistadigital.com.ar\/blog\/category\/destacadas\/"},"img":{"alt_text":"","src":"https:\/\/i0.wp.com\/larevistadigital.com.ar\/blog\/wp-content\/uploads\/WhatsApp-Image-2021-06-12-at-16.35.59.jpeg?fit=1200%2C848&ssl=1&resize=350%2C200","width":350,"height":200,"srcset":"https:\/\/i0.wp.com\/larevistadigital.com.ar\/blog\/wp-content\/uploads\/WhatsApp-Image-2021-06-12-at-16.35.59.jpeg?fit=1200%2C848&ssl=1&resize=350%2C200 1x, https:\/\/i0.wp.com\/larevistadigital.com.ar\/blog\/wp-content\/uploads\/WhatsApp-Image-2021-06-12-at-16.35.59.jpeg?fit=1200%2C848&ssl=1&resize=525%2C300 1.5x, https:\/\/i0.wp.com\/larevistadigital.com.ar\/blog\/wp-content\/uploads\/WhatsApp-Image-2021-06-12-at-16.35.59.jpeg?fit=1200%2C848&ssl=1&resize=700%2C400 2x, https:\/\/i0.wp.com\/larevistadigital.com.ar\/blog\/wp-content\/uploads\/WhatsApp-Image-2021-06-12-at-16.35.59.jpeg?fit=1200%2C848&ssl=1&resize=1050%2C600 3x"},"classes":[]},{"id":20782,"url":"https:\/\/larevistadigital.com.ar\/blog\/los-vecinos-de-chascomus-se-movilizan-el-lunes-contra-la-instalacion-ilegal-del-basurero\/","url_meta":{"origin":21489,"position":2},"title":"LOS VECINOS DE CHASCOM\u00daS SE MOVILIZAN EL LUNES CONTRA LA INSTALACI\u00d3N ILEGAL DEL BASURERO","author":"Alejandro Sosa Ruda","date":"18 junio, 2021","format":false,"excerpt":"Los vecinos autoconvocados de la ruta 20, y el distrito en general se pronunciar\u00e1n el pr\u00f3ximo lunes 21 de junio a partir de las 15 hs. a la vera de la ruta en el cruce de ruta 2 y ruta 20, para que no se instale un basurero que provocar\u00eda\u2026","rel":"","context":"En \u00abDESTACADAS\u00bb","block_context":{"text":"DESTACADAS","link":"https:\/\/larevistadigital.com.ar\/blog\/category\/destacadas\/"},"img":{"alt_text":"","src":"https:\/\/i0.wp.com\/larevistadigital.com.ar\/blog\/wp-content\/uploads\/WhatsApp-Image-2021-06-18-at-12.23.43.jpeg?fit=646%2C638&ssl=1&resize=350%2C200","width":350,"height":200,"srcset":"https:\/\/i0.wp.com\/larevistadigital.com.ar\/blog\/wp-content\/uploads\/WhatsApp-Image-2021-06-18-at-12.23.43.jpeg?fit=646%2C638&ssl=1&resize=350%2C200 1x, https:\/\/i0.wp.com\/larevistadigital.com.ar\/blog\/wp-content\/uploads\/WhatsApp-Image-2021-06-18-at-12.23.43.jpeg?fit=646%2C638&ssl=1&resize=525%2C300 1.5x"},"classes":[]},{"id":19607,"url":"https:\/\/larevistadigital.com.ar\/blog\/los-medios-nacionales-reflejaron-la-manifestacion-a-la-vera-de-la-ruta-2-contra-la-instalacion-del-basural-en-inmediaciones-de-la-ruta-20\/","url_meta":{"origin":21489,"position":3},"title":"LOS MEDIOS NACIONALES REFLEJARON LA MANIFESTACI\u00d3N A LA VERA DE LA RUTA 2 CONTRA LA INSTALACI\u00d3N DEL BASURAL EN INMEDIACIONES  DE LA RUTA 20","author":"Alejandro Sosa Ruda","date":"5 abril, 2021","format":false,"excerpt":"Durante la jornada de ayer, se llev\u00f3 a cabo una manifestaci\u00f3n a la vera de la ruta 2 por parte de vecinos autoconvocados de Chascom\u00fas, particularmente quienes tienen sus propiedades en las inmediaciones de la ruta 20, aunque contando con el acompa\u00f1amiento de quienes no viven en esa zona, pero\u2026","rel":"","context":"En \u00abINTERES GENERAL\u00bb","block_context":{"text":"INTERES GENERAL","link":"https:\/\/larevistadigital.com.ar\/blog\/category\/interes-general\/"},"img":{"alt_text":"","src":"https:\/\/i0.wp.com\/larevistadigital.com.ar\/blog\/wp-content\/uploads\/WhatsApp-Image-2021-04-04-at-18.42.53.jpeg?fit=1200%2C750&ssl=1&resize=350%2C200","width":350,"height":200,"srcset":"https:\/\/i0.wp.com\/larevistadigital.com.ar\/blog\/wp-content\/uploads\/WhatsApp-Image-2021-04-04-at-18.42.53.jpeg?fit=1200%2C750&ssl=1&resize=350%2C200 1x, https:\/\/i0.wp.com\/larevistadigital.com.ar\/blog\/wp-content\/uploads\/WhatsApp-Image-2021-04-04-at-18.42.53.jpeg?fit=1200%2C750&ssl=1&resize=525%2C300 1.5x, https:\/\/i0.wp.com\/larevistadigital.com.ar\/blog\/wp-content\/uploads\/WhatsApp-Image-2021-04-04-at-18.42.53.jpeg?fit=1200%2C750&ssl=1&resize=700%2C400 2x, https:\/\/i0.wp.com\/larevistadigital.com.ar\/blog\/wp-content\/uploads\/WhatsApp-Image-2021-04-04-at-18.42.53.jpeg?fit=1200%2C750&ssl=1&resize=1050%2C600 3x"},"classes":[]},{"id":22814,"url":"https:\/\/larevistadigital.com.ar\/blog\/se-convoca-a-marcha-contra-el-basurero-regional-para-el-proximo-jueves-2-12\/","url_meta":{"origin":21489,"position":4},"title":"SE CONVOCA A MARCHA CONTRA EL BASURERO REGIONAL, PARA EL PR\u00d3XIMO JUEVES 2\/12","author":"Alejandro Sosa Ruda","date":"1 diciembre, 2021","format":false,"excerpt":"Los vecinos autoconvocados sostiene que, el ejecutivo local pretende votar un acuerdo con el Ministerio que deja una puerta abierta a instalar un basurero regional, en la pr\u00f3xima sesi\u00f3n del Concejo Deliberante, aprovechando la mayor\u00eda que se les termina en unos d\u00edas. COMUNICADO DE PRENSA Los Autoconvocados de R20 denunciamos\u2026","rel":"","context":"En \u00abCHASCOM\u00daS\u00bb","block_context":{"text":"CHASCOM\u00daS","link":"https:\/\/larevistadigital.com.ar\/blog\/category\/chascomus\/"},"img":{"alt_text":"","src":"https:\/\/i0.wp.com\/larevistadigital.com.ar\/blog\/wp-content\/uploads\/WhatsApp-Image-2021-11-29-at-20.09.39.jpeg?fit=1200%2C1199&ssl=1&resize=350%2C200","width":350,"height":200,"srcset":"https:\/\/i0.wp.com\/larevistadigital.com.ar\/blog\/wp-content\/uploads\/WhatsApp-Image-2021-11-29-at-20.09.39.jpeg?fit=1200%2C1199&ssl=1&resize=350%2C200 1x, https:\/\/i0.wp.com\/larevistadigital.com.ar\/blog\/wp-content\/uploads\/WhatsApp-Image-2021-11-29-at-20.09.39.jpeg?fit=1200%2C1199&ssl=1&resize=525%2C300 1.5x, https:\/\/i0.wp.com\/larevistadigital.com.ar\/blog\/wp-content\/uploads\/WhatsApp-Image-2021-11-29-at-20.09.39.jpeg?fit=1200%2C1199&ssl=1&resize=700%2C400 2x, https:\/\/i0.wp.com\/larevistadigital.com.ar\/blog\/wp-content\/uploads\/WhatsApp-Image-2021-11-29-at-20.09.39.jpeg?fit=1200%2C1199&ssl=1&resize=1050%2C600 3x"},"classes":[]},{"id":21087,"url":"https:\/\/larevistadigital.com.ar\/blog\/el-predio-de-la-ruta-20-que-se-quiere-destinar-para-basurero-no-es-apto-comunicado-de-vecinos-autoconvocados\/","url_meta":{"origin":21489,"position":5},"title":"EL PREDIO DE LA RUTA 20 QUE SE QUIERE DESTINAR PARA BASURERO, NO ES APTO. (COMUNICADO DE VECINOS AUTOCONVOCADOS)","author":"Alejandro Sosa Ruda","date":"12 julio, 2021","format":false,"excerpt":"COMUNICADO DE PRENSA Los vecinos autoconvocados de Ruta 20 desmentimos que el BID haya declarado \u201cAPTO\u201d el predio propuesto para basural: el municipio oculta las objeciones realizadas al informe de elegibilidad presentado Los vecinos autoconvocados contra el basural ilegal de Ruta 20 informamos que el Informe de elegibilidad ambiental del\u2026","rel":"","context":"En \u00abINTERES GENERAL\u00bb","block_context":{"text":"INTERES GENERAL","link":"https:\/\/larevistadigital.com.ar\/blog\/category\/interes-general\/"},"img":{"alt_text":"","src":"https:\/\/i0.wp.com\/larevistadigital.com.ar\/blog\/wp-content\/uploads\/WhatsApp-Image-2021-07-09-at-18.59.03.jpeg?fit=1200%2C540&ssl=1&resize=350%2C200","width":350,"height":200,"srcset":"https:\/\/i0.wp.com\/larevistadigital.com.ar\/blog\/wp-content\/uploads\/WhatsApp-Image-2021-07-09-at-18.59.03.jpeg?fit=1200%2C540&ssl=1&resize=350%2C200 1x, https:\/\/i0.wp.com\/larevistadigital.com.ar\/blog\/wp-content\/uploads\/WhatsApp-Image-2021-07-09-at-18.59.03.jpeg?fit=1200%2C540&ssl=1&resize=525%2C300 1.5x, https:\/\/i0.wp.com\/larevistadigital.com.ar\/blog\/wp-content\/uploads\/WhatsApp-Image-2021-07-09-at-18.59.03.jpeg?fit=1200%2C540&ssl=1&resize=700%2C400 2x, https:\/\/i0.wp.com\/larevistadigital.com.ar\/blog\/wp-content\/uploads\/WhatsApp-Image-2021-07-09-at-18.59.03.jpeg?fit=1200%2C540&ssl=1&resize=1050%2C600 3x"},"classes":[]}],"_links":{"self":[{"href":"https:\/\/larevistadigital.com.ar\/blog\/wp-json\/wp\/v2\/posts\/21489","targetHints":{"allow":["GET"]}}],"collection":[{"href":"https:\/\/larevistadigital.com.ar\/blog\/wp-json\/wp\/v2\/posts"}],"about":[{"href":"https:\/\/larevistadigital.com.ar\/blog\/wp-json\/wp\/v2\/types\/post"}],"author":[{"embeddable":true,"href":"https:\/\/larevistadigital.com.ar\/blog\/wp-json\/wp\/v2\/users\/3"}],"replies":[{"embeddable":true,"href":"https:\/\/larevistadigital.com.ar\/blog\/wp-json\/wp\/v2\/comments?post=21489"}],"version-history":[{"count":2,"href":"https:\/\/larevistadigital.com.ar\/blog\/wp-json\/wp\/v2\/posts\/21489\/revisions"}],"predecessor-version":[{"id":21499,"href":"https:\/\/larevistadigital.com.ar\/blog\/wp-json\/wp\/v2\/posts\/21489\/revisions\/21499"}],"wp:featuredmedia":[{"embeddable":true,"href":"https:\/\/larevistadigital.com.ar\/blog\/wp-json\/wp\/v2\/media\/9553"}],"wp:attachment":[{"href":"https:\/\/larevistadigital.com.ar\/blog\/wp-json\/wp\/v2\/media?parent=21489"}],"wp:term":[{"taxonomy":"category","embeddable":true,"href":"https:\/\/larevistadigital.com.ar\/blog\/wp-json\/wp\/v2\/categories?post=21489"},{"taxonomy":"post_tag","embeddable":true,"href":"https:\/\/larevistadigital.com.ar\/blog\/wp-json\/wp\/v2\/tags?post=21489"}],"curies":[{"name":"wp","href":"https:\/\/api.w.org\/{rel}","templated":true}]}}