{"id":21493,"date":"2021-08-11T02:33:15","date_gmt":"2021-08-11T02:33:15","guid":{"rendered":"https:\/\/larevistadigital.com.ar\/blog\/?p=21493"},"modified":"2021-08-11T02:33:15","modified_gmt":"2021-08-11T02:33:15","slug":"detienen-un-hombre-por-producir-y-distribuir-pornografia-infantil","status":"publish","type":"post","link":"https:\/\/larevistadigital.com.ar\/blog\/detienen-un-hombre-por-producir-y-distribuir-pornografia-infantil\/","title":{"rendered":"DETIENEN UN HOMBRE POR PRODUCIR Y DISTRIBUIR PORNOGRAF\u00cdA INFANTIL"},"content":{"rendered":"<p><strong>PILA &#8211;<\/strong>\u00a0 Un joven de 23 a\u00f1os fue detenido en Pila acusado de producir, tener y distribuir pornograf\u00eda infantil luego de un allanamiento realizado hoy tras una denuncia reportada por Missing Children, informaron fuentes judiciales y de la Polic\u00eda.<\/p>\n<blockquote>\n<h3>El operativo se desarroll\u00f3 en una vivienda de la calle 14 entre 15 y 17 por personal de la Polic\u00eda Federal de Chascom\u00fas y la asistencia de la Divisi\u00f3n de Comunicaciones de la misma fuerza, todo bajo la supervisi\u00f3n del fiscal Walter M\u00e9rcuri, especializado en la tem\u00e1tica del Departamento Judicial de Dolores.<\/h3>\n<\/blockquote>\n<p>Una fuente judicial explic\u00f3 a Infocielo que se incautaron decenas de videos y varios discos externos con im\u00e1genes con menores en situaci\u00f3n sexual. Adem\u00e1s, los instructores descubrieron elementos que probar\u00edan la producci\u00f3n de material con pornograf\u00eda infantil en la vivienda.<\/p>\n<blockquote>\n<h3>Los detectives identificaron a una nena de 9 a\u00f1os de esa localidad, la que era sometida a filmaciones que luego el aprehendido distribu\u00eda. Los padres de la menor prestaron testimonio ante el fiscal.<\/h3>\n<\/blockquote>\n<p>El joven detenido qued\u00f3 imputado por producci\u00f3n, tenencia y distribuci\u00f3n de pornograf\u00eda infantil agravado y ma\u00f1ana ser\u00e1 indagado.<\/p>\n<p>publicado en entrel\u00edneas.info<\/p>\n","protected":false},"excerpt":{"rendered":"<div class=\"mh-excerpt\"><p>PILA &#8211;\u00a0 Un joven de 23 a\u00f1os fue detenido en Pila acusado de producir, tener y distribuir pornograf\u00eda infantil luego de un allanamiento realizado hoy tras una denuncia reportada por Missing Children, informaron fuentes judiciales <a class=\"mh-excerpt-more\" href=\"https:\/\/larevistadigital.com.ar\/blog\/detienen-un-hombre-por-producir-y-distribuir-pornografia-infantil\/\" title=\"DETIENEN UN HOMBRE POR PRODUCIR Y DISTRIBUIR PORNOGRAF\u00cdA INFANTIL\">[Leer M\u00e1s]<\/a><\/p>\n<\/div>","protected":false},"author":3,"featured_media":21494,"comment_status":"open","ping_status":"open","sticky":false,"template":"","format":"standard","meta":{"_jetpack_memberships_contains_paid_content":false,"footnotes":"","jetpack_publicize_message":"","jetpack_publicize_feature_enabled":true,"jetpack_social_post_already_shared":true,"jetpack_social_options":{"image_generator_settings":{"template":"highway","default_image_id":0,"font":"","enabled":false},"version":2}},"categories":[44,51],"tags":[],"class_list":{"0":"post-21493","1":"post","2":"type-post","3":"status-publish","4":"format-standard","5":"has-post-thumbnail","7":"category-policiales","8":"category-regionales"},"jetpack_publicize_connections":[],"jetpack_featured_media_url":"https:\/\/i0.wp.com\/larevistadigital.com.ar\/blog\/wp-content\/uploads\/40f05acf3d5263245c5af9f7645bd6ea960a8d45.jpg?fit=1140%2C695&ssl=1","jetpack_sharing_enabled":true,"jetpack_shortlink":"https:\/\/wp.me\/p8qtrQ-5AF","jetpack-related-posts":[{"id":21315,"url":"https:\/\/larevistadigital.com.ar\/blog\/cae-joven-de-ayacucho-por-denuncia-de-missing-children-de-distribuir-pornografia-infantil\/","url_meta":{"origin":21493,"position":0},"title":"CAE JOVEN DE AYACUCHO POR DENUNCIA DE MISSING CHILDREN DE \u00abDISTRIBUIR PORNOGRAF\u00cdA INFANTIL\u00bb","author":"Alejandro Sosa Ruda","date":"30 julio, 2021","format":false,"excerpt":"Efectivos de la Polic\u00eda Federal allanaron el domicilio donde secuestraron elementos de inter\u00e9s para la investigaci\u00f3n. El aprehendido tiene 26 a\u00f1os. AYACUCHO - Un joven de 26 a\u00f1os fue aprehendido hoy en Ayacucho, tras un allanamiento dispuesto a ra\u00edz de una denuncia de Missing Children por tenencia y distribuci\u00f3n de\u2026","rel":"","context":"En \u00abPOLICIALES\u00bb","block_context":{"text":"POLICIALES","link":"https:\/\/larevistadigital.com.ar\/blog\/category\/policiales\/"},"img":{"alt_text":"","src":"https:\/\/i0.wp.com\/larevistadigital.com.ar\/blog\/wp-content\/uploads\/20842e55253d94d8f5b4858f1cccc5a19f27af2e.jpg?fit=1140%2C647&ssl=1&resize=350%2C200","width":350,"height":200,"srcset":"https:\/\/i0.wp.com\/larevistadigital.com.ar\/blog\/wp-content\/uploads\/20842e55253d94d8f5b4858f1cccc5a19f27af2e.jpg?fit=1140%2C647&ssl=1&resize=350%2C200 1x, https:\/\/i0.wp.com\/larevistadigital.com.ar\/blog\/wp-content\/uploads\/20842e55253d94d8f5b4858f1cccc5a19f27af2e.jpg?fit=1140%2C647&ssl=1&resize=525%2C300 1.5x, https:\/\/i0.wp.com\/larevistadigital.com.ar\/blog\/wp-content\/uploads\/20842e55253d94d8f5b4858f1cccc5a19f27af2e.jpg?fit=1140%2C647&ssl=1&resize=700%2C400 2x, https:\/\/i0.wp.com\/larevistadigital.com.ar\/blog\/wp-content\/uploads\/20842e55253d94d8f5b4858f1cccc5a19f27af2e.jpg?fit=1140%2C647&ssl=1&resize=1050%2C600 3x"},"classes":[]},{"id":10591,"url":"https:\/\/larevistadigital.com.ar\/blog\/ranchos-detienen-a-mujer-que-distribuia-pornografia-infantil\/","url_meta":{"origin":21493,"position":1},"title":"RANCHOS: DETIENEN A MUJER QUE DISTRIBU\u00cdA PORNOGRAF\u00cdA INFANTIL","author":"Alejandro Sosa Ruda","date":"13 junio, 2019","format":false,"excerpt":"Operativo a pedido del Departamento judicial La Plata en la localidad de Ranchos. Este mi\u00e9rcoles por la noche agentes de la Delegaci\u00f3n de Policia Federal La Plata detuvieron a una mujer acusada de distribuci\u00f3n de pornograf\u00eda infantil en la localidad bonaerense de Ranchos. La implicada era investigada por la fiscal\u2026","rel":"","context":"En \u00abPOLICIALES\u00bb","block_context":{"text":"POLICIALES","link":"https:\/\/larevistadigital.com.ar\/blog\/category\/policiales\/"},"img":{"alt_text":"","src":"https:\/\/i0.wp.com\/larevistadigital.com.ar\/blog\/wp-content\/uploads\/Screenshot_3.jpg?fit=833%2C628&ssl=1&resize=350%2C200","width":350,"height":200,"srcset":"https:\/\/i0.wp.com\/larevistadigital.com.ar\/blog\/wp-content\/uploads\/Screenshot_3.jpg?fit=833%2C628&ssl=1&resize=350%2C200 1x, https:\/\/i0.wp.com\/larevistadigital.com.ar\/blog\/wp-content\/uploads\/Screenshot_3.jpg?fit=833%2C628&ssl=1&resize=525%2C300 1.5x, https:\/\/i0.wp.com\/larevistadigital.com.ar\/blog\/wp-content\/uploads\/Screenshot_3.jpg?fit=833%2C628&ssl=1&resize=700%2C400 2x"},"classes":[]},{"id":19689,"url":"https:\/\/larevistadigital.com.ar\/blog\/dolores-imputan-a-menor-por-distribucion-de-pornografia-infantil\/","url_meta":{"origin":21493,"position":2},"title":"DOLORES: IMPUTAN A MENOR POR DISTRIBUCI\u00d3N DE PORNOGRAF\u00cdA INFANTIL","author":"Alejandro Sosa Ruda","date":"16 abril, 2021","format":false,"excerpt":"Tras una importante investigaci\u00f3n, efectivos de la Polic\u00eda Federal concretaron un allanamiento en una vivienda. Secuestraron elementos relacionados con la causa. DOLORES - Un adolescente de Dolores qued\u00f3 imputado en una causa por \u201cDistribuci\u00f3n de pornograf\u00eda infantil\u201d, luego de una denuncia realizada por Missing Children que deriv\u00f3 en una importante\u2026","rel":"","context":"En \u00abDOLORES\u00bb","block_context":{"text":"DOLORES","link":"https:\/\/larevistadigital.com.ar\/blog\/category\/dolores\/"},"img":{"alt_text":"","src":"https:\/\/i0.wp.com\/larevistadigital.com.ar\/blog\/wp-content\/uploads\/a915205de3e4e1b87bfe9d41755d1544e947d626.jpg?fit=1140%2C739&ssl=1&resize=350%2C200","width":350,"height":200,"srcset":"https:\/\/i0.wp.com\/larevistadigital.com.ar\/blog\/wp-content\/uploads\/a915205de3e4e1b87bfe9d41755d1544e947d626.jpg?fit=1140%2C739&ssl=1&resize=350%2C200 1x, https:\/\/i0.wp.com\/larevistadigital.com.ar\/blog\/wp-content\/uploads\/a915205de3e4e1b87bfe9d41755d1544e947d626.jpg?fit=1140%2C739&ssl=1&resize=525%2C300 1.5x, https:\/\/i0.wp.com\/larevistadigital.com.ar\/blog\/wp-content\/uploads\/a915205de3e4e1b87bfe9d41755d1544e947d626.jpg?fit=1140%2C739&ssl=1&resize=700%2C400 2x, https:\/\/i0.wp.com\/larevistadigital.com.ar\/blog\/wp-content\/uploads\/a915205de3e4e1b87bfe9d41755d1544e947d626.jpg?fit=1140%2C739&ssl=1&resize=1050%2C600 3x"},"classes":[]},{"id":21749,"url":"https:\/\/larevistadigital.com.ar\/blog\/villa-gesell-tras-allanamiento-detectan-a-menor-de-13-anos-que-distribuia-pornografia-infantil\/","url_meta":{"origin":21493,"position":3},"title":"VILLA GESELL: TRAS ALLANAMIENTO DETECTAN A MENOR DE 13 A\u00d1OS QUE DISTRIBU\u00cdA PORNOGRAF\u00cdA INFANTIL","author":"Alejandro Sosa Ruda","date":"27 agosto, 2021","format":false,"excerpt":"El operativo se concret\u00f3 tras una nueva denuncia de Missing Children. Se secuestraron dispositivos con im\u00e1genes comprometedoras. El menor no fue detenido. VILLA GESELL - Un chico de 13 a\u00f1os fue identificado en una causa por distribuci\u00f3n de pornograf\u00eda infantil luego de un procedimiento llevado a cabo en Villa Gesell.\u2026","rel":"","context":"En \u00abPOLICIALES\u00bb","block_context":{"text":"POLICIALES","link":"https:\/\/larevistadigital.com.ar\/blog\/category\/policiales\/"},"img":{"alt_text":"","src":"https:\/\/i0.wp.com\/larevistadigital.com.ar\/blog\/wp-content\/uploads\/f5e62e98f40a1807fa152d005878364cc94646d7.jpg?fit=1140%2C641&ssl=1&resize=350%2C200","width":350,"height":200,"srcset":"https:\/\/i0.wp.com\/larevistadigital.com.ar\/blog\/wp-content\/uploads\/f5e62e98f40a1807fa152d005878364cc94646d7.jpg?fit=1140%2C641&ssl=1&resize=350%2C200 1x, https:\/\/i0.wp.com\/larevistadigital.com.ar\/blog\/wp-content\/uploads\/f5e62e98f40a1807fa152d005878364cc94646d7.jpg?fit=1140%2C641&ssl=1&resize=525%2C300 1.5x, https:\/\/i0.wp.com\/larevistadigital.com.ar\/blog\/wp-content\/uploads\/f5e62e98f40a1807fa152d005878364cc94646d7.jpg?fit=1140%2C641&ssl=1&resize=700%2C400 2x, https:\/\/i0.wp.com\/larevistadigital.com.ar\/blog\/wp-content\/uploads\/f5e62e98f40a1807fa152d005878364cc94646d7.jpg?fit=1140%2C641&ssl=1&resize=1050%2C600 3x"},"classes":[]},{"id":19305,"url":"https:\/\/larevistadigital.com.ar\/blog\/general-madariaga-allanan-4-casas-por-una-causa-de-pornografia-infantil\/","url_meta":{"origin":21493,"position":4},"title":"GENERAL MADARIAGA: ALLANAN 4 CASAS POR UNA CAUSA DE PORNOGRAF\u00cdA INFANTIL","author":"Alejandro Sosa Ruda","date":"18 marzo, 2021","format":false,"excerpt":"Las v\u00edctimas ser\u00edan ni\u00f1as de entre 3 y 11 a\u00f1os. Sus padres y otro adulto estar\u00edan involucrados. GENERAL MADARIAGA - Una investigaci\u00f3n iniciada en General Madariaga por difusi\u00f3n de pornograf\u00eda infantil termin\u00f3 con una serie de allanamientos durante la tarde de ayer en viviendas del barrio Belgrano, en una causa\u2026","rel":"","context":"En \u00abINTERES GENERAL\u00bb","block_context":{"text":"INTERES GENERAL","link":"https:\/\/larevistadigital.com.ar\/blog\/category\/interes-general\/"},"img":{"alt_text":"","src":"https:\/\/i0.wp.com\/larevistadigital.com.ar\/blog\/wp-content\/uploads\/815a56f8316cf2896e489e6e5dfdfe3434b1aeef.jpg?fit=1140%2C623&ssl=1&resize=350%2C200","width":350,"height":200,"srcset":"https:\/\/i0.wp.com\/larevistadigital.com.ar\/blog\/wp-content\/uploads\/815a56f8316cf2896e489e6e5dfdfe3434b1aeef.jpg?fit=1140%2C623&ssl=1&resize=350%2C200 1x, https:\/\/i0.wp.com\/larevistadigital.com.ar\/blog\/wp-content\/uploads\/815a56f8316cf2896e489e6e5dfdfe3434b1aeef.jpg?fit=1140%2C623&ssl=1&resize=525%2C300 1.5x, https:\/\/i0.wp.com\/larevistadigital.com.ar\/blog\/wp-content\/uploads\/815a56f8316cf2896e489e6e5dfdfe3434b1aeef.jpg?fit=1140%2C623&ssl=1&resize=700%2C400 2x, https:\/\/i0.wp.com\/larevistadigital.com.ar\/blog\/wp-content\/uploads\/815a56f8316cf2896e489e6e5dfdfe3434b1aeef.jpg?fit=1140%2C623&ssl=1&resize=1050%2C600 3x"},"classes":[]},{"id":22573,"url":"https:\/\/larevistadigital.com.ar\/blog\/allanan-vivienda-en-villa-gesell-y-detienen-a-un-hombre-por-distribucion-de-pornografia-infantil\/","url_meta":{"origin":21493,"position":5},"title":"ALLANAN VIVIENDA EN VILLA GESELL Y DETIENEN A UN HOMBRE POR DISTRIBUCI\u00d3N DE PORNOGRAF\u00cdA INFANTIL","author":"Alejandro Sosa Ruda","date":"4 noviembre, 2021","format":false,"excerpt":"El procedimiento form\u00f3 parte de un megaoperativo que incluy\u00f3 52 allanamientos en simult\u00e1neo en 20 ciudades de la provincia de Buenos Aires y dej\u00f3 como saldo a 13 detenidos. VILLA GESELL\u00a0 -La Polic\u00eda Bonaerense\u00a0y la\u00a0Divisi\u00f3n Delitos Cibern\u00e9ticos contra la Ni\u00f1ez y Adolescencia, junto a la agencia estadounidense\u00a0Homeland Security,\u00a0llevaron a cabo\u2026","rel":"","context":"En \u00abPOLICIALES\u00bb","block_context":{"text":"POLICIALES","link":"https:\/\/larevistadigital.com.ar\/blog\/category\/policiales\/"},"img":{"alt_text":"","src":"https:\/\/i0.wp.com\/larevistadigital.com.ar\/blog\/wp-content\/uploads\/74601396d5e46106281290cf025322683661a956.jpg?fit=1140%2C547&ssl=1&resize=350%2C200","width":350,"height":200,"srcset":"https:\/\/i0.wp.com\/larevistadigital.com.ar\/blog\/wp-content\/uploads\/74601396d5e46106281290cf025322683661a956.jpg?fit=1140%2C547&ssl=1&resize=350%2C200 1x, https:\/\/i0.wp.com\/larevistadigital.com.ar\/blog\/wp-content\/uploads\/74601396d5e46106281290cf025322683661a956.jpg?fit=1140%2C547&ssl=1&resize=525%2C300 1.5x, https:\/\/i0.wp.com\/larevistadigital.com.ar\/blog\/wp-content\/uploads\/74601396d5e46106281290cf025322683661a956.jpg?fit=1140%2C547&ssl=1&resize=700%2C400 2x, https:\/\/i0.wp.com\/larevistadigital.com.ar\/blog\/wp-content\/uploads\/74601396d5e46106281290cf025322683661a956.jpg?fit=1140%2C547&ssl=1&resize=1050%2C600 3x"},"classes":[]}],"_links":{"self":[{"href":"https:\/\/larevistadigital.com.ar\/blog\/wp-json\/wp\/v2\/posts\/21493","targetHints":{"allow":["GET"]}}],"collection":[{"href":"https:\/\/larevistadigital.com.ar\/blog\/wp-json\/wp\/v2\/posts"}],"about":[{"href":"https:\/\/larevistadigital.com.ar\/blog\/wp-json\/wp\/v2\/types\/post"}],"author":[{"embeddable":true,"href":"https:\/\/larevistadigital.com.ar\/blog\/wp-json\/wp\/v2\/users\/3"}],"replies":[{"embeddable":true,"href":"https:\/\/larevistadigital.com.ar\/blog\/wp-json\/wp\/v2\/comments?post=21493"}],"version-history":[{"count":1,"href":"https:\/\/larevistadigital.com.ar\/blog\/wp-json\/wp\/v2\/posts\/21493\/revisions"}],"predecessor-version":[{"id":21495,"href":"https:\/\/larevistadigital.com.ar\/blog\/wp-json\/wp\/v2\/posts\/21493\/revisions\/21495"}],"wp:featuredmedia":[{"embeddable":true,"href":"https:\/\/larevistadigital.com.ar\/blog\/wp-json\/wp\/v2\/media\/21494"}],"wp:attachment":[{"href":"https:\/\/larevistadigital.com.ar\/blog\/wp-json\/wp\/v2\/media?parent=21493"}],"wp:term":[{"taxonomy":"category","embeddable":true,"href":"https:\/\/larevistadigital.com.ar\/blog\/wp-json\/wp\/v2\/categories?post=21493"},{"taxonomy":"post_tag","embeddable":true,"href":"https:\/\/larevistadigital.com.ar\/blog\/wp-json\/wp\/v2\/tags?post=21493"}],"curies":[{"name":"wp","href":"https:\/\/api.w.org\/{rel}","templated":true}]}}