{"id":21496,"date":"2021-08-11T02:39:14","date_gmt":"2021-08-11T02:39:14","guid":{"rendered":"https:\/\/larevistadigital.com.ar\/blog\/?p=21496"},"modified":"2021-08-11T02:39:14","modified_gmt":"2021-08-11T02:39:14","slug":"pinamar-vandalizaron-5-tumbas","status":"publish","type":"post","link":"https:\/\/larevistadigital.com.ar\/blog\/pinamar-vandalizaron-5-tumbas\/","title":{"rendered":"PINAMAR: VANDALIZARON 5 TUMBAS"},"content":{"rendered":"<h2 class=\"nota__hero__summary\">El ingreso de los delincuentes al lugar se habr\u00eda producido en la tarde noche del domingo. Tambi\u00e9n arrancaron y se llevaron una computadora de riego. Una de las tumbas da\u00f1adas fue la de Tiziana Alcal\u00e1, la joven por quien su padre reclama Justicia.<\/h2>\n<p><strong>PINAMAR &#8211;<\/strong> Un delito vand\u00e1lico se produjo el pasado fin de semana en el cementerio parque de Pinamar, donde al menos 5 tumbas fueron da\u00f1as por desconocidos. Los empleados que realizan las tareas de mantenimiento estimaron que el ingreso de los delincuentes al lugar se habr\u00eda producido en la tarde noche del domingo, seg\u00fan consign\u00f3 el portal Pinamardiario.<\/p>\n<blockquote>\n<h3>Los principales destrozos se produjeron en la tumba de Tiziana Alcal\u00e1 y en otras 4 que est\u00e1n a su alrededor. En principio, se cree que levantaron una l\u00e1pida y con ella rompieron las dem\u00e1s.<\/h3>\n<\/blockquote>\n<p>Cabe destacar que <strong>Tiziana<\/strong> muri\u00f3 como consecuencia de las heridas sufridas tras el vuelco del auto en el que viajaba junto a otros 5 j\u00f3venes por la Avenida del Mar, en Pinamar, el 9 julio del a\u00f1o pasado.<\/p>\n<blockquote>\n<h3>Daniel Alcal\u00e1, el padre de Tiziana, ha denunciado en diferentes entrevistas que no se trat\u00f3 de un accidente de tr\u00e1nsito sino de un homicidio culposo y que su reclamo de justicia le vali\u00f3 varias amenazas. Luego de que se vandalizara la tumba de su hija, Daniel lo vincul\u00f3 con la muerte de Tiziana.<\/h3>\n<\/blockquote>\n<p>Los delincuentes no s\u00f3lo vandalizaron las tumbas. Tambi\u00e9n arrancaron y se llevaron una computadora de riego. Se estima que el ingreso al camposanto se produjo por la zona de bosques y alambrados, lugar donde, a diferencia de lo que sucede el frente del cementerio, no hay c\u00e1maras.<\/p>\n<p>Los cuidadores del lugar realizaron la denuncia, por lo que ayer por la tarde personal de la Polic\u00eda Cient\u00edfica trabaj\u00f3 en el cementerio.<\/p>\n","protected":false},"excerpt":{"rendered":"<div class=\"mh-excerpt\"><p>El ingreso de los delincuentes al lugar se habr\u00eda producido en la tarde noche del domingo. Tambi\u00e9n arrancaron y se llevaron una computadora de riego. Una de las tumbas da\u00f1adas fue la de Tiziana Alcal\u00e1, <a class=\"mh-excerpt-more\" href=\"https:\/\/larevistadigital.com.ar\/blog\/pinamar-vandalizaron-5-tumbas\/\" title=\"PINAMAR: VANDALIZARON 5 TUMBAS\">[Leer M\u00e1s]<\/a><\/p>\n<\/div>","protected":false},"author":3,"featured_media":21497,"comment_status":"open","ping_status":"open","sticky":false,"template":"","format":"standard","meta":{"_jetpack_memberships_contains_paid_content":false,"footnotes":"","jetpack_publicize_message":"","jetpack_publicize_feature_enabled":true,"jetpack_social_post_already_shared":true,"jetpack_social_options":{"image_generator_settings":{"template":"highway","default_image_id":0,"font":"","enabled":false},"version":2}},"categories":[44,51],"tags":[],"class_list":{"0":"post-21496","1":"post","2":"type-post","3":"status-publish","4":"format-standard","5":"has-post-thumbnail","7":"category-policiales","8":"category-regionales"},"jetpack_publicize_connections":[],"jetpack_featured_media_url":"https:\/\/i0.wp.com\/larevistadigital.com.ar\/blog\/wp-content\/uploads\/d131313f31b3a93133206c01a1b9fa0762bcede8.png?fit=1140%2C635&ssl=1","jetpack_sharing_enabled":true,"jetpack_shortlink":"https:\/\/wp.me\/p8qtrQ-5AI","jetpack-related-posts":[{"id":39054,"url":"https:\/\/larevistadigital.com.ar\/blog\/una-bruja-en-pinamar-es-la-responsable-de-los-craneos-encontrados\/","url_meta":{"origin":21496,"position":0},"title":"\u00bfUna bruja en Pinamar es la responsable de los cr\u00e1neos encontrados?","author":"Alejandro Sosa Ruda","date":"18 marzo, 2025","format":false,"excerpt":"La Justicia investiga a una mujer de 62 a\u00f1os, sospechosa de profanar tumbas y realizar\u00a0 rituales esot\u00e9ricos. 18 de Marzo de 2025 PINAMAR -\u00a0 La investigaci\u00f3n sobre el hallazgo de cr\u00e1neos y huesos humanos en un terreno de la localidad de Ostende, partido de Pinamar, ha dado sus primeros avances\u2026","rel":"","context":"En \u00abPOLICIALES\u00bb","block_context":{"text":"POLICIALES","link":"https:\/\/larevistadigital.com.ar\/blog\/category\/policiales\/"},"img":{"alt_text":"","src":"https:\/\/i0.wp.com\/larevistadigital.com.ar\/blog\/wp-content\/uploads\/ad87fd70e345d176b416f0eadb91d8bb7bdb12cb.jpg?fit=1140%2C710&ssl=1&resize=350%2C200","width":350,"height":200,"srcset":"https:\/\/i0.wp.com\/larevistadigital.com.ar\/blog\/wp-content\/uploads\/ad87fd70e345d176b416f0eadb91d8bb7bdb12cb.jpg?fit=1140%2C710&ssl=1&resize=350%2C200 1x, https:\/\/i0.wp.com\/larevistadigital.com.ar\/blog\/wp-content\/uploads\/ad87fd70e345d176b416f0eadb91d8bb7bdb12cb.jpg?fit=1140%2C710&ssl=1&resize=525%2C300 1.5x, https:\/\/i0.wp.com\/larevistadigital.com.ar\/blog\/wp-content\/uploads\/ad87fd70e345d176b416f0eadb91d8bb7bdb12cb.jpg?fit=1140%2C710&ssl=1&resize=700%2C400 2x, https:\/\/i0.wp.com\/larevistadigital.com.ar\/blog\/wp-content\/uploads\/ad87fd70e345d176b416f0eadb91d8bb7bdb12cb.jpg?fit=1140%2C710&ssl=1&resize=1050%2C600 3x"},"classes":[]},{"id":19685,"url":"https:\/\/larevistadigital.com.ar\/blog\/pinamar-violenta-entradera-y-tiroteo-con-la-policia\/","url_meta":{"origin":21496,"position":1},"title":"PINAMAR: VIOLENTA ENTRADERA Y TIROTEO CON LA POLIC\u00cdA","author":"Alejandro Sosa Ruda","date":"16 abril, 2021","format":false,"excerpt":"Cuatro delincuentes redujeron a sus v\u00edctimas en una vivienda de un barrio residencial. La maniobra fue advertida por un vecino que dio aviso a la polic\u00eda. Hay dos detenidos. PINAMAR - Una pareja fue v\u00edctima de una brutal entradera cuando cuatro delincuentes ingresaron a su casa, ubicada en un barrio\u2026","rel":"","context":"En \u00abPOLICIALES\u00bb","block_context":{"text":"POLICIALES","link":"https:\/\/larevistadigital.com.ar\/blog\/category\/policiales\/"},"img":{"alt_text":"","src":"https:\/\/i0.wp.com\/larevistadigital.com.ar\/blog\/wp-content\/uploads\/b10a6723d73a7593aed49e1ad968128735f67ce8.jpg?fit=1140%2C640&ssl=1&resize=350%2C200","width":350,"height":200,"srcset":"https:\/\/i0.wp.com\/larevistadigital.com.ar\/blog\/wp-content\/uploads\/b10a6723d73a7593aed49e1ad968128735f67ce8.jpg?fit=1140%2C640&ssl=1&resize=350%2C200 1x, https:\/\/i0.wp.com\/larevistadigital.com.ar\/blog\/wp-content\/uploads\/b10a6723d73a7593aed49e1ad968128735f67ce8.jpg?fit=1140%2C640&ssl=1&resize=525%2C300 1.5x, https:\/\/i0.wp.com\/larevistadigital.com.ar\/blog\/wp-content\/uploads\/b10a6723d73a7593aed49e1ad968128735f67ce8.jpg?fit=1140%2C640&ssl=1&resize=700%2C400 2x, https:\/\/i0.wp.com\/larevistadigital.com.ar\/blog\/wp-content\/uploads\/b10a6723d73a7593aed49e1ad968128735f67ce8.jpg?fit=1140%2C640&ssl=1&resize=1050%2C600 3x"},"classes":[]},{"id":38279,"url":"https:\/\/larevistadigital.com.ar\/blog\/pinamar-detienen-a-dos-policias-vinculados-con-robos\/","url_meta":{"origin":21496,"position":2},"title":"Pinamar: Detienen a dos polic\u00edas vinculados con robos","author":"Alejandro Sosa Ruda","date":"15 diciembre, 2024","format":false,"excerpt":"Los polic\u00edas cayeron luego de revisar los tel\u00e9fonos de dos delincuentes detenidos por un hecho de robo. 15 de Diciembre de 2024 PINAMAR -\u00a0 \u00a0Se desarroll\u00f3 una investigaci\u00f3n, a ra\u00edz de un delito de robo, ocurrido el pasado 31 de octubre en una perfumer\u00eda, cometido por dos delincuentes, donde en\u2026","rel":"","context":"En \u00abPOLICIALES\u00bb","block_context":{"text":"POLICIALES","link":"https:\/\/larevistadigital.com.ar\/blog\/category\/policiales\/"},"img":{"alt_text":"","src":"https:\/\/i0.wp.com\/larevistadigital.com.ar\/blog\/wp-content\/uploads\/541a4e554336e9972378441b98c3f26ae2777498.jpg?fit=1140%2C638&ssl=1&resize=350%2C200","width":350,"height":200,"srcset":"https:\/\/i0.wp.com\/larevistadigital.com.ar\/blog\/wp-content\/uploads\/541a4e554336e9972378441b98c3f26ae2777498.jpg?fit=1140%2C638&ssl=1&resize=350%2C200 1x, https:\/\/i0.wp.com\/larevistadigital.com.ar\/blog\/wp-content\/uploads\/541a4e554336e9972378441b98c3f26ae2777498.jpg?fit=1140%2C638&ssl=1&resize=525%2C300 1.5x, https:\/\/i0.wp.com\/larevistadigital.com.ar\/blog\/wp-content\/uploads\/541a4e554336e9972378441b98c3f26ae2777498.jpg?fit=1140%2C638&ssl=1&resize=700%2C400 2x, https:\/\/i0.wp.com\/larevistadigital.com.ar\/blog\/wp-content\/uploads\/541a4e554336e9972378441b98c3f26ae2777498.jpg?fit=1140%2C638&ssl=1&resize=1050%2C600 3x"},"classes":[]},{"id":43324,"url":"https:\/\/larevistadigital.com.ar\/blog\/otro-accidente-grave-en-la-frontera-de-pinamar-un-nino-de-8-anos-pelea-por-su-vida\/","url_meta":{"origin":21496,"position":3},"title":"Otro accidente grave en La Frontera de Pinamar: un ni\u00f1o de 8 a\u00f1os pelea por su vida","author":"Alejandro Sosa Ruda","date":"13 enero, 2026","format":false,"excerpt":"Un choque frontal entre un UTV y una camioneta volvi\u00f3 a exponer la falta de control y prevenci\u00f3n en una de las zonas m\u00e1s riesgosas del partido de Pinamar. Los accidentes se repiten cada temporada y las respuestas oficiales siguen llegando tarde. 13 de enero de 2026 PINAMAR -\u00a0 Un\u2026","rel":"","context":"En \u00abPOLICIALES\u00bb","block_context":{"text":"POLICIALES","link":"https:\/\/larevistadigital.com.ar\/blog\/category\/policiales\/"},"img":{"alt_text":"","src":"https:\/\/i0.wp.com\/larevistadigital.com.ar\/blog\/wp-content\/uploads\/Captura-de-pantalla-2026-01-13-145359.jpg?fit=700%2C520&ssl=1&resize=350%2C200","width":350,"height":200,"srcset":"https:\/\/i0.wp.com\/larevistadigital.com.ar\/blog\/wp-content\/uploads\/Captura-de-pantalla-2026-01-13-145359.jpg?fit=700%2C520&ssl=1&resize=350%2C200 1x, https:\/\/i0.wp.com\/larevistadigital.com.ar\/blog\/wp-content\/uploads\/Captura-de-pantalla-2026-01-13-145359.jpg?fit=700%2C520&ssl=1&resize=525%2C300 1.5x, https:\/\/i0.wp.com\/larevistadigital.com.ar\/blog\/wp-content\/uploads\/Captura-de-pantalla-2026-01-13-145359.jpg?fit=700%2C520&ssl=1&resize=700%2C400 2x"},"classes":[]},{"id":24984,"url":"https:\/\/larevistadigital.com.ar\/blog\/desbaratan-en-gesell-una-banda-que-cometio-un-violento-robo-en-pinamar\/","url_meta":{"origin":21496,"position":4},"title":"DESBARATAN EN GESELL UNA BANDA QUE COMETI\u00d3 UN VIOLENTO ROBO EN PINAMAR","author":"Alejandro Sosa Ruda","date":"6 abril, 2022","format":false,"excerpt":"Personal policial logr\u00f3 identificar el veh\u00edculo en el que se movilizaban tras el il\u00edcito. Se realizaron varios allanamientos, hay dos aprehendidos y un pr\u00f3fugo. VILLA GESELL -\u00a0 En un operativo conjunto entre\u00a0personal policial de Pinamar y Villa Gesell\u00a0se logr\u00f3 desbaratar una banda de delincuentes que en los \u00faltimos d\u00edas habr\u00edan\u2026","rel":"","context":"En \u00abPOLICIALES\u00bb","block_context":{"text":"POLICIALES","link":"https:\/\/larevistadigital.com.ar\/blog\/category\/policiales\/"},"img":{"alt_text":"","src":"https:\/\/i0.wp.com\/larevistadigital.com.ar\/blog\/wp-content\/uploads\/policia.jpg?fit=800%2C450&ssl=1&resize=350%2C200","width":350,"height":200,"srcset":"https:\/\/i0.wp.com\/larevistadigital.com.ar\/blog\/wp-content\/uploads\/policia.jpg?fit=800%2C450&ssl=1&resize=350%2C200 1x, https:\/\/i0.wp.com\/larevistadigital.com.ar\/blog\/wp-content\/uploads\/policia.jpg?fit=800%2C450&ssl=1&resize=525%2C300 1.5x, https:\/\/i0.wp.com\/larevistadigital.com.ar\/blog\/wp-content\/uploads\/policia.jpg?fit=800%2C450&ssl=1&resize=700%2C400 2x"},"classes":[]},{"id":27040,"url":"https:\/\/larevistadigital.com.ar\/blog\/ostende-violento-robo-a-familia-trabajadora\/","url_meta":{"origin":21496,"position":5},"title":"OSTENDE: VIOLENTO ROBO A FAMILIA TRABAJADORA","author":"Alejandro Sosa Ruda","date":"7 agosto, 2022","format":false,"excerpt":"Los delincuentes ingresaron a la vivienda a cara descubierta y golpearon a los due\u00f1os de casa pidiendo dinero. Un robo con caracter\u00edsticas similares ocurri\u00f3 d\u00edas pasados el empresario Jos\u00e9 Alba en la zona norte de Pinamar. OSTENDE -\u00a0 \u00a0El hecho se produjo en una vivienda ubicada en la calle Repetto\u2026","rel":"","context":"En \u00abPOLICIALES\u00bb","block_context":{"text":"POLICIALES","link":"https:\/\/larevistadigital.com.ar\/blog\/category\/policiales\/"},"img":{"alt_text":"","src":"https:\/\/i0.wp.com\/larevistadigital.com.ar\/blog\/wp-content\/uploads\/20220806154500_violento-robo-a-una-familia-trabajadora-de-ostende.jpg?fit=880%2C512&ssl=1&resize=350%2C200","width":350,"height":200,"srcset":"https:\/\/i0.wp.com\/larevistadigital.com.ar\/blog\/wp-content\/uploads\/20220806154500_violento-robo-a-una-familia-trabajadora-de-ostende.jpg?fit=880%2C512&ssl=1&resize=350%2C200 1x, https:\/\/i0.wp.com\/larevistadigital.com.ar\/blog\/wp-content\/uploads\/20220806154500_violento-robo-a-una-familia-trabajadora-de-ostende.jpg?fit=880%2C512&ssl=1&resize=525%2C300 1.5x, https:\/\/i0.wp.com\/larevistadigital.com.ar\/blog\/wp-content\/uploads\/20220806154500_violento-robo-a-una-familia-trabajadora-de-ostende.jpg?fit=880%2C512&ssl=1&resize=700%2C400 2x"},"classes":[]}],"_links":{"self":[{"href":"https:\/\/larevistadigital.com.ar\/blog\/wp-json\/wp\/v2\/posts\/21496","targetHints":{"allow":["GET"]}}],"collection":[{"href":"https:\/\/larevistadigital.com.ar\/blog\/wp-json\/wp\/v2\/posts"}],"about":[{"href":"https:\/\/larevistadigital.com.ar\/blog\/wp-json\/wp\/v2\/types\/post"}],"author":[{"embeddable":true,"href":"https:\/\/larevistadigital.com.ar\/blog\/wp-json\/wp\/v2\/users\/3"}],"replies":[{"embeddable":true,"href":"https:\/\/larevistadigital.com.ar\/blog\/wp-json\/wp\/v2\/comments?post=21496"}],"version-history":[{"count":1,"href":"https:\/\/larevistadigital.com.ar\/blog\/wp-json\/wp\/v2\/posts\/21496\/revisions"}],"predecessor-version":[{"id":21498,"href":"https:\/\/larevistadigital.com.ar\/blog\/wp-json\/wp\/v2\/posts\/21496\/revisions\/21498"}],"wp:featuredmedia":[{"embeddable":true,"href":"https:\/\/larevistadigital.com.ar\/blog\/wp-json\/wp\/v2\/media\/21497"}],"wp:attachment":[{"href":"https:\/\/larevistadigital.com.ar\/blog\/wp-json\/wp\/v2\/media?parent=21496"}],"wp:term":[{"taxonomy":"category","embeddable":true,"href":"https:\/\/larevistadigital.com.ar\/blog\/wp-json\/wp\/v2\/categories?post=21496"},{"taxonomy":"post_tag","embeddable":true,"href":"https:\/\/larevistadigital.com.ar\/blog\/wp-json\/wp\/v2\/tags?post=21496"}],"curies":[{"name":"wp","href":"https:\/\/api.w.org\/{rel}","templated":true}]}}