{"id":21503,"date":"2021-08-11T13:06:59","date_gmt":"2021-08-11T13:06:59","guid":{"rendered":"https:\/\/larevistadigital.com.ar\/blog\/?p=21503"},"modified":"2021-08-11T13:06:59","modified_gmt":"2021-08-11T13:06:59","slug":"stolbizer-facundo-manes-nos-permite-salir-del-discurso-de-la-grieta","status":"publish","type":"post","link":"https:\/\/larevistadigital.com.ar\/blog\/stolbizer-facundo-manes-nos-permite-salir-del-discurso-de-la-grieta\/","title":{"rendered":"STOLBIZER: \u00abFACUNDO MANES NOS PERMITE SALIR DEL DISCURSO DE LA GRIETA\u00bb"},"content":{"rendered":"<h2><strong>Margarita Stolbizer visit\u00f3 la ciudad de La Plata como parte de la campa\u00f1a pol\u00edtica para las pr\u00f3ximas elecciones legislativas PASO del 12 de setiembre.<\/strong><\/h2>\n<blockquote><p><strong><em>En este contexto, la l\u00edder del Gen dijo en su visita a la capital bonaerense que: \u201cManes nos permite discutir de educaci\u00f3n, de ciencia, de conocimiento, de futuro. Nos permite discutir qu\u00e9 pa\u00eds queremos, porque no se trata simplemente de ganar una elecci\u00f3n, sino de discutir un proyecto de pa\u00eds. Nos permite salir del discurso de la grieta\u201d<\/em><\/strong><\/p><\/blockquote>\n<p><strong>Margarita Stolbizer,<\/strong> precandidata a diputada nacional por la lista de <strong>Facundo Manes<\/strong>, que en las pr\u00f3ximas elecciones PASO competir\u00e1 contra la de <strong>Diego Santilli<\/strong> en la provincia de Buenos Aires, visit\u00f3 la ciudad de La Plata ya en modo campa\u00f1a. Antes, m\u00e1s temprano, estuvo en Ensenada llevando a cabo diversas actividades en esa localidad portuaria.<\/p>\n<blockquote>\n<h3>En La Plata, acompa\u00f1ada por los precandidatos a primer diputado y primer concejal, Claudio Frangul y Diego Rovella respectivamente, la exlegisladora nacional del radicalismo y l\u00edder del Gen, se reuni\u00f3 con autoridades del Colegio de Abogados platense, que preside el Dr. Hern\u00e1n Ariel Colli, para trasladarse posteriormente a un local comercial de cale 56 e\/11 y 12 d\u00f3nde brind\u00f3 una conferencia de prensa y tuvo un encuentro con mujeres empresarias y emprendedoras. Finalmente, Stolbizer visit\u00f3 las instalaciones del prestigioso\u00a0<em>Diario El D\u00eda<\/em>, importante e hist\u00f3rico matutino de la ciudad de las diagonales.<\/h3>\n<\/blockquote>\n<p><img data-recalc-dims=\"1\" decoding=\"async\" class=\"td-animation-stack-type0-1\" src=\"https:\/\/i0.wp.com\/www.elteclado.com.ar\/fotos\/2021\/08\/10_stolbizer.jpg?ssl=1\" alt=\"Stolbizer: \u201cla Argentina necesita un proyecto pol\u00edtico, econ\u00f3mico y cultural\u201d\" \/><\/p>\n<p>Ya en conferencia de prensa, <strong>Stolbizer<\/strong> destac\u00f3 el liderazgo de <strong>Facundo Manes<\/strong> en la lista de la cual participa, neg\u00f3 que haya situaciones de agravio entre el Pro y la UCR, y se\u00f1al\u00f3: <em><strong>\u201cLos ciudadanos tienen la precepci\u00f3n que la agenda de los pol\u00edticos va en un sentido y la de ellos en otro, y nuestra misi\u00f3n principal es unir esas dos agendas, demostrar precisamente que nuestra agenda es la de ellos. En este sentido\u2013sum\u00f3\u2013la figura del doctor Facundo Manes viene a representar las preocupaciones que tiene el ciudadano com\u00fan, por venir desde fuera de la pol\u00edtica, por su trayectoria personal y profesional, por ponerse muchas veces del lado de la gente que est\u00e1 sufriendo, y esa percepci\u00f3n de la realidad que tiene nos pone a nosotros en inmejorables condiciones para poder unificar esas dos agendas que mencionaba anteriormente\u201d<\/strong><\/em>.<\/p>\n<p>Siempre en ese maco, <strong>Stolbizer<\/strong> indic\u00f3 que<strong><em> \u201cJustamente Facundo (Manes) representa para nosotros un valor simb\u00f3lico con respecto a llevar adelante un proyecto progresista, por lo que significa en t\u00e9rminos pol\u00edticos e ideol\u00f3gicos esa representaci\u00f3n del ciudadano y ciudadana de clase media. Su discurso, asimismo, brinda mucho contenido para el debate general, un debate hasta ahora pobre de contenido, que se apoya b\u00e1sicamente en la cuesti\u00f3n de la herencia pol\u00edtica y econ\u00f3mica, la confrontaci\u00f3n permanente y la grieta. Manes nos permite salir de eso y discutir la educaci\u00f3n, la ciencia, el conocimiento y el futuro\u201d<\/em><\/strong>.<\/p>\n<p><img data-recalc-dims=\"1\" decoding=\"async\" class=\"td-animation-stack-type0-1\" src=\"https:\/\/i0.wp.com\/www.elteclado.com.ar\/fotos\/2021\/08\/1628624898.JPG?ssl=1\" \/><\/p>\n<p>Ante medios de comunicaci\u00f3n locales y regionales, y consultada sobre las propuestas concretas de su espacio de cara a la dif\u00edcil situaci\u00f3n social, laboral y econ\u00f3mica que se est\u00e1 atravesando en esta grave pandemia, <strong>Stolbizer<\/strong> respondi\u00f3 que: <strong><em>\u201cSabemos que es imposible construir una idea de futuro si no entendemos los problemas que tenemos y los resolvemos. Tenemos una mirada sumamente cr\u00edtica de lo que ha sido la gesti\u00f3n del gobierno durante esta pandemia en los tres aspectos centrales, pero sobre todo en materia sanitaria, y puntualmente en lo que se refiere a la incertidumbre en la cuesti\u00f3n vacunas, su falta de transparencia en las compras, en saber cu\u00e1ndo van a llegar y con qu\u00e9 rapidez se van a aplicar, en el desprop\u00f3sito de los vacunatorios vips, y tambi\u00e9n la falta de ejemplaridad por las entradas y salidas de Olivos de diferentes personas en medio de una cuarentena que debi\u00f3 ser estricta para todos. Mientras hubo gente que no pudo despedir a sus seres queridos, en la quinta presidencial no faltaban los festejos de cumplea\u00f1os y los asados entre los amigos del poder\u201d.<\/em><\/strong><\/p>\n<blockquote>\n<h3>Finalmente, Stolbizer advirti\u00f3 que \u201cgeneralmente las coaliciones se arman para ganar elecciones, pero no siempre gobiernan bien\u201d, y remarc\u00f3 que la Argentina \u201cnecesita no solamente un proyecto pol\u00edtico, econ\u00f3mico y social, sino tambi\u00e9n una propuesta de tipo cultural que vuelva a poner en la mayor\u00eda de los ciudadanos y ciudadanas el valor del esfuerzo, el trabajo, la perseverancia, el respeto y el sentido de igualdad ante la ley\u201d.<\/h3>\n<\/blockquote>\n<p>Por su parte, los radicales platense <strong>Claudio Frangul y Diego Rovella<\/strong>, al ser consultados por este medio luego de la conferencia de prensa destacaron la importancia de la visita de <strong>Margarita Stolbizer<\/strong> a La Plata <em><strong>\u201cpor ser una dirigente de reconocido prestigio personal y pol\u00edtico\u201d<\/strong><\/em> y la consideraron <strong><em>\u201cun valor destacado dentro de la lista de Facundo Manes y seguramente lo volver\u00e1 a ser en su actividad en el marco del Congreso de la Naci\u00f3n, d\u00f3nde ya ocup\u00f3 bancas en el bloque de la Uni\u00f3n C\u00edvica Radical\u201d.\u00a0(Imagen principal: Margarita Stolbizer durante la conferencia de prensa en La Plata; a su derecha Claudio Frangul y a su izquierda Diego Rovella)<\/em><\/strong><\/p>\n<p><strong><em>ADNbaires<\/em><\/strong><\/p>\n","protected":false},"excerpt":{"rendered":"<div class=\"mh-excerpt\"><p>Margarita Stolbizer visit\u00f3 la ciudad de La Plata como parte de la campa\u00f1a pol\u00edtica para las pr\u00f3ximas elecciones legislativas PASO del 12 de setiembre. En este contexto, la l\u00edder del Gen dijo en su visita <a class=\"mh-excerpt-more\" href=\"https:\/\/larevistadigital.com.ar\/blog\/stolbizer-facundo-manes-nos-permite-salir-del-discurso-de-la-grieta\/\" title=\"STOLBIZER: \u00abFACUNDO MANES NOS PERMITE SALIR DEL DISCURSO DE LA GRIETA\u00bb\">[Leer M\u00e1s]<\/a><\/p>\n<\/div>","protected":false},"author":3,"featured_media":21505,"comment_status":"open","ping_status":"open","sticky":false,"template":"","format":"standard","meta":{"_jetpack_memberships_contains_paid_content":false,"footnotes":"","jetpack_publicize_message":"","jetpack_publicize_feature_enabled":true,"jetpack_social_post_already_shared":true,"jetpack_social_options":{"image_generator_settings":{"template":"highway","default_image_id":0,"font":"","enabled":false},"version":2}},"categories":[50],"tags":[],"class_list":{"0":"post-21503","1":"post","2":"type-post","3":"status-publish","4":"format-standard","5":"has-post-thumbnail","7":"category-interes-general"},"jetpack_publicize_connections":[],"jetpack_featured_media_url":"https:\/\/i0.wp.com\/larevistadigital.com.ar\/blog\/wp-content\/uploads\/prensa.jpg?fit=900%2C374&ssl=1","jetpack_sharing_enabled":true,"jetpack_shortlink":"https:\/\/wp.me\/p8qtrQ-5AP","jetpack-related-posts":[{"id":21425,"url":"https:\/\/larevistadigital.com.ar\/blog\/facundo-manes-en-la-plata-el-adversario-es-el-kirchnerismo-que-encarna-el-modelo-de-venezuela\/","url_meta":{"origin":21503,"position":0},"title":"FACUNDO MANES EN LA PLATA: \u00abEL ADVERSARIO ES EL KIRCHNER\u00cdSMO QUE ENCARNA EL MODELO DE VENEZUELA\u00bb","author":"Alejandro Sosa Ruda","date":"6 agosto, 2021","format":false,"excerpt":"El precandidato radical a diputado nacional en las pr\u00f3ximas elecciones PASO visit\u00f3 nuevamente la ciudad de La Plata, pero esta vez en modo campa\u00f1a. Manes particip\u00f3 de un encuentro con Padres Organizados frente al Ministerio de Educaci\u00f3n para recorrer posteriormente el centro comercial de la capital bonaerense, brindando una conferencia\u2026","rel":"","context":"En \u00abPOLITICA\u00bb","block_context":{"text":"POLITICA","link":"https:\/\/larevistadigital.com.ar\/blog\/category\/politica\/"},"img":{"alt_text":"","src":"https:\/\/i0.wp.com\/larevistadigital.com.ar\/blog\/wp-content\/uploads\/manes.jpg?fit=900%2C650&ssl=1&resize=350%2C200","width":350,"height":200,"srcset":"https:\/\/i0.wp.com\/larevistadigital.com.ar\/blog\/wp-content\/uploads\/manes.jpg?fit=900%2C650&ssl=1&resize=350%2C200 1x, https:\/\/i0.wp.com\/larevistadigital.com.ar\/blog\/wp-content\/uploads\/manes.jpg?fit=900%2C650&ssl=1&resize=525%2C300 1.5x, https:\/\/i0.wp.com\/larevistadigital.com.ar\/blog\/wp-content\/uploads\/manes.jpg?fit=900%2C650&ssl=1&resize=700%2C400 2x"},"classes":[]},{"id":20938,"url":"https:\/\/larevistadigital.com.ar\/blog\/facundo-manes-en-sintonia-con-el-discurso-de-monzo-necesitamos-lideres-que-nos-unan-no-que-nos-dividan\/","url_meta":{"origin":21503,"position":1},"title":"FACUNDO MANES EN SINTON\u00cdA CON EL DISCURSO DE MONZ\u00d3: \u00abNECESITAMOS L\u00cdDERES QUE NOS UNAN, NO QUE NOS DIVIDAN\u00bb","author":"Alejandro Sosa Ruda","date":"28 junio, 2021","format":false,"excerpt":"El neurocirujano Facundo Manes, quien viaj\u00f3 a Jujuy junto a un grupo de dirigentes radicales para acompa\u00f1ar al gobernador Gerardo Morales en la jornada electoral del domingo en ese distrito, asegur\u00f3 que Juntos por el Cambio necesita \u201cl\u00edderes\u201d como el mandatario juje\u00f1o, que \u201cunan y no que dividan\u201d a la\u2026","rel":"","context":"En \u00abINTERES GENERAL\u00bb","block_context":{"text":"INTERES GENERAL","link":"https:\/\/larevistadigital.com.ar\/blog\/category\/interes-general\/"},"img":{"alt_text":"","src":"https:\/\/i0.wp.com\/larevistadigital.com.ar\/blog\/wp-content\/uploads\/facundo-manes_opt-1140x570-1.jpg?fit=1140%2C570&ssl=1&resize=350%2C200","width":350,"height":200,"srcset":"https:\/\/i0.wp.com\/larevistadigital.com.ar\/blog\/wp-content\/uploads\/facundo-manes_opt-1140x570-1.jpg?fit=1140%2C570&ssl=1&resize=350%2C200 1x, https:\/\/i0.wp.com\/larevistadigital.com.ar\/blog\/wp-content\/uploads\/facundo-manes_opt-1140x570-1.jpg?fit=1140%2C570&ssl=1&resize=525%2C300 1.5x, https:\/\/i0.wp.com\/larevistadigital.com.ar\/blog\/wp-content\/uploads\/facundo-manes_opt-1140x570-1.jpg?fit=1140%2C570&ssl=1&resize=700%2C400 2x, https:\/\/i0.wp.com\/larevistadigital.com.ar\/blog\/wp-content\/uploads\/facundo-manes_opt-1140x570-1.jpg?fit=1140%2C570&ssl=1&resize=1050%2C600 3x"},"classes":[]},{"id":2372,"url":"https:\/\/larevistadigital.com.ar\/blog\/entra-otra-massa-y-stolbizer-sumaron-a-victoria-donda-al-frente-1pais\/","url_meta":{"origin":21503,"position":2},"title":"\u201cENTRA OTRA\u201d \u2026MASSA Y STOLBIZER SUMARON A VICTORIA DONDA AL FRENTE \u201c1PA\u00cdS\u201d","author":"Alejandro Sosa Ruda","date":"11 junio, 2017","format":false,"excerpt":"En una reuni\u00f3n celebrada en el Micro estadio de Argentinos Juniors, entre otras cosas se formaliz\u00f3 el ingreso de \u201cLibres del Sur\u201d al frente que lideran Sergio Massa y Margarita Stolbizer, bautizado con el nombre de \u201c1Pa\u00eds\u201d. El evento cont\u00f3 con la presencia de la diputada nacional Victoria Donda, el\u2026","rel":"","context":"En \u00abDESTACADAS\u00bb","block_context":{"text":"DESTACADAS","link":"https:\/\/larevistadigital.com.ar\/blog\/category\/destacadas\/"},"img":{"alt_text":"","src":"https:\/\/i0.wp.com\/larevistadigital.com.ar\/blog\/wp-content\/uploads\/2017\/06\/5879_620.jpg?fit=620%2C310&ssl=1&resize=350%2C200","width":350,"height":200,"srcset":"https:\/\/i0.wp.com\/larevistadigital.com.ar\/blog\/wp-content\/uploads\/2017\/06\/5879_620.jpg?fit=620%2C310&ssl=1&resize=350%2C200 1x, https:\/\/i0.wp.com\/larevistadigital.com.ar\/blog\/wp-content\/uploads\/2017\/06\/5879_620.jpg?fit=620%2C310&ssl=1&resize=525%2C300 1.5x"},"classes":[]},{"id":26483,"url":"https:\/\/larevistadigital.com.ar\/blog\/la-ucr-platense-presento-una-nueva-agrupacion-referenciada-con-facundo-manes\/","url_meta":{"origin":21503,"position":3},"title":"LA UCR PLATENSE PRESENT\u00d3 UNA NUEVA AGRUPACI\u00d3N REFERENCIADA CON FACUNDO MANES","author":"Alejandro Sosa Ruda","date":"11 julio, 2022","format":false,"excerpt":"Un sector de la Uni\u00f3n C\u00edvica Radical (UCR) de la ciudad de La Plata present\u00f3 una nueva agrupaci\u00f3n pol\u00edtica denominada \"Avancemos\", que tiene como referente a nivel nacional al diputado Facundo Manes. \"Avancemos\" es parte del espacio radical que a nivel nacional conduce el neurocient\u00edfico y diputado nacional Manes, y\u2026","rel":"","context":"En \u00abREGIONALES\u00bb","block_context":{"text":"REGIONALES","link":"https:\/\/larevistadigital.com.ar\/blog\/category\/regionales\/"},"img":{"alt_text":"","src":"https:\/\/i0.wp.com\/larevistadigital.com.ar\/blog\/wp-content\/uploads\/20220710152344_avancemos-manes-juventud-ucr-2.jpg?fit=880%2C512&ssl=1&resize=350%2C200","width":350,"height":200,"srcset":"https:\/\/i0.wp.com\/larevistadigital.com.ar\/blog\/wp-content\/uploads\/20220710152344_avancemos-manes-juventud-ucr-2.jpg?fit=880%2C512&ssl=1&resize=350%2C200 1x, https:\/\/i0.wp.com\/larevistadigital.com.ar\/blog\/wp-content\/uploads\/20220710152344_avancemos-manes-juventud-ucr-2.jpg?fit=880%2C512&ssl=1&resize=525%2C300 1.5x, https:\/\/i0.wp.com\/larevistadigital.com.ar\/blog\/wp-content\/uploads\/20220710152344_avancemos-manes-juventud-ucr-2.jpg?fit=880%2C512&ssl=1&resize=700%2C400 2x"},"classes":[]},{"id":21807,"url":"https:\/\/larevistadigital.com.ar\/blog\/atacan-en-la-plata-un-local-de-manes-que-se-inauguro-hace-dos-dias\/","url_meta":{"origin":21503,"position":4},"title":"ATACAN EN LA PLATA UN LOCAL DE MANES QUE SE INAUGUR\u00d3 HACE DOS D\u00cdAS","author":"Alejandro Sosa Ruda","date":"30 agosto, 2021","format":false,"excerpt":"El comit\u00e9 radical hab\u00eda sido inaugurado el s\u00e1bado pasado con la presencia de los principales precandidatos platenses. Esta madrugada apareci\u00f3 vandalizado. LA PLATA - El comit\u00e9 radical de la localidad de Villa Elisa, ubicado en Avenida Arana entre 5 y 6, que fue inaugurado el s\u00e1bado pasado con la presencia\u2026","rel":"","context":"En \u00abINTERES GENERAL\u00bb","block_context":{"text":"INTERES GENERAL","link":"https:\/\/larevistadigital.com.ar\/blog\/category\/interes-general\/"},"img":{"alt_text":"","src":"https:\/\/i0.wp.com\/larevistadigital.com.ar\/blog\/wp-content\/uploads\/Manes-La-Plata.jpeg?fit=880%2C586&ssl=1&resize=350%2C200","width":350,"height":200,"srcset":"https:\/\/i0.wp.com\/larevistadigital.com.ar\/blog\/wp-content\/uploads\/Manes-La-Plata.jpeg?fit=880%2C586&ssl=1&resize=350%2C200 1x, https:\/\/i0.wp.com\/larevistadigital.com.ar\/blog\/wp-content\/uploads\/Manes-La-Plata.jpeg?fit=880%2C586&ssl=1&resize=525%2C300 1.5x, https:\/\/i0.wp.com\/larevistadigital.com.ar\/blog\/wp-content\/uploads\/Manes-La-Plata.jpeg?fit=880%2C586&ssl=1&resize=700%2C400 2x"},"classes":[]},{"id":21764,"url":"https:\/\/larevistadigital.com.ar\/blog\/en-una-manana-chascomus-recibio-a-margarita-stolbizer-cristian-ritondo-y-alejandro-rabinovich-como-una-fuerte-muestra-de-apoyo-a-la-candidatura-de-ramiro-ferrante\/","url_meta":{"origin":21503,"position":5},"title":"EN UNA MA\u00d1ANA, CHASCOM\u00daS RECIBI\u00d3 A MARGARITA STOLBIZER, CRISTIAN RITONDO Y ALEJANDRO RABINOVICH COMO UNA FUERTE MUESTRA DE APOYO A LA CANDIDATURA DE RAMIRO FERRANTE","author":"Alejandro Sosa Ruda","date":"30 agosto, 2021","format":false,"excerpt":"La \u00faltima semana, tuvo una ma\u00f1ana movida que prestigi\u00f3 la ciudad con visitas de personajes pol\u00edticos de primera l\u00ednea, que se hicieron presentes en el marco de las pr\u00f3ximas PASO de septiembre, para apoyar al precandidato de Juntos, Ramiro Ferrante. CHASCOM\u00daS - Como lo expresamos en el t\u00edtulo de la\u2026","rel":"","context":"En \u00abINTERES GENERAL\u00bb","block_context":{"text":"INTERES GENERAL","link":"https:\/\/larevistadigital.com.ar\/blog\/category\/interes-general\/"},"img":{"alt_text":"","src":"https:\/\/i0.wp.com\/larevistadigital.com.ar\/blog\/wp-content\/uploads\/240635266_121617483543113_4429363978634178555_n-1-e1630329462851.jpg?fit=1200%2C636&ssl=1&resize=350%2C200","width":350,"height":200,"srcset":"https:\/\/i0.wp.com\/larevistadigital.com.ar\/blog\/wp-content\/uploads\/240635266_121617483543113_4429363978634178555_n-1-e1630329462851.jpg?fit=1200%2C636&ssl=1&resize=350%2C200 1x, https:\/\/i0.wp.com\/larevistadigital.com.ar\/blog\/wp-content\/uploads\/240635266_121617483543113_4429363978634178555_n-1-e1630329462851.jpg?fit=1200%2C636&ssl=1&resize=525%2C300 1.5x, https:\/\/i0.wp.com\/larevistadigital.com.ar\/blog\/wp-content\/uploads\/240635266_121617483543113_4429363978634178555_n-1-e1630329462851.jpg?fit=1200%2C636&ssl=1&resize=700%2C400 2x, https:\/\/i0.wp.com\/larevistadigital.com.ar\/blog\/wp-content\/uploads\/240635266_121617483543113_4429363978634178555_n-1-e1630329462851.jpg?fit=1200%2C636&ssl=1&resize=1050%2C600 3x"},"classes":[]}],"_links":{"self":[{"href":"https:\/\/larevistadigital.com.ar\/blog\/wp-json\/wp\/v2\/posts\/21503","targetHints":{"allow":["GET"]}}],"collection":[{"href":"https:\/\/larevistadigital.com.ar\/blog\/wp-json\/wp\/v2\/posts"}],"about":[{"href":"https:\/\/larevistadigital.com.ar\/blog\/wp-json\/wp\/v2\/types\/post"}],"author":[{"embeddable":true,"href":"https:\/\/larevistadigital.com.ar\/blog\/wp-json\/wp\/v2\/users\/3"}],"replies":[{"embeddable":true,"href":"https:\/\/larevistadigital.com.ar\/blog\/wp-json\/wp\/v2\/comments?post=21503"}],"version-history":[{"count":1,"href":"https:\/\/larevistadigital.com.ar\/blog\/wp-json\/wp\/v2\/posts\/21503\/revisions"}],"predecessor-version":[{"id":21506,"href":"https:\/\/larevistadigital.com.ar\/blog\/wp-json\/wp\/v2\/posts\/21503\/revisions\/21506"}],"wp:featuredmedia":[{"embeddable":true,"href":"https:\/\/larevistadigital.com.ar\/blog\/wp-json\/wp\/v2\/media\/21505"}],"wp:attachment":[{"href":"https:\/\/larevistadigital.com.ar\/blog\/wp-json\/wp\/v2\/media?parent=21503"}],"wp:term":[{"taxonomy":"category","embeddable":true,"href":"https:\/\/larevistadigital.com.ar\/blog\/wp-json\/wp\/v2\/categories?post=21503"},{"taxonomy":"post_tag","embeddable":true,"href":"https:\/\/larevistadigital.com.ar\/blog\/wp-json\/wp\/v2\/tags?post=21503"}],"curies":[{"name":"wp","href":"https:\/\/api.w.org\/{rel}","templated":true}]}}