{"id":21507,"date":"2021-08-11T13:20:37","date_gmt":"2021-08-11T13:20:37","guid":{"rendered":"https:\/\/larevistadigital.com.ar\/blog\/?p=21507"},"modified":"2021-08-11T13:20:37","modified_gmt":"2021-08-11T13:20:37","slug":"apoyo-de-daniel-salvador-a-facundo-manes","status":"publish","type":"post","link":"https:\/\/larevistadigital.com.ar\/blog\/apoyo-de-daniel-salvador-a-facundo-manes\/","title":{"rendered":"APOYO DE DANIEL SALVADOR A FACUNDO MANES"},"content":{"rendered":"<div>El ex vicegobernador de la Provincia de Buenos Aires, <strong>Daniel Salvador<\/strong>, se refiri\u00f3 en diferentes medios locales a lo que representa <strong>Facundo Manes<\/strong> en el contexto de la elecci\u00f3n del pr\u00f3ximo 12 de septiembre: <strong><em>\u201cRatificamos la vigencia plena del espacio Juntos y mostramos perfiles destinos, siempre dentro de lo que es la construcci\u00f3n que se concret\u00f3 en 2015. En democracia es fundamental que haya alternancia y equilibrio\u201d<\/em><\/strong>, afirm\u00f3.<\/div>\n<blockquote>\n<h3>Consultado por lo que implica una interna dentro de la oposici\u00f3n a nivel nacional y provincial, <strong>Salvador<\/strong> destac\u00f3: <em><strong>\u201cHay que interpretarlo como algo importante, en el marco de la elecci\u00f3n. No tenemos dudas de que Juntos tiene que ser una opci\u00f3n para que el oficialismo actual no pueda hacer y deshacer a su antojo en el Congreso de la Naci\u00f3n\u201d.<\/strong><\/em><\/h3>\n<\/blockquote>\n<div>Puntualmente, sobre <strong>Manes<\/strong>, el dirigente resalt\u00f3 que <strong><em>\u201cel aporte que se hace con la propuesta de Manes es buscar ampliar el marco de Juntos con una mirada abierta, que logre instalar una agenda que involucre un nuevo proyecto colectivo\u201d<\/em><\/strong>.<\/div>\n<div><\/div>\n<div id=\"yiv2577679851yMail_cursorElementTracker_1628546840301\"><strong><em>\u201cCreo que efectivamente la competencia dentro de Juntos tiene dos mensajes claros: la unidad, que no est\u00e1 puesta en duda, y por otro lado la alternativa de poder comparar miradas y darle la oportunidad a quien viene con una propuesta que incluye otras experiencias, con aspiraciones de un camino hacia lo que hoy falta: la educaci\u00f3n, el conocimiento, el trabajo y un proyecto de pa\u00eds que pueda transitar un camino distinto al que ha venido transitando hasta ahora\u201d<\/em><\/strong>, concluy\u00f3.<\/div>\n","protected":false},"excerpt":{"rendered":"<div class=\"mh-excerpt\"><p>El ex vicegobernador de la Provincia de Buenos Aires, Daniel Salvador, se refiri\u00f3 en diferentes medios locales a lo que representa Facundo Manes en el contexto de la elecci\u00f3n del pr\u00f3ximo 12 de septiembre: \u201cRatificamos <a class=\"mh-excerpt-more\" href=\"https:\/\/larevistadigital.com.ar\/blog\/apoyo-de-daniel-salvador-a-facundo-manes\/\" title=\"APOYO DE DANIEL SALVADOR A FACUNDO MANES\">[Leer M\u00e1s]<\/a><\/p>\n<\/div>","protected":false},"author":3,"featured_media":21508,"comment_status":"open","ping_status":"open","sticky":false,"template":"","format":"standard","meta":{"_jetpack_memberships_contains_paid_content":false,"footnotes":"","jetpack_publicize_message":"","jetpack_publicize_feature_enabled":true,"jetpack_social_post_already_shared":true,"jetpack_social_options":{"image_generator_settings":{"template":"highway","default_image_id":0,"font":"","enabled":false},"version":2}},"categories":[50,12],"tags":[],"class_list":{"0":"post-21507","1":"post","2":"type-post","3":"status-publish","4":"format-standard","5":"has-post-thumbnail","7":"category-interes-general","8":"category-politica"},"jetpack_publicize_connections":[],"jetpack_featured_media_url":"https:\/\/i0.wp.com\/larevistadigital.com.ar\/blog\/wp-content\/uploads\/IMG_20210809_111653.jpg?fit=1080%2C1436&ssl=1","jetpack_sharing_enabled":true,"jetpack_shortlink":"https:\/\/wp.me\/p8qtrQ-5AT","jetpack-related-posts":[{"id":39888,"url":"https:\/\/larevistadigital.com.ar\/blog\/facundo-manes-presento-en-tigre-su-nuevo-partido-para-adelante\/","url_meta":{"origin":21507,"position":0},"title":"Facundo Manes present\u00f3 en Tigre su nuevo partido \u201cPara Adelante\u201d","author":"Alejandro Sosa Ruda","date":"25 mayo, 2025","format":false,"excerpt":"El diputado de la Uni\u00f3n C\u00edvica Radical, Facundo Manes, oficializ\u00f3 en Tigre la creaci\u00f3n de su nuevo espacio pol\u00edtico llamado \"Para Adelante\", a pocos d\u00edas de que su hermano, Gast\u00f3n Manes, renunciara a la Convenci\u00f3n Nacional del radicalismo. 25 de Mayo de 2025 TIGRE -\u00a0 En su discurso, el legislador\u2026","rel":"","context":"En \u00abPOLITICA PROVINCIAL\u00bb","block_context":{"text":"POLITICA PROVINCIAL","link":"https:\/\/larevistadigital.com.ar\/blog\/category\/politica\/politica-provincial\/"},"img":{"alt_text":"","src":"https:\/\/i0.wp.com\/larevistadigital.com.ar\/blog\/wp-content\/uploads\/20250524134343_facundo-manes-para-adelante-tigre.jpg?fit=880%2C512&ssl=1&resize=350%2C200","width":350,"height":200,"srcset":"https:\/\/i0.wp.com\/larevistadigital.com.ar\/blog\/wp-content\/uploads\/20250524134343_facundo-manes-para-adelante-tigre.jpg?fit=880%2C512&ssl=1&resize=350%2C200 1x, https:\/\/i0.wp.com\/larevistadigital.com.ar\/blog\/wp-content\/uploads\/20250524134343_facundo-manes-para-adelante-tigre.jpg?fit=880%2C512&ssl=1&resize=525%2C300 1.5x, https:\/\/i0.wp.com\/larevistadigital.com.ar\/blog\/wp-content\/uploads\/20250524134343_facundo-manes-para-adelante-tigre.jpg?fit=880%2C512&ssl=1&resize=700%2C400 2x"},"classes":[]},{"id":20938,"url":"https:\/\/larevistadigital.com.ar\/blog\/facundo-manes-en-sintonia-con-el-discurso-de-monzo-necesitamos-lideres-que-nos-unan-no-que-nos-dividan\/","url_meta":{"origin":21507,"position":1},"title":"FACUNDO MANES EN SINTON\u00cdA CON EL DISCURSO DE MONZ\u00d3: \u00abNECESITAMOS L\u00cdDERES QUE NOS UNAN, NO QUE NOS DIVIDAN\u00bb","author":"Alejandro Sosa Ruda","date":"28 junio, 2021","format":false,"excerpt":"El neurocirujano Facundo Manes, quien viaj\u00f3 a Jujuy junto a un grupo de dirigentes radicales para acompa\u00f1ar al gobernador Gerardo Morales en la jornada electoral del domingo en ese distrito, asegur\u00f3 que Juntos por el Cambio necesita \u201cl\u00edderes\u201d como el mandatario juje\u00f1o, que \u201cunan y no que dividan\u201d a la\u2026","rel":"","context":"En \u00abINTERES GENERAL\u00bb","block_context":{"text":"INTERES GENERAL","link":"https:\/\/larevistadigital.com.ar\/blog\/category\/interes-general\/"},"img":{"alt_text":"","src":"https:\/\/i0.wp.com\/larevistadigital.com.ar\/blog\/wp-content\/uploads\/facundo-manes_opt-1140x570-1.jpg?fit=1140%2C570&ssl=1&resize=350%2C200","width":350,"height":200,"srcset":"https:\/\/i0.wp.com\/larevistadigital.com.ar\/blog\/wp-content\/uploads\/facundo-manes_opt-1140x570-1.jpg?fit=1140%2C570&ssl=1&resize=350%2C200 1x, https:\/\/i0.wp.com\/larevistadigital.com.ar\/blog\/wp-content\/uploads\/facundo-manes_opt-1140x570-1.jpg?fit=1140%2C570&ssl=1&resize=525%2C300 1.5x, https:\/\/i0.wp.com\/larevistadigital.com.ar\/blog\/wp-content\/uploads\/facundo-manes_opt-1140x570-1.jpg?fit=1140%2C570&ssl=1&resize=700%2C400 2x, https:\/\/i0.wp.com\/larevistadigital.com.ar\/blog\/wp-content\/uploads\/facundo-manes_opt-1140x570-1.jpg?fit=1140%2C570&ssl=1&resize=1050%2C600 3x"},"classes":[]},{"id":31977,"url":"https:\/\/larevistadigital.com.ar\/blog\/gaston-manes-al-pro-en-la-convencion-radical-la-ucr-ya-no-sera-grupo-soporte-de-nadie\/","url_meta":{"origin":21507,"position":2},"title":"GAST\u00d3N MANES AL PRO, EN LA CONVENCI\u00d3N RADICAL: \u00abLA UCR YA NO SER\u00c1 GRUPO SOPORTE DE NADIE\u00bb","author":"Alejandro Sosa Ruda","date":"13 junio, 2023","format":false,"excerpt":"Contundente mensaje de Manes, haciendo fuerte la posici\u00f3n radical frente al PRO. 13 de junio de 2023 El presidente de la Convenci\u00f3n Nacional de la Uni\u00f3n C\u00edvica Radical (UCR), Gast\u00f3n Manes, ha enfatizado que el partido ya no debe ser un seguidor pasivo ni un mero apoyo de otros, sino\u2026","rel":"","context":"En \u00abINTERES GENERAL\u00bb","block_context":{"text":"INTERES GENERAL","link":"https:\/\/larevistadigital.com.ar\/blog\/category\/interes-general\/"},"img":{"alt_text":"","src":"https:\/\/i0.wp.com\/larevistadigital.com.ar\/blog\/wp-content\/uploads\/gaston-manes-1368405.jpg?fit=1200%2C675&ssl=1&resize=350%2C200","width":350,"height":200,"srcset":"https:\/\/i0.wp.com\/larevistadigital.com.ar\/blog\/wp-content\/uploads\/gaston-manes-1368405.jpg?fit=1200%2C675&ssl=1&resize=350%2C200 1x, https:\/\/i0.wp.com\/larevistadigital.com.ar\/blog\/wp-content\/uploads\/gaston-manes-1368405.jpg?fit=1200%2C675&ssl=1&resize=525%2C300 1.5x, https:\/\/i0.wp.com\/larevistadigital.com.ar\/blog\/wp-content\/uploads\/gaston-manes-1368405.jpg?fit=1200%2C675&ssl=1&resize=700%2C400 2x, https:\/\/i0.wp.com\/larevistadigital.com.ar\/blog\/wp-content\/uploads\/gaston-manes-1368405.jpg?fit=1200%2C675&ssl=1&resize=1050%2C600 3x"},"classes":[]},{"id":21425,"url":"https:\/\/larevistadigital.com.ar\/blog\/facundo-manes-en-la-plata-el-adversario-es-el-kirchnerismo-que-encarna-el-modelo-de-venezuela\/","url_meta":{"origin":21507,"position":3},"title":"FACUNDO MANES EN LA PLATA: \u00abEL ADVERSARIO ES EL KIRCHNER\u00cdSMO QUE ENCARNA EL MODELO DE VENEZUELA\u00bb","author":"Alejandro Sosa Ruda","date":"6 agosto, 2021","format":false,"excerpt":"El precandidato radical a diputado nacional en las pr\u00f3ximas elecciones PASO visit\u00f3 nuevamente la ciudad de La Plata, pero esta vez en modo campa\u00f1a. Manes particip\u00f3 de un encuentro con Padres Organizados frente al Ministerio de Educaci\u00f3n para recorrer posteriormente el centro comercial de la capital bonaerense, brindando una conferencia\u2026","rel":"","context":"En \u00abPOLITICA\u00bb","block_context":{"text":"POLITICA","link":"https:\/\/larevistadigital.com.ar\/blog\/category\/politica\/"},"img":{"alt_text":"","src":"https:\/\/i0.wp.com\/larevistadigital.com.ar\/blog\/wp-content\/uploads\/manes.jpg?fit=900%2C650&ssl=1&resize=350%2C200","width":350,"height":200,"srcset":"https:\/\/i0.wp.com\/larevistadigital.com.ar\/blog\/wp-content\/uploads\/manes.jpg?fit=900%2C650&ssl=1&resize=350%2C200 1x, https:\/\/i0.wp.com\/larevistadigital.com.ar\/blog\/wp-content\/uploads\/manes.jpg?fit=900%2C650&ssl=1&resize=525%2C300 1.5x, https:\/\/i0.wp.com\/larevistadigital.com.ar\/blog\/wp-content\/uploads\/manes.jpg?fit=900%2C650&ssl=1&resize=700%2C400 2x"},"classes":[]},{"id":21503,"url":"https:\/\/larevistadigital.com.ar\/blog\/stolbizer-facundo-manes-nos-permite-salir-del-discurso-de-la-grieta\/","url_meta":{"origin":21507,"position":4},"title":"STOLBIZER: \u00abFACUNDO MANES NOS PERMITE SALIR DEL DISCURSO DE LA GRIETA\u00bb","author":"Alejandro Sosa Ruda","date":"11 agosto, 2021","format":false,"excerpt":"Margarita Stolbizer visit\u00f3 la ciudad de La Plata como parte de la campa\u00f1a pol\u00edtica para las pr\u00f3ximas elecciones legislativas PASO del 12 de setiembre. En este contexto, la l\u00edder del Gen dijo en su visita a la capital bonaerense que: \u201cManes nos permite discutir de educaci\u00f3n, de ciencia, de conocimiento,\u2026","rel":"","context":"En \u00abINTERES GENERAL\u00bb","block_context":{"text":"INTERES GENERAL","link":"https:\/\/larevistadigital.com.ar\/blog\/category\/interes-general\/"},"img":{"alt_text":"","src":"https:\/\/i0.wp.com\/larevistadigital.com.ar\/blog\/wp-content\/uploads\/prensa.jpg?fit=900%2C374&ssl=1&resize=350%2C200","width":350,"height":200,"srcset":"https:\/\/i0.wp.com\/larevistadigital.com.ar\/blog\/wp-content\/uploads\/prensa.jpg?fit=900%2C374&ssl=1&resize=350%2C200 1x, https:\/\/i0.wp.com\/larevistadigital.com.ar\/blog\/wp-content\/uploads\/prensa.jpg?fit=900%2C374&ssl=1&resize=525%2C300 1.5x, https:\/\/i0.wp.com\/larevistadigital.com.ar\/blog\/wp-content\/uploads\/prensa.jpg?fit=900%2C374&ssl=1&resize=700%2C400 2x"},"classes":[]},{"id":24506,"url":"https:\/\/larevistadigital.com.ar\/blog\/invitan-a-la-charla-que-facundo-manes-dara-en-el-teatro-brazzola\/","url_meta":{"origin":21507,"position":5},"title":"INVITAN A LA CHARLA QUE FACUNDO MANES DAR\u00c1 EN EL TEATRO BRAZZOLA","author":"Alejandro Sosa Ruda","date":"11 marzo, 2022","format":false,"excerpt":"La entrada es libre y gratuita y se puede retirar en la sala teatral de 9 a 16 horas. Presentar\u00e1 su libro Este s\u00e1bado, 12 de marzo, a las 20 horas, el Dr. Facundo Manes dar\u00e1 una charla en el Teatro Municipal Brazzola, en la que presentar\u00e1 el nuevo libro\u2026","rel":"","context":"En \u00abINTERES GENERAL\u00bb","block_context":{"text":"INTERES GENERAL","link":"https:\/\/larevistadigital.com.ar\/blog\/category\/interes-general\/"},"img":{"alt_text":"","src":"https:\/\/i0.wp.com\/larevistadigital.com.ar\/blog\/wp-content\/uploads\/WhatsApp-Image-2022-03-09-at-21.36.44.jpeg?fit=966%2C1200&ssl=1&resize=350%2C200","width":350,"height":200,"srcset":"https:\/\/i0.wp.com\/larevistadigital.com.ar\/blog\/wp-content\/uploads\/WhatsApp-Image-2022-03-09-at-21.36.44.jpeg?fit=966%2C1200&ssl=1&resize=350%2C200 1x, https:\/\/i0.wp.com\/larevistadigital.com.ar\/blog\/wp-content\/uploads\/WhatsApp-Image-2022-03-09-at-21.36.44.jpeg?fit=966%2C1200&ssl=1&resize=525%2C300 1.5x, https:\/\/i0.wp.com\/larevistadigital.com.ar\/blog\/wp-content\/uploads\/WhatsApp-Image-2022-03-09-at-21.36.44.jpeg?fit=966%2C1200&ssl=1&resize=700%2C400 2x"},"classes":[]}],"_links":{"self":[{"href":"https:\/\/larevistadigital.com.ar\/blog\/wp-json\/wp\/v2\/posts\/21507","targetHints":{"allow":["GET"]}}],"collection":[{"href":"https:\/\/larevistadigital.com.ar\/blog\/wp-json\/wp\/v2\/posts"}],"about":[{"href":"https:\/\/larevistadigital.com.ar\/blog\/wp-json\/wp\/v2\/types\/post"}],"author":[{"embeddable":true,"href":"https:\/\/larevistadigital.com.ar\/blog\/wp-json\/wp\/v2\/users\/3"}],"replies":[{"embeddable":true,"href":"https:\/\/larevistadigital.com.ar\/blog\/wp-json\/wp\/v2\/comments?post=21507"}],"version-history":[{"count":1,"href":"https:\/\/larevistadigital.com.ar\/blog\/wp-json\/wp\/v2\/posts\/21507\/revisions"}],"predecessor-version":[{"id":21509,"href":"https:\/\/larevistadigital.com.ar\/blog\/wp-json\/wp\/v2\/posts\/21507\/revisions\/21509"}],"wp:featuredmedia":[{"embeddable":true,"href":"https:\/\/larevistadigital.com.ar\/blog\/wp-json\/wp\/v2\/media\/21508"}],"wp:attachment":[{"href":"https:\/\/larevistadigital.com.ar\/blog\/wp-json\/wp\/v2\/media?parent=21507"}],"wp:term":[{"taxonomy":"category","embeddable":true,"href":"https:\/\/larevistadigital.com.ar\/blog\/wp-json\/wp\/v2\/categories?post=21507"},{"taxonomy":"post_tag","embeddable":true,"href":"https:\/\/larevistadigital.com.ar\/blog\/wp-json\/wp\/v2\/tags?post=21507"}],"curies":[{"name":"wp","href":"https:\/\/api.w.org\/{rel}","templated":true}]}}