{"id":21510,"date":"2021-08-11T13:36:19","date_gmt":"2021-08-11T13:36:19","guid":{"rendered":"https:\/\/larevistadigital.com.ar\/blog\/?p=21510"},"modified":"2021-08-11T13:36:19","modified_gmt":"2021-08-11T13:36:19","slug":"una-multitud-recibio-a-messi-en-el-psg","status":"publish","type":"post","link":"https:\/\/larevistadigital.com.ar\/blog\/una-multitud-recibio-a-messi-en-el-psg\/","title":{"rendered":"UNA MULTITUD RECIBI\u00d3 A MESSI EN EL PSG"},"content":{"rendered":"<h2>El mejor futbolista del mundo asegur\u00f3 sentirse \u00abilusionado y con ganas\u00bb en esta nueva aventura que encara en el club parisino.<\/h2>\n<p>El astro argentino<strong>\u00a0Lionel Messi<\/strong>\u00a0fue presentado oficialmente este mi\u00e9rcoles como jugador del Par\u00eds Saint Germain (PSG) de Francia, en una conferencia de prensa celebrada en el estadio Parque de los Pr\u00edncipes de la capital gala, en la que aseguro \u201csentirse muy feliz\u201d y con \u201cenormes ganas e ilusi\u00f3n para comenzar los entrenamiento\u201d junto a sus compa\u00f1eros en esta nueva etapa de su extraordinaria carrera.<\/p>\n<blockquote>\n<h3>\u201cEstoy muy feliz. Mi salida del Barcelona fue dura, son muchos a\u00f1os y es dif\u00edcil el cambio tras tanto tiempo. La felicidad es enorme y tengo ganas de entrenar, que pase todo esto r\u00e1pido, aunque lo estoy disfrutando con mi familia y mi gente, porque quiero entrenar con mis compa\u00f1eros y el cuerpo t\u00e9cnico y empezar una nueva etapa\u201d, se\u00f1al\u00f3 el rosarino en la conferencia, sentado al lado de catar\u00ed\u00a0<strong>Nasser Al-Khela\u00effi,<\/strong>\u00a0presidente del PSG.<\/h3>\n<\/blockquote>\n<p><strong>Messi<\/strong>, nacido de 34 a\u00f1os y flamante campe\u00f3n de la Copa Am\u00e9rica con el seleccionado argentino, acudi\u00f3 a su presentaci\u00f3n oficial junto a su esposa\u00a0<strong>Antonella Roccuzzo<\/strong>\u00a0y los tres hijos del matrimonio,\u00a0<strong>Thiago, Mateo y Ciro<\/strong>, todos vistiendo la casaca del club parisino, m\u00e1s su padre y representante\u00a0<strong>Jorge Messi.<\/strong><\/p>\n<p>La conferencia a las 11.08 de Par\u00eds (6.08 de Argentina) comenz\u00f3 ante una presencia multitudinaria de medios de comunicaci\u00f3n internacional y las respuesta de <strong>Messi y Al-Khela\u00effi<\/strong> fueron traducidas al espa\u00f1ol, Ingl\u00e9s y franc\u00e9s.<\/p>\n<p><img data-recalc-dims=\"1\" loading=\"lazy\" decoding=\"async\" class=\"alignnone size-large wp-image-596449\" src=\"https:\/\/i0.wp.com\/storage.lacapitalmdp.com\/2021\/08\/messipresenta3-1024x683.jpg?resize=1024%2C683&#038;ssl=1\" alt=\"messipresenta3\" width=\"1024\" height=\"683\" \/><\/p>\n<p>La negociaciones para sumarse al PSG tras su salida del Barcelona se produjeron de manera veloz y <strong>Messi<\/strong> se refiri\u00f3 a ello \u201cLe doy gracias a\u00a0<strong>Leonardo<\/strong>\u00a0(brasile\u00f1o y manager deportivo del club) por como me trataron desde el primer d\u00eda luego que de que surgi\u00f3 el comunicado oficial dal Barcelona. Todos se arregl\u00f3 f\u00e1cil, no era sencillo. Ahora estoy feliz, ilusionado y con ganas, con deseos de seguir ganando\u201d,<\/p>\n<p>En sus primeras horas en tierra francesa Messi recibi\u00f3 muchas muestras de cari\u00f1o y devoci\u00f3n por parte de los hinchas del PSG e incluso de quienes no lo son y el multicampe\u00f3n se refiri\u00f3 a ello.<\/p>\n<blockquote>\n<h3>\u201cLe doy gracias a la gente de Par\u00eds, fue sorprendente mi llegada, el trato, el recibimiento, vamos a disfrutar de este tiempo juntos. La gente me saluda por la calle, ya vamos a tener contacto en la ciudad y a disfrutar mucho con un a\u00f1o extraordinario para ellos y nosotros nivel deportivo\u201d, afirm\u00f3.<\/h3>\n<\/blockquote>\n<p>No es un tr\u00e1mite sencillo cambiar de pa\u00eds, de costumbre e idioma, por ese desaf\u00edo tambi\u00e9n prevaleci\u00f3 a la hora de la elecci\u00f3n por parte del mejor jugador del mundo:<strong><em> \u201cYo ped\u00ed que mi familia estuviera bien, que pudiera adaptarse a la ciudad, al pa\u00eds, es una experiencia nueva y estoy preparado y con ganas. Tengo compa\u00f1eros y amigos en el vestuario y me facilitar\u00e1n acostumbrarme r\u00e1pido a todo. Estoy ilusionado, con deseos de entrenar, tener contacto con ellos, jugar y arrancar. Estoy preparado a nivel deportivo y personal. La ciudad es hermosa, espectacular y la vamos a disfrutar\u201d.<\/em><\/strong><\/p>\n<blockquote>\n<h3>La alegr\u00eda del hincha parisino se contrata con la tristeza del aficionado catal\u00e1n por su ida y sobre ello Messi afirm\u00f3 \u201cAntes de venir le dije al hincha del Barcelona que estaba agradecido por el cari\u00f1o. Estuve all\u00ed desde chico, con muchas cosas vividas, buenas y malas. Sab\u00edan que me iba a un equipo con chances de ganar la Champions, soy ganador y PSG los mismo objetivos de ganar. Si jugamos ante Barcelona espero que sea con gente en el estadio, ser\u00eda lindo pero muy raro volver a jugar en mi casa con otra casaca. Pero, en el f\u00fatbol puede pasar\u201d.<\/h3>\n<\/blockquote>\n<p>La sensaciones se agolpan en la mente de Messi en forma de felicidad y nostalgia ya que han sido d\u00edas con momentos de tristeza: \u201cEn esta \u00faltima semana fue todo duro por un lado, pero r\u00e1pido y emocionante, sin dejar atr\u00e1s todos lo que viv\u00ed pero ilusionado con una nueva vida, con mi familia, felices. Toda la semana vivimos sentimientos fuertes pero los asimilamos, nadie estaba preparado para esto y cada uno lo vivi\u00f3 como pudo\u201d.<\/p>\n<p><img data-recalc-dims=\"1\" loading=\"lazy\" decoding=\"async\" class=\"alignnone size-large wp-image-596450\" src=\"https:\/\/i0.wp.com\/storage.lacapitalmdp.com\/2021\/08\/messipresenta2-1024x683.jpg?resize=1024%2C683&#038;ssl=1\" alt=\"messipresenta2\" width=\"1024\" height=\"683\" \/><\/p>\n<p>Los hinchas desean que Lionel juegue ahora mismo con la casaca del PSG pero Messi se tomar\u00e1 su tiempo para el esperado debut, ya que enfatiz\u00f3: \u201cTengo m\u00e1s de un mes parado, ayer vi a\u00a0<strong>Mauricio Pochettino<\/strong>\u00a0(argentino y DT del PSG) y deber\u00e9 hacer una pretemporada, entrenarme bien y comenzar a jugar lo antes posible. No puedo dar una fecha, todo ser\u00e1 seg\u00fan como vaya entrenando y all\u00ed se decidir\u00e1\u201d.<\/p>\n<blockquote>\n<h3>Los motivos por los cuales el astro eligi\u00f3 al PSG para continuar su carrear fueron explicados por el jugador al se\u00f1ala que \u201ces un club que creci\u00f3 much\u00edsimo, con un gran plantel, que lleva varios a\u00f1os muy cerquita de ganar la\u00a0<strong>Champions League<\/strong>, es muy potente a nivel clubes y seguido por mucha gente. Mi intenci\u00f3n es que con el cuerpo t\u00e9cnico y este plantel podamos ganar t\u00edtulos y seguir creciendo. Vine con ilusi\u00f3n y ganas, mi objetivo es volver a levantar la Champions y llegue al lugar ideal para tener mas chances de conseguirla\u201d.<\/h3>\n<\/blockquote>\n<p>El gran objetivo de <strong>Messi<\/strong> y del PSG es lograr esa esquiva Liga de Campeones y el rosarino se refiri\u00f3 a ese objetivo: <strong><em>\u201cNo es f\u00e1cil, podes tener el mejor equipo del mundo y no ganarla. Peque\u00f1os detalles te dejan afuera, la Champions es muy dif\u00edcil, el equipo estuvo cerca en los \u00faltimos a\u00f1os y con un gran equipo no la consigui\u00f3. Hace falta un grupo unido y fuerte, un poco de suerte, en este f\u00fatbol no siempre gana el mejor. Es una competici\u00f3n especial, todo el mundo la quiere\u201d<\/em><\/strong><\/p>\n<blockquote>\n<h3>En el plantel del club galo Messi tiene amigos y muchos conocidos que le har\u00e1n m\u00e1s sencilla la etapa de adaptaci\u00f3n: \u201cTengo gente amiga y conocida en el vestuario, viendo el plantel uno se ilusiona y ve que hay posibilidades de conseguir el objetivo. El PSG y yo buscamos los mismo objetivos antes separados y ahora juntos. Tengo gran relaci\u00f3n con\u00a0<strong>Neymar, \u00c1ngel Di Mar\u00eda y Leandro Paredes<\/strong>\u00a0y con el resto ya tuve contactos alguna vez\u201d.<\/h3>\n<\/blockquote>\n<p>PSG tiene otro objetivo que el volver a ganar, como casi siempre lo hace, el torneo franc\u00e9s y el exBarcelona dio muestras de conocer la actualidad del f\u00fatbol galo al asegurar \u201cLo segu\u00ed al torneo por mis amigos en el PSG. Es una liga que creci\u00f3 mucho en los \u00faltimos a\u00f1os y para eso ayud\u00f3 mucho el PSG. Ahora los otros equipos se van a esforzar para ganarnos y quedarse con la liga. Ser\u00e1 todos nuevo para mi, los contrarios, lo estadios, pero estoy muy feliz por estar aqu\u00ed\u201d.<\/p>\n","protected":false},"excerpt":{"rendered":"<div class=\"mh-excerpt\"><p>El mejor futbolista del mundo asegur\u00f3 sentirse \u00abilusionado y con ganas\u00bb en esta nueva aventura que encara en el club parisino. El astro argentino\u00a0Lionel Messi\u00a0fue presentado oficialmente este mi\u00e9rcoles como jugador del Par\u00eds Saint Germain <a class=\"mh-excerpt-more\" href=\"https:\/\/larevistadigital.com.ar\/blog\/una-multitud-recibio-a-messi-en-el-psg\/\" title=\"UNA MULTITUD RECIBI\u00d3 A MESSI EN EL PSG\">[Leer M\u00e1s]<\/a><\/p>\n<\/div>","protected":false},"author":3,"featured_media":21511,"comment_status":"open","ping_status":"open","sticky":false,"template":"","format":"standard","meta":{"_jetpack_memberships_contains_paid_content":false,"footnotes":"","jetpack_publicize_message":"","jetpack_publicize_feature_enabled":true,"jetpack_social_post_already_shared":true,"jetpack_social_options":{"image_generator_settings":{"template":"highway","default_image_id":0,"font":"","enabled":false},"version":2}},"categories":[8,50],"tags":[],"class_list":{"0":"post-21510","1":"post","2":"type-post","3":"status-publish","4":"format-standard","5":"has-post-thumbnail","7":"category-deportes","8":"category-interes-general"},"jetpack_publicize_connections":[],"jetpack_featured_media_url":"https:\/\/i0.wp.com\/larevistadigital.com.ar\/blog\/wp-content\/uploads\/Captura-de-pantalla-2021-08-11-103300.png?fit=1012%2C665&ssl=1","jetpack_sharing_enabled":true,"jetpack_shortlink":"https:\/\/wp.me\/p8qtrQ-5AW","jetpack-related-posts":[{"id":4180,"url":"https:\/\/larevistadigital.com.ar\/blog\/chascomus-ramiro-ferrante-aseguro-voy-seguir-siendo-siempre\/","url_meta":{"origin":21510,"position":0},"title":"CHASCOMUS: RAMIRO FERRANTE ASEGUR\u00d3&#8230; \u00abVOY A SEGUIR SIENDO EL MISMO DE SIEMPRE\u00bb","author":"Alejandro Sosa Ruda","date":"12 diciembre, 2017","format":false,"excerpt":"Como primera medida, Ferrante agradeci\u00f3 a la cantidad de vecinos que lo saludan, le dan fuerza y lo felicitan, agregando que nunca pens\u00f3 tener tanto apoyo, aunque era el escenario que so\u00f1aba. Adem\u00e1s, dijo no estar ansioso por lo que va a ocurrir, ni por el trabajo que tiene por\u2026","rel":"","context":"En \u00abCHASCOM\u00daS\u00bb","block_context":{"text":"CHASCOM\u00daS","link":"https:\/\/larevistadigital.com.ar\/blog\/category\/chascomus\/"},"img":{"alt_text":"","src":"https:\/\/i0.wp.com\/larevistadigital.com.ar\/blog\/wp-content\/uploads\/2017\/12\/images.jpg?fit=218%2C231&ssl=1&resize=350%2C200","width":350,"height":200},"classes":[]},{"id":30484,"url":"https:\/\/larevistadigital.com.ar\/blog\/el-bayern-munich-dejo-afuera-de-la-champions-al-psg-de-messi-y-mbappe\/","url_meta":{"origin":21510,"position":1},"title":"EL BAYERN MUNICH DEJ\u00d3 AFUERA DE LA CHAMPIONS AL PSG DE MESSI Y MBAPPE","author":"Alejandro Sosa Ruda","date":"8 marzo, 2023","format":false,"excerpt":"Se jug\u00f3 en Alemania, y el resultado fue 2 a 0. De esta manera redonde\u00f3 un 3 a 0 en el global de la serie. El equipo franc\u00e9s fue totalmente dominado. Milan elimin\u00f3 al Tottenham en la otra serie. 8 de marzo de 2023 MUNICH -\u00a0 Bayern Munich elimin\u00f3 este\u2026","rel":"","context":"En \u00abDEPORTES\u00bb","block_context":{"text":"DEPORTES","link":"https:\/\/larevistadigital.com.ar\/blog\/category\/deportes\/"},"img":{"alt_text":"","src":"https:\/\/i0.wp.com\/larevistadigital.com.ar\/blog\/wp-content\/uploads\/PSG-BAYERN.png?fit=805%2C508&ssl=1&resize=350%2C200","width":350,"height":200,"srcset":"https:\/\/i0.wp.com\/larevistadigital.com.ar\/blog\/wp-content\/uploads\/PSG-BAYERN.png?fit=805%2C508&ssl=1&resize=350%2C200 1x, https:\/\/i0.wp.com\/larevistadigital.com.ar\/blog\/wp-content\/uploads\/PSG-BAYERN.png?fit=805%2C508&ssl=1&resize=525%2C300 1.5x, https:\/\/i0.wp.com\/larevistadigital.com.ar\/blog\/wp-content\/uploads\/PSG-BAYERN.png?fit=805%2C508&ssl=1&resize=700%2C400 2x"},"classes":[]},{"id":12664,"url":"https:\/\/larevistadigital.com.ar\/blog\/si-aimar-es-el-idolo-de-messi-tambien-tiene-que-ser-el-mio\/","url_meta":{"origin":21510,"position":2},"title":"\u00abSI AIMAR ES EL \u00cdDOLO DE MESSI, TAMBI\u00c9N TIENE QUE SER EL M\u00cdO\u00bb","author":"Alejandro Sosa Ruda","date":"16 octubre, 2019","format":false,"excerpt":"Cuando\u00a0David Luiz\u00a0pas\u00f3 de Vittoria de Brasil a Benfica en el a\u00f1o 2007, su llegada pudo ser m\u00e1s placentera gracias a la c\u00e1lida bienvenida que le dio\u00a0Pablo Aimar. El ex mediocampista fue muy importante para que el brasile\u00f1o logre adaptarse al nuevo grupo de compa\u00f1eros, adem\u00e1s de ense\u00f1arle todo lo que\u2026","rel":"","context":"En \u00abDEPORTES\u00bb","block_context":{"text":"DEPORTES","link":"https:\/\/larevistadigital.com.ar\/blog\/category\/deportes\/"},"img":{"alt_text":"","src":"https:\/\/i0.wp.com\/larevistadigital.com.ar\/blog\/wp-content\/uploads\/aimar_0.jpg?fit=1008%2C566&ssl=1&resize=350%2C200","width":350,"height":200,"srcset":"https:\/\/i0.wp.com\/larevistadigital.com.ar\/blog\/wp-content\/uploads\/aimar_0.jpg?fit=1008%2C566&ssl=1&resize=350%2C200 1x, https:\/\/i0.wp.com\/larevistadigital.com.ar\/blog\/wp-content\/uploads\/aimar_0.jpg?fit=1008%2C566&ssl=1&resize=525%2C300 1.5x, https:\/\/i0.wp.com\/larevistadigital.com.ar\/blog\/wp-content\/uploads\/aimar_0.jpg?fit=1008%2C566&ssl=1&resize=700%2C400 2x"},"classes":[]},{"id":38617,"url":"https:\/\/larevistadigital.com.ar\/blog\/gabriel-macchi-en-ataque-de-radio-el-motor-esta-afinado-y-listo\/","url_meta":{"origin":21510,"position":3},"title":"Gabriel Macchi en \u00abAtaque de Radio\u00bb: \u00abEl motor est\u00e1 afinado y listo\u00bb&#8230;","author":"Alejandro Sosa Ruda","date":"6 febrero, 2025","format":false,"excerpt":"El ex candidato a Intendente y concejal m\/c del PJ, Gabriel Macchi contest\u00f3 todas las preguntas en una nota radial. \u00bfSer\u00e1 candidato? 06 de Febrero de 2025 CHASCOM\u00daS -\u00a0 Finalmente la \u201cfigurita dif\u00edcil\u201d, Gabriel Macchi, \u00a0a quien todo el \u00e1mbito de la prensa pol\u00edtica de Chascom\u00fas quer\u00eda entrevistar, sali\u00f3 de\u2026","rel":"","context":"En \u00abATAQUE DE RADIO\u00bb","block_context":{"text":"ATAQUE DE RADIO","link":"https:\/\/larevistadigital.com.ar\/blog\/category\/ataque-de-radio\/"},"img":{"alt_text":"","src":"https:\/\/i0.wp.com\/larevistadigital.com.ar\/blog\/wp-content\/uploads\/GABRIEL-MACCHI.jpg?fit=869%2C480&ssl=1&resize=350%2C200","width":350,"height":200,"srcset":"https:\/\/i0.wp.com\/larevistadigital.com.ar\/blog\/wp-content\/uploads\/GABRIEL-MACCHI.jpg?fit=869%2C480&ssl=1&resize=350%2C200 1x, https:\/\/i0.wp.com\/larevistadigital.com.ar\/blog\/wp-content\/uploads\/GABRIEL-MACCHI.jpg?fit=869%2C480&ssl=1&resize=525%2C300 1.5x, https:\/\/i0.wp.com\/larevistadigital.com.ar\/blog\/wp-content\/uploads\/GABRIEL-MACCHI.jpg?fit=869%2C480&ssl=1&resize=700%2C400 2x"},"classes":[]},{"id":25169,"url":"https:\/\/larevistadigital.com.ar\/blog\/messi-lesionado-no-estara-en-el-partido-que-puede-consagrar-al-psg-como-campeon-de-la-liga-de-francia\/","url_meta":{"origin":21510,"position":4},"title":"MESSI LESIONADO: NO ESTAR\u00c1 EN EL PARTIDO QUE PUEDE CONSAGRAR AL PSG COMO CAMPE\u00d3N DE LA LIGA DE FRANCIA","author":"Alejandro Sosa Ruda","date":"20 abril, 2022","format":false,"excerpt":"El rosarino \u00absigue en tratamiento por una inflamaci\u00f3n del tend\u00f3n de Aquiles izquierdo\u00bb, seg\u00fan indic\u00f3 el parte m\u00e9dico del club. La lesi\u00f3n lo ausentar\u00e1 del partido en el que puede coronarse. El futbolista Lionel Messi sufri\u00f3 una \u00abinflamaci\u00f3n en el tend\u00f3n de Aquiles del pie izquierdo\u00bb y qued\u00f3 descartado para\u2026","rel":"","context":"En \u00abDEPORTES\u00bb","block_context":{"text":"DEPORTES","link":"https:\/\/larevistadigital.com.ar\/blog\/category\/deportes\/"},"img":{"alt_text":"","src":"https:\/\/i0.wp.com\/larevistadigital.com.ar\/blog\/wp-content\/uploads\/messi-lesionado-19-4-2022.jpg?fit=640%2C360&ssl=1&resize=350%2C200","width":350,"height":200,"srcset":"https:\/\/i0.wp.com\/larevistadigital.com.ar\/blog\/wp-content\/uploads\/messi-lesionado-19-4-2022.jpg?fit=640%2C360&ssl=1&resize=350%2C200 1x, https:\/\/i0.wp.com\/larevistadigital.com.ar\/blog\/wp-content\/uploads\/messi-lesionado-19-4-2022.jpg?fit=640%2C360&ssl=1&resize=525%2C300 1.5x"},"classes":[]},{"id":14725,"url":"https:\/\/larevistadigital.com.ar\/blog\/el-italiano-de-rossi-ninguneo-su-paso-por-boca\/","url_meta":{"origin":21510,"position":5},"title":"EL ITALIANO DE ROSSI \u00abNINGUNE\u00d3\u00bb SU PASO POR BOCA","author":"Alejandro Sosa Ruda","date":"11 febrero, 2020","format":false,"excerpt":"El italiano reflexion\u00f3 acerca del final de su carrera deportiva. Daniele De Rossi\u00a0eval\u00faa su futuro en Roma junto a su familia. El italiano lleva dos meses como ex futbolista y aprovecha para pasar tiempo junto a su hija mayor, la \u00fanica integrante de su c\u00edrculo \u00edntimo que no lo acompa\u00f1\u00f3\u2026","rel":"","context":"En \u00abDEPORTES\u00bb","block_context":{"text":"DEPORTES","link":"https:\/\/larevistadigital.com.ar\/blog\/category\/deportes\/"},"img":{"alt_text":"","src":"https:\/\/i0.wp.com\/larevistadigital.com.ar\/blog\/wp-content\/uploads\/0806-derossi-boca-g-na.jpg?fit=1140%2C641&ssl=1&resize=350%2C200","width":350,"height":200,"srcset":"https:\/\/i0.wp.com\/larevistadigital.com.ar\/blog\/wp-content\/uploads\/0806-derossi-boca-g-na.jpg?fit=1140%2C641&ssl=1&resize=350%2C200 1x, https:\/\/i0.wp.com\/larevistadigital.com.ar\/blog\/wp-content\/uploads\/0806-derossi-boca-g-na.jpg?fit=1140%2C641&ssl=1&resize=525%2C300 1.5x, https:\/\/i0.wp.com\/larevistadigital.com.ar\/blog\/wp-content\/uploads\/0806-derossi-boca-g-na.jpg?fit=1140%2C641&ssl=1&resize=700%2C400 2x, https:\/\/i0.wp.com\/larevistadigital.com.ar\/blog\/wp-content\/uploads\/0806-derossi-boca-g-na.jpg?fit=1140%2C641&ssl=1&resize=1050%2C600 3x"},"classes":[]}],"_links":{"self":[{"href":"https:\/\/larevistadigital.com.ar\/blog\/wp-json\/wp\/v2\/posts\/21510","targetHints":{"allow":["GET"]}}],"collection":[{"href":"https:\/\/larevistadigital.com.ar\/blog\/wp-json\/wp\/v2\/posts"}],"about":[{"href":"https:\/\/larevistadigital.com.ar\/blog\/wp-json\/wp\/v2\/types\/post"}],"author":[{"embeddable":true,"href":"https:\/\/larevistadigital.com.ar\/blog\/wp-json\/wp\/v2\/users\/3"}],"replies":[{"embeddable":true,"href":"https:\/\/larevistadigital.com.ar\/blog\/wp-json\/wp\/v2\/comments?post=21510"}],"version-history":[{"count":1,"href":"https:\/\/larevistadigital.com.ar\/blog\/wp-json\/wp\/v2\/posts\/21510\/revisions"}],"predecessor-version":[{"id":21512,"href":"https:\/\/larevistadigital.com.ar\/blog\/wp-json\/wp\/v2\/posts\/21510\/revisions\/21512"}],"wp:featuredmedia":[{"embeddable":true,"href":"https:\/\/larevistadigital.com.ar\/blog\/wp-json\/wp\/v2\/media\/21511"}],"wp:attachment":[{"href":"https:\/\/larevistadigital.com.ar\/blog\/wp-json\/wp\/v2\/media?parent=21510"}],"wp:term":[{"taxonomy":"category","embeddable":true,"href":"https:\/\/larevistadigital.com.ar\/blog\/wp-json\/wp\/v2\/categories?post=21510"},{"taxonomy":"post_tag","embeddable":true,"href":"https:\/\/larevistadigital.com.ar\/blog\/wp-json\/wp\/v2\/tags?post=21510"}],"curies":[{"name":"wp","href":"https:\/\/api.w.org\/{rel}","templated":true}]}}