{"id":21513,"date":"2021-08-11T13:41:47","date_gmt":"2021-08-11T13:41:47","guid":{"rendered":"https:\/\/larevistadigital.com.ar\/blog\/?p=21513"},"modified":"2021-08-11T13:41:47","modified_gmt":"2021-08-11T13:41:47","slug":"violo-a-una-de-sus-sobrinas-que-lo-visito-en-su-casa","status":"publish","type":"post","link":"https:\/\/larevistadigital.com.ar\/blog\/violo-a-una-de-sus-sobrinas-que-lo-visito-en-su-casa\/","title":{"rendered":"VIOL\u00d3 A UNA DE SUS SOBRINAS QUE LO VISIT\u00d3 EN SU CASA"},"content":{"rendered":"<h2 class=\"intro\">El hombre de 46 a\u00f1os fue detenido luego de que la hermana de la v\u00edctima llamara al 911. Se neg\u00f3 a declarar y la fiscal\u00eda pidi\u00f3 que siga detenido.<\/h2>\n<p><strong>MAR DEL PLATA-<\/strong> Un sujeto que recibi\u00f3 a dos sobrinas en su casa del barrio Los Andes y luego de invitarlas a cenar viol\u00f3 de una de ellas fue aprehendido el martes por personal policial que lleg\u00f3 al lugar tras el llamado de la hermana de la v\u00edctima. Luego de negarse a declarar en Tribunales, qued\u00f3 alojado en la Unidad Penal 44 de Bat\u00e1n.<\/p>\n<blockquote>\n<h3>Seg\u00fan los datos a los que tuvo acceso<strong>\u00a00223<\/strong>, durante los primeros minutos del martes personal de la comisar\u00eda cuarta arrib\u00f3 a una vivienda en inmediaciones de las calles<strong>\u00a0Teodoro Bronzini y Falucho<\/strong>\u00a0tras el llamado de una joven al 911. \u201cEn el llamado hizo referencia que su t\u00edo hab\u00eda abusado a su hermana de 17 a\u00f1os y los oficiales lo aprehendieron\u201d, se\u00f1alaron.<\/h3>\n<\/blockquote>\n<p>Una vez labradas las actuaciones de rigor y tras pasar la noche en la alcaid\u00eda penitenciaria de Bat\u00e1n, el imputado por\u00a0<strong>abuso sexual con acceso carnal<\/strong>\u00a0fue trasladado a Tribunales. Acompa\u00f1ado por un defensor oficial se neg\u00f3 a declarar ante la fiscal\u00a0<strong>Florencia Salas.<\/strong><\/p>\n<p>La titular de la Unidad Fiscal de Instrucci\u00f3n 1 le pidi\u00f3 a la Justicia de Garant\u00edas que siga detenido mientras avanza la investigaci\u00f3n<\/p>\n<p>cuente e imagen 0223.com.ar<\/p>\n<p>&nbsp;<\/p>\n","protected":false},"excerpt":{"rendered":"<div class=\"mh-excerpt\"><p>El hombre de 46 a\u00f1os fue detenido luego de que la hermana de la v\u00edctima llamara al 911. Se neg\u00f3 a declarar y la fiscal\u00eda pidi\u00f3 que siga detenido. MAR DEL PLATA- Un sujeto que <a class=\"mh-excerpt-more\" href=\"https:\/\/larevistadigital.com.ar\/blog\/violo-a-una-de-sus-sobrinas-que-lo-visito-en-su-casa\/\" title=\"VIOL\u00d3 A UNA DE SUS SOBRINAS QUE LO VISIT\u00d3 EN SU CASA\">[Leer M\u00e1s]<\/a><\/p>\n<\/div>","protected":false},"author":3,"featured_media":21514,"comment_status":"open","ping_status":"open","sticky":false,"template":"","format":"standard","meta":{"_jetpack_memberships_contains_paid_content":false,"footnotes":"","jetpack_publicize_message":"","jetpack_publicize_feature_enabled":true,"jetpack_social_post_already_shared":true,"jetpack_social_options":{"image_generator_settings":{"template":"highway","default_image_id":0,"font":"","enabled":false},"version":2}},"categories":[44,51],"tags":[],"class_list":{"0":"post-21513","1":"post","2":"type-post","3":"status-publish","4":"format-standard","5":"has-post-thumbnail","7":"category-policiales","8":"category-regionales"},"jetpack_publicize_connections":[],"jetpack_featured_media_url":"https:\/\/i0.wp.com\/larevistadigital.com.ar\/blog\/wp-content\/uploads\/Captura-de-pantalla-2021-08-11-103923.png?fit=1002%2C532&ssl=1","jetpack_sharing_enabled":true,"jetpack_shortlink":"https:\/\/wp.me\/p8qtrQ-5AZ","jetpack-related-posts":[{"id":33101,"url":"https:\/\/larevistadigital.com.ar\/blog\/san-fernando-discutio-con-su-hermana-de-14-anos-y-la-mato\/","url_meta":{"origin":21513,"position":0},"title":"SAN FERNANDO: DISCUTI\u00d3 CON SU HERMANA DE 14 A\u00d1OS Y LA MAT\u00d3","author":"Alejandro Sosa Ruda","date":"28 agosto, 2023","format":false,"excerpt":"Un joven de 20 a\u00f1os, identificado como Kevin Herrera, presuntamente alterado por un brote psic\u00f3tico, fue detenido este s\u00e1bado en San Fernando acusado de asesinar a su hermana de 14, tras una discusi\u00f3n. 28 de agosto de 2023 SAN FERNANDO -\u00a0 Seg\u00fan contaron al portal Que Pasa vecinos del lugar,\u2026","rel":"","context":"En \u00abPOLICIALES\u00bb","block_context":{"text":"POLICIALES","link":"https:\/\/larevistadigital.com.ar\/blog\/category\/policiales\/"},"img":{"alt_text":"","src":"https:\/\/i0.wp.com\/larevistadigital.com.ar\/blog\/wp-content\/uploads\/20230827144955_fraticidio-san-fernando.jpg?fit=880%2C512&ssl=1&resize=350%2C200","width":350,"height":200,"srcset":"https:\/\/i0.wp.com\/larevistadigital.com.ar\/blog\/wp-content\/uploads\/20230827144955_fraticidio-san-fernando.jpg?fit=880%2C512&ssl=1&resize=350%2C200 1x, https:\/\/i0.wp.com\/larevistadigital.com.ar\/blog\/wp-content\/uploads\/20230827144955_fraticidio-san-fernando.jpg?fit=880%2C512&ssl=1&resize=525%2C300 1.5x, https:\/\/i0.wp.com\/larevistadigital.com.ar\/blog\/wp-content\/uploads\/20230827144955_fraticidio-san-fernando.jpg?fit=880%2C512&ssl=1&resize=700%2C400 2x"},"classes":[]},{"id":44141,"url":"https:\/\/larevistadigital.com.ar\/blog\/mar-del-plata-llamo-al-911-para-denunciar-el-hallazgo-de-su-pareja-y-quedo-detenido-por-femicidio\/","url_meta":{"origin":21513,"position":1},"title":"Mar del Plata: llam\u00f3 al 911 para denunciar el hallazgo de su pareja y qued\u00f3 detenido por femicidio","author":"Alejandro Sosa Ruda","date":"23 febrero, 2026","format":false,"excerpt":"La autopsia confirm\u00f3 que la mujer, de 57 a\u00f1os, muri\u00f3 por asfixia mec\u00e1nica. El acusado fue apresado tras un allanamiento en Punta Mogotes y se neg\u00f3 a declarar. 23 de febrero de 2026 MAR DEL PLATA -\u00a0 \u00a0Un hombre que hab\u00eda llamado al 911 para denunciar que encontr\u00f3 a su\u2026","rel":"","context":"En \u00abPOLICIALES\u00bb","block_context":{"text":"POLICIALES","link":"https:\/\/larevistadigital.com.ar\/blog\/category\/policiales\/"},"img":{"alt_text":"","src":"https:\/\/i0.wp.com\/larevistadigital.com.ar\/blog\/wp-content\/uploads\/9085a49a451a1009aec404689217ac0d1e18b4fe.png?fit=1140%2C655&ssl=1&resize=350%2C200","width":350,"height":200,"srcset":"https:\/\/i0.wp.com\/larevistadigital.com.ar\/blog\/wp-content\/uploads\/9085a49a451a1009aec404689217ac0d1e18b4fe.png?fit=1140%2C655&ssl=1&resize=350%2C200 1x, https:\/\/i0.wp.com\/larevistadigital.com.ar\/blog\/wp-content\/uploads\/9085a49a451a1009aec404689217ac0d1e18b4fe.png?fit=1140%2C655&ssl=1&resize=525%2C300 1.5x, https:\/\/i0.wp.com\/larevistadigital.com.ar\/blog\/wp-content\/uploads\/9085a49a451a1009aec404689217ac0d1e18b4fe.png?fit=1140%2C655&ssl=1&resize=700%2C400 2x, https:\/\/i0.wp.com\/larevistadigital.com.ar\/blog\/wp-content\/uploads\/9085a49a451a1009aec404689217ac0d1e18b4fe.png?fit=1140%2C655&ssl=1&resize=1050%2C600 3x"},"classes":[]},{"id":29882,"url":"https:\/\/larevistadigital.com.ar\/blog\/mar-del-plata-retuvo-a-su-pareja-tres-dias-la-ato-en-el-bano-la-golpeo-y-la-electrocuto\/","url_meta":{"origin":21513,"position":2},"title":"MAR DEL PLATA: RETUVO A SU PAREJA TRES D\u00cdAS, LA AT\u00d3 EN EL BA\u00d1O, LA GOLPE\u00d3 Y LA ELECTROCUT\u00d3","author":"Alejandro Sosa Ruda","date":"21 enero, 2023","format":false,"excerpt":"Fueron 72 horas de horror. Detuvieron al sujeto que qued\u00f3 alojado en Batan. La situaci\u00f3n fue alertada por un llamado al 911. 21 de enero de 2023 MAR DEL PLATA -\u00a0 Un sujeto de 44 a\u00f1os fue detenido en las \u00faltimas horas en una casa del barrio Malvinas Argentinas de\u2026","rel":"","context":"En \u00abPOLICIALES\u00bb","block_context":{"text":"POLICIALES","link":"https:\/\/larevistadigital.com.ar\/blog\/category\/policiales\/"},"img":{"alt_text":"","src":"https:\/\/i0.wp.com\/larevistadigital.com.ar\/blog\/wp-content\/uploads\/21211f6e217617e399e6cae3eade5d7a48c184ff.jpg?fit=1140%2C656&ssl=1&resize=350%2C200","width":350,"height":200,"srcset":"https:\/\/i0.wp.com\/larevistadigital.com.ar\/blog\/wp-content\/uploads\/21211f6e217617e399e6cae3eade5d7a48c184ff.jpg?fit=1140%2C656&ssl=1&resize=350%2C200 1x, https:\/\/i0.wp.com\/larevistadigital.com.ar\/blog\/wp-content\/uploads\/21211f6e217617e399e6cae3eade5d7a48c184ff.jpg?fit=1140%2C656&ssl=1&resize=525%2C300 1.5x, https:\/\/i0.wp.com\/larevistadigital.com.ar\/blog\/wp-content\/uploads\/21211f6e217617e399e6cae3eade5d7a48c184ff.jpg?fit=1140%2C656&ssl=1&resize=700%2C400 2x, https:\/\/i0.wp.com\/larevistadigital.com.ar\/blog\/wp-content\/uploads\/21211f6e217617e399e6cae3eade5d7a48c184ff.jpg?fit=1140%2C656&ssl=1&resize=1050%2C600 3x"},"classes":[]},{"id":24943,"url":"https:\/\/larevistadigital.com.ar\/blog\/mato-a-la-vecina-porque-lo-denuncio-por-ruidos-molestos\/","url_meta":{"origin":21513,"position":3},"title":"MAT\u00d3 A LA VECINA PORQUE LO DENUNCI\u00d3 POR RUIDOS MOLESTOS","author":"Alejandro Sosa Ruda","date":"4 abril, 2022","format":false,"excerpt":"El salvaje crimen ocurri\u00f3 el s\u00e1bado en el barrio porte\u00f1o de Caballito.\u00a0Gloria Houllmann ten\u00eda 71 a\u00f1os. CABALLITO -\u00a0 Un joven de 25 a\u00f1os fue detenido este fin de semana acusado de asesinar a su vecina,\u00a0una jubilada de 71 a\u00f1os,\u00a0con quien discut\u00eda frecuentemente, luego de que la mujer fuera encontrada muerta\u2026","rel":"","context":"En \u00abINTERES GENERAL\u00bb","block_context":{"text":"INTERES GENERAL","link":"https:\/\/larevistadigital.com.ar\/blog\/category\/interes-general\/"},"img":{"alt_text":"","src":"https:\/\/i0.wp.com\/larevistadigital.com.ar\/blog\/wp-content\/uploads\/Captura-de-pantalla-2022-04-03-211002.jpg?fit=918%2C452&ssl=1&resize=350%2C200","width":350,"height":200,"srcset":"https:\/\/i0.wp.com\/larevistadigital.com.ar\/blog\/wp-content\/uploads\/Captura-de-pantalla-2022-04-03-211002.jpg?fit=918%2C452&ssl=1&resize=350%2C200 1x, https:\/\/i0.wp.com\/larevistadigital.com.ar\/blog\/wp-content\/uploads\/Captura-de-pantalla-2022-04-03-211002.jpg?fit=918%2C452&ssl=1&resize=525%2C300 1.5x, https:\/\/i0.wp.com\/larevistadigital.com.ar\/blog\/wp-content\/uploads\/Captura-de-pantalla-2022-04-03-211002.jpg?fit=918%2C452&ssl=1&resize=700%2C400 2x"},"classes":[]},{"id":15518,"url":"https:\/\/larevistadigital.com.ar\/blog\/discutio-con-su-hijo-y-lo-mato-de-un-tiro-en-el-pecho\/","url_meta":{"origin":21513,"position":4},"title":"DISCUTI\u00d3 CON SU HIJO Y LO MAT\u00d3 DE UN TIRO EN EL PECHO","author":"Alejandro Sosa Ruda","date":"5 junio, 2020","format":false,"excerpt":"El hecho ocurri\u00f3 ayer a la noche en un casa de Lebenshon y Figueroa. La v\u00edctima tiene 28 a\u00f1os y falleci\u00f3 tras ingresar al Hospital Interzonal de Agudos. Un joven de 28 a\u00f1os fue asesinado por su padre ayer a la noche de un tiro en el pecho tras una\u2026","rel":"","context":"En \u00abPOLICIALES\u00bb","block_context":{"text":"POLICIALES","link":"https:\/\/larevistadigital.com.ar\/blog\/category\/policiales\/"},"img":{"alt_text":"","src":"https:\/\/i0.wp.com\/larevistadigital.com.ar\/blog\/wp-content\/uploads\/Screenshot_1-115.jpg?fit=1006%2C676&ssl=1&resize=350%2C200","width":350,"height":200,"srcset":"https:\/\/i0.wp.com\/larevistadigital.com.ar\/blog\/wp-content\/uploads\/Screenshot_1-115.jpg?fit=1006%2C676&ssl=1&resize=350%2C200 1x, https:\/\/i0.wp.com\/larevistadigital.com.ar\/blog\/wp-content\/uploads\/Screenshot_1-115.jpg?fit=1006%2C676&ssl=1&resize=525%2C300 1.5x, https:\/\/i0.wp.com\/larevistadigital.com.ar\/blog\/wp-content\/uploads\/Screenshot_1-115.jpg?fit=1006%2C676&ssl=1&resize=700%2C400 2x"},"classes":[]},{"id":12958,"url":"https:\/\/larevistadigital.com.ar\/blog\/amenazo-con-electrocutar-a-su-madre-y-apunalar-a-su-hermana\/","url_meta":{"origin":21513,"position":5},"title":"AMENAZ\u00d3 CON ELECTROCUTAR A SU MADRE Y APU\u00d1ALAR A SU HERMANA","author":"Alejandro Sosa Ruda","date":"31 octubre, 2019","format":false,"excerpt":"Un hombre de 32 a\u00f1os fue detenido en las \u00faltimas horas luego de que agrediera a su hermana\u00a0coloc\u00e1ndole un cuchillo en el cuello e amenazara con electrocutar a su propia madre\u00a0en su casa de Bat\u00e1n. El hecho ocurri\u00f3 en una vivienda ubicada en las calles 45 y 54 de Bat\u00e1n,\u2026","rel":"","context":"En \u00abPOLICIALES\u00bb","block_context":{"text":"POLICIALES","link":"https:\/\/larevistadigital.com.ar\/blog\/category\/policiales\/"},"img":{"alt_text":"","src":"https:\/\/i0.wp.com\/larevistadigital.com.ar\/blog\/wp-content\/uploads\/Screenshot_2-55.jpg?fit=759%2C423&ssl=1&resize=350%2C200","width":350,"height":200,"srcset":"https:\/\/i0.wp.com\/larevistadigital.com.ar\/blog\/wp-content\/uploads\/Screenshot_2-55.jpg?fit=759%2C423&ssl=1&resize=350%2C200 1x, https:\/\/i0.wp.com\/larevistadigital.com.ar\/blog\/wp-content\/uploads\/Screenshot_2-55.jpg?fit=759%2C423&ssl=1&resize=525%2C300 1.5x, https:\/\/i0.wp.com\/larevistadigital.com.ar\/blog\/wp-content\/uploads\/Screenshot_2-55.jpg?fit=759%2C423&ssl=1&resize=700%2C400 2x"},"classes":[]}],"_links":{"self":[{"href":"https:\/\/larevistadigital.com.ar\/blog\/wp-json\/wp\/v2\/posts\/21513","targetHints":{"allow":["GET"]}}],"collection":[{"href":"https:\/\/larevistadigital.com.ar\/blog\/wp-json\/wp\/v2\/posts"}],"about":[{"href":"https:\/\/larevistadigital.com.ar\/blog\/wp-json\/wp\/v2\/types\/post"}],"author":[{"embeddable":true,"href":"https:\/\/larevistadigital.com.ar\/blog\/wp-json\/wp\/v2\/users\/3"}],"replies":[{"embeddable":true,"href":"https:\/\/larevistadigital.com.ar\/blog\/wp-json\/wp\/v2\/comments?post=21513"}],"version-history":[{"count":1,"href":"https:\/\/larevistadigital.com.ar\/blog\/wp-json\/wp\/v2\/posts\/21513\/revisions"}],"predecessor-version":[{"id":21515,"href":"https:\/\/larevistadigital.com.ar\/blog\/wp-json\/wp\/v2\/posts\/21513\/revisions\/21515"}],"wp:featuredmedia":[{"embeddable":true,"href":"https:\/\/larevistadigital.com.ar\/blog\/wp-json\/wp\/v2\/media\/21514"}],"wp:attachment":[{"href":"https:\/\/larevistadigital.com.ar\/blog\/wp-json\/wp\/v2\/media?parent=21513"}],"wp:term":[{"taxonomy":"category","embeddable":true,"href":"https:\/\/larevistadigital.com.ar\/blog\/wp-json\/wp\/v2\/categories?post=21513"},{"taxonomy":"post_tag","embeddable":true,"href":"https:\/\/larevistadigital.com.ar\/blog\/wp-json\/wp\/v2\/tags?post=21513"}],"curies":[{"name":"wp","href":"https:\/\/api.w.org\/{rel}","templated":true}]}}