{"id":21516,"date":"2021-08-11T13:45:58","date_gmt":"2021-08-11T13:45:58","guid":{"rendered":"https:\/\/larevistadigital.com.ar\/blog\/?p=21516"},"modified":"2021-08-11T13:45:58","modified_gmt":"2021-08-11T13:45:58","slug":"vecinos-detienen-a-ladron-que-intento-ingresar-en-varias-casas","status":"publish","type":"post","link":"https:\/\/larevistadigital.com.ar\/blog\/vecinos-detienen-a-ladron-que-intento-ingresar-en-varias-casas\/","title":{"rendered":"VECINOS DETIENEN A LADR\u00d3N QUE INTENT\u00d3 INGRESAR EN VARIAS CASAS"},"content":{"rendered":"<h2 class=\"intro\">Lo atraparon en el barrio Constituci\u00f3n. Se le form\u00f3 una causa por violaci\u00f3n de domicilio y qued\u00f3 alojado en la Unidad Penal 44 de Bat\u00e1n.<\/h2>\n<p><strong>MAR DEL PLATA &#8211;<\/strong> El alerta que varios vecinos del barrio Constituci\u00f3n dieron al 911 por la presencia de un hombre que merodeaba la zona termin\u00f3 con la aprehensi\u00f3n de un sujeto de 27 a\u00f1os tras intentar ingresar a varias viviendas. Las autoridades judiciales ordenaron la formaci\u00f3n de una causa por violaci\u00f3n de domicilio.<\/p>\n<blockquote>\n<h3>El hecho se registr\u00f3 el martes a la tarde en inmediaciones de las calles\u00a0<strong>Acevedo y Chubut<\/strong>\u00a0cuando personal de la comisar\u00eda s\u00e9ptima entrevist\u00f3 a los vecinos que denunciaron la presencia de una persona en la zona y que habr\u00eda intentado ingresar a los patios traseros de algunas viviendas.<\/h3>\n<\/blockquote>\n<p>Con la descripci\u00f3n aportada por los denunciantes, el personal lo intercept\u00f3 a pocas cuadras del lugar y confirm\u00f3 que registraba antecedentes por varios \u201cescruches\u201d.<\/p>\n<p>En el marco de una causa por violaci\u00f3n de domicilio el fiscal de Flagrancia\u00a0<strong>Facundo De la Canale<\/strong>\u00a0dispuso su alojamiento en la Unidad Penal 44 de Bat\u00e1n.<\/p>\n","protected":false},"excerpt":{"rendered":"<div class=\"mh-excerpt\"><p>Lo atraparon en el barrio Constituci\u00f3n. Se le form\u00f3 una causa por violaci\u00f3n de domicilio y qued\u00f3 alojado en la Unidad Penal 44 de Bat\u00e1n. MAR DEL PLATA &#8211; El alerta que varios vecinos del <a class=\"mh-excerpt-more\" href=\"https:\/\/larevistadigital.com.ar\/blog\/vecinos-detienen-a-ladron-que-intento-ingresar-en-varias-casas\/\" title=\"VECINOS DETIENEN A LADR\u00d3N QUE INTENT\u00d3 INGRESAR EN VARIAS CASAS\">[Leer M\u00e1s]<\/a><\/p>\n<\/div>","protected":false},"author":3,"featured_media":21517,"comment_status":"open","ping_status":"open","sticky":false,"template":"","format":"standard","meta":{"_jetpack_memberships_contains_paid_content":false,"footnotes":"","jetpack_publicize_message":"","jetpack_publicize_feature_enabled":true,"jetpack_social_post_already_shared":true,"jetpack_social_options":{"image_generator_settings":{"template":"highway","default_image_id":0,"font":"","enabled":false},"version":2}},"categories":[44,51],"tags":[],"class_list":{"0":"post-21516","1":"post","2":"type-post","3":"status-publish","4":"format-standard","5":"has-post-thumbnail","7":"category-policiales","8":"category-regionales"},"jetpack_publicize_connections":[],"jetpack_featured_media_url":"https:\/\/i0.wp.com\/larevistadigital.com.ar\/blog\/wp-content\/uploads\/CHORRO-1.png?fit=1002%2C558&ssl=1","jetpack_sharing_enabled":true,"jetpack_shortlink":"https:\/\/wp.me\/p8qtrQ-5B2","jetpack-related-posts":[{"id":34165,"url":"https:\/\/larevistadigital.com.ar\/blog\/violacion-de-domicilio-sustraccion-de-dinero-y-amenazas-con-arma-blanca-a-su-ex-pareja-y-a-vecinos\/","url_meta":{"origin":21516,"position":0},"title":"VIOLACI\u00d3N DE DOMICILIO, SUSTRACCI\u00d3N DE DINERO Y AMENAZAS CON ARMA BLANCA A SU EX-PAREJA Y A VECINOS.","author":"Alejandro Sosa Ruda","date":"21 octubre, 2023","format":false,"excerpt":"CHASCOM\u00daS -\u00a0 El d\u00eda jueves personal policial de E.P.C. Chascomus 1ra. realiz\u00f3 diferentes tareas investigativas tendientes a colectar pruebas respecto de un hecho ocurrido en la calle 3 del barrio 30 de Mayo, en el que una persona de sexo masculino ingres\u00f3 a la vivienda de su ex pareja con\u2026","rel":"","context":"En \u00abCHASCOM\u00daS\u00bb","block_context":{"text":"CHASCOM\u00daS","link":"https:\/\/larevistadigital.com.ar\/blog\/category\/chascomus\/"},"img":{"alt_text":"","src":"https:\/\/i0.wp.com\/larevistadigital.com.ar\/blog\/wp-content\/uploads\/WhatsApp-Image-2023-10-21-at-14.32.52-e1697915594274.jpeg?fit=712%2C696&ssl=1&resize=350%2C200","width":350,"height":200,"srcset":"https:\/\/i0.wp.com\/larevistadigital.com.ar\/blog\/wp-content\/uploads\/WhatsApp-Image-2023-10-21-at-14.32.52-e1697915594274.jpeg?fit=712%2C696&ssl=1&resize=350%2C200 1x, https:\/\/i0.wp.com\/larevistadigital.com.ar\/blog\/wp-content\/uploads\/WhatsApp-Image-2023-10-21-at-14.32.52-e1697915594274.jpeg?fit=712%2C696&ssl=1&resize=525%2C300 1.5x, https:\/\/i0.wp.com\/larevistadigital.com.ar\/blog\/wp-content\/uploads\/WhatsApp-Image-2023-10-21-at-14.32.52-e1697915594274.jpeg?fit=712%2C696&ssl=1&resize=700%2C400 2x"},"classes":[]},{"id":8077,"url":"https:\/\/larevistadigital.com.ar\/blog\/chascomus-detienen-a-dos-sujetos-por-violacion-de-domicilio-y-amenazas\/","url_meta":{"origin":21516,"position":1},"title":"CHASCOM\u00daS: DETIENEN A DOS SUJETOS POR VIOLACI\u00d3N DE DOMICILIO Y AMENAZAS","author":"Alejandro Sosa Ruda","date":"31 enero, 2019","format":false,"excerpt":"Siendo alrededor de las 19:00 horas a ra\u00edz de un alerta al 911 personal de la Estaci\u00f3n de Polic\u00eda comunal se constituye en calle caseros al 500 donde se daba cuenta que instantes antes dos sujetos del sexo masculino habr\u00edan intentado ingresar a una finca quienes al ser alertados por\u2026","rel":"","context":"En \u00abPOLICIALES\u00bb","block_context":{"text":"POLICIALES","link":"https:\/\/larevistadigital.com.ar\/blog\/category\/policiales\/"},"img":{"alt_text":"","src":"https:\/\/i0.wp.com\/larevistadigital.com.ar\/blog\/wp-content\/uploads\/2019\/01\/bbx_755050019_comisaria_chasco_01.jpg?fit=800%2C579&ssl=1&resize=350%2C200","width":350,"height":200,"srcset":"https:\/\/i0.wp.com\/larevistadigital.com.ar\/blog\/wp-content\/uploads\/2019\/01\/bbx_755050019_comisaria_chasco_01.jpg?fit=800%2C579&ssl=1&resize=350%2C200 1x, https:\/\/i0.wp.com\/larevistadigital.com.ar\/blog\/wp-content\/uploads\/2019\/01\/bbx_755050019_comisaria_chasco_01.jpg?fit=800%2C579&ssl=1&resize=525%2C300 1.5x, https:\/\/i0.wp.com\/larevistadigital.com.ar\/blog\/wp-content\/uploads\/2019\/01\/bbx_755050019_comisaria_chasco_01.jpg?fit=800%2C579&ssl=1&resize=700%2C400 2x"},"classes":[]},{"id":609,"url":"https:\/\/larevistadigital.com.ar\/blog\/temor-los-vecinos-ante-la-aparicion-viboras-barrio\/","url_meta":{"origin":21516,"position":2},"title":"Temor de los vecinos ante la aparici\u00f3n de v\u00edboras en un barrio","author":"editor","date":"6 marzo, 2017","format":false,"excerpt":"\u201cEl vecino Fernando Celio public\u00f3 un video donde se ve a una v\u00edbora atac\u00e1ndolo mientras la filmaba, y con bastante agresividad\u201d; as\u00ed lo se\u00f1ala el sitio period\u00edstico www.laciudad.info, a cargo del periodista Leandro Solferino. \u201cLa obra en construcci\u00f3n donde encontr\u00f3 este animal est\u00e1 ubicada en el barrio que est\u00e1 entre\u2026","rel":"","context":"En \u00abCHASCOM\u00daS\u00bb","block_context":{"text":"CHASCOM\u00daS","link":"https:\/\/larevistadigital.com.ar\/blog\/category\/chascomus\/"},"img":{"alt_text":"","src":"https:\/\/i0.wp.com\/larevistadigital.com.ar\/blog\/wp-content\/uploads\/2017\/03\/vivora_elfuerte_050317.jpg?fit=869%2C601&ssl=1&resize=350%2C200","width":350,"height":200,"srcset":"https:\/\/i0.wp.com\/larevistadigital.com.ar\/blog\/wp-content\/uploads\/2017\/03\/vivora_elfuerte_050317.jpg?fit=869%2C601&ssl=1&resize=350%2C200 1x, https:\/\/i0.wp.com\/larevistadigital.com.ar\/blog\/wp-content\/uploads\/2017\/03\/vivora_elfuerte_050317.jpg?fit=869%2C601&ssl=1&resize=525%2C300 1.5x, https:\/\/i0.wp.com\/larevistadigital.com.ar\/blog\/wp-content\/uploads\/2017\/03\/vivora_elfuerte_050317.jpg?fit=869%2C601&ssl=1&resize=700%2C400 2x"},"classes":[]},{"id":17536,"url":"https:\/\/larevistadigital.com.ar\/blog\/bronca-e-indignacion-de-vecinos-de-girado-por-presunta-usurpacion-de-una-casa-en-el-barrio\/","url_meta":{"origin":21516,"position":3},"title":"BRONCA E INDIGNACI\u00d3N DE VECINOS DE GIRADO, POR PRESUNTA USURPACI\u00d3N DE UNA CASA EN EL BARRIO","author":"Alejandro Sosa Ruda","date":"9 noviembre, 2020","format":false,"excerpt":"Los vecinos de Barrio Parque Girado se encuentran movilizados, y con un alt\u00edsimo grado de preocupaci\u00f3n, bronca e indignaci\u00f3n por sucesos que han venido ocurriendo en los \u00faltimos d\u00edas. Se preguntan entre otras cosas \u00bfC\u00f3mo ingresaron a la ciudad? Resulta que hace d\u00edas, apareci\u00f3 un matrimonio con 9 hijos que\u2026","rel":"","context":"En \u00abCHASCOM\u00daS\u00bb","block_context":{"text":"CHASCOM\u00daS","link":"https:\/\/larevistadigital.com.ar\/blog\/category\/chascomus\/"},"img":{"alt_text":"","src":"https:\/\/i0.wp.com\/larevistadigital.com.ar\/blog\/wp-content\/uploads\/WhatsApp-Image-2020-11-06-at-19.50.41.jpeg?fit=1024%2C576&ssl=1&resize=350%2C200","width":350,"height":200,"srcset":"https:\/\/i0.wp.com\/larevistadigital.com.ar\/blog\/wp-content\/uploads\/WhatsApp-Image-2020-11-06-at-19.50.41.jpeg?fit=1024%2C576&ssl=1&resize=350%2C200 1x, https:\/\/i0.wp.com\/larevistadigital.com.ar\/blog\/wp-content\/uploads\/WhatsApp-Image-2020-11-06-at-19.50.41.jpeg?fit=1024%2C576&ssl=1&resize=525%2C300 1.5x, https:\/\/i0.wp.com\/larevistadigital.com.ar\/blog\/wp-content\/uploads\/WhatsApp-Image-2020-11-06-at-19.50.41.jpeg?fit=1024%2C576&ssl=1&resize=700%2C400 2x"},"classes":[]},{"id":16483,"url":"https:\/\/larevistadigital.com.ar\/blog\/audio-vecinos-de-girado-solicitan-que-el-municipio-les-permita-el-ingreso-a-sus-propiedades\/","url_meta":{"origin":21516,"position":4},"title":"[AUDIO] VECINOS DE GIRADO SOLICITAN QUE EL MUNICIPIO LES PERMITA EL INGRESO A SUS PROPIEDADES","author":"Alejandro Sosa Ruda","date":"24 septiembre, 2020","format":false,"excerpt":"Dialogamos con uno de ellos, Juan Lemik, que adem\u00e1s de ser propietario tiene domicilio en Chascom\u00fas. Solicitan por lo menos que se les permita visitar sus propiedades algunos d\u00edas al mes. Llama la atenci\u00f3n que mientras se tiene tanta inflexibilidad con los propietarios, se permita el ingreso a otras personas\u2026","rel":"","context":"En \u00abDESTACADAS\u00bb","block_context":{"text":"DESTACADAS","link":"https:\/\/larevistadigital.com.ar\/blog\/category\/destacadas\/"},"img":{"alt_text":"","src":"https:\/\/i0.wp.com\/larevistadigital.com.ar\/blog\/wp-content\/uploads\/15697470_1830302867226965_1259355380113995191_n.jpg?fit=720%2C960&ssl=1&resize=350%2C200","width":350,"height":200,"srcset":"https:\/\/i0.wp.com\/larevistadigital.com.ar\/blog\/wp-content\/uploads\/15697470_1830302867226965_1259355380113995191_n.jpg?fit=720%2C960&ssl=1&resize=350%2C200 1x, https:\/\/i0.wp.com\/larevistadigital.com.ar\/blog\/wp-content\/uploads\/15697470_1830302867226965_1259355380113995191_n.jpg?fit=720%2C960&ssl=1&resize=525%2C300 1.5x, https:\/\/i0.wp.com\/larevistadigital.com.ar\/blog\/wp-content\/uploads\/15697470_1830302867226965_1259355380113995191_n.jpg?fit=720%2C960&ssl=1&resize=700%2C400 2x"},"classes":[]},{"id":14309,"url":"https:\/\/larevistadigital.com.ar\/blog\/preocupacion-de-vecinos-por-la-liberacion-de-un-condenado-por-violacion\/","url_meta":{"origin":21516,"position":5},"title":"PREOCUPACI\u00d3N DE VECINOS POR LA LIBERACI\u00d3N DE UN CONDENADO POR VIOLACI\u00d3N","author":"Alejandro Sosa Ruda","date":"23 enero, 2020","format":false,"excerpt":"Y haber fijado domicilio en la ciudad de Dolores. La pena impuesta, que habr\u00eda cumplido, era de 15 a\u00f1os de prisi\u00f3n y por haber abusado sexualmente de una menor. Ten\u00eda antecedentes por el mismo tipo de delito. Mucho se habla de los delitos sexuales que se perpetran en el seno\u2026","rel":"","context":"En \u00abDOLORES\u00bb","block_context":{"text":"DOLORES","link":"https:\/\/larevistadigital.com.ar\/blog\/category\/dolores\/"},"img":{"alt_text":"","src":"https:\/\/i0.wp.com\/larevistadigital.com.ar\/blog\/wp-content\/uploads\/Edif.Tribunales.jpg?fit=693%2C346&ssl=1&resize=350%2C200","width":350,"height":200,"srcset":"https:\/\/i0.wp.com\/larevistadigital.com.ar\/blog\/wp-content\/uploads\/Edif.Tribunales.jpg?fit=693%2C346&ssl=1&resize=350%2C200 1x, https:\/\/i0.wp.com\/larevistadigital.com.ar\/blog\/wp-content\/uploads\/Edif.Tribunales.jpg?fit=693%2C346&ssl=1&resize=525%2C300 1.5x"},"classes":[]}],"_links":{"self":[{"href":"https:\/\/larevistadigital.com.ar\/blog\/wp-json\/wp\/v2\/posts\/21516","targetHints":{"allow":["GET"]}}],"collection":[{"href":"https:\/\/larevistadigital.com.ar\/blog\/wp-json\/wp\/v2\/posts"}],"about":[{"href":"https:\/\/larevistadigital.com.ar\/blog\/wp-json\/wp\/v2\/types\/post"}],"author":[{"embeddable":true,"href":"https:\/\/larevistadigital.com.ar\/blog\/wp-json\/wp\/v2\/users\/3"}],"replies":[{"embeddable":true,"href":"https:\/\/larevistadigital.com.ar\/blog\/wp-json\/wp\/v2\/comments?post=21516"}],"version-history":[{"count":1,"href":"https:\/\/larevistadigital.com.ar\/blog\/wp-json\/wp\/v2\/posts\/21516\/revisions"}],"predecessor-version":[{"id":21518,"href":"https:\/\/larevistadigital.com.ar\/blog\/wp-json\/wp\/v2\/posts\/21516\/revisions\/21518"}],"wp:featuredmedia":[{"embeddable":true,"href":"https:\/\/larevistadigital.com.ar\/blog\/wp-json\/wp\/v2\/media\/21517"}],"wp:attachment":[{"href":"https:\/\/larevistadigital.com.ar\/blog\/wp-json\/wp\/v2\/media?parent=21516"}],"wp:term":[{"taxonomy":"category","embeddable":true,"href":"https:\/\/larevistadigital.com.ar\/blog\/wp-json\/wp\/v2\/categories?post=21516"},{"taxonomy":"post_tag","embeddable":true,"href":"https:\/\/larevistadigital.com.ar\/blog\/wp-json\/wp\/v2\/tags?post=21516"}],"curies":[{"name":"wp","href":"https:\/\/api.w.org\/{rel}","templated":true}]}}