{"id":21519,"date":"2021-08-11T20:43:19","date_gmt":"2021-08-11T20:43:19","guid":{"rendered":"https:\/\/larevistadigital.com.ar\/blog\/?p=21519"},"modified":"2021-08-12T03:56:18","modified_gmt":"2021-08-12T03:56:18","slug":"el-concejal-marino-pidio-licencia-seria-para-sumarse-al-equipo-de-servicios-publicos-enterate-quien-lo-reemplazara","status":"publish","type":"post","link":"https:\/\/larevistadigital.com.ar\/blog\/el-concejal-marino-pidio-licencia-seria-para-sumarse-al-equipo-de-servicios-publicos-enterate-quien-lo-reemplazara\/","title":{"rendered":"EL CONCEJAL MARINO PIDI\u00d3 LICENCIA. SER\u00cdA PARA SUMARSE AL EQUIPO DE SERVICIOS P\u00daBLICOS. ENTERATE QUI\u00c9N LO REEMPLAZAR\u00c1"},"content":{"rendered":"<p><strong>CHASCOM\u00daS &#8211;\u00a0<\/strong>La Revista Digital tuvo acceso al pedido de licencia que hizo el concejal <strong>Jorge Marino<\/strong>, que comienza ma\u00f1ana 12\/8\/21 y se extender\u00e1 hasta el 31 de enero del pr\u00f3ximo a\u00f1o.<\/p>\n<blockquote>\n<h3>Seg\u00fan pudimos averiguar, el motivo de la misma ser\u00eda el traslado a la Secretar\u00eda de Servicios, que se encuentra a cargo de <strong>Sebasti\u00e1n Placenabe<\/strong>, pero desconocemos el cargo o posici\u00f3n que ocupar\u00eda Marino en la Secretar\u00eda.<\/h3>\n<\/blockquote>\n<p>La licencia de <strong>Marino<\/strong>, traer\u00e1 como consecuencia un \u00abcorrimiento\u00bb y qui\u00e9n quedar\u00e1 ocupando su banca en el Concejo Deliberante ser\u00e1 <strong>Jos\u00e9 Mar\u00eda Velazco<\/strong>.<\/p>\n","protected":false},"excerpt":{"rendered":"<div class=\"mh-excerpt\"><p>CHASCOM\u00daS &#8211;\u00a0La Revista Digital tuvo acceso al pedido de licencia que hizo el concejal Jorge Marino, que comienza ma\u00f1ana 12\/8\/21 y se extender\u00e1 hasta el 31 de enero del pr\u00f3ximo a\u00f1o. Seg\u00fan pudimos averiguar, el <a class=\"mh-excerpt-more\" href=\"https:\/\/larevistadigital.com.ar\/blog\/el-concejal-marino-pidio-licencia-seria-para-sumarse-al-equipo-de-servicios-publicos-enterate-quien-lo-reemplazara\/\" title=\"EL CONCEJAL MARINO PIDI\u00d3 LICENCIA. SER\u00cdA PARA SUMARSE AL EQUIPO DE SERVICIOS P\u00daBLICOS. ENTERATE QUI\u00c9N LO REEMPLAZAR\u00c1\">[Leer M\u00e1s]<\/a><\/p>\n<\/div>","protected":false},"author":3,"featured_media":5212,"comment_status":"open","ping_status":"open","sticky":false,"template":"","format":"standard","meta":{"_jetpack_memberships_contains_paid_content":false,"footnotes":"","jetpack_publicize_message":"","jetpack_publicize_feature_enabled":true,"jetpack_social_post_already_shared":true,"jetpack_social_options":{"image_generator_settings":{"template":"highway","default_image_id":0,"font":"","enabled":false},"version":2}},"categories":[41,23],"tags":[],"class_list":{"0":"post-21519","1":"post","2":"type-post","3":"status-publish","4":"format-standard","5":"has-post-thumbnail","7":"category-destacadas","8":"category-politica-local"},"jetpack_publicize_connections":[],"jetpack_featured_media_url":"https:\/\/i0.wp.com\/larevistadigital.com.ar\/blog\/wp-content\/uploads\/2018\/03\/449787492_1_concejo-chascomus.jpg?fit=825%2C490&ssl=1","jetpack_sharing_enabled":true,"jetpack_shortlink":"https:\/\/wp.me\/p8qtrQ-5B5","jetpack-related-posts":[{"id":36991,"url":"https:\/\/larevistadigital.com.ar\/blog\/el-concejal-leandro-bordalecou-asumira-como-intendente-interino\/","url_meta":{"origin":21519,"position":0},"title":"EL CONCEJAL LEANDRO BORDALECOU, ASUMIR\u00c1 COMO INTENDENTE INTERINO","author":"Alejandro Sosa Ruda","date":"18 agosto, 2024","format":false,"excerpt":"El intendente Javier Gast\u00f3n har\u00e1 uso de una licencia en su cargo, desde el domingo 18 hasta el s\u00e1bado 31 de agosto inclusive. 18 de Agosto de 2024 CHASCOM\u00daS -\u00a0 Durante su ausencia, asumir\u00e1 el cargo de forma interina, el concejal Leandro Bordalecou, quien ocup\u00f3 el primer lugar en la\u2026","rel":"","context":"En \u00abCHASCOM\u00daS\u00bb","block_context":{"text":"CHASCOM\u00daS","link":"https:\/\/larevistadigital.com.ar\/blog\/category\/chascomus\/"},"img":{"alt_text":"","src":"https:\/\/i0.wp.com\/larevistadigital.com.ar\/blog\/wp-content\/uploads\/66bf8ca259d48.png?fit=668%2C445&ssl=1&resize=350%2C200","width":350,"height":200,"srcset":"https:\/\/i0.wp.com\/larevistadigital.com.ar\/blog\/wp-content\/uploads\/66bf8ca259d48.png?fit=668%2C445&ssl=1&resize=350%2C200 1x, https:\/\/i0.wp.com\/larevistadigital.com.ar\/blog\/wp-content\/uploads\/66bf8ca259d48.png?fit=668%2C445&ssl=1&resize=525%2C300 1.5x"},"classes":[]},{"id":23117,"url":"https:\/\/larevistadigital.com.ar\/blog\/chascomus-el-municipio-prepara-cambios-en-su-gabinete-aca-lo-que-se-dice\/","url_meta":{"origin":21519,"position":1},"title":"CHASCOM\u00daS: EL MUNICIPIO PREPARA CAMBIOS EN SU GABINETE&#8230; (AC\u00c1 LO QUE SE DICE&#8230;)","author":"Alejandro Sosa Ruda","date":"30 diciembre, 2021","format":false,"excerpt":"Parece que Javier Gast\u00f3n planea arrancar el nuevo a\u00f1o con algunas modificaciones dentro de su gabinete. Ac\u00e1, mencionamos algunas que se comentan en voz baja como posibles. CHASCOM\u00daS -\u00a0 Luego de un a\u00f1o complicado para el oficialismo en Chascom\u00fas, parece que finalmente el intendente Javier Gast\u00f3n decidi\u00f3 tomar cartas en\u2026","rel":"","context":"En \u00abINTERES GENERAL\u00bb","block_context":{"text":"INTERES GENERAL","link":"https:\/\/larevistadigital.com.ar\/blog\/category\/interes-general\/"},"img":{"alt_text":"","src":"https:\/\/i0.wp.com\/larevistadigital.com.ar\/blog\/wp-content\/uploads\/2018\/11\/gaston-800x445.jpg?fit=800%2C445&ssl=1&resize=350%2C200","width":350,"height":200,"srcset":"https:\/\/i0.wp.com\/larevistadigital.com.ar\/blog\/wp-content\/uploads\/2018\/11\/gaston-800x445.jpg?fit=800%2C445&ssl=1&resize=350%2C200 1x, https:\/\/i0.wp.com\/larevistadigital.com.ar\/blog\/wp-content\/uploads\/2018\/11\/gaston-800x445.jpg?fit=800%2C445&ssl=1&resize=525%2C300 1.5x, https:\/\/i0.wp.com\/larevistadigital.com.ar\/blog\/wp-content\/uploads\/2018\/11\/gaston-800x445.jpg?fit=800%2C445&ssl=1&resize=700%2C400 2x"},"classes":[]},{"id":29989,"url":"https:\/\/larevistadigital.com.ar\/blog\/mar-chiquita-acusan-a-un-concejal-de-violencia-de-genero-y-le-exigen-que-tome-licencia\/","url_meta":{"origin":21519,"position":2},"title":"MAR CHIQUITA: ACUSAN A UN CONCEJAL DE VIOLENCIA DE G\u00c9NERO Y LE EXIGEN  QUE TOME LICENCIA","author":"Alejandro Sosa Ruda","date":"6 febrero, 2023","format":false,"excerpt":"\u201cDicha persona afronta un proceso penal por grav\u00edsimos hechos denunciados en su contra y que se encuentran siendo objeto de investigaci\u00f3n por la Fiscal\u00eda Descentralizada de Mar Chiquita a cargo de Ramiro Anchou\u201d, expresaron desde la Direcci\u00f3n de las Mujeres, G\u00e9nero y Diversidad del municipio marchiquitense. 6 de febrero de\u2026","rel":"","context":"En \u00abPOLICIALES\u00bb","block_context":{"text":"POLICIALES","link":"https:\/\/larevistadigital.com.ar\/blog\/category\/policiales\/"},"img":{"alt_text":"","src":"https:\/\/i0.wp.com\/larevistadigital.com.ar\/blog\/wp-content\/uploads\/38cb7dd2d17c1be5d5831462d52b86d6aefc8651.jpg?fit=880%2C512&ssl=1&resize=350%2C200","width":350,"height":200,"srcset":"https:\/\/i0.wp.com\/larevistadigital.com.ar\/blog\/wp-content\/uploads\/38cb7dd2d17c1be5d5831462d52b86d6aefc8651.jpg?fit=880%2C512&ssl=1&resize=350%2C200 1x, https:\/\/i0.wp.com\/larevistadigital.com.ar\/blog\/wp-content\/uploads\/38cb7dd2d17c1be5d5831462d52b86d6aefc8651.jpg?fit=880%2C512&ssl=1&resize=525%2C300 1.5x, https:\/\/i0.wp.com\/larevistadigital.com.ar\/blog\/wp-content\/uploads\/38cb7dd2d17c1be5d5831462d52b86d6aefc8651.jpg?fit=880%2C512&ssl=1&resize=700%2C400 2x"},"classes":[]},{"id":27743,"url":"https:\/\/larevistadigital.com.ar\/blog\/ola-de-renuncias-en-la-municipalidad-de-zarate\/","url_meta":{"origin":21519,"position":3},"title":"OLA DE RENUNCIAS EN LA MUNICIPALIDAD DE ZARATE","author":"Alejandro Sosa Ruda","date":"14 septiembre, 2022","format":false,"excerpt":"Los alejamientos de funcionarios hicieron que Alejandro Cimiotta, pase a ser el \u201csupersecretario\u201d de la gesti\u00f3n ya que estar\u00e1 al frente de las secretar\u00edas de Servicios P\u00fablicos y Obras P\u00fablicas. 13 de septiembre de 2022 ZARATE - \u00a0En los \u00faltimos d\u00edas se confirm\u00f3 una ola de renuncias de funcionarios en\u2026","rel":"","context":"En \u00abREGIONALES\u00bb","block_context":{"text":"REGIONALES","link":"https:\/\/larevistadigital.com.ar\/blog\/category\/regionales\/"},"img":{"alt_text":"","src":"https:\/\/i0.wp.com\/larevistadigital.com.ar\/blog\/wp-content\/uploads\/20220913150544_cafaro.jpg?fit=880%2C512&ssl=1&resize=350%2C200","width":350,"height":200,"srcset":"https:\/\/i0.wp.com\/larevistadigital.com.ar\/blog\/wp-content\/uploads\/20220913150544_cafaro.jpg?fit=880%2C512&ssl=1&resize=350%2C200 1x, https:\/\/i0.wp.com\/larevistadigital.com.ar\/blog\/wp-content\/uploads\/20220913150544_cafaro.jpg?fit=880%2C512&ssl=1&resize=525%2C300 1.5x, https:\/\/i0.wp.com\/larevistadigital.com.ar\/blog\/wp-content\/uploads\/20220913150544_cafaro.jpg?fit=880%2C512&ssl=1&resize=700%2C400 2x"},"classes":[]},{"id":36827,"url":"https:\/\/larevistadigital.com.ar\/blog\/chascomus-reunion-para-coordinar-acciones-con-el-oceba-y-el-foro-de-servicios-publicos\/","url_meta":{"origin":21519,"position":4},"title":"CHASCOM\u00daS: REUNI\u00d3N PARA COORDINAR ACCIONES CON EL OCEBA Y EL FORO DE SERVICIOS P\u00daBLICOS","author":"Alejandro Sosa Ruda","date":"30 julio, 2024","format":false,"excerpt":"El intendente Javier Gast\u00f3n recibi\u00f3 a representantes del Organismo de Control de Energ\u00eda de la Provincia de Buenos Aires (OCEBA) y a integrantes del Foro Bonaerense de Servicios P\u00fablicos. 30 de Julio de 2024 CHASCOM\u00daS -\u00a0 El encuentro estuvo motivado en la necesidad de coordinar acciones en conjunto ante el\u2026","rel":"","context":"En \u00abINTERES GENERAL\u00bb","block_context":{"text":"INTERES GENERAL","link":"https:\/\/larevistadigital.com.ar\/blog\/category\/interes-general\/"},"img":{"alt_text":"","src":"https:\/\/i0.wp.com\/larevistadigital.com.ar\/blog\/wp-content\/uploads\/66a9295884eb8.png?fit=668%2C445&ssl=1&resize=350%2C200","width":350,"height":200,"srcset":"https:\/\/i0.wp.com\/larevistadigital.com.ar\/blog\/wp-content\/uploads\/66a9295884eb8.png?fit=668%2C445&ssl=1&resize=350%2C200 1x, https:\/\/i0.wp.com\/larevistadigital.com.ar\/blog\/wp-content\/uploads\/66a9295884eb8.png?fit=668%2C445&ssl=1&resize=525%2C300 1.5x"},"classes":[]},{"id":17260,"url":"https:\/\/larevistadigital.com.ar\/blog\/sorpresivo-hallazgo-de-un-lobo-marino-en-la-costa-de-berazategui\/","url_meta":{"origin":21519,"position":5},"title":"SORPRESIVO HALLAZGO DE UN LOBO MARINO EN LA COSTA DE BERAZATEGUI","author":"Alejandro Sosa Ruda","date":"27 octubre, 2020","format":false,"excerpt":"El animal qued\u00f3 al resguardo en una pileta municipal a la espera de ser trasladado a Mundo Marino. Un peque\u00f1o lobo marino apareci\u00f3 en la costa de la localidad bonaerense de Berazategui,\u00a0por lo que tuvo que quedar a resguardo en las piletas de un completo recreativo municipal a la espera\u2026","rel":"","context":"En \u00abREGIONALES\u00bb","block_context":{"text":"REGIONALES","link":"https:\/\/larevistadigital.com.ar\/blog\/category\/regionales\/"},"img":{"alt_text":"","src":"https:\/\/i0.wp.com\/larevistadigital.com.ar\/blog\/wp-content\/uploads\/0038190487.jpg?fit=1140%2C640&ssl=1&resize=350%2C200","width":350,"height":200,"srcset":"https:\/\/i0.wp.com\/larevistadigital.com.ar\/blog\/wp-content\/uploads\/0038190487.jpg?fit=1140%2C640&ssl=1&resize=350%2C200 1x, https:\/\/i0.wp.com\/larevistadigital.com.ar\/blog\/wp-content\/uploads\/0038190487.jpg?fit=1140%2C640&ssl=1&resize=525%2C300 1.5x, https:\/\/i0.wp.com\/larevistadigital.com.ar\/blog\/wp-content\/uploads\/0038190487.jpg?fit=1140%2C640&ssl=1&resize=700%2C400 2x, https:\/\/i0.wp.com\/larevistadigital.com.ar\/blog\/wp-content\/uploads\/0038190487.jpg?fit=1140%2C640&ssl=1&resize=1050%2C600 3x"},"classes":[]}],"_links":{"self":[{"href":"https:\/\/larevistadigital.com.ar\/blog\/wp-json\/wp\/v2\/posts\/21519","targetHints":{"allow":["GET"]}}],"collection":[{"href":"https:\/\/larevistadigital.com.ar\/blog\/wp-json\/wp\/v2\/posts"}],"about":[{"href":"https:\/\/larevistadigital.com.ar\/blog\/wp-json\/wp\/v2\/types\/post"}],"author":[{"embeddable":true,"href":"https:\/\/larevistadigital.com.ar\/blog\/wp-json\/wp\/v2\/users\/3"}],"replies":[{"embeddable":true,"href":"https:\/\/larevistadigital.com.ar\/blog\/wp-json\/wp\/v2\/comments?post=21519"}],"version-history":[{"count":5,"href":"https:\/\/larevistadigital.com.ar\/blog\/wp-json\/wp\/v2\/posts\/21519\/revisions"}],"predecessor-version":[{"id":21525,"href":"https:\/\/larevistadigital.com.ar\/blog\/wp-json\/wp\/v2\/posts\/21519\/revisions\/21525"}],"wp:featuredmedia":[{"embeddable":true,"href":"https:\/\/larevistadigital.com.ar\/blog\/wp-json\/wp\/v2\/media\/5212"}],"wp:attachment":[{"href":"https:\/\/larevistadigital.com.ar\/blog\/wp-json\/wp\/v2\/media?parent=21519"}],"wp:term":[{"taxonomy":"category","embeddable":true,"href":"https:\/\/larevistadigital.com.ar\/blog\/wp-json\/wp\/v2\/categories?post=21519"},{"taxonomy":"post_tag","embeddable":true,"href":"https:\/\/larevistadigital.com.ar\/blog\/wp-json\/wp\/v2\/tags?post=21519"}],"curies":[{"name":"wp","href":"https:\/\/api.w.org\/{rel}","templated":true}]}}