{"id":21526,"date":"2021-08-12T16:15:06","date_gmt":"2021-08-12T16:15:06","guid":{"rendered":"https:\/\/larevistadigital.com.ar\/blog\/?p=21526"},"modified":"2021-08-13T02:17:43","modified_gmt":"2021-08-13T02:17:43","slug":"inseguridad-beatriz-de-leon-aseguro-que-no-solo-no-se-hubo-politicas-concretas-sino-que-ademas-la-oposicion-no-se-puso-con-firmeza-del-lado-de-los-vecinos","status":"publish","type":"post","link":"https:\/\/larevistadigital.com.ar\/blog\/inseguridad-beatriz-de-leon-aseguro-que-no-solo-no-se-hubo-politicas-concretas-sino-que-ademas-la-oposicion-no-se-puso-con-firmeza-del-lado-de-los-vecinos\/","title":{"rendered":"INSEGURIDAD: BEATRIZ DE LE\u00d3N ASEGUR\u00d3 QUE NO SOLO NO HUBIERON POL\u00cdTICAS CONCRETAS, SINO QUE ADEM\u00c1S LA OPOSICI\u00d3N NO SE PUSO CON FIRMEZA DEL LADO DE LOS VECINOS"},"content":{"rendered":"<p>Durante un reportaje que mantuvimos con la dirigente pol\u00edtica y referente local del espacio que lidera <strong>Florencio Randazzo<\/strong> (\u00abVamos con Vos\u00bb), <strong>Beatriz De Le\u00f3n<\/strong> abord\u00f3 especialmente el tema de la inseguridad en Chascom\u00fas, algo que es una de las m\u00e1ximas preocupaciones de los vecinos, y que ella, ha tomado desde hace rato como una lucha personal, al ubicarse del lado de las v\u00edctimas, e inclusive organizando algunas marchas.<\/p>\n<blockquote>\n<h3 style=\"text-align: center\">En primer lugar se refiri\u00f3 a los \u00faltimos hechos de inseguridad ocurridos y en algunos casos a metros de la comisar\u00eda1ra., dejando claro el nivel delictivo por el que atraviesa la ciudad y contribuye a que la gente se sienta totalmente desprotegida, ya que \u00absi pasa en pleno centro, iluminado y de constante circulaci\u00f3n, que queda para los que viven en los barrios mas alejados\u00bb<\/h3>\n<\/blockquote>\n<p><strong>De Le\u00f3n<\/strong>, tambi\u00e9n mencion\u00f3 la dif\u00edcil situaci\u00f3n de los trabajadores de la polic\u00eda, que no cuentan con lo m\u00ednimo indispensable para realizar su trabajo, ya que solo basta ver el estado de los m\u00f3viles policiales, rotos, destrozados, algunos sin luces, con las ventanillas rotas y ni hablar del estado de la chapa, que da una idea de c\u00f3mo debe trabajar la polic\u00eda. Y si a eso se suma el magro ingreso que perciben, hace que vivan una terrible realidad que tambi\u00e9n deriva en la inseguridad reinante.<\/p>\n<blockquote>\n<h3>Luego, y con respecto a las c\u00e1maras de seguridad, se\u00f1al\u00f3 que <em>\u00abEl sentido de un Centro de Monitoreo es que alguien est\u00e9 observando las 24 horas lo que sucede en la o las c\u00e1maras que tiene asignadas. De esa manera pueden prevenir hechos delictivos, o advertirlos in fraganti, pudiendo proceder en el momento casi preciso que suceden y lograr detener a los responsables del delito en cuesti\u00f3n. Extra\u00f1amente eso aqu\u00ed no sucede\u00bb<\/em><\/h3>\n<\/blockquote>\n<p>Mencion\u00f3 que <em><strong>\u00abTambi\u00e9n, las c\u00e1maras filman las 24 horas, es decir que si en el momento no se observ\u00f3 el delito, basta con ir a la fecha y hora aproximada de lo ocurrido, y se podr\u00eda observar lo que pas\u00f3. Extra\u00f1amente, esto tampoco se ha utilizado para resolver distintos delitos. \u00a1\u00bftenemos entonces que pensar que las c\u00e1maras no funcionan, o no graban?. M\u00e1s preocupante todav\u00eda\u00bb<\/strong><\/em>, dispar\u00f3.<\/p>\n<p>Luego, afirm\u00f3 que <em><strong>\u00abLa gente vive con miedo. Esto ocurre cada vez m\u00e1s seguido, y muchos hechos no trascienden, o no se denuncian porque la gente ve que no pasa nada. Parece incre\u00edble que en varias ocasiones las redes sociales terminan solucionando problemas que las autoridades no pudieron. Los barrios est\u00e1n sumidos en la indefensi\u00f3n, y lo m\u00e1s alarmante es que desde el oficialismo no hay pol\u00edticas concretas para solucionar el tema, pero desde la oposici\u00f3n tampoco se estuvo a la altura. La \u00faltima marcha la organizamos nosotros junto a personas que sufrieron en carne propia este flagelo, y NADIE de la pol\u00edtica se acerc\u00f3 a ofrecer ayuda, o a aportar alguna soluci\u00f3n o propuesta. Luego (en cada campa\u00f1a) piden el voto, por el cual asumen una responsabilidad que nunca cumplen, olvidan el compromiso que asumieron con los<br \/>\nciudadanos y en lugar de representarlos, cumplen con los lineamientos e intereses de sus partidos. Si hay algo que puedo prometer, sin importar cargo o jerarqu\u00eda, es trabajar para y con los vecinos como hace mucho tiempo hago, pero con herramientas mas r\u00e1pidas y eficaces, concluy\u00f3.<\/strong><\/em><\/p>\n","protected":false},"excerpt":{"rendered":"<div class=\"mh-excerpt\"><p>Durante un reportaje que mantuvimos con la dirigente pol\u00edtica y referente local del espacio que lidera Florencio Randazzo (\u00abVamos con Vos\u00bb), Beatriz De Le\u00f3n abord\u00f3 especialmente el tema de la inseguridad en Chascom\u00fas, algo que <a class=\"mh-excerpt-more\" href=\"https:\/\/larevistadigital.com.ar\/blog\/inseguridad-beatriz-de-leon-aseguro-que-no-solo-no-se-hubo-politicas-concretas-sino-que-ademas-la-oposicion-no-se-puso-con-firmeza-del-lado-de-los-vecinos\/\" title=\"INSEGURIDAD: BEATRIZ DE LE\u00d3N ASEGUR\u00d3 QUE NO SOLO NO HUBIERON POL\u00cdTICAS CONCRETAS, SINO QUE ADEM\u00c1S LA OPOSICI\u00d3N NO SE PUSO CON FIRMEZA DEL LADO DE LOS VECINOS\">[Leer M\u00e1s]<\/a><\/p>\n<\/div>","protected":false},"author":3,"featured_media":21527,"comment_status":"open","ping_status":"open","sticky":false,"template":"","format":"standard","meta":{"_jetpack_memberships_contains_paid_content":false,"footnotes":"","jetpack_publicize_message":"","jetpack_publicize_feature_enabled":true,"jetpack_social_post_already_shared":true,"jetpack_social_options":{"image_generator_settings":{"template":"highway","default_image_id":0,"font":"","enabled":false},"version":2}},"categories":[50,23],"tags":[],"class_list":{"0":"post-21526","1":"post","2":"type-post","3":"status-publish","4":"format-standard","5":"has-post-thumbnail","7":"category-interes-general","8":"category-politica-local"},"jetpack_publicize_connections":[],"jetpack_featured_media_url":"https:\/\/i0.wp.com\/larevistadigital.com.ar\/blog\/wp-content\/uploads\/WhatsApp-Image-2021-08-11-at-19.59.04.jpeg?fit=1280%2C960&ssl=1","jetpack_sharing_enabled":true,"jetpack_shortlink":"https:\/\/wp.me\/p8qtrQ-5Bc","jetpack-related-posts":[{"id":22443,"url":"https:\/\/larevistadigital.com.ar\/blog\/beatriz-de-leon-y-una-interesante-iniciativa-para-recavar-datos-y-estadisticas-de-la-inseguridad-local\/","url_meta":{"origin":21526,"position":0},"title":"BEATRIZ DE LEON, Y UNA INTERESANTE INICIATIVA PARA RECAVAR DATOS Y ESTAD\u00cdSTICAS DE LA INSEGURIDAD LOCAL","author":"Alejandro Sosa Ruda","date":"23 octubre, 2021","format":false,"excerpt":"La candidata del frente \"Vamos Con Vos\", Beatriz De Le\u00f3n, tom\u00f3 la posta con una iniciativa para obtener datos estad\u00edsticos sobre la creciente inseguridad en la ciudad, y ante la inacci\u00f3n de las autoridades. CHASCOM\u00daS -\u00a0 La candidata Beatriz De Leon,\u00a0 que encabeza la lista de Concejales del Frente Vamos\u2026","rel":"","context":"En \u00abINTERES GENERAL\u00bb","block_context":{"text":"INTERES GENERAL","link":"https:\/\/larevistadigital.com.ar\/blog\/category\/interes-general\/"},"img":{"alt_text":"","src":"https:\/\/i0.wp.com\/larevistadigital.com.ar\/blog\/wp-content\/uploads\/WhatsApp-Image-2021-10-22-at-12.39.24.jpeg?fit=1200%2C900&ssl=1&resize=350%2C200","width":350,"height":200,"srcset":"https:\/\/i0.wp.com\/larevistadigital.com.ar\/blog\/wp-content\/uploads\/WhatsApp-Image-2021-10-22-at-12.39.24.jpeg?fit=1200%2C900&ssl=1&resize=350%2C200 1x, https:\/\/i0.wp.com\/larevistadigital.com.ar\/blog\/wp-content\/uploads\/WhatsApp-Image-2021-10-22-at-12.39.24.jpeg?fit=1200%2C900&ssl=1&resize=525%2C300 1.5x, https:\/\/i0.wp.com\/larevistadigital.com.ar\/blog\/wp-content\/uploads\/WhatsApp-Image-2021-10-22-at-12.39.24.jpeg?fit=1200%2C900&ssl=1&resize=700%2C400 2x, https:\/\/i0.wp.com\/larevistadigital.com.ar\/blog\/wp-content\/uploads\/WhatsApp-Image-2021-10-22-at-12.39.24.jpeg?fit=1200%2C900&ssl=1&resize=1050%2C600 3x"},"classes":[]},{"id":16679,"url":"https:\/\/larevistadigital.com.ar\/blog\/hartos-de-la-inseguridad-vecinos-del-san-cayetano-dicen-basta-cortaran-el-acceso-a-chascomus-el-proximo-lunes\/","url_meta":{"origin":21526,"position":1},"title":"HARTOS DE LA INSEGURIDAD: VECINOS DEL SAN CAYETANO DICEN BASTA. CORTAR\u00c1N EL ACCESO A CHASCOM\u00daS EL PR\u00d3XIMO LUNES","author":"Alejandro Sosa Ruda","date":"2 octubre, 2020","format":false,"excerpt":"Los vecinos auto convocados del barrio San Cayetano, planean cortar el acceso a la ciudad el pr\u00f3ximo lunes 05 de octubre de 2020, cansados de sentirse ignorados por las autoridades, y ante la ola de robos en el barrio. Los reclamos son varios: Salita de emergencias, iluminaci\u00f3n, estado de las\u2026","rel":"","context":"En \u00abDESTACADAS\u00bb","block_context":{"text":"DESTACADAS","link":"https:\/\/larevistadigital.com.ar\/blog\/category\/destacadas\/"},"img":{"alt_text":"","src":"https:\/\/i0.wp.com\/larevistadigital.com.ar\/blog\/wp-content\/uploads\/SAN-CAYETANO.jpg?fit=1000%2C750&ssl=1&resize=350%2C200","width":350,"height":200,"srcset":"https:\/\/i0.wp.com\/larevistadigital.com.ar\/blog\/wp-content\/uploads\/SAN-CAYETANO.jpg?fit=1000%2C750&ssl=1&resize=350%2C200 1x, https:\/\/i0.wp.com\/larevistadigital.com.ar\/blog\/wp-content\/uploads\/SAN-CAYETANO.jpg?fit=1000%2C750&ssl=1&resize=525%2C300 1.5x, https:\/\/i0.wp.com\/larevistadigital.com.ar\/blog\/wp-content\/uploads\/SAN-CAYETANO.jpg?fit=1000%2C750&ssl=1&resize=700%2C400 2x"},"classes":[]},{"id":16441,"url":"https:\/\/larevistadigital.com.ar\/blog\/video-ladron-ataco-a-embarazada-y-fue-desnudado-y-golpeado-por-los-vecinos-hartos-de-la-inseguridad\/","url_meta":{"origin":21526,"position":2},"title":"[VIDEO] LADR\u00d3N ATAC\u00d3 A EMBARAZADA Y FUE DESNUDADO Y GOLPEADO POR LOS VECINOS HARTOS DE LA INSEGURIDAD","author":"Alejandro Sosa Ruda","date":"22 septiembre, 2020","format":false,"excerpt":"La justicia por mano propia parece estar de moda ante el hartazgo de la sociedad, que ya no tolera m\u00e1s un hecho de inseguridad. En esa l\u00ednea, vecinos de la provincia de Santa Fe, espec\u00edficamente de Rosario, casi matan a golpes a un ladr\u00f3n que intent\u00f3 robar a una embarazada.\u2026","rel":"","context":"En \u00abINTERES GENERAL\u00bb","block_context":{"text":"INTERES GENERAL","link":"https:\/\/larevistadigital.com.ar\/blog\/category\/interes-general\/"},"img":{"alt_text":"","src":"https:\/\/i0.wp.com\/larevistadigital.com.ar\/blog\/wp-content\/uploads\/26-08-2016_rosario_familiares_de_vctimas_de1.jpg?fit=1200%2C674&ssl=1&resize=350%2C200","width":350,"height":200,"srcset":"https:\/\/i0.wp.com\/larevistadigital.com.ar\/blog\/wp-content\/uploads\/26-08-2016_rosario_familiares_de_vctimas_de1.jpg?fit=1200%2C674&ssl=1&resize=350%2C200 1x, https:\/\/i0.wp.com\/larevistadigital.com.ar\/blog\/wp-content\/uploads\/26-08-2016_rosario_familiares_de_vctimas_de1.jpg?fit=1200%2C674&ssl=1&resize=525%2C300 1.5x, https:\/\/i0.wp.com\/larevistadigital.com.ar\/blog\/wp-content\/uploads\/26-08-2016_rosario_familiares_de_vctimas_de1.jpg?fit=1200%2C674&ssl=1&resize=700%2C400 2x, https:\/\/i0.wp.com\/larevistadigital.com.ar\/blog\/wp-content\/uploads\/26-08-2016_rosario_familiares_de_vctimas_de1.jpg?fit=1200%2C674&ssl=1&resize=1050%2C600 3x"},"classes":[]},{"id":18836,"url":"https:\/\/larevistadigital.com.ar\/blog\/chascomus-convocan-a-marcha-contra-inseguridad-por-un-sujeto-al-que-denuncian-de-gran-cantidad-de-ilicitos\/","url_meta":{"origin":21526,"position":3},"title":"CHASCOM\u00daS: CONVOCAN A MARCHA CONTRA INSEGURIDAD POR UN SUJETO AL QUE DENUNCIAN DE GRAN CANTIDAD DE IL\u00cdCITOS","author":"Alejandro Sosa Ruda","date":"12 febrero, 2021","format":false,"excerpt":"Luego de que en la noche de ayer, se produjeron algunos incidentes en donde los vecinos de calles Scalabrini Ort\u00edz e Yrigoyen quisieron linchar a un sujeto, los vecinos convocaron a una marcha en el lugar, para protestar por los continuos y graves hechos de inseguridad que lo sindican como\u2026","rel":"","context":"En \u00abDESTACADAS\u00bb","block_context":{"text":"DESTACADAS","link":"https:\/\/larevistadigital.com.ar\/blog\/category\/destacadas\/"},"img":{"alt_text":"","src":"https:\/\/i0.wp.com\/larevistadigital.com.ar\/blog\/wp-content\/uploads\/Inseguridad-en-tres-de-febrero-reunion-entre-vecinos-de-Ciuadela-y-autoridades-policiales-e1601998408101-696x392-1.jpg?fit=850%2C479&ssl=1&resize=350%2C200","width":350,"height":200,"srcset":"https:\/\/i0.wp.com\/larevistadigital.com.ar\/blog\/wp-content\/uploads\/Inseguridad-en-tres-de-febrero-reunion-entre-vecinos-de-Ciuadela-y-autoridades-policiales-e1601998408101-696x392-1.jpg?fit=850%2C479&ssl=1&resize=350%2C200 1x, https:\/\/i0.wp.com\/larevistadigital.com.ar\/blog\/wp-content\/uploads\/Inseguridad-en-tres-de-febrero-reunion-entre-vecinos-de-Ciuadela-y-autoridades-policiales-e1601998408101-696x392-1.jpg?fit=850%2C479&ssl=1&resize=525%2C300 1.5x, https:\/\/i0.wp.com\/larevistadigital.com.ar\/blog\/wp-content\/uploads\/Inseguridad-en-tres-de-febrero-reunion-entre-vecinos-de-Ciuadela-y-autoridades-policiales-e1601998408101-696x392-1.jpg?fit=850%2C479&ssl=1&resize=700%2C400 2x"},"classes":[]},{"id":27430,"url":"https:\/\/larevistadigital.com.ar\/blog\/campana-vecinos-cortan-la-ruta-6-por-la-inseguridad\/","url_meta":{"origin":21526,"position":4},"title":"CAMPANA: VECINOS CORTAN LA RUTA 6 POR LA INSEGURIDAD","author":"Alejandro Sosa Ruda","date":"31 agosto, 2022","format":false,"excerpt":"La protesta fue para reclamar m\u00e1s seguridad en los barrios San Cayetano y 21 de Septiembre. Un grupo de manifestantes acord\u00f3 firmar un petitorio, mientras que el otro decidi\u00f3 ampliar el corte hasta pasadas las 20 y 30 horas. CAMPANA -\u00a0 Ayer, en horas de la tarde, un grupo de\u2026","rel":"","context":"En \u00abPOLICIALES\u00bb","block_context":{"text":"POLICIALES","link":"https:\/\/larevistadigital.com.ar\/blog\/category\/policiales\/"},"img":{"alt_text":"","src":"https:\/\/i0.wp.com\/larevistadigital.com.ar\/blog\/wp-content\/uploads\/20220831113232_corte-ruta-6-campana-inseguridad.jpg?fit=880%2C512&ssl=1&resize=350%2C200","width":350,"height":200,"srcset":"https:\/\/i0.wp.com\/larevistadigital.com.ar\/blog\/wp-content\/uploads\/20220831113232_corte-ruta-6-campana-inseguridad.jpg?fit=880%2C512&ssl=1&resize=350%2C200 1x, https:\/\/i0.wp.com\/larevistadigital.com.ar\/blog\/wp-content\/uploads\/20220831113232_corte-ruta-6-campana-inseguridad.jpg?fit=880%2C512&ssl=1&resize=525%2C300 1.5x, https:\/\/i0.wp.com\/larevistadigital.com.ar\/blog\/wp-content\/uploads\/20220831113232_corte-ruta-6-campana-inseguridad.jpg?fit=880%2C512&ssl=1&resize=700%2C400 2x"},"classes":[]},{"id":32554,"url":"https:\/\/larevistadigital.com.ar\/blog\/beatriz-de-leon-presento-a-sus-candidatos-con-la-visita-de-la-candidata-a-gobernadora-de-la-lista-del-partido-libres-del-sur\/","url_meta":{"origin":21526,"position":5},"title":"BEATRIZ DE LE\u00d3N PRESENTO A SUS CANDIDATOS CON LA VISITA DE LA CANDIDATA A GOBERNADORA DE LA LISTA DEL PARTIDO LIBRES DEL SUR","author":"Alejandro Sosa Ruda","date":"24 julio, 2023","format":false,"excerpt":"El acto se realiz\u00f3 el d\u00eda s\u00e1bado a las 17 hs. en el local partidario de calle Libres del Sur 615, donde se reunieron muchos militantes y vecinos. 24 de agosto de 2023 CHASCOM\u00daS\u00a0 -\u00a0 Finalmente se hizo la presentaci\u00f3n formal de la lista que encabeza Mar\u00eda Beatriz De Le\u00f3n\u2026","rel":"","context":"En \u00abINTERES GENERAL\u00bb","block_context":{"text":"INTERES GENERAL","link":"https:\/\/larevistadigital.com.ar\/blog\/category\/interes-general\/"},"img":{"alt_text":"","src":"https:\/\/i0.wp.com\/larevistadigital.com.ar\/blog\/wp-content\/uploads\/WhatsApp-Image-2023-07-24-at-12.09.18.jpeg?fit=1200%2C675&ssl=1&resize=350%2C200","width":350,"height":200,"srcset":"https:\/\/i0.wp.com\/larevistadigital.com.ar\/blog\/wp-content\/uploads\/WhatsApp-Image-2023-07-24-at-12.09.18.jpeg?fit=1200%2C675&ssl=1&resize=350%2C200 1x, https:\/\/i0.wp.com\/larevistadigital.com.ar\/blog\/wp-content\/uploads\/WhatsApp-Image-2023-07-24-at-12.09.18.jpeg?fit=1200%2C675&ssl=1&resize=525%2C300 1.5x, https:\/\/i0.wp.com\/larevistadigital.com.ar\/blog\/wp-content\/uploads\/WhatsApp-Image-2023-07-24-at-12.09.18.jpeg?fit=1200%2C675&ssl=1&resize=700%2C400 2x, https:\/\/i0.wp.com\/larevistadigital.com.ar\/blog\/wp-content\/uploads\/WhatsApp-Image-2023-07-24-at-12.09.18.jpeg?fit=1200%2C675&ssl=1&resize=1050%2C600 3x"},"classes":[]}],"_links":{"self":[{"href":"https:\/\/larevistadigital.com.ar\/blog\/wp-json\/wp\/v2\/posts\/21526","targetHints":{"allow":["GET"]}}],"collection":[{"href":"https:\/\/larevistadigital.com.ar\/blog\/wp-json\/wp\/v2\/posts"}],"about":[{"href":"https:\/\/larevistadigital.com.ar\/blog\/wp-json\/wp\/v2\/types\/post"}],"author":[{"embeddable":true,"href":"https:\/\/larevistadigital.com.ar\/blog\/wp-json\/wp\/v2\/users\/3"}],"replies":[{"embeddable":true,"href":"https:\/\/larevistadigital.com.ar\/blog\/wp-json\/wp\/v2\/comments?post=21526"}],"version-history":[{"count":4,"href":"https:\/\/larevistadigital.com.ar\/blog\/wp-json\/wp\/v2\/posts\/21526\/revisions"}],"predecessor-version":[{"id":21534,"href":"https:\/\/larevistadigital.com.ar\/blog\/wp-json\/wp\/v2\/posts\/21526\/revisions\/21534"}],"wp:featuredmedia":[{"embeddable":true,"href":"https:\/\/larevistadigital.com.ar\/blog\/wp-json\/wp\/v2\/media\/21527"}],"wp:attachment":[{"href":"https:\/\/larevistadigital.com.ar\/blog\/wp-json\/wp\/v2\/media?parent=21526"}],"wp:term":[{"taxonomy":"category","embeddable":true,"href":"https:\/\/larevistadigital.com.ar\/blog\/wp-json\/wp\/v2\/categories?post=21526"},{"taxonomy":"post_tag","embeddable":true,"href":"https:\/\/larevistadigital.com.ar\/blog\/wp-json\/wp\/v2\/tags?post=21526"}],"curies":[{"name":"wp","href":"https:\/\/api.w.org\/{rel}","templated":true}]}}