{"id":21529,"date":"2021-08-12T18:51:21","date_gmt":"2021-08-12T18:51:21","guid":{"rendered":"https:\/\/larevistadigital.com.ar\/blog\/?p=21529"},"modified":"2021-08-12T18:51:21","modified_gmt":"2021-08-12T18:51:21","slug":"chascomus-fuerte-choque-entre-moto-y-camioneta","status":"publish","type":"post","link":"https:\/\/larevistadigital.com.ar\/blog\/chascomus-fuerte-choque-entre-moto-y-camioneta\/","title":{"rendered":"CHASCOM\u00daS: FUERTE CHOQUE ENTRE MOTO Y CAMIONETA"},"content":{"rendered":"<p><strong>CHASCOM\u00daS &#8211;<\/strong> Una vecina y amiga, nos env\u00eda la foto de un choque ocurrido hoy en el cruce de avenida Lastra con la calle Bah\u00eda Blanca, donde una camioneta choc\u00f3 contra una moto.<\/p>\n<p>Seg\u00fan comentarios, la moto habr\u00eda pasado con el sem\u00e1foro en rojo y de esta manera se habr\u00eda producido el siniestro.<\/p>\n<p>&nbsp;<\/p>\n<p>&nbsp;<\/p>\n","protected":false},"excerpt":{"rendered":"<div class=\"mh-excerpt\"><p>CHASCOM\u00daS &#8211; Una vecina y amiga, nos env\u00eda la foto de un choque ocurrido hoy en el cruce de avenida Lastra con la calle Bah\u00eda Blanca, donde una camioneta choc\u00f3 contra una moto. Seg\u00fan comentarios, <a class=\"mh-excerpt-more\" href=\"https:\/\/larevistadigital.com.ar\/blog\/chascomus-fuerte-choque-entre-moto-y-camioneta\/\" title=\"CHASCOM\u00daS: FUERTE CHOQUE ENTRE MOTO Y CAMIONETA\">[Leer M\u00e1s]<\/a><\/p>\n<\/div>","protected":false},"author":3,"featured_media":21530,"comment_status":"open","ping_status":"open","sticky":false,"template":"","format":"standard","meta":{"_jetpack_memberships_contains_paid_content":false,"footnotes":"","jetpack_publicize_message":"","jetpack_publicize_feature_enabled":true,"jetpack_social_post_already_shared":true,"jetpack_social_options":{"image_generator_settings":{"template":"highway","default_image_id":0,"font":"","enabled":false},"version":2}},"categories":[50],"tags":[],"class_list":{"0":"post-21529","1":"post","2":"type-post","3":"status-publish","4":"format-standard","5":"has-post-thumbnail","7":"category-interes-general"},"jetpack_publicize_connections":[],"jetpack_featured_media_url":"https:\/\/i0.wp.com\/larevistadigital.com.ar\/blog\/wp-content\/uploads\/WhatsApp-Image-2021-08-12-at-13.41.56.jpeg?fit=780%2C1040&ssl=1","jetpack_sharing_enabled":true,"jetpack_shortlink":"https:\/\/wp.me\/p8qtrQ-5Bf","jetpack-related-posts":[{"id":14873,"url":"https:\/\/larevistadigital.com.ar\/blog\/choque-entre-camioneta-y-moto-en-dorrego-y-bolivar\/","url_meta":{"origin":21529,"position":0},"title":"CHOQUE ENTRE CAMIONETA Y MOTO EN DORREGO Y BOLIVAR","author":"Alejandro Sosa Ruda","date":"17 febrero, 2020","format":false,"excerpt":"En horas de la ma\u00f1ana, en la intersecci\u00f3n de calles Dorrego y Bolivar, se produjo un choque entre una camioneta manejada por una mujer, y una motocicleta 110cc. en la que circulaba un hombre mayor. Luego del choque, la se\u00f1ora que manejaba la camioneta, estacion\u00f3 su veh\u00edculo y se qued\u00f3\u2026","rel":"","context":"En \u00abCHASCOM\u00daS\u00bb","block_context":{"text":"CHASCOM\u00daS","link":"https:\/\/larevistadigital.com.ar\/blog\/category\/chascomus\/"},"img":{"alt_text":"","src":"https:\/\/i0.wp.com\/larevistadigital.com.ar\/blog\/wp-content\/uploads\/WhatsApp-Image-2020-02-17-at-11.47.18.jpeg?fit=780%2C1040&ssl=1&resize=350%2C200","width":350,"height":200,"srcset":"https:\/\/i0.wp.com\/larevistadigital.com.ar\/blog\/wp-content\/uploads\/WhatsApp-Image-2020-02-17-at-11.47.18.jpeg?fit=780%2C1040&ssl=1&resize=350%2C200 1x, https:\/\/i0.wp.com\/larevistadigital.com.ar\/blog\/wp-content\/uploads\/WhatsApp-Image-2020-02-17-at-11.47.18.jpeg?fit=780%2C1040&ssl=1&resize=525%2C300 1.5x, https:\/\/i0.wp.com\/larevistadigital.com.ar\/blog\/wp-content\/uploads\/WhatsApp-Image-2020-02-17-at-11.47.18.jpeg?fit=780%2C1040&ssl=1&resize=700%2C400 2x"},"classes":[]},{"id":42595,"url":"https:\/\/larevistadigital.com.ar\/blog\/chascomus-accidente-en-alfonsin-y-bahia-blanca-entre-una-moto-y-una-camioneta\/","url_meta":{"origin":21529,"position":1},"title":"Chascom\u00fas: Accidente en Alfons\u00edn y Bah\u00eda Blanca entre una moto y una camioneta","author":"Alejandro Sosa Ruda","date":"24 noviembre, 2025","format":false,"excerpt":"Ocurri\u00f3 cerca de las 22 hs. Debi\u00f3 intervenir una ambulancia. 24 de Noviembre de 2025 CHASCOM\u00daS-\u00a0\u00a0Nos llegan imagenes de un accidente ocurrido ayer, en la intersecci\u00f3n de Av. Alfons\u00edn y Bah\u00eda Blanca entre una camioneta y una motocicleta. Intervino personal de Inspector\u00eda y lleg\u00f3 al lugar una ambulancia del Hospital\u2026","rel":"","context":"En \u00abINTERES GENERAL\u00bb","block_context":{"text":"INTERES GENERAL","link":"https:\/\/larevistadigital.com.ar\/blog\/category\/interes-general\/"},"img":{"alt_text":"","src":"https:\/\/i0.wp.com\/larevistadigital.com.ar\/blog\/wp-content\/uploads\/ACC-ALFONSIN-Y-B-BLANCA-scaled.jpg?fit=1200%2C978&ssl=1&resize=350%2C200","width":350,"height":200,"srcset":"https:\/\/i0.wp.com\/larevistadigital.com.ar\/blog\/wp-content\/uploads\/ACC-ALFONSIN-Y-B-BLANCA-scaled.jpg?fit=1200%2C978&ssl=1&resize=350%2C200 1x, https:\/\/i0.wp.com\/larevistadigital.com.ar\/blog\/wp-content\/uploads\/ACC-ALFONSIN-Y-B-BLANCA-scaled.jpg?fit=1200%2C978&ssl=1&resize=525%2C300 1.5x, https:\/\/i0.wp.com\/larevistadigital.com.ar\/blog\/wp-content\/uploads\/ACC-ALFONSIN-Y-B-BLANCA-scaled.jpg?fit=1200%2C978&ssl=1&resize=700%2C400 2x, https:\/\/i0.wp.com\/larevistadigital.com.ar\/blog\/wp-content\/uploads\/ACC-ALFONSIN-Y-B-BLANCA-scaled.jpg?fit=1200%2C978&ssl=1&resize=1050%2C600 3x"},"classes":[]},{"id":18257,"url":"https:\/\/larevistadigital.com.ar\/blog\/fuerte-choque-con-el-saldo-de-un-herido\/","url_meta":{"origin":21529,"position":2},"title":"FUERTE CHOQUE CON EL SALDO DE UN HERIDO","author":"Alejandro Sosa Ruda","date":"21 diciembre, 2020","format":false,"excerpt":"DOLORES - Ayer por la ma\u00f1ana se produjo un fuerte accidente de tr\u00e1nsito en la esquina de las calles Pellegrini y San Jos\u00e9 de Dolores. Por cuestiones que se tratan de establecer chocaron una camioneta Ford Ranger y una moto Honda Twister. Producto del impacto el joven que circulaba en\u2026","rel":"","context":"En \u00abDOLORES\u00bb","block_context":{"text":"DOLORES","link":"https:\/\/larevistadigital.com.ar\/blog\/category\/dolores\/"},"img":{"alt_text":"","src":"https:\/\/i0.wp.com\/larevistadigital.com.ar\/blog\/wp-content\/uploads\/8f6b2322d3f2235e0c157e420010539571c21760.jpg?fit=1140%2C825&ssl=1&resize=350%2C200","width":350,"height":200,"srcset":"https:\/\/i0.wp.com\/larevistadigital.com.ar\/blog\/wp-content\/uploads\/8f6b2322d3f2235e0c157e420010539571c21760.jpg?fit=1140%2C825&ssl=1&resize=350%2C200 1x, https:\/\/i0.wp.com\/larevistadigital.com.ar\/blog\/wp-content\/uploads\/8f6b2322d3f2235e0c157e420010539571c21760.jpg?fit=1140%2C825&ssl=1&resize=525%2C300 1.5x, https:\/\/i0.wp.com\/larevistadigital.com.ar\/blog\/wp-content\/uploads\/8f6b2322d3f2235e0c157e420010539571c21760.jpg?fit=1140%2C825&ssl=1&resize=700%2C400 2x, https:\/\/i0.wp.com\/larevistadigital.com.ar\/blog\/wp-content\/uploads\/8f6b2322d3f2235e0c157e420010539571c21760.jpg?fit=1140%2C825&ssl=1&resize=1050%2C600 3x"},"classes":[]},{"id":29355,"url":"https:\/\/larevistadigital.com.ar\/blog\/chascomus-fotos-choque-y-vuelco-en-avda-juan-manuel-de-rosas-y-25-de-mayo\/","url_meta":{"origin":21529,"position":3},"title":"CHASCOM\u00daS: [FOTOS CHOQUE Y VUELCO EN AVDA. JUAN MANUEL DE ROSAS Y 25 DE MAYO.","author":"Alejandro Sosa Ruda","date":"9 diciembre, 2022","format":false,"excerpt":"Un accidente que incluy\u00f3 un vuelco se produjo en la ma\u00f1ana del d\u00eda de hoy, en el Acceso Norte de la ciudad, m\u00e1s precisamente en la Avenida Juan Manuel de Rosas y 25 de Mayo. Se trat\u00f3 de un choque que culmin\u00f3 con un vuelco en una zanja del lugar.\u2026","rel":"","context":"En \u00abINTERES GENERAL\u00bb","block_context":{"text":"INTERES GENERAL","link":"https:\/\/larevistadigital.com.ar\/blog\/category\/interes-general\/"},"img":{"alt_text":"","src":"https:\/\/i0.wp.com\/larevistadigital.com.ar\/blog\/wp-content\/uploads\/3-5.jpeg?fit=900%2C1200&ssl=1&resize=350%2C200","width":350,"height":200,"srcset":"https:\/\/i0.wp.com\/larevistadigital.com.ar\/blog\/wp-content\/uploads\/3-5.jpeg?fit=900%2C1200&ssl=1&resize=350%2C200 1x, https:\/\/i0.wp.com\/larevistadigital.com.ar\/blog\/wp-content\/uploads\/3-5.jpeg?fit=900%2C1200&ssl=1&resize=525%2C300 1.5x, https:\/\/i0.wp.com\/larevistadigital.com.ar\/blog\/wp-content\/uploads\/3-5.jpeg?fit=900%2C1200&ssl=1&resize=700%2C400 2x"},"classes":[]},{"id":7582,"url":"https:\/\/larevistadigital.com.ar\/blog\/chascomus-extrano-choque-en-belgrano-y-arenales\/","url_meta":{"origin":21529,"position":4},"title":"CHASCOM\u00daS: EXTRA\u00d1O CHOQUE EN BELGRANO Y ARENALES","author":"Alejandro Sosa Ruda","date":"5 enero, 2019","format":false,"excerpt":"El hecho se produjo en horas de la tarde, y fue protagonizado por una camioneta RAM 4x4, que embisti\u00f3 autos que estaban estacionados sobre calle Arenales, casi en la esquina con Belgrano. Lo extra\u00f1o del caso, es que seg\u00fan explic\u00f3 el propietario de la camioneta, luego de sufrir un desperfecto\u2026","rel":"","context":"En \u00abPOLICIALES\u00bb","block_context":{"text":"POLICIALES","link":"https:\/\/larevistadigital.com.ar\/blog\/category\/policiales\/"},"img":{"alt_text":"","src":"https:\/\/i0.wp.com\/larevistadigital.com.ar\/blog\/wp-content\/uploads\/2019\/01\/49368476_2113971361956296_8720852702784913408_o.jpg?fit=1040%2C585&ssl=1&resize=350%2C200","width":350,"height":200,"srcset":"https:\/\/i0.wp.com\/larevistadigital.com.ar\/blog\/wp-content\/uploads\/2019\/01\/49368476_2113971361956296_8720852702784913408_o.jpg?fit=1040%2C585&ssl=1&resize=350%2C200 1x, https:\/\/i0.wp.com\/larevistadigital.com.ar\/blog\/wp-content\/uploads\/2019\/01\/49368476_2113971361956296_8720852702784913408_o.jpg?fit=1040%2C585&ssl=1&resize=525%2C300 1.5x, https:\/\/i0.wp.com\/larevistadigital.com.ar\/blog\/wp-content\/uploads\/2019\/01\/49368476_2113971361956296_8720852702784913408_o.jpg?fit=1040%2C585&ssl=1&resize=700%2C400 2x"},"classes":[]},{"id":3380,"url":"https:\/\/larevistadigital.com.ar\/blog\/castelli-un-herido-tras-un-violento-choque-en-el-acceso-a-la-ciudad\/","url_meta":{"origin":21529,"position":5},"title":"CASTELLI: UN HERIDO, TRAS UN VIOLENTO CHOQUE EN EL ACCESO A LA CIUDAD","author":"Alejandro Sosa Ruda","date":"2 octubre, 2017","format":false,"excerpt":"Una persona result\u00f3 herida tras una colisi\u00f3n que tuvo como protagonistas a una camioneta Chevrolet y un Ford Fiesta. Se\u00a0supo que la camioneta conducida por un vecino de la ciudad habr\u00eda tratado de ingresar a Castelli tomando el retorno de acceso a Castelmar en el Km 180 de la autov\u00eda\u2026","rel":"","context":"En \u00abCASTELLI\u00bb","block_context":{"text":"CASTELLI","link":"https:\/\/larevistadigital.com.ar\/blog\/category\/castelli\/"},"img":{"alt_text":"","src":"https:\/\/i0.wp.com\/larevistadigital.com.ar\/blog\/wp-content\/uploads\/2017\/10\/22172040_666292913555042_1513752497_o-1.jpg?fit=720%2C571&ssl=1&resize=350%2C200","width":350,"height":200,"srcset":"https:\/\/i0.wp.com\/larevistadigital.com.ar\/blog\/wp-content\/uploads\/2017\/10\/22172040_666292913555042_1513752497_o-1.jpg?fit=720%2C571&ssl=1&resize=350%2C200 1x, https:\/\/i0.wp.com\/larevistadigital.com.ar\/blog\/wp-content\/uploads\/2017\/10\/22172040_666292913555042_1513752497_o-1.jpg?fit=720%2C571&ssl=1&resize=525%2C300 1.5x, https:\/\/i0.wp.com\/larevistadigital.com.ar\/blog\/wp-content\/uploads\/2017\/10\/22172040_666292913555042_1513752497_o-1.jpg?fit=720%2C571&ssl=1&resize=700%2C400 2x"},"classes":[]}],"_links":{"self":[{"href":"https:\/\/larevistadigital.com.ar\/blog\/wp-json\/wp\/v2\/posts\/21529","targetHints":{"allow":["GET"]}}],"collection":[{"href":"https:\/\/larevistadigital.com.ar\/blog\/wp-json\/wp\/v2\/posts"}],"about":[{"href":"https:\/\/larevistadigital.com.ar\/blog\/wp-json\/wp\/v2\/types\/post"}],"author":[{"embeddable":true,"href":"https:\/\/larevistadigital.com.ar\/blog\/wp-json\/wp\/v2\/users\/3"}],"replies":[{"embeddable":true,"href":"https:\/\/larevistadigital.com.ar\/blog\/wp-json\/wp\/v2\/comments?post=21529"}],"version-history":[{"count":1,"href":"https:\/\/larevistadigital.com.ar\/blog\/wp-json\/wp\/v2\/posts\/21529\/revisions"}],"predecessor-version":[{"id":21531,"href":"https:\/\/larevistadigital.com.ar\/blog\/wp-json\/wp\/v2\/posts\/21529\/revisions\/21531"}],"wp:featuredmedia":[{"embeddable":true,"href":"https:\/\/larevistadigital.com.ar\/blog\/wp-json\/wp\/v2\/media\/21530"}],"wp:attachment":[{"href":"https:\/\/larevistadigital.com.ar\/blog\/wp-json\/wp\/v2\/media?parent=21529"}],"wp:term":[{"taxonomy":"category","embeddable":true,"href":"https:\/\/larevistadigital.com.ar\/blog\/wp-json\/wp\/v2\/categories?post=21529"},{"taxonomy":"post_tag","embeddable":true,"href":"https:\/\/larevistadigital.com.ar\/blog\/wp-json\/wp\/v2\/tags?post=21529"}],"curies":[{"name":"wp","href":"https:\/\/api.w.org\/{rel}","templated":true}]}}