{"id":21535,"date":"2021-08-13T03:00:41","date_gmt":"2021-08-13T03:00:41","guid":{"rendered":"https:\/\/larevistadigital.com.ar\/blog\/?p=21535"},"modified":"2021-08-13T03:16:24","modified_gmt":"2021-08-13T03:16:24","slug":"esta-bien-julieta-spina-y-uxch-de-campana-y-adoctrinamiento-con-los-chicos","status":"publish","type":"post","link":"https:\/\/larevistadigital.com.ar\/blog\/esta-bien-julieta-spina-y-uxch-de-campana-y-adoctrinamiento-con-los-chicos\/","title":{"rendered":"[FOTOS] \u00bfEST\u00c1 BIEN? JULIETA SPINA Y UXCH DE CAMPA\u00d1A (Y ADOCTRINAMIENTO) CON LOS CHICOS&#8230;"},"content":{"rendered":"<h2>La candidata oficialista del ex vecinalismo de Unidad por Chascom\u00fas, actualmente frente Renovador, Julieta Spina entreg\u00f3 \u00abjuegos partidarios\u00bb por el d\u00eda del ni\u00f1o.<\/h2>\n<p>Sorprendi\u00f3 (o no tanto) a los vecinos de Chascom\u00fas el observar c\u00f3mo desde su perfil de Facebook el ex vecinalismo anunci\u00f3 con bombos y platillos que a \u201cSan Cayetano\u201d (un barrio que viene reclamando por los servicios esenciales que les falta ) la precandidata a primera concejal, que es la funcionaria municipal <strong>Julieta Spina<\/strong> entreg\u00f3 juegos para que se diviertan los ni\u00f1os en el d\u00eda de las infancias que se celebra el domingo 15 de agosto.<\/p>\n<blockquote>\n<h3>Lo llamativo es que en las fotograf\u00edas que publicaron en Facebook se puede ver que las fichas de todos los juegos tienen la identificaci\u00f3n <em>\u201cUxCh-Unidad por Chascom\u00fas\u201d<\/em>.<\/h3>\n<\/blockquote>\n<p><img data-recalc-dims=\"1\" loading=\"lazy\" decoding=\"async\" class=\"size-full wp-image-21544 aligncenter\" src=\"https:\/\/i0.wp.com\/larevistadigital.com.ar\/blog\/wp-content\/uploads\/WhatsApp-Image-2021-08-13-at-00.12.19.jpeg?resize=720%2C1600&#038;ssl=1\" alt=\"\" width=\"720\" height=\"1600\" srcset=\"https:\/\/i0.wp.com\/larevistadigital.com.ar\/blog\/wp-content\/uploads\/WhatsApp-Image-2021-08-13-at-00.12.19.jpeg?w=720&amp;ssl=1 720w, https:\/\/i0.wp.com\/larevistadigital.com.ar\/blog\/wp-content\/uploads\/WhatsApp-Image-2021-08-13-at-00.12.19.jpeg?resize=135%2C300&amp;ssl=1 135w, https:\/\/i0.wp.com\/larevistadigital.com.ar\/blog\/wp-content\/uploads\/WhatsApp-Image-2021-08-13-at-00.12.19.jpeg?resize=461%2C1024&amp;ssl=1 461w, https:\/\/i0.wp.com\/larevistadigital.com.ar\/blog\/wp-content\/uploads\/WhatsApp-Image-2021-08-13-at-00.12.19.jpeg?resize=691%2C1536&amp;ssl=1 691w\" sizes=\"auto, (max-width: 720px) 100vw, 720px\" \/><\/p>\n<p>Nosotros nos preguntamos si esta forma de adoctrinamiento a los chicos es correcta. \u00bfNo es acaso esto lo que muchas veces se tilda como \u00ablo peor de la pol\u00edtica\u00bb? \u00bfNo es aprovechamiento de las necesidades de los vecinos? \u00bfNo es aprovecharse de la inocencia de las criaturas?<\/p>\n<p>Usted, \u00bfQu\u00e9 opina al respecto?<\/p>\n<p><strong>LAS FOTOS DELA PUBLICACI\u00d3N<\/strong><\/p>\n<p><img data-recalc-dims=\"1\" loading=\"lazy\" decoding=\"async\" class=\"alignnone size-full wp-image-21536\" src=\"https:\/\/i0.wp.com\/larevistadigital.com.ar\/blog\/wp-content\/uploads\/232629312_4227921417328596_3011728434637467272_n.jpg?resize=540%2C960&#038;ssl=1\" alt=\"\" width=\"540\" height=\"960\" srcset=\"https:\/\/i0.wp.com\/larevistadigital.com.ar\/blog\/wp-content\/uploads\/232629312_4227921417328596_3011728434637467272_n.jpg?w=540&amp;ssl=1 540w, https:\/\/i0.wp.com\/larevistadigital.com.ar\/blog\/wp-content\/uploads\/232629312_4227921417328596_3011728434637467272_n.jpg?resize=169%2C300&amp;ssl=1 169w\" sizes=\"auto, (max-width: 540px) 100vw, 540px\" \/><img data-recalc-dims=\"1\" loading=\"lazy\" decoding=\"async\" class=\"alignnone size-full wp-image-21538\" src=\"https:\/\/i0.wp.com\/larevistadigital.com.ar\/blog\/wp-content\/uploads\/234632312_4227922267328511_4532597573175584517_n.jpg?resize=540%2C960&#038;ssl=1\" alt=\"\" width=\"540\" height=\"960\" srcset=\"https:\/\/i0.wp.com\/larevistadigital.com.ar\/blog\/wp-content\/uploads\/234632312_4227922267328511_4532597573175584517_n.jpg?w=540&amp;ssl=1 540w, https:\/\/i0.wp.com\/larevistadigital.com.ar\/blog\/wp-content\/uploads\/234632312_4227922267328511_4532597573175584517_n.jpg?resize=169%2C300&amp;ssl=1 169w\" sizes=\"auto, (max-width: 540px) 100vw, 540px\" \/><\/p>\n<p><img data-recalc-dims=\"1\" loading=\"lazy\" decoding=\"async\" class=\"alignnone size-full wp-image-21539\" src=\"https:\/\/i0.wp.com\/larevistadigital.com.ar\/blog\/wp-content\/uploads\/234628843_4227921987328539_4162130545846553990_n.jpg?resize=540%2C960&#038;ssl=1\" alt=\"\" width=\"540\" height=\"960\" srcset=\"https:\/\/i0.wp.com\/larevistadigital.com.ar\/blog\/wp-content\/uploads\/234628843_4227921987328539_4162130545846553990_n.jpg?w=540&amp;ssl=1 540w, https:\/\/i0.wp.com\/larevistadigital.com.ar\/blog\/wp-content\/uploads\/234628843_4227921987328539_4162130545846553990_n.jpg?resize=169%2C300&amp;ssl=1 169w\" sizes=\"auto, (max-width: 540px) 100vw, 540px\" \/><img data-recalc-dims=\"1\" loading=\"lazy\" decoding=\"async\" class=\"alignnone size-full wp-image-21540\" src=\"https:\/\/i0.wp.com\/larevistadigital.com.ar\/blog\/wp-content\/uploads\/232904507_4227921877328550_8707846169128475325_n.jpg?resize=540%2C960&#038;ssl=1\" alt=\"\" width=\"540\" height=\"960\" srcset=\"https:\/\/i0.wp.com\/larevistadigital.com.ar\/blog\/wp-content\/uploads\/232904507_4227921877328550_8707846169128475325_n.jpg?w=540&amp;ssl=1 540w, https:\/\/i0.wp.com\/larevistadigital.com.ar\/blog\/wp-content\/uploads\/232904507_4227921877328550_8707846169128475325_n.jpg?resize=169%2C300&amp;ssl=1 169w\" sizes=\"auto, (max-width: 540px) 100vw, 540px\" \/><\/p>\n<p>&nbsp;<\/p>\n","protected":false},"excerpt":{"rendered":"<div class=\"mh-excerpt\"><p>La candidata oficialista del ex vecinalismo de Unidad por Chascom\u00fas, actualmente frente Renovador, Julieta Spina entreg\u00f3 \u00abjuegos partidarios\u00bb por el d\u00eda del ni\u00f1o. Sorprendi\u00f3 (o no tanto) a los vecinos de Chascom\u00fas el observar c\u00f3mo <a class=\"mh-excerpt-more\" href=\"https:\/\/larevistadigital.com.ar\/blog\/esta-bien-julieta-spina-y-uxch-de-campana-y-adoctrinamiento-con-los-chicos\/\" title=\"[FOTOS] \u00bfEST\u00c1 BIEN? JULIETA SPINA Y UXCH DE CAMPA\u00d1A (Y ADOCTRINAMIENTO) CON LOS CHICOS&#8230;\">[Leer M\u00e1s]<\/a><\/p>\n<\/div>","protected":false},"author":3,"featured_media":21537,"comment_status":"open","ping_status":"open","sticky":false,"template":"","format":"standard","meta":{"_jetpack_memberships_contains_paid_content":false,"footnotes":"","jetpack_publicize_message":"","jetpack_publicize_feature_enabled":true,"jetpack_social_post_already_shared":true,"jetpack_social_options":{"image_generator_settings":{"template":"highway","default_image_id":0,"font":"","enabled":false},"version":2}},"categories":[41],"tags":[],"class_list":{"0":"post-21535","1":"post","2":"type-post","3":"status-publish","4":"format-standard","5":"has-post-thumbnail","7":"category-destacadas"},"jetpack_publicize_connections":[],"jetpack_featured_media_url":"https:\/\/i0.wp.com\/larevistadigital.com.ar\/blog\/wp-content\/uploads\/232952694_4227921787328559_4714322108462350516_n.jpg?fit=960%2C720&ssl=1","jetpack_sharing_enabled":true,"jetpack_shortlink":"https:\/\/wp.me\/p8qtrQ-5Bl","jetpack-related-posts":[{"id":45162,"url":"https:\/\/larevistadigital.com.ar\/blog\/julieta-spina-invito-a-inscribirse-en-los-juegos-bonaerenses-2026\/","url_meta":{"origin":21535,"position":0},"title":"Julieta Spina invit\u00f3 a inscribirse en los Juegos Bonaerenses 2026","author":"Alejandro Sosa Ruda","date":"17 abril, 2026","format":false,"excerpt":"\u201cSi bien lo importante es participar y generar espacios de encuentro y disfrute colectivo, no deja de ser una competencia y es lindo traer una medalla\u201d, dijo la secretaria municipal Consultada esta ma\u00f1ana por distintos medios de comunicaci\u00f3n local, la secretaria de Turismo, Deportes y Cultura, Julieta Spina, invit\u00f3 a\u2026","rel":"","context":"En \u00abCHASCOM\u00daS\u00bb","block_context":{"text":"CHASCOM\u00daS","link":"https:\/\/larevistadigital.com.ar\/blog\/category\/chascomus\/"},"img":{"alt_text":"","src":"https:\/\/i0.wp.com\/larevistadigital.com.ar\/blog\/wp-content\/uploads\/69e272f321824.png?fit=668%2C445&ssl=1&resize=350%2C200","width":350,"height":200,"srcset":"https:\/\/i0.wp.com\/larevistadigital.com.ar\/blog\/wp-content\/uploads\/69e272f321824.png?fit=668%2C445&ssl=1&resize=350%2C200 1x, https:\/\/i0.wp.com\/larevistadigital.com.ar\/blog\/wp-content\/uploads\/69e272f321824.png?fit=668%2C445&ssl=1&resize=525%2C300 1.5x"},"classes":[]},{"id":31336,"url":"https:\/\/larevistadigital.com.ar\/blog\/francisco-rodriguez-candidato-a-concejal-por-uxch\/","url_meta":{"origin":21535,"position":1},"title":"\u00bfFRANCISCO RODRIGUEZ CANDIDATO A CONCEJAL POR UXCH?","author":"Alejandro Sosa Ruda","date":"4 mayo, 2023","format":false,"excerpt":"El ex Secretario General de la Seccional Chascom\u00fas de la Asociaci\u00f3n Bancaria, Francisco Rodriguez podr\u00eda ser candidato a concejal de Unidad por Chascom\u00fas, luego de perder el gremio en la \u00faltima elecci\u00f3n. 4 de mayo de 2023 CHASCOM\u00daS -\u00a0 Lleg\u00f3 a nuestra redacci\u00f3n, la informaci\u00f3n de una fuente altamente confiable,\u2026","rel":"","context":"En \u00abGREMIALES\u00bb","block_context":{"text":"GREMIALES","link":"https:\/\/larevistadigital.com.ar\/blog\/category\/gremiales\/"},"img":{"alt_text":"","src":"https:\/\/i0.wp.com\/larevistadigital.com.ar\/blog\/wp-content\/uploads\/FRANCISCO-RODRIGUEZ.jpg?fit=800%2C449&ssl=1&resize=350%2C200","width":350,"height":200,"srcset":"https:\/\/i0.wp.com\/larevistadigital.com.ar\/blog\/wp-content\/uploads\/FRANCISCO-RODRIGUEZ.jpg?fit=800%2C449&ssl=1&resize=350%2C200 1x, https:\/\/i0.wp.com\/larevistadigital.com.ar\/blog\/wp-content\/uploads\/FRANCISCO-RODRIGUEZ.jpg?fit=800%2C449&ssl=1&resize=525%2C300 1.5x, https:\/\/i0.wp.com\/larevistadigital.com.ar\/blog\/wp-content\/uploads\/FRANCISCO-RODRIGUEZ.jpg?fit=800%2C449&ssl=1&resize=700%2C400 2x"},"classes":[]},{"id":21941,"url":"https:\/\/larevistadigital.com.ar\/blog\/amplio-triunfo-de-ramiro-ferrante-en-chascomus\/","url_meta":{"origin":21535,"position":2},"title":"AMPLIO TRIUNFO DE RAMIRO FERRANTE EN CHASCOM\u00daS ( actualizado )","author":"Alejandro Sosa Ruda","date":"12 septiembre, 2021","format":false,"excerpt":"Ferrante se afianza en una arrolladora victoria en Chascom\u00fas CHASCOM\u00daS - Los \u00faltimos resultados parciales, en donde los guarismos son los siguientes: \u00a0JUNTOS - Ramiro Ferrante consigui\u00f3 el 54;00 % de los sufragios con 5408 votos \u00a0FRENTE DE TODOS\u00a0 - Julieta Spina con el 27,1% de los sufragios con 2711\u2026","rel":"","context":"En \u00abDESTACADAS\u00bb","block_context":{"text":"DESTACADAS","link":"https:\/\/larevistadigital.com.ar\/blog\/category\/destacadas\/"},"img":{"alt_text":"","src":"https:\/\/i0.wp.com\/larevistadigital.com.ar\/blog\/wp-content\/uploads\/paso2019.jpg?fit=1004%2C565&ssl=1&resize=350%2C200","width":350,"height":200,"srcset":"https:\/\/i0.wp.com\/larevistadigital.com.ar\/blog\/wp-content\/uploads\/paso2019.jpg?fit=1004%2C565&ssl=1&resize=350%2C200 1x, https:\/\/i0.wp.com\/larevistadigital.com.ar\/blog\/wp-content\/uploads\/paso2019.jpg?fit=1004%2C565&ssl=1&resize=525%2C300 1.5x, https:\/\/i0.wp.com\/larevistadigital.com.ar\/blog\/wp-content\/uploads\/paso2019.jpg?fit=1004%2C565&ssl=1&resize=700%2C400 2x"},"classes":[]},{"id":22631,"url":"https:\/\/larevistadigital.com.ar\/blog\/chascomus-resultados-finales-con-el-100-de-las-mesas-escrutadas-ferrante-volvio-a-arrasar\/","url_meta":{"origin":21535,"position":3},"title":"CHASCOM\u00daS: RESULTADOS FINALES CON EL 100% DE LAS MESAS ESCRUTADAS. FERRANTE VOLVI\u00d3 A ARRASAR","author":"Alejandro Sosa Ruda","date":"15 noviembre, 2021","format":false,"excerpt":"CHASCOM\u00daS - Luego del escrutinio final en Chascom\u00fas, los resultados dejaron como consecuencia un ampl\u00edsimo triunfo de Ramiro Ferrante donde duplic\u00f3 los votos de su seguidor directo, el Frente de Todos con Julieta Spina a la cabeza, aunque con una participaci\u00f3n estelar (sobre todo en estos comicios) del intendente de\u2026","rel":"","context":"En \u00abDESTACADAS\u00bb","block_context":{"text":"DESTACADAS","link":"https:\/\/larevistadigital.com.ar\/blog\/category\/destacadas\/"},"img":{"alt_text":"","src":"https:\/\/i0.wp.com\/larevistadigital.com.ar\/blog\/wp-content\/uploads\/20429646_674361972769299_639982001727396773_n-1.jpg?fit=617%2C617&ssl=1&resize=350%2C200","width":350,"height":200,"srcset":"https:\/\/i0.wp.com\/larevistadigital.com.ar\/blog\/wp-content\/uploads\/20429646_674361972769299_639982001727396773_n-1.jpg?fit=617%2C617&ssl=1&resize=350%2C200 1x, https:\/\/i0.wp.com\/larevistadigital.com.ar\/blog\/wp-content\/uploads\/20429646_674361972769299_639982001727396773_n-1.jpg?fit=617%2C617&ssl=1&resize=525%2C300 1.5x"},"classes":[]},{"id":44412,"url":"https:\/\/larevistadigital.com.ar\/blog\/chascomus-convocatoria-del-ejecutivo-a-concejales-para-trabajar-en-los-pliegos-de-futuras-concesiones-municipales\/","url_meta":{"origin":21535,"position":4},"title":"Chascom\u00fas: Convocatoria del Ejecutivo a concejales para trabajar en los pliegos de futuras concesiones municipales","author":"Alejandro Sosa Ruda","date":"9 marzo, 2026","format":false,"excerpt":"En la primera reuni\u00f3n analizaron los casos de Las Escalinatas, la parcela ribere\u00f1a N\u00ba 11 y el sector de El Castillo. Habr\u00e1 una nueva reuni\u00f3n en dos semanas para continuar el trabajo conjunto. 09 de Marzo de 2026 CHASCOM\u00daS -\u00a0 \u00a0La secretaria de Turismo, Deporte y Cultura, Julieta Spina, encabez\u00f3\u2026","rel":"","context":"En \u00abINTERES GENERAL\u00bb","block_context":{"text":"INTERES GENERAL","link":"https:\/\/larevistadigital.com.ar\/blog\/category\/interes-general\/"},"img":{"alt_text":"","src":"https:\/\/i0.wp.com\/larevistadigital.com.ar\/blog\/wp-content\/uploads\/69af0e5b5e285.png?fit=668%2C445&ssl=1&resize=350%2C200","width":350,"height":200,"srcset":"https:\/\/i0.wp.com\/larevistadigital.com.ar\/blog\/wp-content\/uploads\/69af0e5b5e285.png?fit=668%2C445&ssl=1&resize=350%2C200 1x, https:\/\/i0.wp.com\/larevistadigital.com.ar\/blog\/wp-content\/uploads\/69af0e5b5e285.png?fit=668%2C445&ssl=1&resize=525%2C300 1.5x"},"classes":[]},{"id":17714,"url":"https:\/\/larevistadigital.com.ar\/blog\/enojo-en-el-peronismo-local-por-convocatoria-de-uxch-a-caravana-peronista\/","url_meta":{"origin":21535,"position":5},"title":"ENOJO EN EL PERONISMO LOCAL POR CONVOCATORIA DE UXCH A \u00abCARAVANA PERONISTA\u00bb","author":"Alejandro Sosa Ruda","date":"17 noviembre, 2020","format":false,"excerpt":"El Secretario de Gobierno de Chascom\u00fas, Cipriano P\u00e9rez del Cerro entre otros, comenz\u00f3 ayer a compartir por redes y hacer una convocatoria para una \"Caravana de la militancia\". \"Habr\u00eda que avisarle a Cipriano, que este es un d\u00eda peronista. Se festeja la \"militancia peronista\", y no la militancia en general\",\u2026","rel":"","context":"En \u00abCHASCOM\u00daS\u00bb","block_context":{"text":"CHASCOM\u00daS","link":"https:\/\/larevistadigital.com.ar\/blog\/category\/chascomus\/"},"img":{"alt_text":"","src":"https:\/\/i0.wp.com\/larevistadigital.com.ar\/blog\/wp-content\/uploads\/CONVOCATORIA-POR-WAPP-DE-PEREZ-DEL-CERRO.jpg?fit=1200%2C675&ssl=1&resize=350%2C200","width":350,"height":200,"srcset":"https:\/\/i0.wp.com\/larevistadigital.com.ar\/blog\/wp-content\/uploads\/CONVOCATORIA-POR-WAPP-DE-PEREZ-DEL-CERRO.jpg?fit=1200%2C675&ssl=1&resize=350%2C200 1x, https:\/\/i0.wp.com\/larevistadigital.com.ar\/blog\/wp-content\/uploads\/CONVOCATORIA-POR-WAPP-DE-PEREZ-DEL-CERRO.jpg?fit=1200%2C675&ssl=1&resize=525%2C300 1.5x, https:\/\/i0.wp.com\/larevistadigital.com.ar\/blog\/wp-content\/uploads\/CONVOCATORIA-POR-WAPP-DE-PEREZ-DEL-CERRO.jpg?fit=1200%2C675&ssl=1&resize=700%2C400 2x, https:\/\/i0.wp.com\/larevistadigital.com.ar\/blog\/wp-content\/uploads\/CONVOCATORIA-POR-WAPP-DE-PEREZ-DEL-CERRO.jpg?fit=1200%2C675&ssl=1&resize=1050%2C600 3x"},"classes":[]}],"_links":{"self":[{"href":"https:\/\/larevistadigital.com.ar\/blog\/wp-json\/wp\/v2\/posts\/21535","targetHints":{"allow":["GET"]}}],"collection":[{"href":"https:\/\/larevistadigital.com.ar\/blog\/wp-json\/wp\/v2\/posts"}],"about":[{"href":"https:\/\/larevistadigital.com.ar\/blog\/wp-json\/wp\/v2\/types\/post"}],"author":[{"embeddable":true,"href":"https:\/\/larevistadigital.com.ar\/blog\/wp-json\/wp\/v2\/users\/3"}],"replies":[{"embeddable":true,"href":"https:\/\/larevistadigital.com.ar\/blog\/wp-json\/wp\/v2\/comments?post=21535"}],"version-history":[{"count":4,"href":"https:\/\/larevistadigital.com.ar\/blog\/wp-json\/wp\/v2\/posts\/21535\/revisions"}],"predecessor-version":[{"id":21546,"href":"https:\/\/larevistadigital.com.ar\/blog\/wp-json\/wp\/v2\/posts\/21535\/revisions\/21546"}],"wp:featuredmedia":[{"embeddable":true,"href":"https:\/\/larevistadigital.com.ar\/blog\/wp-json\/wp\/v2\/media\/21537"}],"wp:attachment":[{"href":"https:\/\/larevistadigital.com.ar\/blog\/wp-json\/wp\/v2\/media?parent=21535"}],"wp:term":[{"taxonomy":"category","embeddable":true,"href":"https:\/\/larevistadigital.com.ar\/blog\/wp-json\/wp\/v2\/categories?post=21535"},{"taxonomy":"post_tag","embeddable":true,"href":"https:\/\/larevistadigital.com.ar\/blog\/wp-json\/wp\/v2\/tags?post=21535"}],"curies":[{"name":"wp","href":"https:\/\/api.w.org\/{rel}","templated":true}]}}