{"id":21547,"date":"2021-08-13T03:41:36","date_gmt":"2021-08-13T03:41:36","guid":{"rendered":"https:\/\/larevistadigital.com.ar\/blog\/?p=21547"},"modified":"2021-08-13T03:41:36","modified_gmt":"2021-08-13T03:41:36","slug":"incoherente-yo-naaaaaaaaa-eleccion-mata-pandemia","status":"publish","type":"post","link":"https:\/\/larevistadigital.com.ar\/blog\/incoherente-yo-naaaaaaaaa-eleccion-mata-pandemia\/","title":{"rendered":"\u00bfINCOHERENTE YO?&#8230; NAAAAAAAAA \u00abELECCI\u00d3N MATA PANDEMIA\u00bb"},"content":{"rendered":"<p><strong>CHASCOM\u00daS &#8211;<\/strong> El intendente de Chascom\u00fas, <strong>Javier Gast\u00f3n<\/strong>, emiti\u00f3 un comunicado desde su perfil de Facebook, que recibi\u00f3 muchas cr\u00edticas por el grado de incoherencia del mismo, ya que en primer lugar se lamenta y manifiesta estar aislado por un contagio en su familia,\u00a0 y luego anuncia con alegr\u00eda que se eliminan las restricciones horarias y dem\u00e1s.<\/p>\n<p>As\u00ed, mientras podr\u00eda estar contagiado, toma la posta del gobierno nacional para llevar felicidad a la gente y que las restricciones de la pandemia no repercutan en los pr\u00f3ximos comicios de Septiembre y Noviembre.<\/p>\n<blockquote>\n<h3>Nos hacemos varias preguntas al respecto, mientras se alerta por la ferocidad de la \u00abvariante delta\u00bb y los especialistas manifiestan que debemos ser especialmente precavidos, aunque Gast\u00f3n habla de seguirse cuidando en los hechos fomenta algo diferente, sobre todo teniendo en cuenta lo dif\u00edcil que ha sido controlar a las personas para que se haga lo correcto en \u00e9poca de restricciones, no queremos imaginar lo que ocurrir\u00e1 ahora.<\/h3>\n<\/blockquote>\n<p>\u00bfEs l\u00f3gico pasar de \u00abaislamiento y prohibiciones por fases\u00bb a la \u00abapertura total\u00bb? \u00bfCu\u00e1les son los riesgos y las consecuencias posibles de esta actitud? \u00bfSe evaluaron, o simplemente se trata de una estrategia por las pr\u00f3ximas elecciones?<\/p>\n<p>\u00bfUsted que opina al respecto?<\/p>\n<p><strong>AC\u00c1 EL MENSAJE COMPLETO DEL INTENDENTE:<\/strong><\/p>\n<div class=\"td-post-content td-pb-padding-side\">\n<p><strong>Buenas noches a todos. Les quiero contar dos cosas.<\/strong><\/p>\n<p><strong>Una menos linda (para m\u00ed), es que <span style=\"color: #ff0000\">estoy aislado por un caso positivo de mi familia<\/span>. Igual estamos bien por suerte .<\/strong><\/p>\n<p><strong>La otra m\u00e1s importante e interesante para todos es que desde ma\u00f1ana, tanto en Chascom\u00fas como en muchas ciudades de la provincia, <span style=\"color: #ff0000\">la circulaci\u00f3n no tendr\u00e1 restricciones y los vecinos que trabajan en comercios, bares y gastronom\u00eda podr\u00e1n abrir sin l\u00edmites de horario .<\/span><\/strong><\/p>\n<p><strong>Pero esta pandemia a\u00fan no termin\u00f3 y, si bien nos podemos movilizar sin horarios, es MUY IMPORTANTE que nos sigamos cuidando y cuidando a los dem\u00e1s .<\/strong><\/p>\n<p><strong>Les quiero agradecer puntualmente a los j\u00f3venes que con tanto compromiso y responsabilidad se han ido a vacunar, dando un paso muy grande para terminar con esta pandemia .<\/strong><\/p>\n<p><strong>Y tambi\u00e9n alentar a todos aquellos vecinos y vecinas que a\u00fan no se han vacunado, que se animen, que se acerquen al vacunatorio del club Deportivo que all\u00ed los van a atender con todo el amor y acompa\u00f1amiento que necesitan .<\/strong><\/p>\n<p><strong>Muchas gracias a todos. Falta menos .<\/strong><\/p>\n<\/div>\n<footer>\n<div class=\"td-post-source-tags td-pb-padding-side\"><\/div>\n<div class=\"td-post-sharing-bottom td-pb-padding-side\">\n<div id=\"td_social_sharing_article_bottom\" class=\"td-post-sharing td-ps-bg td-ps-padding td-post-sharing-style2 \">\n<div class=\"td-post-sharing-visible\">\n<div class=\"td-social-but-icon\"><\/div>\n<p><a class=\"td-social-sharing-button td-social-sharing-button-js td-social-network td-social-facebook\" href=\"https:\/\/www.facebook.com\/sharer.php?u=https%3A%2F%2Fnoticiaregistrada.com%2Fchascomus-el-intendente-aislado-por-coronavirus-pero-libera-todo%2F\">\u00a0<\/a><\/p>\n<div class=\"td-social-but-text\">Facebook<\/div>\n<div class=\"td-social-but-icon\"><\/div>\n<p><a class=\"td-social-sharing-button td-social-sharing-button-js td-social-network td-social-twitter\" href=\"https:\/\/twitter.com\/intent\/tweet?text=Chascom%C3%BAs%3A+El+Intendente+aislado+por+coronavirus%2C+pero+libera+todo&amp;url=https%3A%2F%2Fnoticiaregistrada.com%2Fchascomus-el-intendente-aislado-por-coronavirus-pero-libera-todo%2F&amp;via=noticiareg\">\u00a0<\/a><\/p>\n<div class=\"td-social-but-text\">Twitter<\/div>\n<\/div>\n<\/div>\n<\/div>\n<\/footer>\n","protected":false},"excerpt":{"rendered":"<div class=\"mh-excerpt\"><p>CHASCOM\u00daS &#8211; El intendente de Chascom\u00fas, Javier Gast\u00f3n, emiti\u00f3 un comunicado desde su perfil de Facebook, que recibi\u00f3 muchas cr\u00edticas por el grado de incoherencia del mismo, ya que en primer lugar se lamenta y <a class=\"mh-excerpt-more\" href=\"https:\/\/larevistadigital.com.ar\/blog\/incoherente-yo-naaaaaaaaa-eleccion-mata-pandemia\/\" title=\"\u00bfINCOHERENTE YO?&#8230; NAAAAAAAAA \u00abELECCI\u00d3N MATA PANDEMIA\u00bb\">[Leer M\u00e1s]<\/a><\/p>\n<\/div>","protected":false},"author":3,"featured_media":14632,"comment_status":"open","ping_status":"open","sticky":false,"template":"","format":"standard","meta":{"_jetpack_memberships_contains_paid_content":false,"footnotes":"","jetpack_publicize_message":"","jetpack_publicize_feature_enabled":true,"jetpack_social_post_already_shared":true,"jetpack_social_options":{"image_generator_settings":{"template":"highway","default_image_id":0,"font":"","enabled":false},"version":2}},"categories":[6],"tags":[],"class_list":{"0":"post-21547","1":"post","2":"type-post","3":"status-publish","4":"format-standard","5":"has-post-thumbnail","7":"category-chascomus"},"jetpack_publicize_connections":[],"jetpack_featured_media_url":"https:\/\/i0.wp.com\/larevistadigital.com.ar\/blog\/wp-content\/uploads\/gaston_javier.jpg?fit=1611%2C893&ssl=1","jetpack_sharing_enabled":true,"jetpack_shortlink":"https:\/\/wp.me\/p8qtrQ-5Bx","jetpack-related-posts":[{"id":15773,"url":"https:\/\/larevistadigital.com.ar\/blog\/gaston-anuncio-que-chascomus-pasa-a-fase-5\/","url_meta":{"origin":21547,"position":0},"title":"GAST\u00d3N ANUNCI\u00d3 QUE CHASCOM\u00daS PASA A FASE 5","author":"Alejandro Sosa Ruda","date":"22 junio, 2020","format":false,"excerpt":"El intendente de Chascom\u00fas, Javier Gast\u00f3n inform\u00f3 que la Provincia de Buenos Aires autoriz\u00f3 a Chascom\u00fas a ingresar a la fase 5 de la cuarentena, lo que permitir\u00e1 ceder un poco en las restricciones de la cuarentena. Asimismo, dijo que estar\u00e1n enviando informaci\u00f3n acerca de los alcances de esta nueva\u2026","rel":"","context":"En \u00abDESTACADAS\u00bb","block_context":{"text":"DESTACADAS","link":"https:\/\/larevistadigital.com.ar\/blog\/category\/destacadas\/"},"img":{"alt_text":"","src":"https:\/\/i0.wp.com\/larevistadigital.com.ar\/blog\/wp-content\/uploads\/gaston_javier.jpg?fit=1200%2C665&ssl=1&resize=350%2C200","width":350,"height":200,"srcset":"https:\/\/i0.wp.com\/larevistadigital.com.ar\/blog\/wp-content\/uploads\/gaston_javier.jpg?fit=1200%2C665&ssl=1&resize=350%2C200 1x, https:\/\/i0.wp.com\/larevistadigital.com.ar\/blog\/wp-content\/uploads\/gaston_javier.jpg?fit=1200%2C665&ssl=1&resize=525%2C300 1.5x, https:\/\/i0.wp.com\/larevistadigital.com.ar\/blog\/wp-content\/uploads\/gaston_javier.jpg?fit=1200%2C665&ssl=1&resize=700%2C400 2x, https:\/\/i0.wp.com\/larevistadigital.com.ar\/blog\/wp-content\/uploads\/gaston_javier.jpg?fit=1200%2C665&ssl=1&resize=1050%2C600 3x"},"classes":[]},{"id":20075,"url":"https:\/\/larevistadigital.com.ar\/blog\/chascomus-el-municipio-difundio-los-alcances-de-las-nuevas-restricciones\/","url_meta":{"origin":21547,"position":1},"title":"CHASCOMUS: EL MUNICIPIO DIFUNDI\u00d3 LOS ALCANCES DE LAS NUEVAS RESTRICCIONES","author":"Alejandro Sosa Ruda","date":"4 mayo, 2021","format":false,"excerpt":"CHASCOM\u00daS - Desde el \u00e1rea de Prensa de la Municipalidad de Chascom\u00fas,\u00a0 nos hacen llegar las nuevas disposiciones que entran en vigencia por la Fase 3 en que est\u00e1 encuadrada la ciudad. AQU\u00cd EL MATERIAL COMPARTIDO:","rel":"","context":"En \u00abDESTACADAS\u00bb","block_context":{"text":"DESTACADAS","link":"https:\/\/larevistadigital.com.ar\/blog\/category\/destacadas\/"},"img":{"alt_text":"","src":"https:\/\/i0.wp.com\/larevistadigital.com.ar\/blog\/wp-content\/uploads\/1-1.jpeg?fit=1200%2C1200&ssl=1&resize=350%2C200","width":350,"height":200,"srcset":"https:\/\/i0.wp.com\/larevistadigital.com.ar\/blog\/wp-content\/uploads\/1-1.jpeg?fit=1200%2C1200&ssl=1&resize=350%2C200 1x, https:\/\/i0.wp.com\/larevistadigital.com.ar\/blog\/wp-content\/uploads\/1-1.jpeg?fit=1200%2C1200&ssl=1&resize=525%2C300 1.5x, https:\/\/i0.wp.com\/larevistadigital.com.ar\/blog\/wp-content\/uploads\/1-1.jpeg?fit=1200%2C1200&ssl=1&resize=700%2C400 2x, https:\/\/i0.wp.com\/larevistadigital.com.ar\/blog\/wp-content\/uploads\/1-1.jpeg?fit=1200%2C1200&ssl=1&resize=1050%2C600 3x"},"classes":[]},{"id":21652,"url":"https:\/\/larevistadigital.com.ar\/blog\/chascomus-en-plena-pandemia-el-intendente-anuncio-el-carnaval-seis-meses-antes\/","url_meta":{"origin":21547,"position":2},"title":"CHASCOM\u00daS: EN PLENA PANDEMIA EL INTENDENTE ANUNCI\u00d3 EL CARNAVAL SEIS MESES ANTES","author":"Alejandro Sosa Ruda","date":"23 agosto, 2021","format":false,"excerpt":"El Comit\u00e9 de la UCR emiti\u00f3 un comunicado criticando la actitud del alcalde chascomunense Javier Gast\u00f3n que a continuaci\u00f3n reproducimos: Comit\u00e9 de la Uni\u00f3n C\u00edvica Radical \u201cLo hizo junto a la Subsecretaria de Cultura Julieta Spina cuando las personas sufren desempleo, inseguridad y problemas de salud\u201d El Comit\u00e9 Chascom\u00fas de\u2026","rel":"","context":"En \u00abDESTACADAS\u00bb","block_context":{"text":"DESTACADAS","link":"https:\/\/larevistadigital.com.ar\/blog\/category\/destacadas\/"},"img":{"alt_text":"","src":"https:\/\/i0.wp.com\/larevistadigital.com.ar\/blog\/wp-content\/uploads\/zoom-gaston-spina.png?fit=928%2C517&ssl=1&resize=350%2C200","width":350,"height":200,"srcset":"https:\/\/i0.wp.com\/larevistadigital.com.ar\/blog\/wp-content\/uploads\/zoom-gaston-spina.png?fit=928%2C517&ssl=1&resize=350%2C200 1x, https:\/\/i0.wp.com\/larevistadigital.com.ar\/blog\/wp-content\/uploads\/zoom-gaston-spina.png?fit=928%2C517&ssl=1&resize=525%2C300 1.5x, https:\/\/i0.wp.com\/larevistadigital.com.ar\/blog\/wp-content\/uploads\/zoom-gaston-spina.png?fit=928%2C517&ssl=1&resize=700%2C400 2x"},"classes":[]},{"id":20665,"url":"https:\/\/larevistadigital.com.ar\/blog\/chascomus-video-cuando-la-vara-no-es-la-misma-para-todos-algunos-pueden-otros-no\/","url_meta":{"origin":21547,"position":3},"title":"CHASCOM\u00daS: [VIDEO] CUANDO LA VARA NO ES LA MISMA PARA TODOS. (ALGUNOS PUEDEN, OTROS NO)","author":"Alejandro Sosa Ruda","date":"7 junio, 2021","format":false,"excerpt":"El video es m\u00e1s que elocuente, y habla por s\u00ed solo. Deja en claro que no se utiliza la misma vara para todos y se privilegian a algunos que son m\u00e1s poderosos o importantes, ante otros que con sacrificio tratan de llevar adelante un negocio que con la gravedad de\u2026","rel":"","context":"En \u00abINTERES GENERAL\u00bb","block_context":{"text":"INTERES GENERAL","link":"https:\/\/larevistadigital.com.ar\/blog\/category\/interes-general\/"},"img":{"alt_text":"","src":"https:\/\/i0.wp.com\/larevistadigital.com.ar\/blog\/wp-content\/uploads\/istockphoto-924927954-612x612-1.jpg?fit=612%2C520&ssl=1&resize=350%2C200","width":350,"height":200,"srcset":"https:\/\/i0.wp.com\/larevistadigital.com.ar\/blog\/wp-content\/uploads\/istockphoto-924927954-612x612-1.jpg?fit=612%2C520&ssl=1&resize=350%2C200 1x, https:\/\/i0.wp.com\/larevistadigital.com.ar\/blog\/wp-content\/uploads\/istockphoto-924927954-612x612-1.jpg?fit=612%2C520&ssl=1&resize=525%2C300 1.5x"},"classes":[]},{"id":20532,"url":"https:\/\/larevistadigital.com.ar\/blog\/nuevas-medidas-chascomus-a-fase-2-te-contamos-cuales-son-las-restricciones\/","url_meta":{"origin":21547,"position":4},"title":"NUEVAS MEDIDAS: CHASCOM\u00daS A FASE 2. TE CONTAMOS CUALES SON LAS RESTRICCIONES","author":"Alejandro Sosa Ruda","date":"29 mayo, 2021","format":false,"excerpt":"Desde el \u00e1rea de Prensa de la Municipalidad de Chascom\u00fas, hicieron llegar a nuestra redacci\u00f3n, una comunicaci\u00f3n donde explica los alcances de las nuevas medidas en raz\u00f3n de haber pasado la ciudad a FASE 2. EL COMUNICADO A partir de los anuncios del gobierno provincial se estableci\u00f3 un sistema de\u2026","rel":"","context":"En \u00abCHASCOM\u00daS\u00bb","block_context":{"text":"CHASCOM\u00daS","link":"https:\/\/larevistadigital.com.ar\/blog\/category\/chascomus\/"},"img":{"alt_text":"","src":"https:\/\/i0.wp.com\/larevistadigital.com.ar\/blog\/wp-content\/uploads\/a-fase-2.jpg?fit=900%2C599&ssl=1&resize=350%2C200","width":350,"height":200,"srcset":"https:\/\/i0.wp.com\/larevistadigital.com.ar\/blog\/wp-content\/uploads\/a-fase-2.jpg?fit=900%2C599&ssl=1&resize=350%2C200 1x, https:\/\/i0.wp.com\/larevistadigital.com.ar\/blog\/wp-content\/uploads\/a-fase-2.jpg?fit=900%2C599&ssl=1&resize=525%2C300 1.5x, https:\/\/i0.wp.com\/larevistadigital.com.ar\/blog\/wp-content\/uploads\/a-fase-2.jpg?fit=900%2C599&ssl=1&resize=700%2C400 2x"},"classes":[]},{"id":10441,"url":"https:\/\/larevistadigital.com.ar\/blog\/chascomus-unidad-por-chascomus-entre-estar-con-cualquiera-o-con-nadie\/","url_meta":{"origin":21547,"position":5},"title":"CHASCOM\u00daS: UNIDAD POR CHASCOM\u00daS ENTRE ESTAR CON CUALQUIERA, O CON NADIE&#8230;","author":"Alejandro Sosa Ruda","date":"5 junio, 2019","format":false,"excerpt":"El Secretario de Gobierno de Chascom\u00fas, Cipriano P\u00e9rez del Cerro, volvi\u00f3 a hablar, en el t\u00e9rmino de quince d\u00edas de la posibilidad de que Unidad Por Chascom\u00fas, vaya a la pr\u00f3xima elecci\u00f3n con \u201cboleta corta\u201d, como lo hizo hist\u00f3ricamente hasta su arreglo con el Frente Renovador y Sergio Massa, que\u2026","rel":"","context":"En \u00abDESTACADAS\u00bb","block_context":{"text":"DESTACADAS","link":"https:\/\/larevistadigital.com.ar\/blog\/category\/destacadas\/"},"img":{"alt_text":"","src":"https:\/\/i0.wp.com\/larevistadigital.com.ar\/blog\/wp-content\/uploads\/Chapa-indeciso.jpg?fit=1200%2C799&ssl=1&resize=350%2C200","width":350,"height":200,"srcset":"https:\/\/i0.wp.com\/larevistadigital.com.ar\/blog\/wp-content\/uploads\/Chapa-indeciso.jpg?fit=1200%2C799&ssl=1&resize=350%2C200 1x, https:\/\/i0.wp.com\/larevistadigital.com.ar\/blog\/wp-content\/uploads\/Chapa-indeciso.jpg?fit=1200%2C799&ssl=1&resize=525%2C300 1.5x, https:\/\/i0.wp.com\/larevistadigital.com.ar\/blog\/wp-content\/uploads\/Chapa-indeciso.jpg?fit=1200%2C799&ssl=1&resize=700%2C400 2x, https:\/\/i0.wp.com\/larevistadigital.com.ar\/blog\/wp-content\/uploads\/Chapa-indeciso.jpg?fit=1200%2C799&ssl=1&resize=1050%2C600 3x"},"classes":[]}],"_links":{"self":[{"href":"https:\/\/larevistadigital.com.ar\/blog\/wp-json\/wp\/v2\/posts\/21547","targetHints":{"allow":["GET"]}}],"collection":[{"href":"https:\/\/larevistadigital.com.ar\/blog\/wp-json\/wp\/v2\/posts"}],"about":[{"href":"https:\/\/larevistadigital.com.ar\/blog\/wp-json\/wp\/v2\/types\/post"}],"author":[{"embeddable":true,"href":"https:\/\/larevistadigital.com.ar\/blog\/wp-json\/wp\/v2\/users\/3"}],"replies":[{"embeddable":true,"href":"https:\/\/larevistadigital.com.ar\/blog\/wp-json\/wp\/v2\/comments?post=21547"}],"version-history":[{"count":1,"href":"https:\/\/larevistadigital.com.ar\/blog\/wp-json\/wp\/v2\/posts\/21547\/revisions"}],"predecessor-version":[{"id":21548,"href":"https:\/\/larevistadigital.com.ar\/blog\/wp-json\/wp\/v2\/posts\/21547\/revisions\/21548"}],"wp:featuredmedia":[{"embeddable":true,"href":"https:\/\/larevistadigital.com.ar\/blog\/wp-json\/wp\/v2\/media\/14632"}],"wp:attachment":[{"href":"https:\/\/larevistadigital.com.ar\/blog\/wp-json\/wp\/v2\/media?parent=21547"}],"wp:term":[{"taxonomy":"category","embeddable":true,"href":"https:\/\/larevistadigital.com.ar\/blog\/wp-json\/wp\/v2\/categories?post=21547"},{"taxonomy":"post_tag","embeddable":true,"href":"https:\/\/larevistadigital.com.ar\/blog\/wp-json\/wp\/v2\/tags?post=21547"}],"curies":[{"name":"wp","href":"https:\/\/api.w.org\/{rel}","templated":true}]}}