{"id":21552,"date":"2021-08-14T13:31:57","date_gmt":"2021-08-14T13:31:57","guid":{"rendered":"https:\/\/larevistadigital.com.ar\/blog\/?p=21552"},"modified":"2021-08-14T13:39:45","modified_gmt":"2021-08-14T13:39:45","slug":"la-candidata-a-diputada-por-vamos-con-vos-valeria-iglesias-visita-chascomus-y-mantendra-un-encuentro-junto-a-beatriz-de-leon","status":"publish","type":"post","link":"https:\/\/larevistadigital.com.ar\/blog\/la-candidata-a-diputada-por-vamos-con-vos-valeria-iglesias-visita-chascomus-y-mantendra-un-encuentro-junto-a-beatriz-de-leon\/","title":{"rendered":"LA CANDIDATA A DIPUTADA POR \u00abVAMOS CON VOS\u00bb VALERIA IGLESIAS VISITA CHASCOM\u00daS Y MANTENDR\u00c1 UN ENCUENTRO JUNTO A BEATRIZ DE LEON"},"content":{"rendered":"<p><strong>GACETILLA DE PRENSA<\/strong><\/p>\n<p>El d\u00eda de hoy, s\u00e1bado cerca de las 14 hs. en nuestro local de campa\u00f1a de Vamos Con Vos Chascom\u00fas, ubicado en calle Libres del Sur 615, recibiremos la visita de nuestra compa\u00f1era y candidata a Diputada Nacional Valeria Iglesias.<\/p>\n<p>Hacemos extensa la noticia e invitamos a todos los vecinos de la ciudad que quieran acercarse para dialogar y conocer las propuestas que la candidata trabaja en materia Educativa para nuestro pa\u00eds.<\/p>\n<p>Valeria cuenta con una basta trayectoria dentro del marco Educacional: es Profesora de Educaci\u00f3n Primaria y de Adultos y actualmente se encuentra desempe\u00f1ando funciones como Directora de Educaci\u00f3n a distancia en la Universidad de Ciencias Empresariales y Sociales aunque tambi\u00e9n lo hace como profesora de Nivel Superior y Orientadora de Aprendizajes en el Nivel Primario.<\/p>\n<p>&nbsp;<\/p>\n<p><img data-recalc-dims=\"1\" loading=\"lazy\" decoding=\"async\" class=\"size-full wp-image-21554 aligncenter\" src=\"https:\/\/i0.wp.com\/larevistadigital.com.ar\/blog\/wp-content\/uploads\/WhatsApp-Image-2021-08-13-at-14.30.20-1.jpeg?resize=794%2C1123&#038;ssl=1\" alt=\"\" width=\"794\" height=\"1123\" srcset=\"https:\/\/i0.wp.com\/larevistadigital.com.ar\/blog\/wp-content\/uploads\/WhatsApp-Image-2021-08-13-at-14.30.20-1.jpeg?w=794&amp;ssl=1 794w, https:\/\/i0.wp.com\/larevistadigital.com.ar\/blog\/wp-content\/uploads\/WhatsApp-Image-2021-08-13-at-14.30.20-1.jpeg?resize=212%2C300&amp;ssl=1 212w, https:\/\/i0.wp.com\/larevistadigital.com.ar\/blog\/wp-content\/uploads\/WhatsApp-Image-2021-08-13-at-14.30.20-1.jpeg?resize=724%2C1024&amp;ssl=1 724w, https:\/\/i0.wp.com\/larevistadigital.com.ar\/blog\/wp-content\/uploads\/WhatsApp-Image-2021-08-13-at-14.30.20-1.jpeg?resize=768%2C1086&amp;ssl=1 768w\" sizes=\"auto, (max-width: 794px) 100vw, 794px\" \/><\/p>\n<p>&nbsp;<\/p>\n<p>&nbsp;<\/p>\n","protected":false},"excerpt":{"rendered":"<div class=\"mh-excerpt\"><p>GACETILLA DE PRENSA El d\u00eda de hoy, s\u00e1bado cerca de las 14 hs. en nuestro local de campa\u00f1a de Vamos Con Vos Chascom\u00fas, ubicado en calle Libres del Sur 615, recibiremos la visita de nuestra <a class=\"mh-excerpt-more\" href=\"https:\/\/larevistadigital.com.ar\/blog\/la-candidata-a-diputada-por-vamos-con-vos-valeria-iglesias-visita-chascomus-y-mantendra-un-encuentro-junto-a-beatriz-de-leon\/\" title=\"LA CANDIDATA A DIPUTADA POR \u00abVAMOS CON VOS\u00bb VALERIA IGLESIAS VISITA CHASCOM\u00daS Y MANTENDR\u00c1 UN ENCUENTRO JUNTO A BEATRIZ DE LEON\">[Leer M\u00e1s]<\/a><\/p>\n<\/div>","protected":false},"author":3,"featured_media":21553,"comment_status":"open","ping_status":"open","sticky":false,"template":"","format":"standard","meta":{"_jetpack_memberships_contains_paid_content":false,"footnotes":"","jetpack_publicize_message":"","jetpack_publicize_feature_enabled":true,"jetpack_social_post_already_shared":true,"jetpack_social_options":{"image_generator_settings":{"template":"highway","default_image_id":0,"font":"","enabled":false},"version":2}},"categories":[6],"tags":[],"class_list":{"0":"post-21552","1":"post","2":"type-post","3":"status-publish","4":"format-standard","5":"has-post-thumbnail","7":"category-chascomus"},"jetpack_publicize_connections":[],"jetpack_featured_media_url":"https:\/\/i0.wp.com\/larevistadigital.com.ar\/blog\/wp-content\/uploads\/WhatsApp-Image-2021-08-13-at-14.30.20-e1628947835809.jpeg?fit=794%2C687&ssl=1","jetpack_sharing_enabled":true,"jetpack_shortlink":"https:\/\/wp.me\/p8qtrQ-5BC","jetpack-related-posts":[{"id":21565,"url":"https:\/\/larevistadigital.com.ar\/blog\/notable-apoyo-del-randazzismo-a-beatriz-de-leon-ahora-visito-la-ciudad-la-candidata-a-diputada-nacional-valeria-iglesias\/","url_meta":{"origin":21552,"position":0},"title":"NOTABLE APOYO DEL RANDAZZISMO A BEATRIZ DE LE\u00d3N: AHORA VISIT\u00d3 LA CIUDAD LA CANDIDATA A DIPUTADA NACIONAL VALERIA IGLESIAS","author":"Alejandro Sosa Ruda","date":"15 agosto, 2021","format":false,"excerpt":"Fuentes del entorno nos han dicho que se habr\u00edan hecho mediciones que han aumentado las expectativas del sector, por lo que se planea un especial apoyo a la candidata Mar\u00eda Beatriz De Le\u00f3n. Parece que luego de tanto militar y trabajar en pol\u00edtica, habr\u00eda llegado el momento de la cosecha\u2026","rel":"","context":"En \u00abINTERES GENERAL\u00bb","block_context":{"text":"INTERES GENERAL","link":"https:\/\/larevistadigital.com.ar\/blog\/category\/interes-general\/"},"img":{"alt_text":"","src":"https:\/\/i0.wp.com\/larevistadigital.com.ar\/blog\/wp-content\/uploads\/WhatsApp-Image-2021-08-14-at-19.36.19.jpeg?fit=1200%2C751&ssl=1&resize=350%2C200","width":350,"height":200,"srcset":"https:\/\/i0.wp.com\/larevistadigital.com.ar\/blog\/wp-content\/uploads\/WhatsApp-Image-2021-08-14-at-19.36.19.jpeg?fit=1200%2C751&ssl=1&resize=350%2C200 1x, https:\/\/i0.wp.com\/larevistadigital.com.ar\/blog\/wp-content\/uploads\/WhatsApp-Image-2021-08-14-at-19.36.19.jpeg?fit=1200%2C751&ssl=1&resize=525%2C300 1.5x, https:\/\/i0.wp.com\/larevistadigital.com.ar\/blog\/wp-content\/uploads\/WhatsApp-Image-2021-08-14-at-19.36.19.jpeg?fit=1200%2C751&ssl=1&resize=700%2C400 2x, https:\/\/i0.wp.com\/larevistadigital.com.ar\/blog\/wp-content\/uploads\/WhatsApp-Image-2021-08-14-at-19.36.19.jpeg?fit=1200%2C751&ssl=1&resize=1050%2C600 3x"},"classes":[]},{"id":32493,"url":"https:\/\/larevistadigital.com.ar\/blog\/chascomus-partido-libres-del-sur-beatriz-de-leon-lanza-su-candidatura-con-la-presencia-y-apoyo-de-la-candidata-a-gobernadora-silvia-saravia\/","url_meta":{"origin":21552,"position":1},"title":"CHASCOM\u00daS, PARTIDO LIBRES DEL SUR: BEATRIZ DE LE\u00d3N LANZA SU CANDIDATURA CON LA PRESENCIA Y APOYO DE LA CANDIDATA A GOBERNADORA, SILVIA SARAVIA","author":"Alejandro Sosa Ruda","date":"19 julio, 2023","format":false,"excerpt":"La referente del Partido Libres del sur, Mar\u00eda Beatriz de Le\u00f3n logr\u00f3 un muy interesante apoyo de la candidata a gobernadora, Silvia Saravia, que visitar\u00e1 Chascom\u00fas y estar\u00e1 en la presentaci\u00f3n de la lista local. 19 de julio de 2023 CHASCOM\u00daS -\u00a0 Mar\u00eda Beatriz De Le\u00f3n presentar\u00e1 la lista que\u2026","rel":"","context":"En \u00abPOLITICA LOCAL\u00bb","block_context":{"text":"POLITICA LOCAL","link":"https:\/\/larevistadigital.com.ar\/blog\/category\/politica\/politica-local\/"},"img":{"alt_text":"","src":"https:\/\/i0.wp.com\/larevistadigital.com.ar\/blog\/wp-content\/uploads\/WhatsApp-Image-2023-07-03-at-16.33.12.jpeg?fit=1200%2C905&ssl=1&resize=350%2C200","width":350,"height":200,"srcset":"https:\/\/i0.wp.com\/larevistadigital.com.ar\/blog\/wp-content\/uploads\/WhatsApp-Image-2023-07-03-at-16.33.12.jpeg?fit=1200%2C905&ssl=1&resize=350%2C200 1x, https:\/\/i0.wp.com\/larevistadigital.com.ar\/blog\/wp-content\/uploads\/WhatsApp-Image-2023-07-03-at-16.33.12.jpeg?fit=1200%2C905&ssl=1&resize=525%2C300 1.5x, https:\/\/i0.wp.com\/larevistadigital.com.ar\/blog\/wp-content\/uploads\/WhatsApp-Image-2023-07-03-at-16.33.12.jpeg?fit=1200%2C905&ssl=1&resize=700%2C400 2x, https:\/\/i0.wp.com\/larevistadigital.com.ar\/blog\/wp-content\/uploads\/WhatsApp-Image-2023-07-03-at-16.33.12.jpeg?fit=1200%2C905&ssl=1&resize=1050%2C600 3x"},"classes":[]},{"id":32500,"url":"https:\/\/larevistadigital.com.ar\/blog\/chascomus-el-partido-libres-del-sur-beatriz-de-leon-lanza-su-candidatura-con-la-presencia-y-apoyo-de-la-candidata-a-gobernadora-silvia-saravia\/","url_meta":{"origin":21552,"position":2},"title":"CHASCOM\u00daS, EL PARTIDO LIBRES DEL SUR: BEATRIZ DE LE\u00d3N LANZA SU CANDIDATURA CON LA PRESENCIA Y APOYO DE LA CANDIDATA A GOBERNADORA, SILVIA SARAVIA","author":"Alejandro Sosa Ruda","date":"20 julio, 2023","format":false,"excerpt":"La referente del Partido Libres del sur, Mar\u00eda Beatriz de Le\u00f3n logr\u00f3 un muy interesante apoyo de la candidata a gobernadora, Silvia Saravia, que visitar\u00e1 Chascom\u00fas y estar\u00e1 en la presentaci\u00f3n de la lista local. 20 de julio de 2023 CHASCOM\u00daS -\u00a0 Mar\u00eda Beatriz De Le\u00f3n presentar\u00e1 la lista que\u2026","rel":"","context":"En \u00abPOLITICA LOCAL\u00bb","block_context":{"text":"POLITICA LOCAL","link":"https:\/\/larevistadigital.com.ar\/blog\/category\/politica\/politica-local\/"},"img":{"alt_text":"","src":"https:\/\/i0.wp.com\/larevistadigital.com.ar\/blog\/wp-content\/uploads\/LIBRES-DEL-SUR.jpg?fit=1200%2C900&ssl=1&resize=350%2C200","width":350,"height":200,"srcset":"https:\/\/i0.wp.com\/larevistadigital.com.ar\/blog\/wp-content\/uploads\/LIBRES-DEL-SUR.jpg?fit=1200%2C900&ssl=1&resize=350%2C200 1x, https:\/\/i0.wp.com\/larevistadigital.com.ar\/blog\/wp-content\/uploads\/LIBRES-DEL-SUR.jpg?fit=1200%2C900&ssl=1&resize=525%2C300 1.5x, https:\/\/i0.wp.com\/larevistadigital.com.ar\/blog\/wp-content\/uploads\/LIBRES-DEL-SUR.jpg?fit=1200%2C900&ssl=1&resize=700%2C400 2x, https:\/\/i0.wp.com\/larevistadigital.com.ar\/blog\/wp-content\/uploads\/LIBRES-DEL-SUR.jpg?fit=1200%2C900&ssl=1&resize=1050%2C600 3x"},"classes":[]},{"id":34116,"url":"https:\/\/larevistadigital.com.ar\/blog\/avanzan-gestiones-de-la-vuelta-del-tren-entre-pergamino-y-junin\/","url_meta":{"origin":21552,"position":3},"title":"AVANZAN GESTIONES DE LA VUELTA DEL TREN ENTRE PERGAMINO Y JUN\u00cdN","author":"Alejandro Sosa Ruda","date":"19 octubre, 2023","format":false,"excerpt":"El Gerente Operativo de la L\u00ednea San Mart\u00edn, de Trenes Argentinos, Luciano Haas recorri\u00f3 el trayecto junto a la diputada y candidata a intendente de UP, Valeria Arata. 19 de octubre de 2023 BUENOS AIRES -\u00a0 El Gerente Operativo de la L\u00ednea San Mart\u00edn, de Trenes Argentinos, Luciano Haas recorri\u00f3\u2026","rel":"","context":"En \u00abREGIONALES\u00bb","block_context":{"text":"REGIONALES","link":"https:\/\/larevistadigital.com.ar\/blog\/category\/regionales\/"},"img":{"alt_text":"","src":"https:\/\/i0.wp.com\/larevistadigital.com.ar\/blog\/wp-content\/uploads\/20231019173907_tren-universitario.jpg?fit=880%2C512&ssl=1&resize=350%2C200","width":350,"height":200,"srcset":"https:\/\/i0.wp.com\/larevistadigital.com.ar\/blog\/wp-content\/uploads\/20231019173907_tren-universitario.jpg?fit=880%2C512&ssl=1&resize=350%2C200 1x, https:\/\/i0.wp.com\/larevistadigital.com.ar\/blog\/wp-content\/uploads\/20231019173907_tren-universitario.jpg?fit=880%2C512&ssl=1&resize=525%2C300 1.5x, https:\/\/i0.wp.com\/larevistadigital.com.ar\/blog\/wp-content\/uploads\/20231019173907_tren-universitario.jpg?fit=880%2C512&ssl=1&resize=700%2C400 2x"},"classes":[]},{"id":22443,"url":"https:\/\/larevistadigital.com.ar\/blog\/beatriz-de-leon-y-una-interesante-iniciativa-para-recavar-datos-y-estadisticas-de-la-inseguridad-local\/","url_meta":{"origin":21552,"position":4},"title":"BEATRIZ DE LEON, Y UNA INTERESANTE INICIATIVA PARA RECAVAR DATOS Y ESTAD\u00cdSTICAS DE LA INSEGURIDAD LOCAL","author":"Alejandro Sosa Ruda","date":"23 octubre, 2021","format":false,"excerpt":"La candidata del frente \"Vamos Con Vos\", Beatriz De Le\u00f3n, tom\u00f3 la posta con una iniciativa para obtener datos estad\u00edsticos sobre la creciente inseguridad en la ciudad, y ante la inacci\u00f3n de las autoridades. CHASCOM\u00daS -\u00a0 La candidata Beatriz De Leon,\u00a0 que encabeza la lista de Concejales del Frente Vamos\u2026","rel":"","context":"En \u00abINTERES GENERAL\u00bb","block_context":{"text":"INTERES GENERAL","link":"https:\/\/larevistadigital.com.ar\/blog\/category\/interes-general\/"},"img":{"alt_text":"","src":"https:\/\/i0.wp.com\/larevistadigital.com.ar\/blog\/wp-content\/uploads\/WhatsApp-Image-2021-10-22-at-12.39.24.jpeg?fit=1200%2C900&ssl=1&resize=350%2C200","width":350,"height":200,"srcset":"https:\/\/i0.wp.com\/larevistadigital.com.ar\/blog\/wp-content\/uploads\/WhatsApp-Image-2021-10-22-at-12.39.24.jpeg?fit=1200%2C900&ssl=1&resize=350%2C200 1x, https:\/\/i0.wp.com\/larevistadigital.com.ar\/blog\/wp-content\/uploads\/WhatsApp-Image-2021-10-22-at-12.39.24.jpeg?fit=1200%2C900&ssl=1&resize=525%2C300 1.5x, https:\/\/i0.wp.com\/larevistadigital.com.ar\/blog\/wp-content\/uploads\/WhatsApp-Image-2021-10-22-at-12.39.24.jpeg?fit=1200%2C900&ssl=1&resize=700%2C400 2x, https:\/\/i0.wp.com\/larevistadigital.com.ar\/blog\/wp-content\/uploads\/WhatsApp-Image-2021-10-22-at-12.39.24.jpeg?fit=1200%2C900&ssl=1&resize=1050%2C600 3x"},"classes":[]},{"id":21615,"url":"https:\/\/larevistadigital.com.ar\/blog\/chascomus-de-la-mano-de-beatriz-de-leon-y-su-gente-ayer-se-realizo-el-banderazo-en-defensa-de-los-humedales\/","url_meta":{"origin":21552,"position":5},"title":"CHASCOM\u00daS: DE LA MANO DE BEATRIZ DE LE\u00d3N Y SU GENTE AYER SE REALIZ\u00d3 EL \u00abBANDERAZO\u00bb EN DEFENSA DE LOS HUMEDALES","author":"Alejandro Sosa Ruda","date":"19 agosto, 2021","format":false,"excerpt":"CHASCOM\u00daS - Como estaba previsto, durante la jornada de ayer se realiz\u00f3 el \"banderazo y junta de firmas\" en defensa de los \"humedales\", algo que se replic\u00f3 en distintos puntos del pa\u00eds, y que en Chascom\u00fas tiene alta vigencia, entre otras cosas por la intenci\u00f3n del gobierno local que encabeza\u2026","rel":"","context":"En \u00abDESTACADAS\u00bb","block_context":{"text":"DESTACADAS","link":"https:\/\/larevistadigital.com.ar\/blog\/category\/destacadas\/"},"img":{"alt_text":"","src":"https:\/\/i0.wp.com\/larevistadigital.com.ar\/blog\/wp-content\/uploads\/WhatsApp-Image-2021-08-18-at-20.52.42-e1629378221827.jpeg?fit=720%2C790&ssl=1&resize=350%2C200","width":350,"height":200,"srcset":"https:\/\/i0.wp.com\/larevistadigital.com.ar\/blog\/wp-content\/uploads\/WhatsApp-Image-2021-08-18-at-20.52.42-e1629378221827.jpeg?fit=720%2C790&ssl=1&resize=350%2C200 1x, https:\/\/i0.wp.com\/larevistadigital.com.ar\/blog\/wp-content\/uploads\/WhatsApp-Image-2021-08-18-at-20.52.42-e1629378221827.jpeg?fit=720%2C790&ssl=1&resize=525%2C300 1.5x, https:\/\/i0.wp.com\/larevistadigital.com.ar\/blog\/wp-content\/uploads\/WhatsApp-Image-2021-08-18-at-20.52.42-e1629378221827.jpeg?fit=720%2C790&ssl=1&resize=700%2C400 2x"},"classes":[]}],"_links":{"self":[{"href":"https:\/\/larevistadigital.com.ar\/blog\/wp-json\/wp\/v2\/posts\/21552","targetHints":{"allow":["GET"]}}],"collection":[{"href":"https:\/\/larevistadigital.com.ar\/blog\/wp-json\/wp\/v2\/posts"}],"about":[{"href":"https:\/\/larevistadigital.com.ar\/blog\/wp-json\/wp\/v2\/types\/post"}],"author":[{"embeddable":true,"href":"https:\/\/larevistadigital.com.ar\/blog\/wp-json\/wp\/v2\/users\/3"}],"replies":[{"embeddable":true,"href":"https:\/\/larevistadigital.com.ar\/blog\/wp-json\/wp\/v2\/comments?post=21552"}],"version-history":[{"count":3,"href":"https:\/\/larevistadigital.com.ar\/blog\/wp-json\/wp\/v2\/posts\/21552\/revisions"}],"predecessor-version":[{"id":21557,"href":"https:\/\/larevistadigital.com.ar\/blog\/wp-json\/wp\/v2\/posts\/21552\/revisions\/21557"}],"wp:featuredmedia":[{"embeddable":true,"href":"https:\/\/larevistadigital.com.ar\/blog\/wp-json\/wp\/v2\/media\/21553"}],"wp:attachment":[{"href":"https:\/\/larevistadigital.com.ar\/blog\/wp-json\/wp\/v2\/media?parent=21552"}],"wp:term":[{"taxonomy":"category","embeddable":true,"href":"https:\/\/larevistadigital.com.ar\/blog\/wp-json\/wp\/v2\/categories?post=21552"},{"taxonomy":"post_tag","embeddable":true,"href":"https:\/\/larevistadigital.com.ar\/blog\/wp-json\/wp\/v2\/tags?post=21552"}],"curies":[{"name":"wp","href":"https:\/\/api.w.org\/{rel}","templated":true}]}}