{"id":21558,"date":"2021-08-14T17:34:19","date_gmt":"2021-08-14T17:34:19","guid":{"rendered":"https:\/\/larevistadigital.com.ar\/blog\/?p=21558"},"modified":"2021-08-14T17:34:19","modified_gmt":"2021-08-14T17:34:19","slug":"micro-cae-a-la-zanja-de-lastra-y-12-de-octubre-por-el-desvio-de-las-obras-del-municipio","status":"publish","type":"post","link":"https:\/\/larevistadigital.com.ar\/blog\/micro-cae-a-la-zanja-de-lastra-y-12-de-octubre-por-el-desvio-de-las-obras-del-municipio\/","title":{"rendered":"MICRO CAE A LA ZANJA DE LASTRA Y 12 DE OCTUBRE POR EL DESV\u00cdO DE LAS OBRAS DEL MUNICIPIO."},"content":{"rendered":"<p><strong>CHASCOM\u00daS &#8211;<\/strong>\u00a0 Hoy por la ma\u00f1ana ocurri\u00f3 un accidente que podr\u00eda haber sido mucho peor de lo que pas\u00f3. Un micro, de la empresa Rutatl\u00e1ntica qued\u00f3 literalmente \u00abencallado\u00bb en una zanja ubicada en el cruce de Avenida Alfons\u00edn (ex Lastra) y 12 de Octubre, lugar elegido por el municipio para ser utilizado\u00a0 como desv\u00edo con motivo de las obras que se est\u00e1n realizando en la avenida, y as\u00ed puedan continuar su camino los veh\u00edculos, tomando 12 de octubre y luego calle Rivadavia.<\/p>\n<blockquote>\n<h3>Lo que ha quedado en evidencia, es que esto no es posible para veh\u00edculos de gran porte, ya que no dan los espacios para poder doblar con comodidad, y terminan ocurriendo estas cosas.<\/h3>\n<\/blockquote>\n<p><img data-recalc-dims=\"1\" loading=\"lazy\" decoding=\"async\" class=\"size-full wp-image-21562 aligncenter\" src=\"https:\/\/i0.wp.com\/larevistadigital.com.ar\/blog\/wp-content\/uploads\/WhatsApp-Image-2021-08-14-at-10.41.40.jpeg?resize=720%2C715&#038;ssl=1\" alt=\"\" width=\"720\" height=\"715\" srcset=\"https:\/\/i0.wp.com\/larevistadigital.com.ar\/blog\/wp-content\/uploads\/WhatsApp-Image-2021-08-14-at-10.41.40.jpeg?w=720&amp;ssl=1 720w, https:\/\/i0.wp.com\/larevistadigital.com.ar\/blog\/wp-content\/uploads\/WhatsApp-Image-2021-08-14-at-10.41.40.jpeg?resize=300%2C298&amp;ssl=1 300w, https:\/\/i0.wp.com\/larevistadigital.com.ar\/blog\/wp-content\/uploads\/WhatsApp-Image-2021-08-14-at-10.41.40.jpeg?resize=150%2C150&amp;ssl=1 150w\" sizes=\"auto, (max-width: 720px) 100vw, 720px\" \/><\/p>\n<p>En la foto se puede observar c\u00f3mo qued\u00f3 el micro en cuesti\u00f3n, y adem\u00e1s se ven las chapas que debieron colocar los vecinos para poder cruzar, ya que nada al respecto se hizo desde el gobierno local.<\/p>\n<p>&nbsp;<\/p>\n<p>&nbsp;<\/p>\n<p>&nbsp;<\/p>\n","protected":false},"excerpt":{"rendered":"<div class=\"mh-excerpt\"><p>CHASCOM\u00daS &#8211;\u00a0 Hoy por la ma\u00f1ana ocurri\u00f3 un accidente que podr\u00eda haber sido mucho peor de lo que pas\u00f3. Un micro, de la empresa Rutatl\u00e1ntica qued\u00f3 literalmente \u00abencallado\u00bb en una zanja ubicada en el cruce <a class=\"mh-excerpt-more\" href=\"https:\/\/larevistadigital.com.ar\/blog\/micro-cae-a-la-zanja-de-lastra-y-12-de-octubre-por-el-desvio-de-las-obras-del-municipio\/\" title=\"MICRO CAE A LA ZANJA DE LASTRA Y 12 DE OCTUBRE POR EL DESV\u00cdO DE LAS OBRAS DEL MUNICIPIO.\">[Leer M\u00e1s]<\/a><\/p>\n<\/div>","protected":false},"author":3,"featured_media":21559,"comment_status":"open","ping_status":"open","sticky":false,"template":"","format":"standard","meta":{"_jetpack_memberships_contains_paid_content":false,"footnotes":"","jetpack_publicize_message":"","jetpack_publicize_feature_enabled":true,"jetpack_social_post_already_shared":true,"jetpack_social_options":{"image_generator_settings":{"template":"highway","default_image_id":0,"font":"","enabled":false},"version":2}},"categories":[50],"tags":[],"class_list":{"0":"post-21558","1":"post","2":"type-post","3":"status-publish","4":"format-standard","5":"has-post-thumbnail","7":"category-interes-general"},"jetpack_publicize_connections":[],"jetpack_featured_media_url":"https:\/\/i0.wp.com\/larevistadigital.com.ar\/blog\/wp-content\/uploads\/WhatsApp-Image-2021-08-14-at-09.31.54.jpeg?fit=1156%2C867&ssl=1","jetpack_sharing_enabled":true,"jetpack_shortlink":"https:\/\/wp.me\/p8qtrQ-5BI","jetpack-related-posts":[{"id":8072,"url":"https:\/\/larevistadigital.com.ar\/blog\/chascomus-el-municipio-aviso-que-por-unos-dias-estara-parcialmente-cerrada-la-avenida-alfonsin-ex-lastra\/","url_meta":{"origin":21558,"position":0},"title":"CHASCOM\u00daS: EL MUNICIPIO AVIS\u00d3 QUE POR UNOS D\u00cdAS ESTAR\u00c1 PARCIALMENTE CERRADA LA AVENIDA ALFONS\u00cdN (EX LASTRA)","author":"Alejandro Sosa Ruda","date":"30 enero, 2019","format":false,"excerpt":"Ante la cercan\u00eda de los carnavales, el Municipio de Chascom\u00fas emiti\u00f3 un aviso que advierte que por unos d\u00edas y por tareas de acondicionamiento, parte de la avenida Alfons\u00edn (es Lastra) permanecer\u00e1 parcialmente cerrada al tr\u00e1nsito. AQU\u00cd EL COMUNICADO: POR TRABAJOS DE ACONDICIONAMIENTO PREVIOS AL CARNAVAL INFANTIL, EL CARRIL CENTRAL\u2026","rel":"","context":"En \u00abCHASCOM\u00daS\u00bb","block_context":{"text":"CHASCOM\u00daS","link":"https:\/\/larevistadigital.com.ar\/blog\/category\/chascomus\/"},"img":{"alt_text":"","src":"https:\/\/i0.wp.com\/larevistadigital.com.ar\/blog\/wp-content\/uploads\/2019\/01\/50983148_2263297513691121_6536911770353664000_n.jpg?fit=960%2C725&ssl=1&resize=350%2C200","width":350,"height":200,"srcset":"https:\/\/i0.wp.com\/larevistadigital.com.ar\/blog\/wp-content\/uploads\/2019\/01\/50983148_2263297513691121_6536911770353664000_n.jpg?fit=960%2C725&ssl=1&resize=350%2C200 1x, https:\/\/i0.wp.com\/larevistadigital.com.ar\/blog\/wp-content\/uploads\/2019\/01\/50983148_2263297513691121_6536911770353664000_n.jpg?fit=960%2C725&ssl=1&resize=525%2C300 1.5x, https:\/\/i0.wp.com\/larevistadigital.com.ar\/blog\/wp-content\/uploads\/2019\/01\/50983148_2263297513691121_6536911770353664000_n.jpg?fit=960%2C725&ssl=1&resize=700%2C400 2x"},"classes":[]},{"id":28668,"url":"https:\/\/larevistadigital.com.ar\/blog\/galeria-de-fotos-hace-un-rato-accidente-entre-un-automovil-y-una-moto-en-lastra-y-marquez\/","url_meta":{"origin":21558,"position":1},"title":"[GALER\u00cdA DE FOTOS] HACE UN RATO ACCIDENTE ENTRE UN AUTOM\u00d3VIL Y UNA MOTO EN LASTRA Y MARQUEZ","author":"Alejandro Sosa Ruda","date":"29 octubre, 2022","format":false,"excerpt":"El hombre se gui\u00f3 por el GPS que le indic\u00f3 doblar en esa esquina, pero hay un cartel que lo proh\u00edbe, que aparentemente no habr\u00eda advertido. La moto era guiada por una mujer. 29 de octubre de 2022 CHASCOM\u00daS -\u00a0\u00a0El siniestro ocurri\u00f3 aproximadamente a las 14 horas de este s\u00e1bado,\u2026","rel":"","context":"En \u00abDESTACADAS\u00bb","block_context":{"text":"DESTACADAS","link":"https:\/\/larevistadigital.com.ar\/blog\/category\/destacadas\/"},"img":{"alt_text":"","src":"https:\/\/i0.wp.com\/larevistadigital.com.ar\/blog\/wp-content\/uploads\/6-3.jpg?fit=1152%2C681&ssl=1&resize=350%2C200","width":350,"height":200,"srcset":"https:\/\/i0.wp.com\/larevistadigital.com.ar\/blog\/wp-content\/uploads\/6-3.jpg?fit=1152%2C681&ssl=1&resize=350%2C200 1x, https:\/\/i0.wp.com\/larevistadigital.com.ar\/blog\/wp-content\/uploads\/6-3.jpg?fit=1152%2C681&ssl=1&resize=525%2C300 1.5x, https:\/\/i0.wp.com\/larevistadigital.com.ar\/blog\/wp-content\/uploads\/6-3.jpg?fit=1152%2C681&ssl=1&resize=700%2C400 2x, https:\/\/i0.wp.com\/larevistadigital.com.ar\/blog\/wp-content\/uploads\/6-3.jpg?fit=1152%2C681&ssl=1&resize=1050%2C600 3x"},"classes":[]},{"id":28711,"url":"https:\/\/larevistadigital.com.ar\/blog\/detienen-a-un-presunto-homicida-en-un-control-de-transito\/","url_meta":{"origin":21558,"position":2},"title":"DETIENEN A UN PRESUNTO HOMICIDA EN UN CONTROL DE TR\u00c1NSITO","author":"Alejandro Sosa Ruda","date":"31 octubre, 2022","format":false,"excerpt":"El sospechoso fue capturado en un operativo\u00a0en Plaza Yrigoyen, luego de que los agentes lo interceptaran y averiguaran sus antecedentes. 31 de octubre de 2022 LA PLATA -\u00a0 El Municipio realiz\u00f3 durante la \u00faltima semana una serie de operativos simult\u00e1neos en distintos barrios de la ciudad que dejaron como resultado\u2026","rel":"","context":"En \u00abINTERES GENERAL\u00bb","block_context":{"text":"INTERES GENERAL","link":"https:\/\/larevistadigital.com.ar\/blog\/category\/interes-general\/"},"img":{"alt_text":"","src":"https:\/\/i0.wp.com\/larevistadigital.com.ar\/blog\/wp-content\/uploads\/1667241325338.jpg?fit=1200%2C594&ssl=1&resize=350%2C200","width":350,"height":200,"srcset":"https:\/\/i0.wp.com\/larevistadigital.com.ar\/blog\/wp-content\/uploads\/1667241325338.jpg?fit=1200%2C594&ssl=1&resize=350%2C200 1x, https:\/\/i0.wp.com\/larevistadigital.com.ar\/blog\/wp-content\/uploads\/1667241325338.jpg?fit=1200%2C594&ssl=1&resize=525%2C300 1.5x, https:\/\/i0.wp.com\/larevistadigital.com.ar\/blog\/wp-content\/uploads\/1667241325338.jpg?fit=1200%2C594&ssl=1&resize=700%2C400 2x, https:\/\/i0.wp.com\/larevistadigital.com.ar\/blog\/wp-content\/uploads\/1667241325338.jpg?fit=1200%2C594&ssl=1&resize=1050%2C600 3x"},"classes":[]},{"id":43243,"url":"https:\/\/larevistadigital.com.ar\/blog\/chascomus-tareas-de-embellecimiento-y-mantenimiento-del-bulevar-de-la-calle-lastra\/","url_meta":{"origin":21558,"position":3},"title":"Chascom\u00fas: Tareas de embellecimiento y mantenimiento del bulevar de la calle Lastra","author":"Alejandro Sosa Ruda","date":"10 enero, 2026","format":false,"excerpt":"Las tareas se concentraron en el reacomodamiento de las veredas y el corte de pasto. 10 de enero de 2026 CHASCOM\u00daS -\u00a0 La Municipalidad de Chascom\u00fas informa que personal de arbolado urbano de la secretar\u00eda de Obras, Servicios P\u00fablicos y Ambiente, realiz\u00f3 trabajos de mantenimiento de las veredas del bulevar\u2026","rel":"","context":"En \u00abCHASCOM\u00daS\u00bb","block_context":{"text":"CHASCOM\u00daS","link":"https:\/\/larevistadigital.com.ar\/blog\/category\/chascomus\/"},"img":{"alt_text":"","src":"https:\/\/i0.wp.com\/larevistadigital.com.ar\/blog\/wp-content\/uploads\/696144c6bdbf4.png?fit=668%2C445&ssl=1&resize=350%2C200","width":350,"height":200,"srcset":"https:\/\/i0.wp.com\/larevistadigital.com.ar\/blog\/wp-content\/uploads\/696144c6bdbf4.png?fit=668%2C445&ssl=1&resize=350%2C200 1x, https:\/\/i0.wp.com\/larevistadigital.com.ar\/blog\/wp-content\/uploads\/696144c6bdbf4.png?fit=668%2C445&ssl=1&resize=525%2C300 1.5x"},"classes":[]},{"id":25459,"url":"https:\/\/larevistadigital.com.ar\/blog\/el-diario-el-fuerte-denuncio-la-poda-disparatada-de-las-casoarinas-del-parque-libres-del-sur-sobre-avda-lastra\/","url_meta":{"origin":21558,"position":4},"title":"EL DIARIO EL FUERTE DENUNCI\u00d3 LA PODA \u00abDISPARATADA\u00bb DE LAS CASOARINAS DEL PARQUE LIBRES DEL SUR SOBRE AVDA. LASTRA","author":"Alejandro Sosa Ruda","date":"28 mayo, 2022","format":false,"excerpt":"El diario \"El Fuerte\" de Chascom\u00fas, denunci\u00f3 en su portada que un importante n\u00famero de gajos de estas plantas centenarias fueron cortados sin respeto, transformado las casuarinas en formato palmera, largos troncos con follaje en altura. CHASCOM\u00daS -\u00a0 Una nota publicada por el Diario El Fuerte de Chascom\u00fas, despert\u00f3 una\u2026","rel":"","context":"En \u00abINTERES GENERAL\u00bb","block_context":{"text":"INTERES GENERAL","link":"https:\/\/larevistadigital.com.ar\/blog\/category\/interes-general\/"},"img":{"alt_text":"","src":"https:\/\/i0.wp.com\/larevistadigital.com.ar\/blog\/wp-content\/uploads\/Captura-de-pantalla-2022-05-28-122751.png?fit=742%2C420&ssl=1&resize=350%2C200","width":350,"height":200,"srcset":"https:\/\/i0.wp.com\/larevistadigital.com.ar\/blog\/wp-content\/uploads\/Captura-de-pantalla-2022-05-28-122751.png?fit=742%2C420&ssl=1&resize=350%2C200 1x, https:\/\/i0.wp.com\/larevistadigital.com.ar\/blog\/wp-content\/uploads\/Captura-de-pantalla-2022-05-28-122751.png?fit=742%2C420&ssl=1&resize=525%2C300 1.5x, https:\/\/i0.wp.com\/larevistadigital.com.ar\/blog\/wp-content\/uploads\/Captura-de-pantalla-2022-05-28-122751.png?fit=742%2C420&ssl=1&resize=700%2C400 2x"},"classes":[]},{"id":33979,"url":"https:\/\/larevistadigital.com.ar\/blog\/se-comenzo-a-planificar-las-obras-a-ejecutarse-en-la-estacion-ferroautomotor\/","url_meta":{"origin":21558,"position":5},"title":"SE COMENZ\u00d3 A PLANIFICAR LAS OBRAS A EJECUTARSE EN LA ESTACI\u00d3N FERROAUTOMOTOR","author":"Alejandro Sosa Ruda","date":"11 octubre, 2023","format":false,"excerpt":"La reciente firma de un convenio entre el Municipio de Chascom\u00fas y el Ministerio de Transporte de la Provincia, fue el puntapi\u00e9 inicial para una obra que transformar\u00e1 radicalmente la actual estaci\u00f3n ferroautomotor de la ciudad.\u00a0 11 de >Octubre de 2023 CHASCOM\u00daS -\u00a0 Ubicada en el barrio Gallo Blanco, sobre\u2026","rel":"","context":"En \u00abINTERES GENERAL\u00bb","block_context":{"text":"INTERES GENERAL","link":"https:\/\/larevistadigital.com.ar\/blog\/category\/interes-general\/"},"img":{"alt_text":"","src":"https:\/\/i0.wp.com\/larevistadigital.com.ar\/blog\/wp-content\/uploads\/Captura-de-pantalla-2023-10-11-113841.png?fit=745%2C390&ssl=1&resize=350%2C200","width":350,"height":200,"srcset":"https:\/\/i0.wp.com\/larevistadigital.com.ar\/blog\/wp-content\/uploads\/Captura-de-pantalla-2023-10-11-113841.png?fit=745%2C390&ssl=1&resize=350%2C200 1x, https:\/\/i0.wp.com\/larevistadigital.com.ar\/blog\/wp-content\/uploads\/Captura-de-pantalla-2023-10-11-113841.png?fit=745%2C390&ssl=1&resize=525%2C300 1.5x, https:\/\/i0.wp.com\/larevistadigital.com.ar\/blog\/wp-content\/uploads\/Captura-de-pantalla-2023-10-11-113841.png?fit=745%2C390&ssl=1&resize=700%2C400 2x"},"classes":[]}],"_links":{"self":[{"href":"https:\/\/larevistadigital.com.ar\/blog\/wp-json\/wp\/v2\/posts\/21558","targetHints":{"allow":["GET"]}}],"collection":[{"href":"https:\/\/larevistadigital.com.ar\/blog\/wp-json\/wp\/v2\/posts"}],"about":[{"href":"https:\/\/larevistadigital.com.ar\/blog\/wp-json\/wp\/v2\/types\/post"}],"author":[{"embeddable":true,"href":"https:\/\/larevistadigital.com.ar\/blog\/wp-json\/wp\/v2\/users\/3"}],"replies":[{"embeddable":true,"href":"https:\/\/larevistadigital.com.ar\/blog\/wp-json\/wp\/v2\/comments?post=21558"}],"version-history":[{"count":2,"href":"https:\/\/larevistadigital.com.ar\/blog\/wp-json\/wp\/v2\/posts\/21558\/revisions"}],"predecessor-version":[{"id":21563,"href":"https:\/\/larevistadigital.com.ar\/blog\/wp-json\/wp\/v2\/posts\/21558\/revisions\/21563"}],"wp:featuredmedia":[{"embeddable":true,"href":"https:\/\/larevistadigital.com.ar\/blog\/wp-json\/wp\/v2\/media\/21559"}],"wp:attachment":[{"href":"https:\/\/larevistadigital.com.ar\/blog\/wp-json\/wp\/v2\/media?parent=21558"}],"wp:term":[{"taxonomy":"category","embeddable":true,"href":"https:\/\/larevistadigital.com.ar\/blog\/wp-json\/wp\/v2\/categories?post=21558"},{"taxonomy":"post_tag","embeddable":true,"href":"https:\/\/larevistadigital.com.ar\/blog\/wp-json\/wp\/v2\/tags?post=21558"}],"curies":[{"name":"wp","href":"https:\/\/api.w.org\/{rel}","templated":true}]}}