{"id":21565,"date":"2021-08-15T15:52:56","date_gmt":"2021-08-15T15:52:56","guid":{"rendered":"https:\/\/larevistadigital.com.ar\/blog\/?p=21565"},"modified":"2021-08-15T16:17:28","modified_gmt":"2021-08-15T16:17:28","slug":"notable-apoyo-del-randazzismo-a-beatriz-de-leon-ahora-visito-la-ciudad-la-candidata-a-diputada-nacional-valeria-iglesias","status":"publish","type":"post","link":"https:\/\/larevistadigital.com.ar\/blog\/notable-apoyo-del-randazzismo-a-beatriz-de-leon-ahora-visito-la-ciudad-la-candidata-a-diputada-nacional-valeria-iglesias\/","title":{"rendered":"NOTABLE APOYO DEL RANDAZZISMO A BEATRIZ DE LE\u00d3N: AHORA VISIT\u00d3 LA CIUDAD LA CANDIDATA A DIPUTADA NACIONAL VALERIA IGLESIAS"},"content":{"rendered":"<h2>Fuentes del entorno nos han dicho que se habr\u00edan hecho mediciones que han aumentado las expectativas del sector, por lo que se planea un especial apoyo a la candidata Mar\u00eda Beatriz De Le\u00f3n.<\/h2>\n<p>Parece que luego de tanto militar y trabajar en pol\u00edtica, habr\u00eda llegado el momento de la cosecha para <strong>Mar\u00eda Beatriz De Le\u00f3n,<\/strong>\u00a0ya que desde el sector en el que milita se dan muestras de apoyo y reconocimiento que as\u00ed lo indican.<\/p>\n<blockquote>\n<h3><strong>De Le\u00f3n<\/strong>, comenz\u00f3 desde abajo, basando su trabajo, militancia y presencia sobre todo en lo que refiere a las necesidades populares, integrando el \u00abPartido Libres del Sur\u00bb, todo esto desde siempre en lo social, y desde 2009 con participaci\u00f3n pol\u00edtica. Lo destacable, es que seg\u00fan se menciona en \u00aboff the record\u00bb algunas mediciones en Chascom\u00fas le dar\u00edan esperanzas de hacer un buen papel en la pr\u00f3xima elecci\u00f3n, lo que traer\u00eda aparejado m\u00e1s visitas y apoyo en el futuro cercano.<\/h3>\n<\/blockquote>\n<p>Tambi\u00e9n nos refieren acerca de lo agradable que resultaron las visitas de<strong> Florencio Randazzo<\/strong>, l\u00edder de \u00abVamos Con Vos\u00bb, espacio que integran <strong>De Le\u00f3n<\/strong> y sus compa\u00f1eros, como tambi\u00e9n la candidata a Diputada Nacional <strong>Valeria Iglesias.<\/strong><\/p>\n<blockquote>\n<h3>En su visita del d\u00eda de ayer, <strong>Iglesias estuvo en el local partidario ubicado en Libres del Sur 615<\/strong>, donde adem\u00e1s de hacer una muy interesante exposici\u00f3n, mantuvo un din\u00e1mico ida y vuelta con los presentes, entre los que se contaban adem\u00e1s de la militancia, vecinos de Chascom\u00fas y docentes.<\/h3>\n<\/blockquote>\n<p>Todos quedaron muy felices y esperanzados con el encuentro y prometen que se ir\u00e1n repitiendo con distintas figuras del espacio.<\/p>\n<p><img data-recalc-dims=\"1\" loading=\"lazy\" decoding=\"async\" class=\"alignnone size-full wp-image-21569\" src=\"https:\/\/i0.wp.com\/larevistadigital.com.ar\/blog\/wp-content\/uploads\/WhatsApp-Image-2021-08-14-at-19.36.21-1.jpeg?resize=958%2C1280&#038;ssl=1\" alt=\"\" width=\"958\" height=\"1280\" srcset=\"https:\/\/i0.wp.com\/larevistadigital.com.ar\/blog\/wp-content\/uploads\/WhatsApp-Image-2021-08-14-at-19.36.21-1.jpeg?w=958&amp;ssl=1 958w, https:\/\/i0.wp.com\/larevistadigital.com.ar\/blog\/wp-content\/uploads\/WhatsApp-Image-2021-08-14-at-19.36.21-1.jpeg?resize=225%2C300&amp;ssl=1 225w, https:\/\/i0.wp.com\/larevistadigital.com.ar\/blog\/wp-content\/uploads\/WhatsApp-Image-2021-08-14-at-19.36.21-1.jpeg?resize=766%2C1024&amp;ssl=1 766w, https:\/\/i0.wp.com\/larevistadigital.com.ar\/blog\/wp-content\/uploads\/WhatsApp-Image-2021-08-14-at-19.36.21-1.jpeg?resize=768%2C1026&amp;ssl=1 768w\" sizes=\"auto, (max-width: 958px) 100vw, 958px\" \/> <img data-recalc-dims=\"1\" loading=\"lazy\" decoding=\"async\" class=\"alignnone size-full wp-image-21570\" src=\"https:\/\/i0.wp.com\/larevistadigital.com.ar\/blog\/wp-content\/uploads\/WhatsApp-Image-2021-08-14-at-19.36.21.jpeg?resize=1032%2C502&#038;ssl=1\" alt=\"\" width=\"1032\" height=\"502\" srcset=\"https:\/\/i0.wp.com\/larevistadigital.com.ar\/blog\/wp-content\/uploads\/WhatsApp-Image-2021-08-14-at-19.36.21.jpeg?w=1032&amp;ssl=1 1032w, https:\/\/i0.wp.com\/larevistadigital.com.ar\/blog\/wp-content\/uploads\/WhatsApp-Image-2021-08-14-at-19.36.21.jpeg?resize=300%2C146&amp;ssl=1 300w, https:\/\/i0.wp.com\/larevistadigital.com.ar\/blog\/wp-content\/uploads\/WhatsApp-Image-2021-08-14-at-19.36.21.jpeg?resize=1024%2C498&amp;ssl=1 1024w, https:\/\/i0.wp.com\/larevistadigital.com.ar\/blog\/wp-content\/uploads\/WhatsApp-Image-2021-08-14-at-19.36.21.jpeg?resize=768%2C374&amp;ssl=1 768w\" sizes=\"auto, (max-width: 1000px) 100vw, 1000px\" \/> <img data-recalc-dims=\"1\" loading=\"lazy\" decoding=\"async\" class=\"alignnone size-full wp-image-21571\" src=\"https:\/\/i0.wp.com\/larevistadigital.com.ar\/blog\/wp-content\/uploads\/WhatsApp-Image-2021-08-14-at-19.36.43.jpeg?resize=1280%2C720&#038;ssl=1\" alt=\"\" width=\"1280\" height=\"720\" srcset=\"https:\/\/i0.wp.com\/larevistadigital.com.ar\/blog\/wp-content\/uploads\/WhatsApp-Image-2021-08-14-at-19.36.43.jpeg?w=1280&amp;ssl=1 1280w, https:\/\/i0.wp.com\/larevistadigital.com.ar\/blog\/wp-content\/uploads\/WhatsApp-Image-2021-08-14-at-19.36.43.jpeg?resize=300%2C169&amp;ssl=1 300w, https:\/\/i0.wp.com\/larevistadigital.com.ar\/blog\/wp-content\/uploads\/WhatsApp-Image-2021-08-14-at-19.36.43.jpeg?resize=1024%2C576&amp;ssl=1 1024w, https:\/\/i0.wp.com\/larevistadigital.com.ar\/blog\/wp-content\/uploads\/WhatsApp-Image-2021-08-14-at-19.36.43.jpeg?resize=768%2C432&amp;ssl=1 768w, https:\/\/i0.wp.com\/larevistadigital.com.ar\/blog\/wp-content\/uploads\/WhatsApp-Image-2021-08-14-at-19.36.43.jpeg?resize=678%2C381&amp;ssl=1 678w\" sizes=\"auto, (max-width: 1000px) 100vw, 1000px\" \/> <img data-recalc-dims=\"1\" loading=\"lazy\" decoding=\"async\" class=\"alignnone size-full wp-image-21572\" src=\"https:\/\/i0.wp.com\/larevistadigital.com.ar\/blog\/wp-content\/uploads\/WhatsApp-Image-2021-08-14-at-19.36.44.jpeg?resize=1280%2C720&#038;ssl=1\" alt=\"\" width=\"1280\" height=\"720\" srcset=\"https:\/\/i0.wp.com\/larevistadigital.com.ar\/blog\/wp-content\/uploads\/WhatsApp-Image-2021-08-14-at-19.36.44.jpeg?w=1280&amp;ssl=1 1280w, https:\/\/i0.wp.com\/larevistadigital.com.ar\/blog\/wp-content\/uploads\/WhatsApp-Image-2021-08-14-at-19.36.44.jpeg?resize=300%2C169&amp;ssl=1 300w, https:\/\/i0.wp.com\/larevistadigital.com.ar\/blog\/wp-content\/uploads\/WhatsApp-Image-2021-08-14-at-19.36.44.jpeg?resize=1024%2C576&amp;ssl=1 1024w, https:\/\/i0.wp.com\/larevistadigital.com.ar\/blog\/wp-content\/uploads\/WhatsApp-Image-2021-08-14-at-19.36.44.jpeg?resize=768%2C432&amp;ssl=1 768w, https:\/\/i0.wp.com\/larevistadigital.com.ar\/blog\/wp-content\/uploads\/WhatsApp-Image-2021-08-14-at-19.36.44.jpeg?resize=678%2C381&amp;ssl=1 678w\" sizes=\"auto, (max-width: 1000px) 100vw, 1000px\" \/><\/p>\n","protected":false},"excerpt":{"rendered":"<div class=\"mh-excerpt\"><p>Fuentes del entorno nos han dicho que se habr\u00edan hecho mediciones que han aumentado las expectativas del sector, por lo que se planea un especial apoyo a la candidata Mar\u00eda Beatriz De Le\u00f3n. Parece que <a class=\"mh-excerpt-more\" href=\"https:\/\/larevistadigital.com.ar\/blog\/notable-apoyo-del-randazzismo-a-beatriz-de-leon-ahora-visito-la-ciudad-la-candidata-a-diputada-nacional-valeria-iglesias\/\" title=\"NOTABLE APOYO DEL RANDAZZISMO A BEATRIZ DE LE\u00d3N: AHORA VISIT\u00d3 LA CIUDAD LA CANDIDATA A DIPUTADA NACIONAL VALERIA IGLESIAS\">[Leer M\u00e1s]<\/a><\/p>\n<\/div>","protected":false},"author":3,"featured_media":21567,"comment_status":"open","ping_status":"open","sticky":false,"template":"","format":"standard","meta":{"_jetpack_memberships_contains_paid_content":false,"footnotes":"","jetpack_publicize_message":"","jetpack_publicize_feature_enabled":true,"jetpack_social_post_already_shared":true,"jetpack_social_options":{"image_generator_settings":{"template":"highway","default_image_id":0,"font":"","enabled":false},"version":2}},"categories":[50],"tags":[],"class_list":{"0":"post-21565","1":"post","2":"type-post","3":"status-publish","4":"format-standard","5":"has-post-thumbnail","7":"category-interes-general"},"jetpack_publicize_connections":[],"jetpack_featured_media_url":"https:\/\/i0.wp.com\/larevistadigital.com.ar\/blog\/wp-content\/uploads\/WhatsApp-Image-2021-08-14-at-19.36.19.jpeg?fit=1280%2C801&ssl=1","jetpack_sharing_enabled":true,"jetpack_shortlink":"https:\/\/wp.me\/p8qtrQ-5BP","jetpack-related-posts":[{"id":32493,"url":"https:\/\/larevistadigital.com.ar\/blog\/chascomus-partido-libres-del-sur-beatriz-de-leon-lanza-su-candidatura-con-la-presencia-y-apoyo-de-la-candidata-a-gobernadora-silvia-saravia\/","url_meta":{"origin":21565,"position":0},"title":"CHASCOM\u00daS, PARTIDO LIBRES DEL SUR: BEATRIZ DE LE\u00d3N LANZA SU CANDIDATURA CON LA PRESENCIA Y APOYO DE LA CANDIDATA A GOBERNADORA, SILVIA SARAVIA","author":"Alejandro Sosa Ruda","date":"19 julio, 2023","format":false,"excerpt":"La referente del Partido Libres del sur, Mar\u00eda Beatriz de Le\u00f3n logr\u00f3 un muy interesante apoyo de la candidata a gobernadora, Silvia Saravia, que visitar\u00e1 Chascom\u00fas y estar\u00e1 en la presentaci\u00f3n de la lista local. 19 de julio de 2023 CHASCOM\u00daS -\u00a0 Mar\u00eda Beatriz De Le\u00f3n presentar\u00e1 la lista que\u2026","rel":"","context":"En \u00abPOLITICA LOCAL\u00bb","block_context":{"text":"POLITICA LOCAL","link":"https:\/\/larevistadigital.com.ar\/blog\/category\/politica\/politica-local\/"},"img":{"alt_text":"","src":"https:\/\/i0.wp.com\/larevistadigital.com.ar\/blog\/wp-content\/uploads\/WhatsApp-Image-2023-07-03-at-16.33.12.jpeg?fit=1200%2C905&ssl=1&resize=350%2C200","width":350,"height":200,"srcset":"https:\/\/i0.wp.com\/larevistadigital.com.ar\/blog\/wp-content\/uploads\/WhatsApp-Image-2023-07-03-at-16.33.12.jpeg?fit=1200%2C905&ssl=1&resize=350%2C200 1x, https:\/\/i0.wp.com\/larevistadigital.com.ar\/blog\/wp-content\/uploads\/WhatsApp-Image-2023-07-03-at-16.33.12.jpeg?fit=1200%2C905&ssl=1&resize=525%2C300 1.5x, https:\/\/i0.wp.com\/larevistadigital.com.ar\/blog\/wp-content\/uploads\/WhatsApp-Image-2023-07-03-at-16.33.12.jpeg?fit=1200%2C905&ssl=1&resize=700%2C400 2x, https:\/\/i0.wp.com\/larevistadigital.com.ar\/blog\/wp-content\/uploads\/WhatsApp-Image-2023-07-03-at-16.33.12.jpeg?fit=1200%2C905&ssl=1&resize=1050%2C600 3x"},"classes":[]},{"id":32500,"url":"https:\/\/larevistadigital.com.ar\/blog\/chascomus-el-partido-libres-del-sur-beatriz-de-leon-lanza-su-candidatura-con-la-presencia-y-apoyo-de-la-candidata-a-gobernadora-silvia-saravia\/","url_meta":{"origin":21565,"position":1},"title":"CHASCOM\u00daS, EL PARTIDO LIBRES DEL SUR: BEATRIZ DE LE\u00d3N LANZA SU CANDIDATURA CON LA PRESENCIA Y APOYO DE LA CANDIDATA A GOBERNADORA, SILVIA SARAVIA","author":"Alejandro Sosa Ruda","date":"20 julio, 2023","format":false,"excerpt":"La referente del Partido Libres del sur, Mar\u00eda Beatriz de Le\u00f3n logr\u00f3 un muy interesante apoyo de la candidata a gobernadora, Silvia Saravia, que visitar\u00e1 Chascom\u00fas y estar\u00e1 en la presentaci\u00f3n de la lista local. 20 de julio de 2023 CHASCOM\u00daS -\u00a0 Mar\u00eda Beatriz De Le\u00f3n presentar\u00e1 la lista que\u2026","rel":"","context":"En \u00abPOLITICA LOCAL\u00bb","block_context":{"text":"POLITICA LOCAL","link":"https:\/\/larevistadigital.com.ar\/blog\/category\/politica\/politica-local\/"},"img":{"alt_text":"","src":"https:\/\/i0.wp.com\/larevistadigital.com.ar\/blog\/wp-content\/uploads\/LIBRES-DEL-SUR.jpg?fit=1200%2C900&ssl=1&resize=350%2C200","width":350,"height":200,"srcset":"https:\/\/i0.wp.com\/larevistadigital.com.ar\/blog\/wp-content\/uploads\/LIBRES-DEL-SUR.jpg?fit=1200%2C900&ssl=1&resize=350%2C200 1x, https:\/\/i0.wp.com\/larevistadigital.com.ar\/blog\/wp-content\/uploads\/LIBRES-DEL-SUR.jpg?fit=1200%2C900&ssl=1&resize=525%2C300 1.5x, https:\/\/i0.wp.com\/larevistadigital.com.ar\/blog\/wp-content\/uploads\/LIBRES-DEL-SUR.jpg?fit=1200%2C900&ssl=1&resize=700%2C400 2x, https:\/\/i0.wp.com\/larevistadigital.com.ar\/blog\/wp-content\/uploads\/LIBRES-DEL-SUR.jpg?fit=1200%2C900&ssl=1&resize=1050%2C600 3x"},"classes":[]},{"id":32244,"url":"https:\/\/larevistadigital.com.ar\/blog\/chascomus-las-listas-y-candidatos-para-agosto-hoy-beatriz-de-leon-del-partido-libres-del-sur\/","url_meta":{"origin":21565,"position":2},"title":"CHASCOM\u00daS: LAS LISTAS Y CANDIDATOS PARA AGOSTO. HOY BEATRIZ DE LE\u00d3N DEL PARTIDO LIBRES DEL SUR.","author":"Alejandro Sosa Ruda","date":"3 julio, 2023","format":false,"excerpt":"Presentando las listas para la elecci\u00f3n de agosto, La Revista Digital comienza hoy con el Partido Libres del Sur que lleva como candidata a Intendente a Mar\u00eda Beatriz de Le\u00f3n. 3 de julio de 2023 CHASCOM\u00daS -\u00a0 En el marco del armado de listas para las elecciones, la candidata a\u2026","rel":"","context":"En \u00abINTERES GENERAL\u00bb","block_context":{"text":"INTERES GENERAL","link":"https:\/\/larevistadigital.com.ar\/blog\/category\/interes-general\/"},"img":{"alt_text":"","src":"https:\/\/i0.wp.com\/larevistadigital.com.ar\/blog\/wp-content\/uploads\/WhatsApp-Image-2023-07-03-at-16.18.04.jpeg?fit=1200%2C734&ssl=1&resize=350%2C200","width":350,"height":200,"srcset":"https:\/\/i0.wp.com\/larevistadigital.com.ar\/blog\/wp-content\/uploads\/WhatsApp-Image-2023-07-03-at-16.18.04.jpeg?fit=1200%2C734&ssl=1&resize=350%2C200 1x, https:\/\/i0.wp.com\/larevistadigital.com.ar\/blog\/wp-content\/uploads\/WhatsApp-Image-2023-07-03-at-16.18.04.jpeg?fit=1200%2C734&ssl=1&resize=525%2C300 1.5x, https:\/\/i0.wp.com\/larevistadigital.com.ar\/blog\/wp-content\/uploads\/WhatsApp-Image-2023-07-03-at-16.18.04.jpeg?fit=1200%2C734&ssl=1&resize=700%2C400 2x, https:\/\/i0.wp.com\/larevistadigital.com.ar\/blog\/wp-content\/uploads\/WhatsApp-Image-2023-07-03-at-16.18.04.jpeg?fit=1200%2C734&ssl=1&resize=1050%2C600 3x"},"classes":[]},{"id":32462,"url":"https:\/\/larevistadigital.com.ar\/blog\/chascomus-beatriz-de-leon-mantuvo-una-muy-interesante-reunion-con-el-colegio-de-arquitectos\/","url_meta":{"origin":21565,"position":3},"title":"CHASCOM\u00daS: BEATRIZ DE LE\u00d3N MANTUVO UNA MUY INTERESANTE REUNI\u00d3N CON EL COL\u00c9GIO DE ARQUITECTOS","author":"Alejandro Sosa Ruda","date":"17 julio, 2023","format":false,"excerpt":"La candidata a intendente por el Partido Libres del Sur, dialog\u00f3 con los arquitectos que se sorprendieron por la claridad de sus propuestas. 17 de julio de 2023 CHASCOM\u00daS -\u00a0 El colegio de Arquitectos de Chascom\u00fas, est\u00e1 realizando distintas reuniones con candidatos a Intendente y concejales, a efectos de conocer\u2026","rel":"","context":"En \u00abINTERES GENERAL\u00bb","block_context":{"text":"INTERES GENERAL","link":"https:\/\/larevistadigital.com.ar\/blog\/category\/interes-general\/"},"img":{"alt_text":"","src":"https:\/\/i0.wp.com\/larevistadigital.com.ar\/blog\/wp-content\/uploads\/WhatsApp-Image-2023-07-17-at-13.02.23-1.jpeg?fit=1200%2C675&ssl=1&resize=350%2C200","width":350,"height":200,"srcset":"https:\/\/i0.wp.com\/larevistadigital.com.ar\/blog\/wp-content\/uploads\/WhatsApp-Image-2023-07-17-at-13.02.23-1.jpeg?fit=1200%2C675&ssl=1&resize=350%2C200 1x, https:\/\/i0.wp.com\/larevistadigital.com.ar\/blog\/wp-content\/uploads\/WhatsApp-Image-2023-07-17-at-13.02.23-1.jpeg?fit=1200%2C675&ssl=1&resize=525%2C300 1.5x, https:\/\/i0.wp.com\/larevistadigital.com.ar\/blog\/wp-content\/uploads\/WhatsApp-Image-2023-07-17-at-13.02.23-1.jpeg?fit=1200%2C675&ssl=1&resize=700%2C400 2x, https:\/\/i0.wp.com\/larevistadigital.com.ar\/blog\/wp-content\/uploads\/WhatsApp-Image-2023-07-17-at-13.02.23-1.jpeg?fit=1200%2C675&ssl=1&resize=1050%2C600 3x"},"classes":[]},{"id":32716,"url":"https:\/\/larevistadigital.com.ar\/blog\/video-beatriz-de-leon-vuelve-a-exponer-al-gobierno-local-una-campana-que-no-fue-tal-y-solo-se-llevo-juegos-para-los-chicos-de-una-plaza\/","url_meta":{"origin":21565,"position":4},"title":"[VIDEO] BEATRIZ DE LE\u00d3N VUELVE A EXPONER AL GOBIERNO LOCAL: UNA CAMPA\u00d1A, QUE  NO FUE TAL, Y SOLO SE LLEV\u00d3 JUEGOS PARA LOS CHICOS DE UNA PLAZA&#8230;","author":"Alejandro Sosa Ruda","date":"2 agosto, 2023","format":false,"excerpt":"La referente y pre candidata a Intendente de Chascom\u00fas por el Partido Libres del Sur, Mar\u00eda Beatriz De Le\u00f3n, muestra una lamentable situaci\u00f3n, que como tantas otras si no se visibiliza, queda en el olvido... 2 de agosto de 2023 CHASCOM\u00daS -\u00a0\u00a0El lugar es una plaza, en la costanera de\u2026","rel":"","context":"En \u00abDESTACADAS\u00bb","block_context":{"text":"DESTACADAS","link":"https:\/\/larevistadigital.com.ar\/blog\/category\/destacadas\/"},"img":{"alt_text":"","src":"https:\/\/i0.wp.com\/larevistadigital.com.ar\/blog\/wp-content\/uploads\/BANCO-MARRON-EN-PLAZA.jpg?fit=1200%2C549&ssl=1&resize=350%2C200","width":350,"height":200,"srcset":"https:\/\/i0.wp.com\/larevistadigital.com.ar\/blog\/wp-content\/uploads\/BANCO-MARRON-EN-PLAZA.jpg?fit=1200%2C549&ssl=1&resize=350%2C200 1x, https:\/\/i0.wp.com\/larevistadigital.com.ar\/blog\/wp-content\/uploads\/BANCO-MARRON-EN-PLAZA.jpg?fit=1200%2C549&ssl=1&resize=525%2C300 1.5x, https:\/\/i0.wp.com\/larevistadigital.com.ar\/blog\/wp-content\/uploads\/BANCO-MARRON-EN-PLAZA.jpg?fit=1200%2C549&ssl=1&resize=700%2C400 2x, https:\/\/i0.wp.com\/larevistadigital.com.ar\/blog\/wp-content\/uploads\/BANCO-MARRON-EN-PLAZA.jpg?fit=1200%2C549&ssl=1&resize=1050%2C600 3x"},"classes":[]},{"id":32554,"url":"https:\/\/larevistadigital.com.ar\/blog\/beatriz-de-leon-presento-a-sus-candidatos-con-la-visita-de-la-candidata-a-gobernadora-de-la-lista-del-partido-libres-del-sur\/","url_meta":{"origin":21565,"position":5},"title":"BEATRIZ DE LE\u00d3N PRESENTO A SUS CANDIDATOS CON LA VISITA DE LA CANDIDATA A GOBERNADORA DE LA LISTA DEL PARTIDO LIBRES DEL SUR","author":"Alejandro Sosa Ruda","date":"24 julio, 2023","format":false,"excerpt":"El acto se realiz\u00f3 el d\u00eda s\u00e1bado a las 17 hs. en el local partidario de calle Libres del Sur 615, donde se reunieron muchos militantes y vecinos. 24 de agosto de 2023 CHASCOM\u00daS\u00a0 -\u00a0 Finalmente se hizo la presentaci\u00f3n formal de la lista que encabeza Mar\u00eda Beatriz De Le\u00f3n\u2026","rel":"","context":"En \u00abINTERES GENERAL\u00bb","block_context":{"text":"INTERES GENERAL","link":"https:\/\/larevistadigital.com.ar\/blog\/category\/interes-general\/"},"img":{"alt_text":"","src":"https:\/\/i0.wp.com\/larevistadigital.com.ar\/blog\/wp-content\/uploads\/WhatsApp-Image-2023-07-24-at-12.09.18.jpeg?fit=1200%2C675&ssl=1&resize=350%2C200","width":350,"height":200,"srcset":"https:\/\/i0.wp.com\/larevistadigital.com.ar\/blog\/wp-content\/uploads\/WhatsApp-Image-2023-07-24-at-12.09.18.jpeg?fit=1200%2C675&ssl=1&resize=350%2C200 1x, https:\/\/i0.wp.com\/larevistadigital.com.ar\/blog\/wp-content\/uploads\/WhatsApp-Image-2023-07-24-at-12.09.18.jpeg?fit=1200%2C675&ssl=1&resize=525%2C300 1.5x, https:\/\/i0.wp.com\/larevistadigital.com.ar\/blog\/wp-content\/uploads\/WhatsApp-Image-2023-07-24-at-12.09.18.jpeg?fit=1200%2C675&ssl=1&resize=700%2C400 2x, https:\/\/i0.wp.com\/larevistadigital.com.ar\/blog\/wp-content\/uploads\/WhatsApp-Image-2023-07-24-at-12.09.18.jpeg?fit=1200%2C675&ssl=1&resize=1050%2C600 3x"},"classes":[]}],"_links":{"self":[{"href":"https:\/\/larevistadigital.com.ar\/blog\/wp-json\/wp\/v2\/posts\/21565","targetHints":{"allow":["GET"]}}],"collection":[{"href":"https:\/\/larevistadigital.com.ar\/blog\/wp-json\/wp\/v2\/posts"}],"about":[{"href":"https:\/\/larevistadigital.com.ar\/blog\/wp-json\/wp\/v2\/types\/post"}],"author":[{"embeddable":true,"href":"https:\/\/larevistadigital.com.ar\/blog\/wp-json\/wp\/v2\/users\/3"}],"replies":[{"embeddable":true,"href":"https:\/\/larevistadigital.com.ar\/blog\/wp-json\/wp\/v2\/comments?post=21565"}],"version-history":[{"count":4,"href":"https:\/\/larevistadigital.com.ar\/blog\/wp-json\/wp\/v2\/posts\/21565\/revisions"}],"predecessor-version":[{"id":21574,"href":"https:\/\/larevistadigital.com.ar\/blog\/wp-json\/wp\/v2\/posts\/21565\/revisions\/21574"}],"wp:featuredmedia":[{"embeddable":true,"href":"https:\/\/larevistadigital.com.ar\/blog\/wp-json\/wp\/v2\/media\/21567"}],"wp:attachment":[{"href":"https:\/\/larevistadigital.com.ar\/blog\/wp-json\/wp\/v2\/media?parent=21565"}],"wp:term":[{"taxonomy":"category","embeddable":true,"href":"https:\/\/larevistadigital.com.ar\/blog\/wp-json\/wp\/v2\/categories?post=21565"},{"taxonomy":"post_tag","embeddable":true,"href":"https:\/\/larevistadigital.com.ar\/blog\/wp-json\/wp\/v2\/tags?post=21565"}],"curies":[{"name":"wp","href":"https:\/\/api.w.org\/{rel}","templated":true}]}}