{"id":21575,"date":"2021-08-17T13:15:54","date_gmt":"2021-08-17T13:15:54","guid":{"rendered":"https:\/\/larevistadigital.com.ar\/blog\/?p=21575"},"modified":"2021-08-17T13:15:54","modified_gmt":"2021-08-17T13:15:54","slug":"sueno-hecho-realidad-el-chueco-irastorza-viajo-a-italia-y-jugara-el-campeonato-de-promocion-reggio-calabria","status":"publish","type":"post","link":"https:\/\/larevistadigital.com.ar\/blog\/sueno-hecho-realidad-el-chueco-irastorza-viajo-a-italia-y-jugara-el-campeonato-de-promocion-reggio-calabria\/","title":{"rendered":"SUE\u00d1O HECHO REALIDAD: EL \u00abCHUECO\u00bb IRASTORZA VIAJ\u00d3 A ITALIA Y JUGAR\u00c1 EL CAMPEONATO DE PROMOCI\u00d3N \u00abREGGIO CALABRIA"},"content":{"rendered":"<p><strong>CHASCOM\u00daS &#8211;\u00a0<\/strong>En el perfil de un querido amigo, pudimos leer:<\/p>\n<div dir=\"auto\"><em><strong>\u00abLa espera valdr\u00e1 la felicidad\u00bb<\/strong><\/em><\/div>\n<div dir=\"auto\"><em><b>Tantos a\u00f1os de esfuerzo, tantas piedras en el camino, tantas experiencias hermosas que el futbol te dio y hoy de manera imprevista te encontr\u00e1s\u00a0en el sur de Italia cumpliendo tu sue\u00f1o&#8230;<\/b><\/em><\/div>\n<div dir=\"auto\"><em><strong>Tu felicidad es la m\u00eda, siempre cre\u00ed en vos!<\/strong><\/em><\/div>\n<div dir=\"auto\"><em><strong>Unos meses en tan larga distancia pero tan cerca a la vez, lleg\u00f3 el momento de disfrutar y vivir cada segundo de tu pasi\u00f3n, de tus deseos y de tu sue\u00f1o&#8230;<\/strong><\/em><\/div>\n<div dir=\"auto\"><em><b>La vida te hizo un regalo inmenso! Seguro se juntaron arriba todos los que te quieren e hicieron lo suyo tambi\u00e9n!<\/b><\/em><\/div>\n<div dir=\"auto\"><em><strong>Te amo amor!<\/strong><\/em><\/div>\n<div dir=\"auto\"><\/div>\n<div dir=\"auto\">Se trat\u00f3 de una publicaci\u00f3n de nuestro amigo <strong>An\u00edbal Alfredo Irastorza.<\/strong> El querido <strong>\u00abPepe\u00bb<\/strong>, con una felicidad inmensa por el logro-reconocimiento al sacrificio de su hijo, <strong>Gonzalo<\/strong>, que viaj\u00f3 el s\u00e1bado a Italia, para hacer su primera experiencia formal fuera de Argentina, donde hizo inferiores en Estudiantes de La Plata, llegando a jugar en reserva, y fue profesional en All Boys, sumando minutos en el Nacional B.<\/div>\n<div dir=\"auto\"><\/div>\n<blockquote>\n<h3><img data-recalc-dims=\"1\" loading=\"lazy\" decoding=\"async\" class=\"size-full wp-image-21576 aligncenter\" src=\"https:\/\/i0.wp.com\/larevistadigital.com.ar\/blog\/wp-content\/uploads\/chueco.jpg?resize=899%2C1599&#038;ssl=1\" alt=\"\" width=\"899\" height=\"1599\" srcset=\"https:\/\/i0.wp.com\/larevistadigital.com.ar\/blog\/wp-content\/uploads\/chueco.jpg?w=899&amp;ssl=1 899w, https:\/\/i0.wp.com\/larevistadigital.com.ar\/blog\/wp-content\/uploads\/chueco.jpg?resize=169%2C300&amp;ssl=1 169w, https:\/\/i0.wp.com\/larevistadigital.com.ar\/blog\/wp-content\/uploads\/chueco.jpg?resize=576%2C1024&amp;ssl=1 576w, https:\/\/i0.wp.com\/larevistadigital.com.ar\/blog\/wp-content\/uploads\/chueco.jpg?resize=768%2C1366&amp;ssl=1 768w, https:\/\/i0.wp.com\/larevistadigital.com.ar\/blog\/wp-content\/uploads\/chueco.jpg?resize=864%2C1536&amp;ssl=1 864w\" sizes=\"auto, (max-width: 899px) 100vw, 899px\" \/><\/h3>\n<h3>El Chueco, que supo probarse en su momento en clubes de la pen\u00ednsula it\u00e1lica, como as\u00ed tambi\u00e9n en sudamericanos, pero siempre como parte de experiencias en viajes, fue incorporado por el ASD Borgo Grec\u00e1nico Melitese.<\/h3>\n<\/blockquote>\n<div dir=\"auto\"><\/div>\n<div dir=\"auto\">Vol\u00f3 hacia Italia, acompa\u00f1ado por<strong> Nico Mart\u00ednez<\/strong>, otro ex Pincha que es hijo del representante, para luego dividirse y el chascomunense dirigirse a Melito di Porto Salvo, Reggio Calabria, sur de Italia, donde protagonizar\u00e1 el\u00a0 Campeonato de Promoci\u00f3n.<\/div>\n<div dir=\"auto\"><\/div>\n<blockquote>\n<h3><img data-recalc-dims=\"1\" loading=\"lazy\" decoding=\"async\" class=\"alignnone size-full wp-image-21577\" src=\"https:\/\/i0.wp.com\/larevistadigital.com.ar\/blog\/wp-content\/uploads\/chueco5.jpg?resize=972%2C972&#038;ssl=1\" alt=\"\" width=\"972\" height=\"972\" srcset=\"https:\/\/i0.wp.com\/larevistadigital.com.ar\/blog\/wp-content\/uploads\/chueco5.jpg?w=972&amp;ssl=1 972w, https:\/\/i0.wp.com\/larevistadigital.com.ar\/blog\/wp-content\/uploads\/chueco5.jpg?resize=300%2C300&amp;ssl=1 300w, https:\/\/i0.wp.com\/larevistadigital.com.ar\/blog\/wp-content\/uploads\/chueco5.jpg?resize=150%2C150&amp;ssl=1 150w, https:\/\/i0.wp.com\/larevistadigital.com.ar\/blog\/wp-content\/uploads\/chueco5.jpg?resize=768%2C768&amp;ssl=1 768w\" sizes=\"auto, (max-width: 972px) 100vw, 972px\" \/>Irastorza se inici\u00f3 en la Escuelita de F\u00fatbol Infantil de Tiro Federal y tras hacer inferiores en el Le\u00f3n y pasar por el Albo, jug\u00f3 para Deportivo y el Tripero en la Liga Chascomunense.<\/h3>\n<\/blockquote>\n<p dir=\"auto\">Justamente, en el Federal de Jorgito Gonz\u00e1lez, el Chueco inici\u00f3 la pretemporada, pero finalmente le sali\u00f3 esta oportunidad y viaj\u00f3 a Europa, destac\u00e1ndose que su pase est\u00e1 en Depor.<\/p>\n<p dir=\"auto\">fuentes: Muro de Alfredo Irastorza y www.elsuplente.com<\/p>\n","protected":false},"excerpt":{"rendered":"<div class=\"mh-excerpt\"><p>CHASCOM\u00daS &#8211;\u00a0En el perfil de un querido amigo, pudimos leer: \u00abLa espera valdr\u00e1 la felicidad\u00bb Tantos a\u00f1os de esfuerzo, tantas piedras en el camino, tantas experiencias hermosas que el futbol te dio y hoy de <a class=\"mh-excerpt-more\" href=\"https:\/\/larevistadigital.com.ar\/blog\/sueno-hecho-realidad-el-chueco-irastorza-viajo-a-italia-y-jugara-el-campeonato-de-promocion-reggio-calabria\/\" title=\"SUE\u00d1O HECHO REALIDAD: EL \u00abCHUECO\u00bb IRASTORZA VIAJ\u00d3 A ITALIA Y JUGAR\u00c1 EL CAMPEONATO DE PROMOCI\u00d3N \u00abREGGIO CALABRIA\">[Leer M\u00e1s]<\/a><\/p>\n<\/div>","protected":false},"author":3,"featured_media":21578,"comment_status":"open","ping_status":"open","sticky":false,"template":"","format":"standard","meta":{"_jetpack_memberships_contains_paid_content":false,"footnotes":"","jetpack_publicize_message":"","jetpack_publicize_feature_enabled":true,"jetpack_social_post_already_shared":true,"jetpack_social_options":{"image_generator_settings":{"template":"highway","default_image_id":0,"font":"","enabled":false},"version":2}},"categories":[1],"tags":[],"class_list":{"0":"post-21575","1":"post","2":"type-post","3":"status-publish","4":"format-standard","5":"has-post-thumbnail","7":"category-sin-categoria"},"jetpack_publicize_connections":[],"jetpack_featured_media_url":"https:\/\/i0.wp.com\/larevistadigital.com.ar\/blog\/wp-content\/uploads\/chueco1-691x1536-1-e1629206054672.jpg?fit=691%2C499&ssl=1","jetpack_sharing_enabled":true,"jetpack_shortlink":"https:\/\/wp.me\/p8qtrQ-5BZ","jetpack-related-posts":[{"id":15579,"url":"https:\/\/larevistadigital.com.ar\/blog\/perder-a-un-ser-querido-en-epoca-de-pandemia-compartimos-el-dolor-de-nuestro-colaborador-y-amigo-juan-lemik-por-el-fallecimiento-de-su-madre\/","url_meta":{"origin":21575,"position":0},"title":"PERDER A UN SER QUERIDO EN \u00c9POCA DE PANDEMIA. COMPARTIMOS EL DOLOR DE NUESTRO COLABORADOR Y AMIGO JUAN LEMIK, POR EL FALLECIMIENTO DE SU MADRE","author":"Alejandro Sosa Ruda","date":"11 junio, 2020","format":false,"excerpt":"En este caso, nos reservamos el derecho a tomarnos esta licencia, y escribir sobre un hecho personal, pero que no es ajeno al resto de las personas:\u00a0 lo que le ha tocado sufrir a nuestro querido amigo y colaborador Juan Lemik, que en el d\u00eda de ayer perdi\u00f3 a su\u2026","rel":"","context":"En \u00abINTERES GENERAL\u00bb","block_context":{"text":"INTERES GENERAL","link":"https:\/\/larevistadigital.com.ar\/blog\/category\/interes-general\/"},"img":{"alt_text":"","src":"https:\/\/i0.wp.com\/larevistadigital.com.ar\/blog\/wp-content\/uploads\/Cementerio-Paran%C3%A1-Gustavo-Cabral-El-Diario-2.jpeg?fit=1200%2C846&ssl=1&resize=350%2C200","width":350,"height":200,"srcset":"https:\/\/i0.wp.com\/larevistadigital.com.ar\/blog\/wp-content\/uploads\/Cementerio-Paran%C3%A1-Gustavo-Cabral-El-Diario-2.jpeg?fit=1200%2C846&ssl=1&resize=350%2C200 1x, https:\/\/i0.wp.com\/larevistadigital.com.ar\/blog\/wp-content\/uploads\/Cementerio-Paran%C3%A1-Gustavo-Cabral-El-Diario-2.jpeg?fit=1200%2C846&ssl=1&resize=525%2C300 1.5x, https:\/\/i0.wp.com\/larevistadigital.com.ar\/blog\/wp-content\/uploads\/Cementerio-Paran%C3%A1-Gustavo-Cabral-El-Diario-2.jpeg?fit=1200%2C846&ssl=1&resize=700%2C400 2x, https:\/\/i0.wp.com\/larevistadigital.com.ar\/blog\/wp-content\/uploads\/Cementerio-Paran%C3%A1-Gustavo-Cabral-El-Diario-2.jpeg?fit=1200%2C846&ssl=1&resize=1050%2C600 3x"},"classes":[]},{"id":1388,"url":"https:\/\/larevistadigital.com.ar\/blog\/tuve-sexo-todas-las-mananas-durante-una-semana-y-esto-es-lo-que-paso\/","url_meta":{"origin":21575,"position":1},"title":"Tuve sexo todas las ma\u00f1anas durante una semana, y esto es lo que pas\u00f3","author":"editor","date":"19 marzo, 2017","format":false,"excerpt":"\u00bfAlguna vez te has preguntado por qu\u00e9 acostumbramos a hacer el amor por la noche? El c\u00f3mo y el cu\u00e1ndo del apareamiento de los animales suele tener una l\u00f3gica detr\u00e1s. En cambio, lo nuestro es m\u00e1s una cuesti\u00f3n de conveniencia. Estamos habituados a tener relaciones sexuales en el lugar m\u00e1s\u2026","rel":"","context":"En \u00abMUJER\u00bb","block_context":{"text":"MUJER","link":"https:\/\/larevistadigital.com.ar\/blog\/category\/suplementos\/mujer\/"},"img":{"alt_text":"","src":"https:\/\/i0.wp.com\/larevistadigital.com.ar\/blog\/wp-content\/uploads\/2017\/03\/BByb5wr.jpg?fit=560%2C373&ssl=1&resize=350%2C200","width":350,"height":200,"srcset":"https:\/\/i0.wp.com\/larevistadigital.com.ar\/blog\/wp-content\/uploads\/2017\/03\/BByb5wr.jpg?fit=560%2C373&ssl=1&resize=350%2C200 1x, https:\/\/i0.wp.com\/larevistadigital.com.ar\/blog\/wp-content\/uploads\/2017\/03\/BByb5wr.jpg?fit=560%2C373&ssl=1&resize=525%2C300 1.5x"},"classes":[]},{"id":8939,"url":"https:\/\/larevistadigital.com.ar\/blog\/chascomus-segun-una-joven-local-no-se-puede-caminar-sin-que-te-griten-o-toquen-es-asi\/","url_meta":{"origin":21575,"position":2},"title":"CHASCOM\u00daS: SEG\u00daN UNA JOVEN LOCAL, \u00abNO SE PUEDE CAMINAR SIN QUE TE GRITEN O TOQUEN\u00bb \u00bfES AS\u00cd?","author":"Alejandro Sosa Ruda","date":"8 marzo, 2019","format":false,"excerpt":"Durante una de las tantas marchas y manifestaciones del 8M a lo largo y ancho del pa\u00eds, la se\u00f1al de cable TN entrevist\u00f3 a una chica llamada Valentina, vecina de Chascom\u00fas, en donde se le preguntaron diversas cosas que la hab\u00edan motivado a participar, pero llam\u00f3 la atenci\u00f3n una parte\u2026","rel":"","context":"En \u00abDESTACADAS\u00bb","block_context":{"text":"DESTACADAS","link":"https:\/\/larevistadigital.com.ar\/blog\/category\/destacadas\/"},"img":{"alt_text":"","src":"https:\/\/i0.wp.com\/larevistadigital.com.ar\/blog\/wp-content\/uploads\/2019\/03\/Screenshot_3-2.jpg?fit=1200%2C516&ssl=1&resize=350%2C200","width":350,"height":200,"srcset":"https:\/\/i0.wp.com\/larevistadigital.com.ar\/blog\/wp-content\/uploads\/2019\/03\/Screenshot_3-2.jpg?fit=1200%2C516&ssl=1&resize=350%2C200 1x, https:\/\/i0.wp.com\/larevistadigital.com.ar\/blog\/wp-content\/uploads\/2019\/03\/Screenshot_3-2.jpg?fit=1200%2C516&ssl=1&resize=525%2C300 1.5x, https:\/\/i0.wp.com\/larevistadigital.com.ar\/blog\/wp-content\/uploads\/2019\/03\/Screenshot_3-2.jpg?fit=1200%2C516&ssl=1&resize=700%2C400 2x, https:\/\/i0.wp.com\/larevistadigital.com.ar\/blog\/wp-content\/uploads\/2019\/03\/Screenshot_3-2.jpg?fit=1200%2C516&ssl=1&resize=1050%2C600 3x"},"classes":[]},{"id":14273,"url":"https:\/\/larevistadigital.com.ar\/blog\/vecino-viene-reclamando-por-su-barrio-desde-2012-y-hoy-sigue-sin-obtener-respuestas\/","url_meta":{"origin":21575,"position":3},"title":"VECINO VIENE RECLAMANDO POR SU BARRIO DESDE 2012, Y HOY, SIGUE SIN OBTENER RESPUESTAS","author":"Alejandro Sosa Ruda","date":"22 enero, 2020","format":false,"excerpt":"Se trata del se\u00f1or Mario Sabatella, quien a modo de comentario, en la nota que publicamos d\u00edas atr\u00e1s donde una vecina del Barrio Aliba planteaba su cansancio ante la inacci\u00f3n de las autoridades luego de los innumerables reclamos que hizo por todos los medios posibles, publicando\u00a0un \"poema\" de su autor\u00eda,\u2026","rel":"","context":"En \u00abDESTACADAS\u00bb","block_context":{"text":"DESTACADAS","link":"https:\/\/larevistadigital.com.ar\/blog\/category\/destacadas\/"},"img":{"alt_text":"","src":"https:\/\/i0.wp.com\/larevistadigital.com.ar\/blog\/wp-content\/uploads\/Screenshot_1-86.jpg?fit=855%2C564&ssl=1&resize=350%2C200","width":350,"height":200,"srcset":"https:\/\/i0.wp.com\/larevistadigital.com.ar\/blog\/wp-content\/uploads\/Screenshot_1-86.jpg?fit=855%2C564&ssl=1&resize=350%2C200 1x, https:\/\/i0.wp.com\/larevistadigital.com.ar\/blog\/wp-content\/uploads\/Screenshot_1-86.jpg?fit=855%2C564&ssl=1&resize=525%2C300 1.5x, https:\/\/i0.wp.com\/larevistadigital.com.ar\/blog\/wp-content\/uploads\/Screenshot_1-86.jpg?fit=855%2C564&ssl=1&resize=700%2C400 2x"},"classes":[]},{"id":19070,"url":"https:\/\/larevistadigital.com.ar\/blog\/video-que-significa-cuando-tu-gato-te-muerde\/","url_meta":{"origin":21575,"position":4},"title":"[VIDEO] \u00bfQU\u00c9 SIGNIFICA CUANDO TU GATO TE MUERDE?","author":"Alejandro Sosa Ruda","date":"26 febrero, 2021","format":false,"excerpt":"Los animales tienen conductas que muchas veces no comprendemos. Simplemente manejan otros c\u00f3digos de comunicaci\u00f3n que es muy bueno que quien tenga una mascota pueda comprender. Ac\u00e1 un video que explica el porqu\u00e9 de las mordidas de los gatos...","rel":"","context":"En \u00abLO V\u00cd EN INTERNET\u00bb","block_context":{"text":"LO V\u00cd EN INTERNET","link":"https:\/\/larevistadigital.com.ar\/blog\/category\/lo-vi-en-internet\/"},"img":{"alt_text":"","src":"https:\/\/i0.wp.com\/larevistadigital.com.ar\/blog\/wp-content\/uploads\/WhatsApp-Image-2021-02-26-at-14.56.50.jpeg?fit=675%2C1200&ssl=1&resize=350%2C200","width":350,"height":200,"srcset":"https:\/\/i0.wp.com\/larevistadigital.com.ar\/blog\/wp-content\/uploads\/WhatsApp-Image-2021-02-26-at-14.56.50.jpeg?fit=675%2C1200&ssl=1&resize=350%2C200 1x, https:\/\/i0.wp.com\/larevistadigital.com.ar\/blog\/wp-content\/uploads\/WhatsApp-Image-2021-02-26-at-14.56.50.jpeg?fit=675%2C1200&ssl=1&resize=525%2C300 1.5x"},"classes":[]},{"id":42700,"url":"https:\/\/larevistadigital.com.ar\/blog\/conmocion-en-la-plata-murio-en-pleno-escenario-el-guitarrista-nahuel-niz-de-35-anos\/","url_meta":{"origin":21575,"position":5},"title":"Conmoci\u00f3n en La Plata: muri\u00f3 en pleno escenario el guitarrista Nahuel Niz, de 35 a\u00f1os","author":"Alejandro Sosa Ruda","date":"1 diciembre, 2025","format":false,"excerpt":"Nahuel Niz ten\u00eda 35 a\u00f1os e integraba \u201cLoca sensaci\u00f3n\u201d. Seg\u00fan testigos, se desplom\u00f3 minutos despu\u00e9s de que el grupo comenzara a tocar en el centro de la capital bonaerense. 01 de diciembre de 2025 LA PLATA -\u00a0 \u00a0La escena musical platense qued\u00f3 sacudida tras la muerte de Nahuel Niz, guitarrista\u2026","rel":"","context":"En \u00abREGIONALES\u00bb","block_context":{"text":"REGIONALES","link":"https:\/\/larevistadigital.com.ar\/blog\/category\/regionales\/"},"img":{"alt_text":"","src":"https:\/\/i0.wp.com\/larevistadigital.com.ar\/blog\/wp-content\/uploads\/9c221a0973a7ce20a6762f0d2560b5dff25e0b8f.jpg?fit=1140%2C702&ssl=1&resize=350%2C200","width":350,"height":200,"srcset":"https:\/\/i0.wp.com\/larevistadigital.com.ar\/blog\/wp-content\/uploads\/9c221a0973a7ce20a6762f0d2560b5dff25e0b8f.jpg?fit=1140%2C702&ssl=1&resize=350%2C200 1x, https:\/\/i0.wp.com\/larevistadigital.com.ar\/blog\/wp-content\/uploads\/9c221a0973a7ce20a6762f0d2560b5dff25e0b8f.jpg?fit=1140%2C702&ssl=1&resize=525%2C300 1.5x, https:\/\/i0.wp.com\/larevistadigital.com.ar\/blog\/wp-content\/uploads\/9c221a0973a7ce20a6762f0d2560b5dff25e0b8f.jpg?fit=1140%2C702&ssl=1&resize=700%2C400 2x, https:\/\/i0.wp.com\/larevistadigital.com.ar\/blog\/wp-content\/uploads\/9c221a0973a7ce20a6762f0d2560b5dff25e0b8f.jpg?fit=1140%2C702&ssl=1&resize=1050%2C600 3x"},"classes":[]}],"_links":{"self":[{"href":"https:\/\/larevistadigital.com.ar\/blog\/wp-json\/wp\/v2\/posts\/21575","targetHints":{"allow":["GET"]}}],"collection":[{"href":"https:\/\/larevistadigital.com.ar\/blog\/wp-json\/wp\/v2\/posts"}],"about":[{"href":"https:\/\/larevistadigital.com.ar\/blog\/wp-json\/wp\/v2\/types\/post"}],"author":[{"embeddable":true,"href":"https:\/\/larevistadigital.com.ar\/blog\/wp-json\/wp\/v2\/users\/3"}],"replies":[{"embeddable":true,"href":"https:\/\/larevistadigital.com.ar\/blog\/wp-json\/wp\/v2\/comments?post=21575"}],"version-history":[{"count":2,"href":"https:\/\/larevistadigital.com.ar\/blog\/wp-json\/wp\/v2\/posts\/21575\/revisions"}],"predecessor-version":[{"id":21580,"href":"https:\/\/larevistadigital.com.ar\/blog\/wp-json\/wp\/v2\/posts\/21575\/revisions\/21580"}],"wp:featuredmedia":[{"embeddable":true,"href":"https:\/\/larevistadigital.com.ar\/blog\/wp-json\/wp\/v2\/media\/21578"}],"wp:attachment":[{"href":"https:\/\/larevistadigital.com.ar\/blog\/wp-json\/wp\/v2\/media?parent=21575"}],"wp:term":[{"taxonomy":"category","embeddable":true,"href":"https:\/\/larevistadigital.com.ar\/blog\/wp-json\/wp\/v2\/categories?post=21575"},{"taxonomy":"post_tag","embeddable":true,"href":"https:\/\/larevistadigital.com.ar\/blog\/wp-json\/wp\/v2\/tags?post=21575"}],"curies":[{"name":"wp","href":"https:\/\/api.w.org\/{rel}","templated":true}]}}