{"id":21581,"date":"2021-08-17T13:43:08","date_gmt":"2021-08-17T13:43:08","guid":{"rendered":"https:\/\/larevistadigital.com.ar\/blog\/?p=21581"},"modified":"2021-08-17T13:43:08","modified_gmt":"2021-08-17T13:43:08","slug":"atencion-anmat-prohibe-medicamento-por-considerarlo-falsificado","status":"publish","type":"post","link":"https:\/\/larevistadigital.com.ar\/blog\/atencion-anmat-prohibe-medicamento-por-considerarlo-falsificado\/","title":{"rendered":"ATENCI\u00d3N: ANMAT PROHIBE MEDICAMENTO, POR CONSIDERARLO FALSIFICADO"},"content":{"rendered":"<h2 class=\"nota__hero__summary\">Este martes la Anmat prohibi\u00f3 la venta y uso de un anest\u00e9sico por considerarlo \u00abfalsificado\u00bb. Mir\u00e1 de qu\u00e9 marca de este producto se trata.<\/h2>\n<p>La Administraci\u00f3n Nacional de Medicamentos, Alimentos y Tecnolog\u00eda M\u00e9dica (Anmat) prohibi\u00f3 este martes el uso, la comercializaci\u00f3n y la distribuci\u00f3n en todo el territorio nacional de todos los lotes y presentaciones de un producto m\u00e9dico por considerarlo \u00abtrucho\u00bb. Se trata del \u201cAnest\u00e9sico local potenciado Atom 5, Elaborador N\u00b0 77698. MS y AS Res. 739\/99 Uso externo \u2013 Venta libre Industria Argentina\u201d, que seg\u00fan el organismo es un producto falsificado.<\/p>\n<p>Seg\u00fan dio a conocer esta ma\u00f1ana en el Bolet\u00edn Oficial esta administraci\u00f3n a trav\u00e9s de la Disposici\u00f3n 5822\/2021,<em><strong> \u201cdesde el punto de vista sanitario, se trata de un producto falsificado, y se desconoce su efectivo origen y composici\u00f3n, situaci\u00f3n que resulta en un riesgo para la salud de la poblaci\u00f3n\u201d.<\/strong><\/em><\/p>\n<blockquote>\n<h3>\u201cEl producto Potenciado Atom 5 no detalla ni siquiera los datos m\u00ednimos para ser un medicamento autorizado, como son: los componentes de la formulaci\u00f3n, los datos del laboratorio elaborador, responsable t\u00e9cnico, dosificaci\u00f3n, modo de conservaci\u00f3n, entre otros datos indispensables; aunque si se indican propiedades terap\u00e9uticas propias de un medicamento\u201d, asegur\u00f3 la ANMAT.<\/h3>\n<\/blockquote>\n<p>La prohibici\u00f3n de la ANMAT fue a partir del secuestro de una serie de unidades que se comercializaban un local de la Ciudad Aut\u00f3noma de Buenos Aires, <em><strong>\u201cpresuntamente sin habilitaci\u00f3n sanitaria\u201d<\/strong><\/em>, en el marco de una causa caratulada como delito por la<em><strong> \u201cventa, suministro o distribuci\u00f3n de aguas o sustancias peligrosas para la salud disimulando su car\u00e1cter nocivo\u201d.<\/strong><\/em><\/p>\n<blockquote>\n<h3>\u00abNo es posible determinar si las unidades fueron elaboradas en las condiciones que indica la ley y cu\u00e1l es la verdadera composici\u00f3n; ni tampoco conocer si los insumos utilizados para su fabricaci\u00f3n son aptos para la aplicaci\u00f3n en humanos y cu\u00e1les son sus efectos reales\u201d, a\u00f1adieron desde la Anmat.<\/h3>\n<\/blockquote>\n<p>Es por estas razones que desde la ANMAT se consider\u00f3 que<em><strong> \u201cno se puede asegurar la calidad, seguridad y eficiencia del producto\u201d, sino que -por el contrario- \u201creviste riesgo para la salud de los potenciales pacientes\u201d.<\/strong><\/em><\/p>\n","protected":false},"excerpt":{"rendered":"<div class=\"mh-excerpt\"><p>Este martes la Anmat prohibi\u00f3 la venta y uso de un anest\u00e9sico por considerarlo \u00abfalsificado\u00bb. Mir\u00e1 de qu\u00e9 marca de este producto se trata. La Administraci\u00f3n Nacional de Medicamentos, Alimentos y Tecnolog\u00eda M\u00e9dica (Anmat) prohibi\u00f3 <a class=\"mh-excerpt-more\" href=\"https:\/\/larevistadigital.com.ar\/blog\/atencion-anmat-prohibe-medicamento-por-considerarlo-falsificado\/\" title=\"ATENCI\u00d3N: ANMAT PROHIBE MEDICAMENTO, POR CONSIDERARLO FALSIFICADO\">[Leer M\u00e1s]<\/a><\/p>\n<\/div>","protected":false},"author":3,"featured_media":21582,"comment_status":"open","ping_status":"open","sticky":false,"template":"","format":"standard","meta":{"_jetpack_memberships_contains_paid_content":false,"footnotes":"","jetpack_publicize_message":"","jetpack_publicize_feature_enabled":true,"jetpack_social_post_already_shared":true,"jetpack_social_options":{"image_generator_settings":{"template":"highway","default_image_id":0,"font":"","enabled":false},"version":2}},"categories":[50],"tags":[167,168,169],"class_list":{"0":"post-21581","1":"post","2":"type-post","3":"status-publish","4":"format-standard","5":"has-post-thumbnail","7":"category-interes-general","8":"tag-anmat","9":"tag-medicamento-trucho","10":"tag-salud"},"jetpack_publicize_connections":[],"jetpack_featured_media_url":"https:\/\/i0.wp.com\/larevistadigital.com.ar\/blog\/wp-content\/uploads\/c5372d59b25017fa20e46bf9e58a2d34fd268ffe.jpg?fit=1140%2C754&ssl=1","jetpack_sharing_enabled":true,"jetpack_shortlink":"https:\/\/wp.me\/p8qtrQ-5C5","jetpack-related-posts":[{"id":14460,"url":"https:\/\/larevistadigital.com.ar\/blog\/la-anmat-prohibio-una-yerba-mate-por-tener-bacterias-que-causan-envenenamiento\/","url_meta":{"origin":21581,"position":0},"title":"LA ANMAT PROHIBI\u00d3 UNA YERBA MATE POR TENER BACTERIAS QUE CAUSAN ENVENENAMIENTO","author":"Alejandro Sosa Ruda","date":"31 enero, 2020","format":false,"excerpt":"El producto debi\u00f3 ser retirado del mercado porque estaba contaminado por tres tipos de bacterias. Por medio de la\u00a0disposici\u00f3n 481\/2020\u00a0publicada en el\u00a0Bolet\u00edn Oficial, la\u00a0Administraci\u00f3n Nacional de Medicamentos, Alimentos y Tecnolog\u00eda M\u00e9dica\u00a0(ANMAT) prohibi\u00f3 el uso, la comercializaci\u00f3n y la distribuci\u00f3n en toda la Rep\u00fablica Argentina del producto registrado como \u201cHierbas Serranas\u2026","rel":"","context":"En \u00abINTERES GENERAL\u00bb","block_context":{"text":"INTERES GENERAL","link":"https:\/\/larevistadigital.com.ar\/blog\/category\/interes-general\/"},"img":{"alt_text":"","src":"https:\/\/i0.wp.com\/larevistadigital.com.ar\/blog\/wp-content\/uploads\/yerba_mate_crop1580467237090.jpg_258117318.jpg?fit=829%2C466&ssl=1&resize=350%2C200","width":350,"height":200,"srcset":"https:\/\/i0.wp.com\/larevistadigital.com.ar\/blog\/wp-content\/uploads\/yerba_mate_crop1580467237090.jpg_258117318.jpg?fit=829%2C466&ssl=1&resize=350%2C200 1x, https:\/\/i0.wp.com\/larevistadigital.com.ar\/blog\/wp-content\/uploads\/yerba_mate_crop1580467237090.jpg_258117318.jpg?fit=829%2C466&ssl=1&resize=525%2C300 1.5x, https:\/\/i0.wp.com\/larevistadigital.com.ar\/blog\/wp-content\/uploads\/yerba_mate_crop1580467237090.jpg_258117318.jpg?fit=829%2C466&ssl=1&resize=700%2C400 2x"},"classes":[]},{"id":26966,"url":"https:\/\/larevistadigital.com.ar\/blog\/anmat-prohibio-la-venta-de-dos-mieles-y-tomate-triturado\/","url_meta":{"origin":21581,"position":1},"title":"ANMAT PROHIBI\u00d3 LA VENTA DE DOS MIELES Y TOMATE TRITURADO","author":"Alejandro Sosa Ruda","date":"4 agosto, 2022","format":false,"excerpt":"A trav\u00e9s de publicaciones hechas este jueves 4 de agosto en el Bolet\u00edn Oficial, la Administraci\u00f3n Nacional de Medicamentos, Alimentos y Tecnolog\u00eda M\u00e9dica (ANMAT) prohibi\u00f3 la elaboraci\u00f3n, la venta y la distribuci\u00f3n en todo el territorio argentino de dos mieles y un tomate triturado que incumpl\u00edan la normativa alimentaria vigente.\u2026","rel":"","context":"En \u00abINTERES GENERAL\u00bb","block_context":{"text":"INTERES GENERAL","link":"https:\/\/larevistadigital.com.ar\/blog\/category\/interes-general\/"},"img":{"alt_text":"","src":"https:\/\/i0.wp.com\/larevistadigital.com.ar\/blog\/wp-content\/uploads\/1659621509.jpeg?fit=848%2C477&ssl=1&resize=350%2C200","width":350,"height":200,"srcset":"https:\/\/i0.wp.com\/larevistadigital.com.ar\/blog\/wp-content\/uploads\/1659621509.jpeg?fit=848%2C477&ssl=1&resize=350%2C200 1x, https:\/\/i0.wp.com\/larevistadigital.com.ar\/blog\/wp-content\/uploads\/1659621509.jpeg?fit=848%2C477&ssl=1&resize=525%2C300 1.5x, https:\/\/i0.wp.com\/larevistadigital.com.ar\/blog\/wp-content\/uploads\/1659621509.jpeg?fit=848%2C477&ssl=1&resize=700%2C400 2x"},"classes":[]},{"id":19827,"url":"https:\/\/larevistadigital.com.ar\/blog\/prohiben-la-venta-de-un-aceite-de-girasol\/","url_meta":{"origin":21581,"position":2},"title":"PROHIBEN LA VENTA DE UN ACEITE DE GIRASOL","author":"Alejandro Sosa Ruda","date":"23 abril, 2021","format":false,"excerpt":"Se trata del aceite marca \"El conquistador\" que carece de registros de establecimiento y est\u00e1 falsamente rotulado. La\u00a0Administraci\u00f3n Nacional de Medicamentos, Alimentos y Tecnolog\u00eda M\u00e9dica (Anmat)\u00a0prohibi\u00f3 este viernes la elaboraci\u00f3n, el fraccionamiento y la comercializaci\u00f3n en todo el pa\u00eds de un aceite de girasol. Seg\u00fan indic\u00f3 la Anmat en el\u2026","rel":"","context":"En \u00abINTERES GENERAL\u00bb","block_context":{"text":"INTERES GENERAL","link":"https:\/\/larevistadigital.com.ar\/blog\/category\/interes-general\/"},"img":{"alt_text":"","src":"https:\/\/i0.wp.com\/larevistadigital.com.ar\/blog\/wp-content\/uploads\/ACEITE-PROHIBIDO.png?fit=997%2C561&ssl=1&resize=350%2C200","width":350,"height":200,"srcset":"https:\/\/i0.wp.com\/larevistadigital.com.ar\/blog\/wp-content\/uploads\/ACEITE-PROHIBIDO.png?fit=997%2C561&ssl=1&resize=350%2C200 1x, https:\/\/i0.wp.com\/larevistadigital.com.ar\/blog\/wp-content\/uploads\/ACEITE-PROHIBIDO.png?fit=997%2C561&ssl=1&resize=525%2C300 1.5x, https:\/\/i0.wp.com\/larevistadigital.com.ar\/blog\/wp-content\/uploads\/ACEITE-PROHIBIDO.png?fit=997%2C561&ssl=1&resize=700%2C400 2x"},"classes":[]},{"id":14712,"url":"https:\/\/larevistadigital.com.ar\/blog\/la-anmat-prohibio-la-venta-de-reconocidas-marcas-de-galletitas\/","url_meta":{"origin":21581,"position":3},"title":"LA ANMAT PROHIBI\u00d3 LA VENTA DE RECONOCIDAS MARCAS DE GALLETITAS","author":"Alejandro Sosa Ruda","date":"11 febrero, 2020","format":false,"excerpt":"La Administraci\u00f3n Nacional de Medicamentos, Alimentos y Tecnolog\u00eda M\u00e9dica ( ANMAT) proh\u00edbe la venta y distribuci\u00f3n de dos reconocidas marcas de tapitas con sabor a vainilla para alfajores, espec\u00edficamente las del \u201cD\u00eda %\u201d y \u201cFachitas\u201d. El producto identificado como \u201cTapitas\u201d de la marca \u201cD\u00eda %\u201d, que es cotidianamente usado para\u2026","rel":"","context":"En \u00abINTERES GENERAL\u00bb","block_context":{"text":"INTERES GENERAL","link":"https:\/\/larevistadigital.com.ar\/blog\/category\/interes-general\/"},"img":{"alt_text":"","src":"https:\/\/i0.wp.com\/larevistadigital.com.ar\/blog\/wp-content\/uploads\/anmat-copia1.jpg?fit=693%2C346&ssl=1&resize=350%2C200","width":350,"height":200,"srcset":"https:\/\/i0.wp.com\/larevistadigital.com.ar\/blog\/wp-content\/uploads\/anmat-copia1.jpg?fit=693%2C346&ssl=1&resize=350%2C200 1x, https:\/\/i0.wp.com\/larevistadigital.com.ar\/blog\/wp-content\/uploads\/anmat-copia1.jpg?fit=693%2C346&ssl=1&resize=525%2C300 1.5x"},"classes":[]},{"id":15973,"url":"https:\/\/larevistadigital.com.ar\/blog\/anmat-prohibio-un-aceite-de-oliva\/","url_meta":{"origin":21581,"position":4},"title":"ANMAT PROHIBI\u00d3 UN ACEITE DE OLIVA","author":"Alejandro Sosa Ruda","date":"12 agosto, 2020","format":false,"excerpt":"La Administraci\u00f3n Nacional de Medicamentos, Alimentos y Tecnolog\u00eda M\u00e9dica (Anmat) prohibi\u00f3 la comercializaci\u00f3n de un aceite de oliva \"por ser un producto falsamente rotulado y en consecuencia ilegal\". Mediante la\u00a0Disposici\u00f3n 5923\/2020\u00a0, publicada este mi\u00e9rcoles en el Bolet\u00edn Oficial, se prohibi\u00f3 la comercializaci\u00f3n del\u00a0aceite de oliva marca Sabrooliva, fabricado en la\u2026","rel":"","context":"En \u00abINTERES GENERAL\u00bb","block_context":{"text":"INTERES GENERAL","link":"https:\/\/larevistadigital.com.ar\/blog\/category\/interes-general\/"},"img":{"alt_text":"","src":"https:\/\/i0.wp.com\/larevistadigital.com.ar\/blog\/wp-content\/uploads\/95995-olive-oil-507129-1280.jpg?fit=960%2C640&ssl=1&resize=350%2C200","width":350,"height":200,"srcset":"https:\/\/i0.wp.com\/larevistadigital.com.ar\/blog\/wp-content\/uploads\/95995-olive-oil-507129-1280.jpg?fit=960%2C640&ssl=1&resize=350%2C200 1x, https:\/\/i0.wp.com\/larevistadigital.com.ar\/blog\/wp-content\/uploads\/95995-olive-oil-507129-1280.jpg?fit=960%2C640&ssl=1&resize=525%2C300 1.5x, https:\/\/i0.wp.com\/larevistadigital.com.ar\/blog\/wp-content\/uploads\/95995-olive-oil-507129-1280.jpg?fit=960%2C640&ssl=1&resize=700%2C400 2x"},"classes":[]},{"id":21990,"url":"https:\/\/larevistadigital.com.ar\/blog\/atencion-anmat-prohibio-la-venta-de-barra-energizante-de-cereales\/","url_meta":{"origin":21581,"position":5},"title":"ATENCI\u00d3N: ANMAT PROHIBI\u00d3 LA VENTA DE BARRA ENERGIZANTE DE CEREALES","author":"Alejandro Sosa Ruda","date":"15 septiembre, 2021","format":false,"excerpt":"El organismo, encargado de controlar los f\u00e1rmacos y alimentos en todo el pa\u00eds, determin\u00f3 que son\u00a0\"ilegales\" y dio la orden\u00a0de quitarlas del mercado. La Administraci\u00f3n Nacional de Medicamentos, Alimentos y Tecnolog\u00eda M\u00e9dica (ANMAT) orden\u00f3 la prohibici\u00f3n de la elaboraci\u00f3n, fraccionamiento y comercializaci\u00f3n de unas barras de cereales energizantes provenientes de\u2026","rel":"","context":"En \u00abINTERES GENERAL\u00bb","block_context":{"text":"INTERES GENERAL","link":"https:\/\/larevistadigital.com.ar\/blog\/category\/interes-general\/"},"img":{"alt_text":"","src":"https:\/\/i0.wp.com\/larevistadigital.com.ar\/blog\/wp-content\/uploads\/barra_de_cereal.jpg_1112492631.jpg?fit=743%2C367&ssl=1&resize=350%2C200","width":350,"height":200,"srcset":"https:\/\/i0.wp.com\/larevistadigital.com.ar\/blog\/wp-content\/uploads\/barra_de_cereal.jpg_1112492631.jpg?fit=743%2C367&ssl=1&resize=350%2C200 1x, https:\/\/i0.wp.com\/larevistadigital.com.ar\/blog\/wp-content\/uploads\/barra_de_cereal.jpg_1112492631.jpg?fit=743%2C367&ssl=1&resize=525%2C300 1.5x, https:\/\/i0.wp.com\/larevistadigital.com.ar\/blog\/wp-content\/uploads\/barra_de_cereal.jpg_1112492631.jpg?fit=743%2C367&ssl=1&resize=700%2C400 2x"},"classes":[]}],"_links":{"self":[{"href":"https:\/\/larevistadigital.com.ar\/blog\/wp-json\/wp\/v2\/posts\/21581","targetHints":{"allow":["GET"]}}],"collection":[{"href":"https:\/\/larevistadigital.com.ar\/blog\/wp-json\/wp\/v2\/posts"}],"about":[{"href":"https:\/\/larevistadigital.com.ar\/blog\/wp-json\/wp\/v2\/types\/post"}],"author":[{"embeddable":true,"href":"https:\/\/larevistadigital.com.ar\/blog\/wp-json\/wp\/v2\/users\/3"}],"replies":[{"embeddable":true,"href":"https:\/\/larevistadigital.com.ar\/blog\/wp-json\/wp\/v2\/comments?post=21581"}],"version-history":[{"count":1,"href":"https:\/\/larevistadigital.com.ar\/blog\/wp-json\/wp\/v2\/posts\/21581\/revisions"}],"predecessor-version":[{"id":21583,"href":"https:\/\/larevistadigital.com.ar\/blog\/wp-json\/wp\/v2\/posts\/21581\/revisions\/21583"}],"wp:featuredmedia":[{"embeddable":true,"href":"https:\/\/larevistadigital.com.ar\/blog\/wp-json\/wp\/v2\/media\/21582"}],"wp:attachment":[{"href":"https:\/\/larevistadigital.com.ar\/blog\/wp-json\/wp\/v2\/media?parent=21581"}],"wp:term":[{"taxonomy":"category","embeddable":true,"href":"https:\/\/larevistadigital.com.ar\/blog\/wp-json\/wp\/v2\/categories?post=21581"},{"taxonomy":"post_tag","embeddable":true,"href":"https:\/\/larevistadigital.com.ar\/blog\/wp-json\/wp\/v2\/tags?post=21581"}],"curies":[{"name":"wp","href":"https:\/\/api.w.org\/{rel}","templated":true}]}}