{"id":21584,"date":"2021-08-17T13:50:59","date_gmt":"2021-08-17T13:50:59","guid":{"rendered":"https:\/\/larevistadigital.com.ar\/blog\/?p=21584"},"modified":"2021-08-17T14:02:50","modified_gmt":"2021-08-17T14:02:50","slug":"un-hombre-debera-indemnizar-a-su-ex-con-un-millon-de-pesos","status":"publish","type":"post","link":"https:\/\/larevistadigital.com.ar\/blog\/un-hombre-debera-indemnizar-a-su-ex-con-un-millon-de-pesos\/","title":{"rendered":"UN HOMBRE DEBER\u00c1 INDEMNIZAR A SU EX CON UN MILL\u00d3N DE PESOS"},"content":{"rendered":"<p>Un hombre deber\u00e1 indemnizar con un mill\u00f3n de pesos a su exesposa por haberla agredido f\u00edsica y verbalmente, tanto en su casa como en lugares p\u00fablicos. La condena por da\u00f1o moral a favor de una sobreviviente de violencia de g\u00e9nero fue dictada por la Sala K de la C\u00e1mara Nacional de Apelaciones en lo Civil. En la sentencia, el tribunal fij\u00f3 adem\u00e1s que el ex marido le pague 62.200 pesos para cubrir un tratamiento psicol\u00f3gico. La mujer sufre un cuadro compatible a un Trastorno de Estr\u00e9s Postraum\u00e1tico Cr\u00f3nico Leve.<\/p>\n<blockquote>\n<h3>\u201dLa privacidad de la vida familiar no puede invisibilizar las agresiones de las que pueden ser v\u00edctimas sus integrantes\u201d, dice el fallo firmado por los jueces Silvia P. Bermejo, Osvaldo O. Alvarez y Oscar J. Ameal.<\/h3>\n<\/blockquote>\n<p>Aunque la resoluci\u00f3n judicial es novedosa, reduce significativamente el monto indemnizatorio ordenado en primera instancia que alcanzaba a 4.400.000 pesos. De todas formas, <strong><em>\u201clo importante es que es un precedente\u201d<\/em><\/strong>, destac\u00f3\u00a0la jueza<strong> Victoria Fam\u00e1<\/strong> a cargo del Juzgado Nacional Civil N\u00b092 con competencia exclusiva en Familia, de la ciudad de Buenos Aires, al analizar los alcances de la sentencia.<strong><em> \u201cCabe preguntarse porque hay tan pocos casos de demandas por da\u00f1os y perjuicios de v\u00edctimas de violencia que llegan a sentencia. Y creo que en definitiva es as\u00ed porque las mujeres se cansan del sistema de justicia\u201d<\/em><\/strong>, se\u00f1al\u00f3 la magistrada.<\/p>\n<p>La mujer beneficiada por este fallo hizo un recorrido de 14 a\u00f1os en distintas instancias, tanto civiles como penales, desde que present\u00f3 en 2007 la primera denuncia de violencia contra su exmarido, hasta llegar a esta reparaci\u00f3n econ\u00f3mica. El an\u00e1lisis de ese tortuoso camino \u2013contado en el fallo&#8211; refleja, adem\u00e1s, las escasas respuestas del sistema penal frente a sus denuncias: la mujer describi\u00f3 situaciones de violencia f\u00edsica, sexual, psicol\u00f3gica y econ\u00f3mica, y de amenazas. Y por la \u00fanica causa en la que el exmarido fue condenado se le impuso una pena de seis meses de prisi\u00f3n en suspenso por amenazas y ante otro episodio de violencia se le concedi\u00f3 una probati\u00f3n, con asistencia a un taller para hombres que ejercen violencia, al cual nunca fue. <strong><em>\u201cNo es menor destacar que en sede civil se le otorgaron todas las medidas de protecci\u00f3n pero la violencia persisti\u00f3. El sistema penal en definitiva es la \u00faltima opci\u00f3n. Pero ante casos de violencia tan estructural y compleja como este, con una persona con cuatro denuncias en sede civil que no respeta ninguna orden de restricci\u00f3n, y viola y trasgrede constantemente la norma. \u00bfEs suficiente el sistema civil? Yo creo que no \u2013dijo la jueza Fam\u00e1 a este diario-. Deber\u00eda haber actuado el fuero penal con m\u00e1s contundencia porque para la v\u00edctima tambi\u00e9n la reparaci\u00f3n en este tipo de casos pasa por una condena penal. Hay que trabajar con medidas de protecci\u00f3n y de reparaci\u00f3n en sede civil pero hay un momento en que me parece que no es suficiente. Y eso es lo que invita a reflexionar este fallo\u201d<\/em><\/strong>, apunt\u00f3 la magistrada.<\/p>\n<blockquote>\n<h3>La demanda la inici\u00f3 la se\u00f1ora C. \u201ca fin de obtener una indemnizaci\u00f3n por el da\u00f1o psicol\u00f3gico y moral que aleg\u00f3 padecer a partir de los episodios de violencia por parte del demandado, los que se habr\u00edan plasmado con empujones, golpes, insultos y amenazas\u201d, dice la sentencia.<\/h3>\n<\/blockquote>\n<p><strong>El largo y tortuoso camino judicial<\/strong><\/p>\n<p>La pareja se cas\u00f3 en 1995, tuvo dos hijos, viv\u00eda en el barrio porte\u00f1o de Belgrano, se separ\u00f3 de hecho en el a\u00f1o 2007 &#8211;cuando la mujer presenta las primeras denuncias contra su marido&#8211; y se divorci\u00f3 en 2010. Los dos primeros hechos que denunci\u00f3 la se\u00f1ora C. se remontan al 14 de abril y 13 de julio, de 2007. En ese momento el juez penal que intervino decidi\u00f3 procesar al se\u00f1or J. por el delito de lesiones leves, lo que fue confirmado por la Alzada. Se elev\u00f3 al Juzgado Nacional en lo Correccional n\u00b0 8 para la etapa de juicio y, al advertir la conexidad con otra causa, la N\u00b0 3827, se remiti\u00f3 al Tribunal Oral n\u00b0 1. Este \u00faltimo decidi\u00f3 rechazar el pedido de suspensi\u00f3n de juicio a prueba solicitado por el se\u00f1or J. quien recurri\u00f3 la resoluci\u00f3n y fue revocada por la Alzada. Entonces el Tribunal Oral, el 1 de julio de 2011, suspendi\u00f3 el juicio a prueba por dos a\u00f1os respecto del imputado. \u00abEl 13 de noviembre de 2014, el \u00f3rgano resolvi\u00f3 sobreseerlo en tanto el se\u00f1or J. cumpli\u00f3 con las obligaciones de fijar domicilio y presentarse en el Patronato de Liberados, si bien no asisti\u00f3 al programa &#8216;Hombres Violentos&#8217;\u201d, describe la sentencia.<\/p>\n<blockquote>\n<h3>Despu\u00e9s de la separaci\u00f3n de hecho, la mujer se\u00f1al\u00f3 que su exmarido se present\u00f3 \u201cen m\u00faltiples oportunidades en su domicilio y los encuentros terminaron en golpes, insultos y amenazas hacia ella\u201d. Hizo sucesivas denuncias. Los episodios se registraron los d\u00edas 12 de julio; 1 y 8 de octubre, y 29 de noviembre de 2007; 25 de febrero de 2008; 16 de marzo de 2009; 27 de septiembre y 1 de octubre de 2010, y 29 de febrero y 31 de mayo de 2012. Uno de los hechos violentos ocurri\u00f3 \u2013seg\u00fan consta en la sentencia&#8211; en una fiesta de fin de a\u00f1o en el Club Alem\u00e1n de San Fernando, con la presencia de los dos hijos, cuando la mujer le reclam\u00f3 al demandado que la enga\u00f1aba y el demandado -y su hermano- le pidieron que se calle, la agarr\u00f3 del pelo y la insult\u00f3 en p\u00fablico.<\/h3>\n<\/blockquote>\n<p><em><strong>\u201cLa prueba rese\u00f1ada permite inferir\u00a0una clara conducta intimidatoria o violenta por parte del se\u00f1or J. hacia la se\u00f1ora C\u201d<\/strong><\/em>, se\u00f1ala el fallo. <strong><em>\u201cSi bien el se\u00f1or J. sostiene que no tiene antecedentes penales, el hecho que en una de las causas haya concluido con una suspensi\u00f3n del juicio a prueba no desplaza lo acontecido, al igual que tambi\u00e9n se lo ha condenado por amenazas. En s\u00edntesis, las evidencias se\u00f1aladas dan cuenta de las situaciones de agresi\u00f3n alegadas\u201d<\/em><\/strong>, dicen los jueces.<\/p>\n<p><em><strong>\u201cLa reconstrucci\u00f3n de lo sucedido permite identificar en qu\u00e9 medida la se\u00f1ora C. ha visto alterada su paz espiritual. Los vecinos escuchaban los golpes y los insultos, la empleada dom\u00e9stica tambi\u00e9n los presenci\u00f3, incluso sus amistades en reuniones p\u00fablicas, quiz\u00e1s los otros padres con la agresi\u00f3n a la salida del colegio, cuando la subi\u00f3 al auto y finalmente escap\u00f3 hacia el taxi conducido por el se\u00f1or Villarreal quien aport\u00f3 su testimonio. Se ha acreditado que los mismos hijos la agreden. Lo dicho permite identificar el gran dolor espiritual que esos hechos le provocaron, consecuencia de una violencia f\u00edsica, verbal, emocional, sexual y econ\u00f3mica\u00bb<\/strong><\/em>, se concluye en el fallo para justificar la indemnizaci\u00f3n por da\u00f1o moral.<\/p>\n<p>PUBICADO EN ENTREL\u00cdNEAS.INFO<\/p>\n","protected":false},"excerpt":{"rendered":"<div class=\"mh-excerpt\"><p>Un hombre deber\u00e1 indemnizar con un mill\u00f3n de pesos a su exesposa por haberla agredido f\u00edsica y verbalmente, tanto en su casa como en lugares p\u00fablicos. La condena por da\u00f1o moral a favor de una <a class=\"mh-excerpt-more\" href=\"https:\/\/larevistadigital.com.ar\/blog\/un-hombre-debera-indemnizar-a-su-ex-con-un-millon-de-pesos\/\" title=\"UN HOMBRE DEBER\u00c1 INDEMNIZAR A SU EX CON UN MILL\u00d3N DE PESOS\">[Leer M\u00e1s]<\/a><\/p>\n<\/div>","protected":false},"author":3,"featured_media":21585,"comment_status":"open","ping_status":"open","sticky":false,"template":"","format":"standard","meta":{"_jetpack_memberships_contains_paid_content":false,"footnotes":"","jetpack_publicize_message":"","jetpack_publicize_feature_enabled":true,"jetpack_social_post_already_shared":true,"jetpack_social_options":{"image_generator_settings":{"template":"highway","default_image_id":0,"font":"","enabled":false},"version":2}},"categories":[50],"tags":[],"class_list":{"0":"post-21584","1":"post","2":"type-post","3":"status-publish","4":"format-standard","5":"has-post-thumbnail","7":"category-interes-general"},"jetpack_publicize_connections":[],"jetpack_featured_media_url":"https:\/\/i0.wp.com\/larevistadigital.com.ar\/blog\/wp-content\/uploads\/preguntas-violencia-de-genero-o-violencia-machista.jpg?fit=800%2C533&ssl=1","jetpack_sharing_enabled":true,"jetpack_shortlink":"https:\/\/wp.me\/p8qtrQ-5C8","jetpack-related-posts":[{"id":40626,"url":"https:\/\/larevistadigital.com.ar\/blog\/google-debera-indemnizar-a-un-hombre-que-aparecio-desnudo-en-street-view\/","url_meta":{"origin":21584,"position":0},"title":"Google deber\u00e1 indemnizar a un hombre que apareci\u00f3 desnudo en Street View","author":"Alejandro Sosa Ruda","date":"26 julio, 2025","format":false,"excerpt":"Un vecino de Bragado, en la provincia de Buenos Aires, le gan\u00f3 un juicio a Google, que deber\u00e1 indemnizarlo con una suma superior a los 16 millones de pesos, tras haberse publicado una imagen suya completamente desnudo en Google Street View. La foto fue captada dentro del patio de su\u2026","rel":"","context":"En \u00abINTERES GENERAL\u00bb","block_context":{"text":"INTERES GENERAL","link":"https:\/\/larevistadigital.com.ar\/blog\/category\/interes-general\/"},"img":{"alt_text":"","src":"https:\/\/i0.wp.com\/larevistadigital.com.ar\/blog\/wp-content\/uploads\/20250725191831_hombre-desnudo-street-view-google.jpg?fit=880%2C512&ssl=1&resize=350%2C200","width":350,"height":200,"srcset":"https:\/\/i0.wp.com\/larevistadigital.com.ar\/blog\/wp-content\/uploads\/20250725191831_hombre-desnudo-street-view-google.jpg?fit=880%2C512&ssl=1&resize=350%2C200 1x, https:\/\/i0.wp.com\/larevistadigital.com.ar\/blog\/wp-content\/uploads\/20250725191831_hombre-desnudo-street-view-google.jpg?fit=880%2C512&ssl=1&resize=525%2C300 1.5x, https:\/\/i0.wp.com\/larevistadigital.com.ar\/blog\/wp-content\/uploads\/20250725191831_hombre-desnudo-street-view-google.jpg?fit=880%2C512&ssl=1&resize=700%2C400 2x"},"classes":[]},{"id":31313,"url":"https:\/\/larevistadigital.com.ar\/blog\/pinamar-secuestran-cocaina-valuada-en-mas-de-un-millon-de-pesos\/","url_meta":{"origin":21584,"position":1},"title":"PINAMAR: SECUESTRAN COCA\u00cdNA VALUADA EN M\u00c1S DE UN MILL\u00d3N DE PESOS","author":"Alejandro Sosa Ruda","date":"29 abril, 2023","format":false,"excerpt":"Un hombre de nacionalidad paraguaya, acusado de ser el l\u00edder de una banda que comercializaba estupefaciente en distintos puntos de la Costa Atl\u00e1ntica, fue detenido durante el operativo al que la polic\u00eda apod\u00f3 \"San Cipriano\". 29 de abril de 2023 BUENOS AIRES -\u00a0 La Polic\u00eda de la Provincia de Buenos\u2026","rel":"","context":"En \u00abPOLICIALES\u00bb","block_context":{"text":"POLICIALES","link":"https:\/\/larevistadigital.com.ar\/blog\/category\/policiales\/"},"img":{"alt_text":"","src":"https:\/\/i0.wp.com\/larevistadigital.com.ar\/blog\/wp-content\/uploads\/58.png?fit=785%2C531&ssl=1&resize=350%2C200","width":350,"height":200,"srcset":"https:\/\/i0.wp.com\/larevistadigital.com.ar\/blog\/wp-content\/uploads\/58.png?fit=785%2C531&ssl=1&resize=350%2C200 1x, https:\/\/i0.wp.com\/larevistadigital.com.ar\/blog\/wp-content\/uploads\/58.png?fit=785%2C531&ssl=1&resize=525%2C300 1.5x, https:\/\/i0.wp.com\/larevistadigital.com.ar\/blog\/wp-content\/uploads\/58.png?fit=785%2C531&ssl=1&resize=700%2C400 2x"},"classes":[]},{"id":42080,"url":"https:\/\/larevistadigital.com.ar\/blog\/los-bancarios-acordaron-una-nueva-actualizacion-salarial-y-el-sueldo-inicial-superara-el-19-millon-de-pesos\/","url_meta":{"origin":21584,"position":2},"title":"Los bancarios acordaron una nueva actualizaci\u00f3n salarial y el sueldo inicial superar\u00e1 el 1,9 mill\u00f3n de pesos","author":"Alejandro Sosa Ruda","date":"19 octubre, 2025","format":false,"excerpt":"La Asociaci\u00f3n Bancaria cerr\u00f3 un incremento del 2,1% para septiembre, llevando el aumento acumulado del a\u00f1o al 22%. Adem\u00e1s, confirm\u00f3 un bono especial por el D\u00eda del Bancario que supera el mill\u00f3n y medio de pesos. 19 de Octubre de 2025 La Asociaci\u00f3n Bancaria (AB), el sindicato que agrupa a\u2026","rel":"","context":"En \u00abGREMIALES\u00bb","block_context":{"text":"GREMIALES","link":"https:\/\/larevistadigital.com.ar\/blog\/category\/gremiales\/"},"img":{"alt_text":"","src":"https:\/\/i0.wp.com\/larevistadigital.com.ar\/blog\/wp-content\/uploads\/LA-BANCARIA-FRENTE.jpg?fit=800%2C471&ssl=1&resize=350%2C200","width":350,"height":200,"srcset":"https:\/\/i0.wp.com\/larevistadigital.com.ar\/blog\/wp-content\/uploads\/LA-BANCARIA-FRENTE.jpg?fit=800%2C471&ssl=1&resize=350%2C200 1x, https:\/\/i0.wp.com\/larevistadigital.com.ar\/blog\/wp-content\/uploads\/LA-BANCARIA-FRENTE.jpg?fit=800%2C471&ssl=1&resize=525%2C300 1.5x, https:\/\/i0.wp.com\/larevistadigital.com.ar\/blog\/wp-content\/uploads\/LA-BANCARIA-FRENTE.jpg?fit=800%2C471&ssl=1&resize=700%2C400 2x"},"classes":[]},{"id":16061,"url":"https:\/\/larevistadigital.com.ar\/blog\/atencion-roban-mas-de-medio-millon-a-una-mujer-con-una-estafa-virtual\/","url_meta":{"origin":21584,"position":3},"title":"\u00a1ATENCI\u00d3N!: ROBAN MAS DE MEDIO MILL\u00d3N A UNA MUJER CON UNA ESTAFA VIRTUAL","author":"Alejandro Sosa Ruda","date":"18 agosto, 2020","format":false,"excerpt":"Fue enga\u00f1ada por el supuesto empleado de una empresa de telefon\u00eda, que la despoj\u00f3 de pesos y d\u00f3lares Una mujer de 49 a\u00f1os domiciliada en Tolosa denunci\u00f3 que fue estafada telef\u00f3nica y que, mediante enga\u00f1os, le sustrajeron m\u00e1s de medio mill\u00f3n de pesos, informaron hoy fuentes policiales. La v\u00edctima refiri\u00f3\u2026","rel":"","context":"En \u00abPOLICIALES\u00bb","block_context":{"text":"POLICIALES","link":"https:\/\/larevistadigital.com.ar\/blog\/category\/policiales\/"},"img":{"alt_text":"","src":"https:\/\/i0.wp.com\/larevistadigital.com.ar\/blog\/wp-content\/uploads\/20200818104247_1.jpg?fit=880%2C586&ssl=1&resize=350%2C200","width":350,"height":200,"srcset":"https:\/\/i0.wp.com\/larevistadigital.com.ar\/blog\/wp-content\/uploads\/20200818104247_1.jpg?fit=880%2C586&ssl=1&resize=350%2C200 1x, https:\/\/i0.wp.com\/larevistadigital.com.ar\/blog\/wp-content\/uploads\/20200818104247_1.jpg?fit=880%2C586&ssl=1&resize=525%2C300 1.5x, https:\/\/i0.wp.com\/larevistadigital.com.ar\/blog\/wp-content\/uploads\/20200818104247_1.jpg?fit=880%2C586&ssl=1&resize=700%2C400 2x"},"classes":[]},{"id":36615,"url":"https:\/\/larevistadigital.com.ar\/blog\/paritarias-en-seguridad-privada-upsra-logro-un-acuerdo-y-el-bruto-inicial-supera-el-millon-de-pesos\/","url_meta":{"origin":21584,"position":4},"title":"PARITARIAS EN SEGURIDAD PRIVADA: UPSRA LOGR\u00d3 UN ACUERDO Y EL BRUTO INICIAL SUPERA EL MILL\u00d3N DE PESOS","author":"Alejandro Sosa Ruda","date":"7 julio, 2024","format":false,"excerpt":"Se trata de un aumento significativo del gremio conducido por Angel Garc\u00eda,\u00a0 posicionando a la actividad nuevamente por sobre los n\u00fameros de indigencia. 8 de Julio de 2024 La Union de Personal de Seguridad de la Rep\u00fablica Argentina, (U.P.S.R.A.), conducida por\u00a0\u00c1ngel Alberto Garc\u00eda, inform\u00f3 que logr\u00f3 un acuerdo paritario con\u2026","rel":"","context":"En \u00abGREMIALES\u00bb","block_context":{"text":"GREMIALES","link":"https:\/\/larevistadigital.com.ar\/blog\/category\/gremiales\/"},"img":{"alt_text":"","src":"https:\/\/i0.wp.com\/larevistadigital.com.ar\/blog\/wp-content\/uploads\/Captura-de-pantalla-2024-07-07-234001.png?fit=698%2C414&ssl=1&resize=350%2C200","width":350,"height":200,"srcset":"https:\/\/i0.wp.com\/larevistadigital.com.ar\/blog\/wp-content\/uploads\/Captura-de-pantalla-2024-07-07-234001.png?fit=698%2C414&ssl=1&resize=350%2C200 1x, https:\/\/i0.wp.com\/larevistadigital.com.ar\/blog\/wp-content\/uploads\/Captura-de-pantalla-2024-07-07-234001.png?fit=698%2C414&ssl=1&resize=525%2C300 1.5x"},"classes":[]},{"id":20696,"url":"https:\/\/larevistadigital.com.ar\/blog\/la-plata-roban-casi-un-millon-de-pesos-de-una-camioneta\/","url_meta":{"origin":21584,"position":5},"title":"LA PLATA: ROBAN CASI UN MILL\u00d3N DE PESOS DE UNA CAMIONETA","author":"Alejandro Sosa Ruda","date":"9 junio, 2021","format":false,"excerpt":"Los delincuentes se trasladaban en un auto descapotable de alta gama. Hay testigos del hecho y ahora buscan intensamente. LA PLATA - Un particular y extra\u00f1o episodio se produjo durante las \u00faltimas horas en La Plata, cuando un grupo de ladrones accionaron contra una camioneta que se encontraba estacionada, rompieron\u2026","rel":"","context":"En \u00abPOLICIALES\u00bb","block_context":{"text":"POLICIALES","link":"https:\/\/larevistadigital.com.ar\/blog\/category\/policiales\/"},"img":{"alt_text":"","src":"https:\/\/i0.wp.com\/larevistadigital.com.ar\/blog\/wp-content\/uploads\/1584137425749.jpg?fit=1200%2C797&ssl=1&resize=350%2C200","width":350,"height":200,"srcset":"https:\/\/i0.wp.com\/larevistadigital.com.ar\/blog\/wp-content\/uploads\/1584137425749.jpg?fit=1200%2C797&ssl=1&resize=350%2C200 1x, https:\/\/i0.wp.com\/larevistadigital.com.ar\/blog\/wp-content\/uploads\/1584137425749.jpg?fit=1200%2C797&ssl=1&resize=525%2C300 1.5x, https:\/\/i0.wp.com\/larevistadigital.com.ar\/blog\/wp-content\/uploads\/1584137425749.jpg?fit=1200%2C797&ssl=1&resize=700%2C400 2x, https:\/\/i0.wp.com\/larevistadigital.com.ar\/blog\/wp-content\/uploads\/1584137425749.jpg?fit=1200%2C797&ssl=1&resize=1050%2C600 3x"},"classes":[]}],"_links":{"self":[{"href":"https:\/\/larevistadigital.com.ar\/blog\/wp-json\/wp\/v2\/posts\/21584","targetHints":{"allow":["GET"]}}],"collection":[{"href":"https:\/\/larevistadigital.com.ar\/blog\/wp-json\/wp\/v2\/posts"}],"about":[{"href":"https:\/\/larevistadigital.com.ar\/blog\/wp-json\/wp\/v2\/types\/post"}],"author":[{"embeddable":true,"href":"https:\/\/larevistadigital.com.ar\/blog\/wp-json\/wp\/v2\/users\/3"}],"replies":[{"embeddable":true,"href":"https:\/\/larevistadigital.com.ar\/blog\/wp-json\/wp\/v2\/comments?post=21584"}],"version-history":[{"count":2,"href":"https:\/\/larevistadigital.com.ar\/blog\/wp-json\/wp\/v2\/posts\/21584\/revisions"}],"predecessor-version":[{"id":21587,"href":"https:\/\/larevistadigital.com.ar\/blog\/wp-json\/wp\/v2\/posts\/21584\/revisions\/21587"}],"wp:featuredmedia":[{"embeddable":true,"href":"https:\/\/larevistadigital.com.ar\/blog\/wp-json\/wp\/v2\/media\/21585"}],"wp:attachment":[{"href":"https:\/\/larevistadigital.com.ar\/blog\/wp-json\/wp\/v2\/media?parent=21584"}],"wp:term":[{"taxonomy":"category","embeddable":true,"href":"https:\/\/larevistadigital.com.ar\/blog\/wp-json\/wp\/v2\/categories?post=21584"},{"taxonomy":"post_tag","embeddable":true,"href":"https:\/\/larevistadigital.com.ar\/blog\/wp-json\/wp\/v2\/tags?post=21584"}],"curies":[{"name":"wp","href":"https:\/\/api.w.org\/{rel}","templated":true}]}}