{"id":21588,"date":"2021-08-17T14:10:11","date_gmt":"2021-08-17T14:10:11","guid":{"rendered":"https:\/\/larevistadigital.com.ar\/blog\/?p=21588"},"modified":"2021-08-17T14:12:47","modified_gmt":"2021-08-17T14:12:47","slug":"afirman-que-el-6g-revolucionara-internet-y-permitira-entre-otras-cosas-la-sensacion-tactil","status":"publish","type":"post","link":"https:\/\/larevistadigital.com.ar\/blog\/afirman-que-el-6g-revolucionara-internet-y-permitira-entre-otras-cosas-la-sensacion-tactil\/","title":{"rendered":"AFIRMAN QUE EL 6G REVOLUCIONAR\u00c1 INTERNET Y PERMITIR\u00c1 ENTRE OTRAS COSAS LA \u00abSENSACI\u00d3N T\u00c1CTIL\u00bb Y \u00abTRANSMISI\u00d3N DE SENTIMIENTOS\u00bb"},"content":{"rendered":"<p>En Brasil, ya se est\u00e1n llevando a cabo investigaciones para ayudar a definir 6G, como sus caracter\u00edsticas y casos de uso que ser\u00e1n importantes para el pa\u00eds para 6G, que pueden despegar a principios de 2030.<\/p>\n<p>Los responsables de la investigaci\u00f3n son especialistas del Instituto Nacional de Telecomunicaciones (\u00a0<a href=\"https:\/\/inatel.br\/home\/\">Inatel<\/a>\u00a0), en Santa Rita do Sapuca\u00ed (MG) con la Red Nacional de Educaci\u00f3n e Investigaci\u00f3n (RNP).<\/p>\n<p>Seg\u00fan <strong>Luciano Leonel Mendes<\/strong>, profesor y coordinador de investigaci\u00f3n del Centro de Referencia de Radiocomunicaciones de Inatel, 6G no solo traer\u00e1 comunicaci\u00f3n, sino tambi\u00e9n el uso de imagen, detecci\u00f3n, procesamiento inteligente y el tema del posicionamiento y mapeo dentro del contexto de la comunicaci\u00f3n m\u00f3vil.<\/p>\n<blockquote class=\"wp-block-quote\">\n<h3><em>\u201cSer\u00e1 una red que integrar\u00e1 de manera transparente los mundos digital, f\u00edsico y biol\u00f3gico en un ecosistema en el que podremos interactuar con dispositivos reales y virtuales de una manera mucho m\u00e1s transparente de lo que hacemos hoy\u201d.<\/em><\/h3>\n<h3><cite>Luciano Leonel Mendes<\/cite><\/h3>\n<\/blockquote>\n<p>Brasil es uno de los primeros pa\u00edses en sumarse a esta l\u00ednea y el objetivo de la investigaci\u00f3n actual es no dejar ning\u00fan tipo de brecha, para que cumpla con todas las demandas.<\/p>\n<h2>6G revolucionar\u00e1 Internet con la integraci\u00f3n total de la red<\/h2>\n<p>Seg\u00fan el profesor, la integraci\u00f3n total con la red permitir\u00e1 varias caracter\u00edsticas, como:<\/p>\n<blockquote>\n<h3 data-index=\"2\"><\/h3>\n<h3 class=\"cd314fc9accdfade74f1a117fd491b33\" data-index=\"2\"><em>\u00abPor ejemplo, imagina un sistema de seguridad aeroportuaria, donde simplemente puedes ingresar y autom\u00e1ticamente los sensores disponibles en el ambiente verifican si tienes armas qu\u00edmicas, si tienes explosivos, si tienes alguna amenaza, los esc\u00e1neres ya pueden identificar si est\u00e1s llevando un cuchillo, un arma, el sistema de identificaci\u00f3n ya verifica tu identidad y permite el acceso al entorno \u00ab<\/em><\/h3>\n<\/blockquote>\n<p><strong>Entre otras funciones est\u00e1n:<\/strong><\/p>\n<ul>\n<li>m\u00e1quinas de mando sin un dispositivo espec\u00edfico a mano, ya que se utilizar\u00e1\u00a0<a href=\"https:\/\/engenhariahoje.com\/noticias\/amazon-comprou-1000-caminhoes-dirigidos-por-robos-para-acelerar-entregas\/\">inteligencia artificial<\/a>\u00a0(IA).<\/li>\n<li>diversos usos de la medicina, como an\u00e1lisis de ex\u00e1menes sin m\u00e9dico, mediciones e identificaci\u00f3n de cambios en los par\u00e1metros sangu\u00edneos en tiempo real, entre otros;<\/li>\n<li>contestar el tel\u00e9fono a trav\u00e9s de la ventanilla del autom\u00f3vil;<\/li>\n<li>Se requiere menos tiempo \/ respuesta para que una acci\u00f3n se desarrolle a trav\u00e9s de Internet.<\/li>\n<\/ul>\n<p>Otro punto a destacar del 6GG es la sensaci\u00f3n de tacto y transmisi\u00f3n de sentimientos.<\/p>\n<h2>Sensaci\u00f3n t\u00e1ctil y transmisi\u00f3n de sentimientos.<\/h2>\n<p>Seg\u00fan el profesor, ser\u00e1 posible transmitir este tipo de informaci\u00f3n mediante una interfaz cerebro-m\u00e1quina.<\/p>\n<p>Ser\u00e1 posible transmitir la sensaci\u00f3n y la sensaci\u00f3n t\u00e1ctil que ten\u00eda el usuario en ese momento, como incluso abrazar virtualmente a otra persona mediante el uso de 6G.<\/p>\n<p>fuente G1<\/p>\n","protected":false},"excerpt":{"rendered":"<div class=\"mh-excerpt\"><p>En Brasil, ya se est\u00e1n llevando a cabo investigaciones para ayudar a definir 6G, como sus caracter\u00edsticas y casos de uso que ser\u00e1n importantes para el pa\u00eds para 6G, que pueden despegar a principios de <a class=\"mh-excerpt-more\" href=\"https:\/\/larevistadigital.com.ar\/blog\/afirman-que-el-6g-revolucionara-internet-y-permitira-entre-otras-cosas-la-sensacion-tactil\/\" title=\"AFIRMAN QUE EL 6G REVOLUCIONAR\u00c1 INTERNET Y PERMITIR\u00c1 ENTRE OTRAS COSAS LA \u00abSENSACI\u00d3N T\u00c1CTIL\u00bb Y \u00abTRANSMISI\u00d3N DE SENTIMIENTOS\u00bb\">[Leer M\u00e1s]<\/a><\/p>\n<\/div>","protected":false},"author":3,"featured_media":21589,"comment_status":"open","ping_status":"open","sticky":false,"template":"","format":"standard","meta":{"_jetpack_memberships_contains_paid_content":false,"footnotes":"","jetpack_publicize_message":"","jetpack_publicize_feature_enabled":true,"jetpack_social_post_already_shared":true,"jetpack_social_options":{"image_generator_settings":{"template":"highway","default_image_id":0,"font":"","enabled":false},"version":2}},"categories":[50,13],"tags":[],"class_list":{"0":"post-21588","1":"post","2":"type-post","3":"status-publish","4":"format-standard","5":"has-post-thumbnail","7":"category-interes-general","8":"category-tecnologia"},"jetpack_publicize_connections":[],"jetpack_featured_media_url":"https:\/\/i0.wp.com\/larevistadigital.com.ar\/blog\/wp-content\/uploads\/6G-ira-revolucionar-a-internet-e-permitira-inteligencia-artificial-e-sensacao-de-toque-780x470-1.jpg?fit=780%2C470&ssl=1","jetpack_sharing_enabled":true,"jetpack_shortlink":"https:\/\/wp.me\/p8qtrQ-5Cc","jetpack-related-posts":[{"id":30571,"url":"https:\/\/larevistadigital.com.ar\/blog\/mar-del-plata-aparecio-en-la-playa-un-pez-de-aguas-tropicales\/","url_meta":{"origin":21588,"position":0},"title":"MAR DEL PLATA: APARECI\u00d3 EN LA PLAYA UN PEZ DE AGUAS TROPICALES","author":"Alejandro Sosa Ruda","date":"13 marzo, 2023","format":false,"excerpt":"Pescadores deportivos capturaron un ejemplar de morena reticulada MAR DEL PLATA -\u00a0 Este fin de semana,\u00a0pescadores deportivos de Mar del Plata capturaron un ejemplar de una morena de la familia Muraenidae,\u00a0en la zona norte de la ciudad. A fin de identificar a qu\u00e9 especie correspond\u00eda el ejemplar, los pescadores se\u2026","rel":"","context":"En \u00abCURIOSAS\u00bb","block_context":{"text":"CURIOSAS","link":"https:\/\/larevistadigital.com.ar\/blog\/category\/curiosas\/"},"img":{"alt_text":"","src":"https:\/\/i0.wp.com\/larevistadigital.com.ar\/blog\/wp-content\/uploads\/MORENA-RETICULADA.png?fit=801%2C508&ssl=1&resize=350%2C200","width":350,"height":200,"srcset":"https:\/\/i0.wp.com\/larevistadigital.com.ar\/blog\/wp-content\/uploads\/MORENA-RETICULADA.png?fit=801%2C508&ssl=1&resize=350%2C200 1x, https:\/\/i0.wp.com\/larevistadigital.com.ar\/blog\/wp-content\/uploads\/MORENA-RETICULADA.png?fit=801%2C508&ssl=1&resize=525%2C300 1.5x, https:\/\/i0.wp.com\/larevistadigital.com.ar\/blog\/wp-content\/uploads\/MORENA-RETICULADA.png?fit=801%2C508&ssl=1&resize=700%2C400 2x"},"classes":[]},{"id":24656,"url":"https:\/\/larevistadigital.com.ar\/blog\/detienen-a-sacerdote-por-distribucion-de-pornografia-infantil\/","url_meta":{"origin":21588,"position":1},"title":"DETIENEN A SACERDOTE POR DISTRIBUCI\u00d3N DE \u00abPORNOGRAF\u00cdA INFANTIL\u00bb","author":"Alejandro Sosa Ruda","date":"18 marzo, 2022","format":false,"excerpt":"Tras un operativo de investigaci\u00f3n,\u00a0un sacerdote de 80 a\u00f1os de edad\u00a0fue detenido por\u00a0distribuci\u00f3n de material pornogr\u00e1fico infantil,\u00a0agravado \u201cpor la presencia de menores de 13 a\u00f1os\u201d. Aunque el proceso indagatorio inici\u00f3 con una alerta del Centro Nacional para Ni\u00f1os Desaparecidos y Explotados, en la provincia de C\u00f3rdoba,\u00a0el cura fue detenido en\u2026","rel":"","context":"En \u00abPOLICIALES\u00bb","block_context":{"text":"POLICIALES","link":"https:\/\/larevistadigital.com.ar\/blog\/category\/policiales\/"},"img":{"alt_text":"","src":"https:\/\/i0.wp.com\/larevistadigital.com.ar\/blog\/wp-content\/uploads\/POLICIA.png?fit=1002%2C658&ssl=1&resize=350%2C200","width":350,"height":200,"srcset":"https:\/\/i0.wp.com\/larevistadigital.com.ar\/blog\/wp-content\/uploads\/POLICIA.png?fit=1002%2C658&ssl=1&resize=350%2C200 1x, https:\/\/i0.wp.com\/larevistadigital.com.ar\/blog\/wp-content\/uploads\/POLICIA.png?fit=1002%2C658&ssl=1&resize=525%2C300 1.5x, https:\/\/i0.wp.com\/larevistadigital.com.ar\/blog\/wp-content\/uploads\/POLICIA.png?fit=1002%2C658&ssl=1&resize=700%2C400 2x"},"classes":[]},{"id":3999,"url":"https:\/\/larevistadigital.com.ar\/blog\/se-realizo-primer-congreso-nacional-policias-seguridad-rural\/","url_meta":{"origin":21588,"position":2},"title":"Se realiz\u00f3 el primer congreso nacional de polic\u00edas en seguridad rural","author":"admin","date":"23 noviembre, 2017","format":false,"excerpt":"El 21 y 22 de noviembre se realiz\u00f3, en Mar del Plata, el Primer congreso nacional de polic\u00edas en seguridad rural, que cont\u00f3 con la presencia de autoridades judiciales y policiales de la regi\u00f3n. El evento,\u00a0llevado a cabo en el sal\u00f3n de conferencias del Club de Pescadores, tuvo como objetivo\u2026","rel":"","context":"En \u00abCASTELLI\u00bb","block_context":{"text":"CASTELLI","link":"https:\/\/larevistadigital.com.ar\/blog\/category\/castelli\/"},"img":{"alt_text":"","src":"https:\/\/i0.wp.com\/larevistadigital.com.ar\/blog\/wp-content\/uploads\/2017\/11\/poli-rural-2-e1511763776691.jpg?fit=448%2C288&ssl=1&resize=350%2C200","width":350,"height":200},"classes":[]},{"id":585,"url":"https:\/\/larevistadigital.com.ar\/blog\/cuatro-provincias-ya-autorizaron-uso-medicinal-del-aceite-cannabis\/","url_meta":{"origin":21588,"position":3},"title":"Cuatro provincias ya autorizaron el uso medicinal del aceite de cannabis","author":"editor","date":"4 marzo, 2017","format":false,"excerpt":"Chubut se convirti\u00f3 en la primera provincia en autorizar el uso medicinal de cannabis. Otras tres, Neuqu\u00e9n, Santa Fe y Salta, aprobaron leyes similares A mediados de mes, un plenario de tres comisiones se reunir\u00e1 para debatir el proyecto que los diputados aprobaron el 23 de noviembre y \"ya hay\u2026","rel":"","context":"En \u00abPOLITICA\u00bb","block_context":{"text":"POLITICA","link":"https:\/\/larevistadigital.com.ar\/blog\/category\/politica\/"},"img":{"alt_text":"","src":"https:\/\/i0.wp.com\/larevistadigital.com.ar\/blog\/wp-content\/uploads\/2017\/03\/20170304164219_senado.jpg?fit=620%2C370&ssl=1&resize=350%2C200","width":350,"height":200,"srcset":"https:\/\/i0.wp.com\/larevistadigital.com.ar\/blog\/wp-content\/uploads\/2017\/03\/20170304164219_senado.jpg?fit=620%2C370&ssl=1&resize=350%2C200 1x, https:\/\/i0.wp.com\/larevistadigital.com.ar\/blog\/wp-content\/uploads\/2017\/03\/20170304164219_senado.jpg?fit=620%2C370&ssl=1&resize=525%2C300 1.5x"},"classes":[]},{"id":12086,"url":"https:\/\/larevistadigital.com.ar\/blog\/educacion-asi-se-prepara-castelli-para-la-feria-provincial-de-ciencias\/","url_meta":{"origin":21588,"position":4},"title":"EDUCACI\u00d3N: AS\u00cd SE PREPARA CASTELLI PARA LA FERIA PROVINCIAL DE CIENCIAS","author":"Alejandro Sosa Ruda","date":"16 septiembre, 2019","format":false,"excerpt":"Las alumnas Renata Martinez y Monica Ramon de 6to de Econom\u00eda y Administraci\u00f3n junto a la Prof. Marianela De Le\u00f3n de la Secundaria Juan Jos\u00e9 Castelli llevar\u00e1n su trabajo \"Delivery Ling\u00fc\u00edstico\" hasta la instancia provincial de Feria de Ciencias de la Direcci\u00f3n General de Cultura, los pr\u00f3ximos 23, 24 y\u2026","rel":"","context":"En \u00abCASTELLI\u00bb","block_context":{"text":"CASTELLI","link":"https:\/\/larevistadigital.com.ar\/blog\/category\/castelli\/"},"img":{"alt_text":"","src":"https:\/\/i0.wp.com\/larevistadigital.com.ar\/blog\/wp-content\/uploads\/70318032_1256873477815685_554699265411121152_n.jpg?fit=960%2C712&ssl=1&resize=350%2C200","width":350,"height":200,"srcset":"https:\/\/i0.wp.com\/larevistadigital.com.ar\/blog\/wp-content\/uploads\/70318032_1256873477815685_554699265411121152_n.jpg?fit=960%2C712&ssl=1&resize=350%2C200 1x, https:\/\/i0.wp.com\/larevistadigital.com.ar\/blog\/wp-content\/uploads\/70318032_1256873477815685_554699265411121152_n.jpg?fit=960%2C712&ssl=1&resize=525%2C300 1.5x, https:\/\/i0.wp.com\/larevistadigital.com.ar\/blog\/wp-content\/uploads\/70318032_1256873477815685_554699265411121152_n.jpg?fit=960%2C712&ssl=1&resize=700%2C400 2x"},"classes":[]},{"id":36258,"url":"https:\/\/larevistadigital.com.ar\/blog\/respaldo-de-la-municipalidad-de-chascomus-para-proyectos-de-investigacion-del-intech\/","url_meta":{"origin":21588,"position":5},"title":"RESPALDO DE LA MUNICIPALIDAD DE CHASCOM\u00daS PARA PROYECTOS DE INVESTIGACI\u00d3N DEL INTECH","author":"Alejandro Sosa Ruda","date":"7 junio, 2024","format":false,"excerpt":"El acompa\u00f1amiento busca contribuir al importante trabajo cient\u00edfico realizado por la instituci\u00f3n con sede en Chascom\u00fas, as\u00ed como promover el desarrollo de actividades que generen producci\u00f3n, empleo, mejoras en la salud p\u00fablica y aportes al ambiente, entre otros beneficios. 7 de Junio de 2024 CHASCOM\u00daS -\u00a0 El intendente Javier Gast\u00f3n\u2026","rel":"","context":"En \u00abINTERES GENERAL\u00bb","block_context":{"text":"INTERES GENERAL","link":"https:\/\/larevistadigital.com.ar\/blog\/category\/interes-general\/"},"img":{"alt_text":"","src":"https:\/\/i0.wp.com\/larevistadigital.com.ar\/blog\/wp-content\/uploads\/2024_06_07_01_33_14_894326.jpg?fit=600%2C400&ssl=1&resize=350%2C200","width":350,"height":200,"srcset":"https:\/\/i0.wp.com\/larevistadigital.com.ar\/blog\/wp-content\/uploads\/2024_06_07_01_33_14_894326.jpg?fit=600%2C400&ssl=1&resize=350%2C200 1x, https:\/\/i0.wp.com\/larevistadigital.com.ar\/blog\/wp-content\/uploads\/2024_06_07_01_33_14_894326.jpg?fit=600%2C400&ssl=1&resize=525%2C300 1.5x"},"classes":[]}],"_links":{"self":[{"href":"https:\/\/larevistadigital.com.ar\/blog\/wp-json\/wp\/v2\/posts\/21588","targetHints":{"allow":["GET"]}}],"collection":[{"href":"https:\/\/larevistadigital.com.ar\/blog\/wp-json\/wp\/v2\/posts"}],"about":[{"href":"https:\/\/larevistadigital.com.ar\/blog\/wp-json\/wp\/v2\/types\/post"}],"author":[{"embeddable":true,"href":"https:\/\/larevistadigital.com.ar\/blog\/wp-json\/wp\/v2\/users\/3"}],"replies":[{"embeddable":true,"href":"https:\/\/larevistadigital.com.ar\/blog\/wp-json\/wp\/v2\/comments?post=21588"}],"version-history":[{"count":3,"href":"https:\/\/larevistadigital.com.ar\/blog\/wp-json\/wp\/v2\/posts\/21588\/revisions"}],"predecessor-version":[{"id":21592,"href":"https:\/\/larevistadigital.com.ar\/blog\/wp-json\/wp\/v2\/posts\/21588\/revisions\/21592"}],"wp:featuredmedia":[{"embeddable":true,"href":"https:\/\/larevistadigital.com.ar\/blog\/wp-json\/wp\/v2\/media\/21589"}],"wp:attachment":[{"href":"https:\/\/larevistadigital.com.ar\/blog\/wp-json\/wp\/v2\/media?parent=21588"}],"wp:term":[{"taxonomy":"category","embeddable":true,"href":"https:\/\/larevistadigital.com.ar\/blog\/wp-json\/wp\/v2\/categories?post=21588"},{"taxonomy":"post_tag","embeddable":true,"href":"https:\/\/larevistadigital.com.ar\/blog\/wp-json\/wp\/v2\/tags?post=21588"}],"curies":[{"name":"wp","href":"https:\/\/api.w.org\/{rel}","templated":true}]}}