{"id":21593,"date":"2021-08-17T14:25:40","date_gmt":"2021-08-17T14:25:40","guid":{"rendered":"https:\/\/larevistadigital.com.ar\/blog\/?p=21593"},"modified":"2021-08-17T14:26:06","modified_gmt":"2021-08-17T14:26:06","slug":"los-bares-deberan-cerrar-a-las-3-de-la-manana-en-toda-la-provincia","status":"publish","type":"post","link":"https:\/\/larevistadigital.com.ar\/blog\/los-bares-deberan-cerrar-a-las-3-de-la-manana-en-toda-la-provincia\/","title":{"rendered":"LOS BARES DEBER\u00c1N CERRAR A LAS 3 DE LA MA\u00d1ANA EN TODA LA PROVINCIA"},"content":{"rendered":"<h2>La medida comenzar\u00e1 a regir ma\u00f1ana. Lo anunci\u00f3 el jefe de Gabinete bonaerense, Carlos Bianco, en la conferencia de prensa sobre la situaci\u00f3n epidemiol\u00f3gica.<\/h2>\n<p>El gobierno bonaerense anunci\u00f3 este martes que desde ma\u00f1ana regir\u00e1 un horario de cierre obligatorio para las actividades nocturnas, con tope a las 3 de la ma\u00f1ana.<\/p>\n<blockquote>\n<h3>Lo anticip\u00f3 el jefe de Gabinete, Carlos Bianco, en la conferencia de prensa sobre la situaci\u00f3n epidemiol\u00f3gica, que comparti\u00f3 con el ministro de Salud, Nicol\u00e1s Kreplak.<\/h3>\n<\/blockquote>\n<p>El funcionario adelant\u00f3 que ma\u00f1ana ser\u00e1 emitida una resoluci\u00f3n que contendr\u00e1 esa disposici\u00f3n. <strong><em>\u201cEn el decreto nacional no se pone ninguna restricci\u00f3n horaria a las actividades.\u00a0<\/em><em>Delega la competencia en las distintas provincias. Por pedido de los intendentes, a los cuales se les hace muy dif\u00edcil durante la madrugada fiscalizar y hacer cumplir los protocolos, estamos establecimiento a partir de ma\u00f1ana esta medida\u201d<\/em>,<\/strong>\u00a0dijo <strong>Bianco.<\/strong><\/p>\n<blockquote>\n<h3>Indic\u00f3 que\u00a0<strong>\u201ca las 3 de la ma\u00f1ana\u201d cerrar\u00e1n \u201ctodas las actividades vinculadas a la nocturnidad en toda la provincia de Buenos Aires\u201d.<\/strong><\/h3>\n<\/blockquote>\n<p><strong><em>\u201cEso no obsta que alg\u00fan distrito en particular quiera hacer una extensi\u00f3n de ese horario.\u00a0Lo va a tener que solicitar con el procedimiento que ya tenemos establecido desde el a\u00f1o pasado. Va a tener que presentar un protocolo explicando c\u00f3mo va a fiscalizar despu\u00e9s de las 3 de la ma\u00f1ana las actividades en los distintos espacios que pueden estar abiertos, b\u00e1sicamente los bares, porque restaurantes a esa hora ya no est\u00e1n funcionando\u201d<\/em>,<\/strong>\u00a0agreg\u00f3.<\/p>\n<p>El pedido, en caso de existir, ser\u00e1 analizado con \u201cexpertos y funcionarios del Ministerio de Salud\u201d, precis\u00f3.<\/p>\n<p>publicado en La Capital<\/p>\n","protected":false},"excerpt":{"rendered":"<div class=\"mh-excerpt\"><p>La medida comenzar\u00e1 a regir ma\u00f1ana. Lo anunci\u00f3 el jefe de Gabinete bonaerense, Carlos Bianco, en la conferencia de prensa sobre la situaci\u00f3n epidemiol\u00f3gica. El gobierno bonaerense anunci\u00f3 este martes que desde ma\u00f1ana regir\u00e1 un <a class=\"mh-excerpt-more\" href=\"https:\/\/larevistadigital.com.ar\/blog\/los-bares-deberan-cerrar-a-las-3-de-la-manana-en-toda-la-provincia\/\" title=\"LOS BARES DEBER\u00c1N CERRAR A LAS 3 DE LA MA\u00d1ANA EN TODA LA PROVINCIA\">[Leer M\u00e1s]<\/a><\/p>\n<\/div>","protected":false},"author":3,"featured_media":21594,"comment_status":"open","ping_status":"open","sticky":false,"template":"","format":"standard","meta":{"_jetpack_memberships_contains_paid_content":false,"footnotes":"","jetpack_publicize_message":"","jetpack_publicize_feature_enabled":true,"jetpack_social_post_already_shared":true,"jetpack_social_options":{"image_generator_settings":{"template":"highway","default_image_id":0,"font":"","enabled":false},"version":2}},"categories":[50,24],"tags":[],"class_list":{"0":"post-21593","1":"post","2":"type-post","3":"status-publish","4":"format-standard","5":"has-post-thumbnail","7":"category-interes-general","8":"category-politica-provincial"},"jetpack_publicize_connections":[],"jetpack_featured_media_url":"https:\/\/i0.wp.com\/larevistadigital.com.ar\/blog\/wp-content\/uploads\/BARES-CIERRE-3-AM.png?fit=1011%2C672&ssl=1","jetpack_sharing_enabled":true,"jetpack_shortlink":"https:\/\/wp.me\/p8qtrQ-5Ch","jetpack-related-posts":[{"id":19858,"url":"https:\/\/larevistadigital.com.ar\/blog\/debido-al-aumento-de-casos-la-provincia-bajo-a-fase-3-a-pinamar-dolores-maipu-y-belgrano\/","url_meta":{"origin":21593,"position":0},"title":"DEBIDO AL AUMENTO DE CASOS, LA PROVINCIA BAJ\u00d3 A FASE 3 A PINAMAR, DOLORES, MAIPU Y BELGRANO","author":"Alejandro Sosa Ruda","date":"27 abril, 2021","format":false,"excerpt":"Lo anunci\u00f3 el jefe de Gabinete del gobierno bonaerense, Carlos Bianco. Comenzar\u00e1 a regir a partir de ma\u00f1ana mi\u00e9rcoles. Tordillo tambi\u00e9n retrocedi\u00f3 a fase 4. Dolores, Pinamar, General Belgrano y Maip\u00fa son los 4 distritos de la Quinta Secci\u00f3n que pasaron a fase 3, al igual que otros 11 municipios.\u2026","rel":"","context":"En \u00abINTERES GENERAL\u00bb","block_context":{"text":"INTERES GENERAL","link":"https:\/\/larevistadigital.com.ar\/blog\/category\/interes-general\/"},"img":{"alt_text":"","src":"https:\/\/i0.wp.com\/larevistadigital.com.ar\/blog\/wp-content\/uploads\/semaforo-fase3-1.jpg?fit=1201%2C740&ssl=1&resize=350%2C200","width":350,"height":200,"srcset":"https:\/\/i0.wp.com\/larevistadigital.com.ar\/blog\/wp-content\/uploads\/semaforo-fase3-1.jpg?fit=1201%2C740&ssl=1&resize=350%2C200 1x, https:\/\/i0.wp.com\/larevistadigital.com.ar\/blog\/wp-content\/uploads\/semaforo-fase3-1.jpg?fit=1201%2C740&ssl=1&resize=525%2C300 1.5x, https:\/\/i0.wp.com\/larevistadigital.com.ar\/blog\/wp-content\/uploads\/semaforo-fase3-1.jpg?fit=1201%2C740&ssl=1&resize=700%2C400 2x, https:\/\/i0.wp.com\/larevistadigital.com.ar\/blog\/wp-content\/uploads\/semaforo-fase3-1.jpg?fit=1201%2C740&ssl=1&resize=1050%2C600 3x"},"classes":[]},{"id":19957,"url":"https:\/\/larevistadigital.com.ar\/blog\/la-pata-todas-las-actividades-prohibidas-hasta-el-21-de-mayo\/","url_meta":{"origin":21593,"position":1},"title":"LA PATA: TODAS LAS ACTIVIDADES PROHIBIDAS HASTA EL 21 DE MAYO","author":"Alejandro Sosa Ruda","date":"30 abril, 2021","format":false,"excerpt":"La continuidad de las medidas restrictivas buscan bajar la curva de casos en las zonas de alerta epidemiol\u00f3gico, como La Plata. El presidente Alberto Fern\u00e1ndez anunci\u00f3 una serie de medidas que se aplicar\u00e1n hasta el 21 de mayo para intentar de controlar el avance de la situaci\u00f3n epidemiol\u00f3gica en las\u2026","rel":"","context":"En \u00abREGIONALES\u00bb","block_context":{"text":"REGIONALES","link":"https:\/\/larevistadigital.com.ar\/blog\/category\/regionales\/"},"img":{"alt_text":"","src":"https:\/\/i0.wp.com\/larevistadigital.com.ar\/blog\/wp-content\/uploads\/1593608768611.jpeg?fit=1200%2C797&ssl=1&resize=350%2C200","width":350,"height":200,"srcset":"https:\/\/i0.wp.com\/larevistadigital.com.ar\/blog\/wp-content\/uploads\/1593608768611.jpeg?fit=1200%2C797&ssl=1&resize=350%2C200 1x, https:\/\/i0.wp.com\/larevistadigital.com.ar\/blog\/wp-content\/uploads\/1593608768611.jpeg?fit=1200%2C797&ssl=1&resize=525%2C300 1.5x, https:\/\/i0.wp.com\/larevistadigital.com.ar\/blog\/wp-content\/uploads\/1593608768611.jpeg?fit=1200%2C797&ssl=1&resize=700%2C400 2x, https:\/\/i0.wp.com\/larevistadigital.com.ar\/blog\/wp-content\/uploads\/1593608768611.jpeg?fit=1200%2C797&ssl=1&resize=1050%2C600 3x"},"classes":[]},{"id":17428,"url":"https:\/\/larevistadigital.com.ar\/blog\/anuncios-del-intendente-de-ayacucho-en-conferencia-de-prensa\/","url_meta":{"origin":21593,"position":2},"title":"ANUNCIOS DEL INTENDENTE DE AYACUCHO EN CONFERENCIA DE PRENSA","author":"Alejandro Sosa Ruda","date":"4 noviembre, 2020","format":false,"excerpt":"Inform\u00f3 el portal \"ayacuchoald\u00eda.com.ar\" que en una conferencia de prensa realizada este mi\u00e9rcoles 4\/11, el Intendente Municipal Lic. Emilio Cordonnier anunci\u00f3; \u2013 Hubo hasta ahora 195 casos en Ayacucho, 21 activos, 172 recuperados, 2 fallecidos. Se habilitan las reuniones familiares hasta 10 personas, recomend\u00e1ndose que sean al aire libre. El\u2026","rel":"","context":"En \u00abREGIONALES\u00bb","block_context":{"text":"REGIONALES","link":"https:\/\/larevistadigital.com.ar\/blog\/category\/regionales\/"},"img":{"alt_text":"","src":"https:\/\/i0.wp.com\/larevistadigital.com.ar\/blog\/wp-content\/uploads\/DSCN0397-800x600-1.jpg?fit=800%2C600&ssl=1&resize=350%2C200","width":350,"height":200,"srcset":"https:\/\/i0.wp.com\/larevistadigital.com.ar\/blog\/wp-content\/uploads\/DSCN0397-800x600-1.jpg?fit=800%2C600&ssl=1&resize=350%2C200 1x, https:\/\/i0.wp.com\/larevistadigital.com.ar\/blog\/wp-content\/uploads\/DSCN0397-800x600-1.jpg?fit=800%2C600&ssl=1&resize=525%2C300 1.5x, https:\/\/i0.wp.com\/larevistadigital.com.ar\/blog\/wp-content\/uploads\/DSCN0397-800x600-1.jpg?fit=800%2C600&ssl=1&resize=700%2C400 2x"},"classes":[]},{"id":21186,"url":"https:\/\/larevistadigital.com.ar\/blog\/en-la-provincia-se-analiza-que-solamente-los-vacunados-puedan-ingresar-a-bares-y-restaurantes\/","url_meta":{"origin":21593,"position":3},"title":"EN LA PROVINCIA SE ANALIZA QUE SOLAMENTE LOS VACUNADOS PUEDAN INGRESAR A BARES Y RESTAURANTES","author":"Alejandro Sosa Ruda","date":"19 julio, 2021","format":false,"excerpt":"Las autoridades bonaerenses implementar\u00edan esta medida para fomentar la vacunaci\u00f3n en aquellos que a\u00fan no est\u00e1n decididos a inocularse. Mientras avanza el operativo de vacunaci\u00f3n, en el territorio bonaerense analizan la posibilidad de establecer una restricci\u00f3n y que\u00a0solamente aquellas personas que est\u00e9n vacunadas puedan ingresar a bares y restaurantes. As\u00ed\u2026","rel":"","context":"En \u00abSin categor\u00eda\u00bb","block_context":{"text":"Sin categor\u00eda","link":"https:\/\/larevistadigital.com.ar\/blog\/category\/sin-categoria\/"},"img":{"alt_text":"","src":"https:\/\/i0.wp.com\/larevistadigital.com.ar\/blog\/wp-content\/uploads\/Fohlen-2.jpeg?fit=1200%2C675&ssl=1&resize=350%2C200","width":350,"height":200,"srcset":"https:\/\/i0.wp.com\/larevistadigital.com.ar\/blog\/wp-content\/uploads\/Fohlen-2.jpeg?fit=1200%2C675&ssl=1&resize=350%2C200 1x, https:\/\/i0.wp.com\/larevistadigital.com.ar\/blog\/wp-content\/uploads\/Fohlen-2.jpeg?fit=1200%2C675&ssl=1&resize=525%2C300 1.5x, https:\/\/i0.wp.com\/larevistadigital.com.ar\/blog\/wp-content\/uploads\/Fohlen-2.jpeg?fit=1200%2C675&ssl=1&resize=700%2C400 2x, https:\/\/i0.wp.com\/larevistadigital.com.ar\/blog\/wp-content\/uploads\/Fohlen-2.jpeg?fit=1200%2C675&ssl=1&resize=1050%2C600 3x"},"classes":[]},{"id":16304,"url":"https:\/\/larevistadigital.com.ar\/blog\/verano-2021-intendentes-de-la-costa-y-kicillof-acordaron-trabajar-juntos-para-la-temporada\/","url_meta":{"origin":21593,"position":4},"title":"VERANO 2021: INTENDENTES DE LA COSTA Y KICILLOF ACORDARON TRABAJAR JUNTOS PARA LA TEMPORADA","author":"Alejandro Sosa Ruda","date":"8 septiembre, 2020","format":false,"excerpt":"El gobernador bonaerense y los jefes comunales conformaron una mesa de trabajo para analizar la situaci\u00f3n sanitaria y los distintos escenarios posibles de cara al per\u00edodo estival. Con la mira puesta en la pr\u00f3xima temporada de verano, el gobernador de la provincia de Buenos Aires, Axel Kicillof, mantuvo un encuentro\u2026","rel":"","context":"En \u00abPOLITICA PROVINCIAL\u00bb","block_context":{"text":"POLITICA PROVINCIAL","link":"https:\/\/larevistadigital.com.ar\/blog\/category\/politica\/politica-provincial\/"},"img":{"alt_text":"","src":"https:\/\/i0.wp.com\/larevistadigital.com.ar\/blog\/wp-content\/uploads\/37399e01f04489ca68a5952dc015790b836b421a.jpg?fit=1140%2C759&ssl=1&resize=350%2C200","width":350,"height":200,"srcset":"https:\/\/i0.wp.com\/larevistadigital.com.ar\/blog\/wp-content\/uploads\/37399e01f04489ca68a5952dc015790b836b421a.jpg?fit=1140%2C759&ssl=1&resize=350%2C200 1x, https:\/\/i0.wp.com\/larevistadigital.com.ar\/blog\/wp-content\/uploads\/37399e01f04489ca68a5952dc015790b836b421a.jpg?fit=1140%2C759&ssl=1&resize=525%2C300 1.5x, https:\/\/i0.wp.com\/larevistadigital.com.ar\/blog\/wp-content\/uploads\/37399e01f04489ca68a5952dc015790b836b421a.jpg?fit=1140%2C759&ssl=1&resize=700%2C400 2x, https:\/\/i0.wp.com\/larevistadigital.com.ar\/blog\/wp-content\/uploads\/37399e01f04489ca68a5952dc015790b836b421a.jpg?fit=1140%2C759&ssl=1&resize=1050%2C600 3x"},"classes":[]},{"id":18326,"url":"https:\/\/larevistadigital.com.ar\/blog\/marcha-atras-con-las-fiestas-al-aire-libre-en-provincia-por-el-rebrote-de-covid-19\/","url_meta":{"origin":21593,"position":5},"title":"MARCHA ATR\u00c1S CON LAS FIESTAS AL AIRE LIBRE EN PROVINCIA POR EL REBROTE DE COVID-19","author":"Alejandro Sosa Ruda","date":"24 diciembre, 2020","format":false,"excerpt":"El gobernador Axel Kicillof, decidi\u00f3 dar marcha atr\u00e1s con la iniciativa que se hab\u00eda planteado la semana pasada sobre el esparcimiento nocturno, debido al rebrote de Covid-19. La movida que esboz\u00f3 el jefe de Gabinete de la provincia,\u00a0Carlos Bianco, se\u00f1alaba que para evitar los\u00a0eventos clandestinos se habilitar\u00edan espacios para \u201cfiestas\u201d\u2026","rel":"","context":"En \u00abINTERES GENERAL\u00bb","block_context":{"text":"INTERES GENERAL","link":"https:\/\/larevistadigital.com.ar\/blog\/category\/interes-general\/"},"img":{"alt_text":"","src":"https:\/\/i0.wp.com\/larevistadigital.com.ar\/blog\/wp-content\/uploads\/129222-kicillof-0.jpeg?fit=1200%2C1050&ssl=1&resize=350%2C200","width":350,"height":200,"srcset":"https:\/\/i0.wp.com\/larevistadigital.com.ar\/blog\/wp-content\/uploads\/129222-kicillof-0.jpeg?fit=1200%2C1050&ssl=1&resize=350%2C200 1x, https:\/\/i0.wp.com\/larevistadigital.com.ar\/blog\/wp-content\/uploads\/129222-kicillof-0.jpeg?fit=1200%2C1050&ssl=1&resize=525%2C300 1.5x, https:\/\/i0.wp.com\/larevistadigital.com.ar\/blog\/wp-content\/uploads\/129222-kicillof-0.jpeg?fit=1200%2C1050&ssl=1&resize=700%2C400 2x, https:\/\/i0.wp.com\/larevistadigital.com.ar\/blog\/wp-content\/uploads\/129222-kicillof-0.jpeg?fit=1200%2C1050&ssl=1&resize=1050%2C600 3x"},"classes":[]}],"_links":{"self":[{"href":"https:\/\/larevistadigital.com.ar\/blog\/wp-json\/wp\/v2\/posts\/21593","targetHints":{"allow":["GET"]}}],"collection":[{"href":"https:\/\/larevistadigital.com.ar\/blog\/wp-json\/wp\/v2\/posts"}],"about":[{"href":"https:\/\/larevistadigital.com.ar\/blog\/wp-json\/wp\/v2\/types\/post"}],"author":[{"embeddable":true,"href":"https:\/\/larevistadigital.com.ar\/blog\/wp-json\/wp\/v2\/users\/3"}],"replies":[{"embeddable":true,"href":"https:\/\/larevistadigital.com.ar\/blog\/wp-json\/wp\/v2\/comments?post=21593"}],"version-history":[{"count":2,"href":"https:\/\/larevistadigital.com.ar\/blog\/wp-json\/wp\/v2\/posts\/21593\/revisions"}],"predecessor-version":[{"id":21596,"href":"https:\/\/larevistadigital.com.ar\/blog\/wp-json\/wp\/v2\/posts\/21593\/revisions\/21596"}],"wp:featuredmedia":[{"embeddable":true,"href":"https:\/\/larevistadigital.com.ar\/blog\/wp-json\/wp\/v2\/media\/21594"}],"wp:attachment":[{"href":"https:\/\/larevistadigital.com.ar\/blog\/wp-json\/wp\/v2\/media?parent=21593"}],"wp:term":[{"taxonomy":"category","embeddable":true,"href":"https:\/\/larevistadigital.com.ar\/blog\/wp-json\/wp\/v2\/categories?post=21593"},{"taxonomy":"post_tag","embeddable":true,"href":"https:\/\/larevistadigital.com.ar\/blog\/wp-json\/wp\/v2\/tags?post=21593"}],"curies":[{"name":"wp","href":"https:\/\/api.w.org\/{rel}","templated":true}]}}