{"id":21597,"date":"2021-08-17T14:33:04","date_gmt":"2021-08-17T14:33:04","guid":{"rendered":"https:\/\/larevistadigital.com.ar\/blog\/?p=21597"},"modified":"2021-08-17T14:33:04","modified_gmt":"2021-08-17T14:33:04","slug":"vecinos-en-guerra-discutieron-por-una-medianera-se-agarraron-a-trompadas-y-uno-le-baleo-la-casa-al-otro","status":"publish","type":"post","link":"https:\/\/larevistadigital.com.ar\/blog\/vecinos-en-guerra-discutieron-por-una-medianera-se-agarraron-a-trompadas-y-uno-le-baleo-la-casa-al-otro\/","title":{"rendered":"VECINOS EN GUERRA: DISCUTIERON POR UNA MEDIANERA, SE AGARRARON A TROMPADAS Y UNO LE BALE\u00d3 LA CASA AL OTRO"},"content":{"rendered":"<h2>Ocurri\u00f3 ayer a la noche en el barrio Colinas de Peralta Ramos. Un hombre de 46 a\u00f1os qued\u00f3 detenido en la Unidad Penal 44 de Bat\u00e1n.<\/h2>\n<p><strong>MAR DEL PLATA &#8211;<\/strong> Una discusi\u00f3n de vecinos por una medianera que uno constru\u00eda para dividir los terrenos escal\u00f3 hasta que, tras una pelea, uno de los hombres sac\u00f3 un rev\u00f3lver y le bale\u00f3 la casa al otro.<\/p>\n<blockquote>\n<h3>El hecho ocurri\u00f3 el lunes por la noche en el barrio<strong>\u00a0Colinas de Peralta Ramos<\/strong>\u00a0y es una muestra m\u00e1s de los altos niveles de violencia y poca tolerancia que se advierten en la sociedad semana a semana en Mar del Plata.<\/h3>\n<\/blockquote>\n<p>Seg\u00fan trascendi\u00f3, todo comenz\u00f3 por una discusi\u00f3n por la altura de la medianera que un hombre constru\u00eda para separar su terreno del de su vecino. Al no ponerse de acuerdo, la discuti\u00f3 escal\u00f3 hasta que se trenzaron en una pelea a golpes de pu\u00f1o. Terminada la pelea, uno de los hombres ingres\u00f3 a su casa, tom\u00f3 un rev\u00f3lver Orbea calibre 38 y bale\u00f3 el frente de la casa de su vecino, rompi\u00e9ndole los vidrios de dos ventanas, sin lesionar a ning\u00fan morador.<\/p>\n<blockquote>\n<h3>Un llamado al 911 alert\u00f3 a la polic\u00eda y personal de la comisar\u00eda quinta fue hasta el lugar. Al llegar a la cuadra de Einstein al 3000 aprehendieron al\u00a0<strong>hombre de 46 a\u00f1os<\/strong>\u00a0que hab\u00eda disparado contra la casa de su vecino y secuestraron el arma empleada.<\/h3>\n<\/blockquote>\n<p>Por disposici\u00f3n de la\u00a0<strong>Fiscal\u00eda de Flagrancia<\/strong>\u00a0el hombre qued\u00f3 imputado por portaci\u00f3n ilegal de arma de guerra, abuso de armas y da\u00f1o y qued\u00f3 alojado en la Unidad Penal 44 de Bat\u00e1n.<\/p>\n","protected":false},"excerpt":{"rendered":"<div class=\"mh-excerpt\"><p>Ocurri\u00f3 ayer a la noche en el barrio Colinas de Peralta Ramos. Un hombre de 46 a\u00f1os qued\u00f3 detenido en la Unidad Penal 44 de Bat\u00e1n. MAR DEL PLATA &#8211; Una discusi\u00f3n de vecinos por <a class=\"mh-excerpt-more\" href=\"https:\/\/larevistadigital.com.ar\/blog\/vecinos-en-guerra-discutieron-por-una-medianera-se-agarraron-a-trompadas-y-uno-le-baleo-la-casa-al-otro\/\" title=\"VECINOS EN GUERRA: DISCUTIERON POR UNA MEDIANERA, SE AGARRARON A TROMPADAS Y UNO LE BALE\u00d3 LA CASA AL OTRO\">[Leer M\u00e1s]<\/a><\/p>\n<\/div>","protected":false},"author":3,"featured_media":21598,"comment_status":"open","ping_status":"open","sticky":false,"template":"","format":"standard","meta":{"_jetpack_memberships_contains_paid_content":false,"footnotes":"","jetpack_publicize_message":"","jetpack_publicize_feature_enabled":true,"jetpack_social_post_already_shared":true,"jetpack_social_options":{"image_generator_settings":{"template":"highway","default_image_id":0,"font":"","enabled":false},"version":2}},"categories":[44,51],"tags":[],"class_list":{"0":"post-21597","1":"post","2":"type-post","3":"status-publish","4":"format-standard","5":"has-post-thumbnail","7":"category-policiales","8":"category-regionales"},"jetpack_publicize_connections":[],"jetpack_featured_media_url":"https:\/\/i0.wp.com\/larevistadigital.com.ar\/blog\/wp-content\/uploads\/VECINOS-GUERREROS.png?fit=867%2C577&ssl=1","jetpack_sharing_enabled":true,"jetpack_shortlink":"https:\/\/wp.me\/p8qtrQ-5Cl","jetpack-related-posts":[{"id":16610,"url":"https:\/\/larevistadigital.com.ar\/blog\/detuvieron-a-dos-individuos-por-intento-de-robo\/","url_meta":{"origin":21597,"position":0},"title":"DETUVIERON A DOS INDIVIDUOS POR INTENTO DE ROBO","author":"Alejandro Sosa Ruda","date":"29 septiembre, 2020","format":false,"excerpt":"Uno quiso saltar una medianera para robar, y el otro intent\u00f3 asaltar una verduler\u00eda con un cuchillo de cocina Un sujeto de 31 a\u00f1os fue apresado por la polic\u00eda luego ingresar esta madrugada a una propiedad tras escalar una medianera y fue sorprendido en el porche de la casa por\u2026","rel":"","context":"En \u00abREGIONALES\u00bb","block_context":{"text":"REGIONALES","link":"https:\/\/larevistadigital.com.ar\/blog\/category\/regionales\/"},"img":{"alt_text":"","src":"https:\/\/i0.wp.com\/larevistadigital.com.ar\/blog\/wp-content\/uploads\/20200929085400_3f9ad536_f622_4518_b1a7_37465e1e3483.jpg?fit=880%2C586&ssl=1&resize=350%2C200","width":350,"height":200,"srcset":"https:\/\/i0.wp.com\/larevistadigital.com.ar\/blog\/wp-content\/uploads\/20200929085400_3f9ad536_f622_4518_b1a7_37465e1e3483.jpg?fit=880%2C586&ssl=1&resize=350%2C200 1x, https:\/\/i0.wp.com\/larevistadigital.com.ar\/blog\/wp-content\/uploads\/20200929085400_3f9ad536_f622_4518_b1a7_37465e1e3483.jpg?fit=880%2C586&ssl=1&resize=525%2C300 1.5x, https:\/\/i0.wp.com\/larevistadigital.com.ar\/blog\/wp-content\/uploads\/20200929085400_3f9ad536_f622_4518_b1a7_37465e1e3483.jpg?fit=880%2C586&ssl=1&resize=700%2C400 2x"},"classes":[]},{"id":26464,"url":"https:\/\/larevistadigital.com.ar\/blog\/mar-del-plata-fue-detenido-por-dispararle-en-la-cara-a-su-ex-pareja\/","url_meta":{"origin":21597,"position":1},"title":"MAR DEL PLATA: FUE DETENIDO POR DISPARARLE EN LA CARA A SU EX PAREJA","author":"Alejandro Sosa Ruda","date":"11 julio, 2022","format":false,"excerpt":"Ocurri\u00f3 el domingo a la noche en Avenida Jacinto Peralta Ramos y Puan. La v\u00edctima tiene 36 a\u00f1os y qued\u00f3 internada en el Hospital Interzonal, mientras que el agresor, de 75, fue imputado por \"homicidio en grado de tentativa\". MAR DEL PLATA -\u00a0 Un hombre de 75 a\u00f1os\u00a0fue detenido el\u2026","rel":"","context":"En \u00abPOLICIALES\u00bb","block_context":{"text":"POLICIALES","link":"https:\/\/larevistadigital.com.ar\/blog\/category\/policiales\/"},"img":{"alt_text":"","src":"https:\/\/i0.wp.com\/larevistadigital.com.ar\/blog\/wp-content\/uploads\/Captura-de-pantalla-2022-07-11-114528.png?fit=618%2C455&ssl=1&resize=350%2C200","width":350,"height":200,"srcset":"https:\/\/i0.wp.com\/larevistadigital.com.ar\/blog\/wp-content\/uploads\/Captura-de-pantalla-2022-07-11-114528.png?fit=618%2C455&ssl=1&resize=350%2C200 1x, https:\/\/i0.wp.com\/larevistadigital.com.ar\/blog\/wp-content\/uploads\/Captura-de-pantalla-2022-07-11-114528.png?fit=618%2C455&ssl=1&resize=525%2C300 1.5x"},"classes":[]},{"id":26016,"url":"https:\/\/larevistadigital.com.ar\/blog\/mar-del-plata-muere-un-hombre-y-su-perro-por-inhalacion-de-anhidrido-carbonico\/","url_meta":{"origin":21597,"position":2},"title":"MAR DEL PLATA: MUERE UN HOMBRE Y SU PERRO POR INHALACI\u00d3N DE ANH\u00cdDRIDO CARB\u00d3NICO","author":"Alejandro Sosa Ruda","date":"21 junio, 2022","format":false,"excerpt":"Sucedi\u00f3 en el barrio El Jard\u00edn de Peralta Ramos. La v\u00edctima ten\u00eda 65 a\u00f1os. Una cuadrilla de Camuzzi detect\u00f3 presencia de mon\u00f3xido en la vivienda. Un hombre de 65 a\u00f1os que los vecinos no ve\u00edan desde hace dos d\u00edas fue hallado sin vida ese lunes en el interior de su\u2026","rel":"","context":"En \u00abREGIONALES\u00bb","block_context":{"text":"REGIONALES","link":"https:\/\/larevistadigital.com.ar\/blog\/category\/regionales\/"},"img":{"alt_text":"","src":"https:\/\/i0.wp.com\/larevistadigital.com.ar\/blog\/wp-content\/uploads\/Guardia-Higa-0311.jpg?fit=790%2C444&ssl=1&resize=350%2C200","width":350,"height":200,"srcset":"https:\/\/i0.wp.com\/larevistadigital.com.ar\/blog\/wp-content\/uploads\/Guardia-Higa-0311.jpg?fit=790%2C444&ssl=1&resize=350%2C200 1x, https:\/\/i0.wp.com\/larevistadigital.com.ar\/blog\/wp-content\/uploads\/Guardia-Higa-0311.jpg?fit=790%2C444&ssl=1&resize=525%2C300 1.5x, https:\/\/i0.wp.com\/larevistadigital.com.ar\/blog\/wp-content\/uploads\/Guardia-Higa-0311.jpg?fit=790%2C444&ssl=1&resize=700%2C400 2x"},"classes":[]},{"id":21600,"url":"https:\/\/larevistadigital.com.ar\/blog\/padre-e-hijo-escucharon-ruidos-en-el-patio-terminaron-atrapando-a-un-ladron\/","url_meta":{"origin":21597,"position":3},"title":"PADRE E HIJO ESCUCHARON RUIDOS EN EL PATIO. TERMINARON ATRAPANDO A UN LADR\u00d3N","author":"Alejandro Sosa Ruda","date":"17 agosto, 2021","format":false,"excerpt":"El hecho ocurri\u00f3 ayer por la noche. El detenido tiene 22 a\u00f1os, mientras que otros dos delincuentes lograron escapar. MAR DEL PLATA -\u00a0 Padre e hijo\u00a0atraparon ayer a la noche a un ladr\u00f3n\u00a0que hab\u00eda ingresado al patio de su casa del barrio\u00a0Peralta Ramos Oeste\u00a0y lo retuvieron hasta la llegada de\u2026","rel":"","context":"En \u00abPOLICIALES\u00bb","block_context":{"text":"POLICIALES","link":"https:\/\/larevistadigital.com.ar\/blog\/category\/policiales\/"},"img":{"alt_text":"","src":"https:\/\/i0.wp.com\/larevistadigital.com.ar\/blog\/wp-content\/uploads\/CACO-MDQ-e1629211250256.png?fit=786%2C283&ssl=1&resize=350%2C200","width":350,"height":200,"srcset":"https:\/\/i0.wp.com\/larevistadigital.com.ar\/blog\/wp-content\/uploads\/CACO-MDQ-e1629211250256.png?fit=786%2C283&ssl=1&resize=350%2C200 1x, https:\/\/i0.wp.com\/larevistadigital.com.ar\/blog\/wp-content\/uploads\/CACO-MDQ-e1629211250256.png?fit=786%2C283&ssl=1&resize=525%2C300 1.5x, https:\/\/i0.wp.com\/larevistadigital.com.ar\/blog\/wp-content\/uploads\/CACO-MDQ-e1629211250256.png?fit=786%2C283&ssl=1&resize=700%2C400 2x"},"classes":[]},{"id":20930,"url":"https:\/\/larevistadigital.com.ar\/blog\/mar-del-plata-los-fuertes-vientos-provocaron-destrozos-caida-de-arboles-y-cortes-de-luz\/","url_meta":{"origin":21597,"position":4},"title":"MAR DEL PLATA: LOS FUERTES VIENTOS PROVOCARON DESTROZOS, CA\u00cdDA DE \u00c1RBOLES Y CORTES DE LUZ","author":"Alejandro Sosa Ruda","date":"28 junio, 2021","format":false,"excerpt":"En el Bosque Peralta Ramos, un \u00e1rbol cay\u00f3 sobre una vivienda y rompi\u00f3 un ca\u00f1o de gas. Adem\u00e1s, otro ejemplar cedi\u00f3 y termin\u00f3 sobre un auto. Edea comunic\u00f3 que algunos de sus distribuidores est\u00e1n fuera de servicio y Defensa Civil pide \u201ctransitar con cautela\u201d. MAR DEL PLATA - El intenso\u2026","rel":"","context":"En \u00abREGIONALES\u00bb","block_context":{"text":"REGIONALES","link":"https:\/\/larevistadigital.com.ar\/blog\/category\/regionales\/"},"img":{"alt_text":"","src":"https:\/\/i0.wp.com\/larevistadigital.com.ar\/blog\/wp-content\/uploads\/TEMPORAL-MDQ.png?fit=997%2C651&ssl=1&resize=350%2C200","width":350,"height":200,"srcset":"https:\/\/i0.wp.com\/larevistadigital.com.ar\/blog\/wp-content\/uploads\/TEMPORAL-MDQ.png?fit=997%2C651&ssl=1&resize=350%2C200 1x, https:\/\/i0.wp.com\/larevistadigital.com.ar\/blog\/wp-content\/uploads\/TEMPORAL-MDQ.png?fit=997%2C651&ssl=1&resize=525%2C300 1.5x, https:\/\/i0.wp.com\/larevistadigital.com.ar\/blog\/wp-content\/uploads\/TEMPORAL-MDQ.png?fit=997%2C651&ssl=1&resize=700%2C400 2x"},"classes":[]},{"id":17757,"url":"https:\/\/larevistadigital.com.ar\/blog\/baleo-a-su-tia-y-luego-de-permanecer-dos-horas-atrincherado-fue-detenido\/","url_meta":{"origin":21597,"position":5},"title":"BALEO A SU T\u00cdA, Y LUEGO DE PERMANECER DOS HORAS ATRINCHERADO, FUE DETENIDO","author":"Alejandro Sosa Ruda","date":"19 noviembre, 2020","format":false,"excerpt":"Un hombre de 36 a\u00f1os fue aprehendido luego de que amenazara de muerte y le disparara a la hermana de su padre en el barrio Jorge Newbery. Hubo disturbios y tambi\u00e9n result\u00f3 herido el hijo de la mujer, que buscaba tomar venganza. MAR DEL PLATA - Un hombre de 36\u2026","rel":"","context":"En \u00abPOLICIALES\u00bb","block_context":{"text":"POLICIALES","link":"https:\/\/larevistadigital.com.ar\/blog\/category\/policiales\/"},"img":{"alt_text":"","src":"https:\/\/i0.wp.com\/larevistadigital.com.ar\/blog\/wp-content\/uploads\/Screenshot_2-118.jpg?fit=996%2C559&ssl=1&resize=350%2C200","width":350,"height":200,"srcset":"https:\/\/i0.wp.com\/larevistadigital.com.ar\/blog\/wp-content\/uploads\/Screenshot_2-118.jpg?fit=996%2C559&ssl=1&resize=350%2C200 1x, https:\/\/i0.wp.com\/larevistadigital.com.ar\/blog\/wp-content\/uploads\/Screenshot_2-118.jpg?fit=996%2C559&ssl=1&resize=525%2C300 1.5x, https:\/\/i0.wp.com\/larevistadigital.com.ar\/blog\/wp-content\/uploads\/Screenshot_2-118.jpg?fit=996%2C559&ssl=1&resize=700%2C400 2x"},"classes":[]}],"_links":{"self":[{"href":"https:\/\/larevistadigital.com.ar\/blog\/wp-json\/wp\/v2\/posts\/21597","targetHints":{"allow":["GET"]}}],"collection":[{"href":"https:\/\/larevistadigital.com.ar\/blog\/wp-json\/wp\/v2\/posts"}],"about":[{"href":"https:\/\/larevistadigital.com.ar\/blog\/wp-json\/wp\/v2\/types\/post"}],"author":[{"embeddable":true,"href":"https:\/\/larevistadigital.com.ar\/blog\/wp-json\/wp\/v2\/users\/3"}],"replies":[{"embeddable":true,"href":"https:\/\/larevistadigital.com.ar\/blog\/wp-json\/wp\/v2\/comments?post=21597"}],"version-history":[{"count":1,"href":"https:\/\/larevistadigital.com.ar\/blog\/wp-json\/wp\/v2\/posts\/21597\/revisions"}],"predecessor-version":[{"id":21599,"href":"https:\/\/larevistadigital.com.ar\/blog\/wp-json\/wp\/v2\/posts\/21597\/revisions\/21599"}],"wp:featuredmedia":[{"embeddable":true,"href":"https:\/\/larevistadigital.com.ar\/blog\/wp-json\/wp\/v2\/media\/21598"}],"wp:attachment":[{"href":"https:\/\/larevistadigital.com.ar\/blog\/wp-json\/wp\/v2\/media?parent=21597"}],"wp:term":[{"taxonomy":"category","embeddable":true,"href":"https:\/\/larevistadigital.com.ar\/blog\/wp-json\/wp\/v2\/categories?post=21597"},{"taxonomy":"post_tag","embeddable":true,"href":"https:\/\/larevistadigital.com.ar\/blog\/wp-json\/wp\/v2\/tags?post=21597"}],"curies":[{"name":"wp","href":"https:\/\/api.w.org\/{rel}","templated":true}]}}