{"id":21600,"date":"2021-08-17T14:39:25","date_gmt":"2021-08-17T14:39:25","guid":{"rendered":"https:\/\/larevistadigital.com.ar\/blog\/?p=21600"},"modified":"2021-08-17T14:39:25","modified_gmt":"2021-08-17T14:39:25","slug":"padre-e-hijo-escucharon-ruidos-en-el-patio-terminaron-atrapando-a-un-ladron","status":"publish","type":"post","link":"https:\/\/larevistadigital.com.ar\/blog\/padre-e-hijo-escucharon-ruidos-en-el-patio-terminaron-atrapando-a-un-ladron\/","title":{"rendered":"PADRE E HIJO ESCUCHARON RUIDOS EN EL PATIO. TERMINARON ATRAPANDO A UN LADR\u00d3N"},"content":{"rendered":"<h2>El hecho ocurri\u00f3 ayer por la noche. El detenido tiene 22 a\u00f1os, mientras que otros dos delincuentes lograron escapar.<\/h2>\n<p><strong>MAR DEL PLATA &#8211;\u00a0 <\/strong>Padre e hijo\u00a0<strong>atraparon ayer a la noche a un ladr\u00f3n<\/strong>\u00a0que hab\u00eda ingresado al patio de su casa del barrio\u00a0<strong>Peralta Ramos Oeste<\/strong>\u00a0y lo retuvieron hasta la llegada de la polic\u00eda.<\/p>\n<blockquote>\n<h3>Seg\u00fan informaron fuentes oficiales, el detenido, de 22 a\u00f1os, qued\u00f3 imputado por \u201c<strong>robo agravado por ser cometido en poblado y en banda y por escalamiento en grado de tentativa<\/strong>\u201d y, por disposici\u00f3n de la Fiscal\u00eda de Flagrancia, fue trasladado a la Unidad Penal 44 de Bat\u00e1n. Adem\u00e1s, dos delincuentes lograron darse a la fuga.<\/h3>\n<\/blockquote>\n<p>El hecho se registr\u00f3 el lunes por la noche en\u00a0<strong>Azopardo al 6600<\/strong>, donde padre e hijo escucharon ruidos en el patio de su casa y, al salir a ver qu\u00e9 suced\u00eda encontraron a tres delincuentes que pretend\u00edan ingresar a la vivienda.<\/p>\n<blockquote>\n<h3>Padre e hijo se trenzaron en combate con los delincuentes y lograron reducir a uno de ellos, mientras otros dos huyeron del lugar.\u00a0Vecinos de las v\u00edctimas llamaron al 911 y personal de la comisar\u00eda 16\u00b0 fueron hasta el lugar y aprehendieron al ladr\u00f3n, quien ten\u00eda en su poder un destornillador que hab\u00eda intentado utilizar como un arma.<\/h3>\n<\/blockquote>\n","protected":false},"excerpt":{"rendered":"<div class=\"mh-excerpt\"><p>El hecho ocurri\u00f3 ayer por la noche. El detenido tiene 22 a\u00f1os, mientras que otros dos delincuentes lograron escapar. MAR DEL PLATA &#8211;\u00a0 Padre e hijo\u00a0atraparon ayer a la noche a un ladr\u00f3n\u00a0que hab\u00eda ingresado <a class=\"mh-excerpt-more\" href=\"https:\/\/larevistadigital.com.ar\/blog\/padre-e-hijo-escucharon-ruidos-en-el-patio-terminaron-atrapando-a-un-ladron\/\" title=\"PADRE E HIJO ESCUCHARON RUIDOS EN EL PATIO. TERMINARON ATRAPANDO A UN LADR\u00d3N\">[Leer M\u00e1s]<\/a><\/p>\n<\/div>","protected":false},"author":3,"featured_media":21601,"comment_status":"open","ping_status":"open","sticky":false,"template":"","format":"standard","meta":{"_jetpack_memberships_contains_paid_content":false,"footnotes":"","jetpack_publicize_message":"","jetpack_publicize_feature_enabled":true,"jetpack_social_post_already_shared":true,"jetpack_social_options":{"image_generator_settings":{"template":"highway","default_image_id":0,"font":"","enabled":false},"version":2}},"categories":[44,51],"tags":[],"class_list":{"0":"post-21600","1":"post","2":"type-post","3":"status-publish","4":"format-standard","5":"has-post-thumbnail","7":"category-policiales","8":"category-regionales"},"jetpack_publicize_connections":[],"jetpack_featured_media_url":"https:\/\/i0.wp.com\/larevistadigital.com.ar\/blog\/wp-content\/uploads\/CACO-MDQ-e1629211250256.png?fit=786%2C283&ssl=1","jetpack_sharing_enabled":true,"jetpack_shortlink":"https:\/\/wp.me\/p8qtrQ-5Co","jetpack-related-posts":[{"id":24494,"url":"https:\/\/larevistadigital.com.ar\/blog\/tragedia-un-hombre-le-disparo-en-la-cabeza-a-su-hijo-creyendo-que-era-un-ladron\/","url_meta":{"origin":21600,"position":0},"title":"TRAGEDIA: UN HOMBRE LE DISPAR\u00d3 EN LA CABEZA A SU HIJO, CREYENDO QUE ERA UN LADR\u00d3N","author":"Alejandro Sosa Ruda","date":"11 marzo, 2022","format":false,"excerpt":"Al parecer, habr\u00eda escuchado ruidos en el techo, por lo que tom\u00f3 su carabina calibre 22 y sali\u00f3 al patio y al ver la silueta de una persona, dispar\u00f3. El joven est\u00e1 internado en estado cr\u00edtico. Sucedi\u00f3 en C\u00f3rdoba. CORDOBA -\u00a0 Un hombre le dispar\u00f3 a su hijo de 19\u2026","rel":"","context":"En \u00abINTERES GENERAL\u00bb","block_context":{"text":"INTERES GENERAL","link":"https:\/\/larevistadigital.com.ar\/blog\/category\/interes-general\/"},"img":{"alt_text":"","src":"https:\/\/i0.wp.com\/larevistadigital.com.ar\/blog\/wp-content\/uploads\/21b80301f781bef84033332733f40150f921dc89.jpeg?fit=1140%2C570&ssl=1&resize=350%2C200","width":350,"height":200,"srcset":"https:\/\/i0.wp.com\/larevistadigital.com.ar\/blog\/wp-content\/uploads\/21b80301f781bef84033332733f40150f921dc89.jpeg?fit=1140%2C570&ssl=1&resize=350%2C200 1x, https:\/\/i0.wp.com\/larevistadigital.com.ar\/blog\/wp-content\/uploads\/21b80301f781bef84033332733f40150f921dc89.jpeg?fit=1140%2C570&ssl=1&resize=525%2C300 1.5x, https:\/\/i0.wp.com\/larevistadigital.com.ar\/blog\/wp-content\/uploads\/21b80301f781bef84033332733f40150f921dc89.jpeg?fit=1140%2C570&ssl=1&resize=700%2C400 2x, https:\/\/i0.wp.com\/larevistadigital.com.ar\/blog\/wp-content\/uploads\/21b80301f781bef84033332733f40150f921dc89.jpeg?fit=1140%2C570&ssl=1&resize=1050%2C600 3x"},"classes":[]},{"id":15518,"url":"https:\/\/larevistadigital.com.ar\/blog\/discutio-con-su-hijo-y-lo-mato-de-un-tiro-en-el-pecho\/","url_meta":{"origin":21600,"position":1},"title":"DISCUTI\u00d3 CON SU HIJO Y LO MAT\u00d3 DE UN TIRO EN EL PECHO","author":"Alejandro Sosa Ruda","date":"5 junio, 2020","format":false,"excerpt":"El hecho ocurri\u00f3 ayer a la noche en un casa de Lebenshon y Figueroa. La v\u00edctima tiene 28 a\u00f1os y falleci\u00f3 tras ingresar al Hospital Interzonal de Agudos. Un joven de 28 a\u00f1os fue asesinado por su padre ayer a la noche de un tiro en el pecho tras una\u2026","rel":"","context":"En \u00abPOLICIALES\u00bb","block_context":{"text":"POLICIALES","link":"https:\/\/larevistadigital.com.ar\/blog\/category\/policiales\/"},"img":{"alt_text":"","src":"https:\/\/i0.wp.com\/larevistadigital.com.ar\/blog\/wp-content\/uploads\/Screenshot_1-115.jpg?fit=1006%2C676&ssl=1&resize=350%2C200","width":350,"height":200,"srcset":"https:\/\/i0.wp.com\/larevistadigital.com.ar\/blog\/wp-content\/uploads\/Screenshot_1-115.jpg?fit=1006%2C676&ssl=1&resize=350%2C200 1x, https:\/\/i0.wp.com\/larevistadigital.com.ar\/blog\/wp-content\/uploads\/Screenshot_1-115.jpg?fit=1006%2C676&ssl=1&resize=525%2C300 1.5x, https:\/\/i0.wp.com\/larevistadigital.com.ar\/blog\/wp-content\/uploads\/Screenshot_1-115.jpg?fit=1006%2C676&ssl=1&resize=700%2C400 2x"},"classes":[]},{"id":9342,"url":"https:\/\/larevistadigital.com.ar\/blog\/chascomus-vecino-encuentra-y-reduce-a-ladron-en-el-patio-de-su-casa\/","url_meta":{"origin":21600,"position":2},"title":"CHASCOM\u00daS: VECINO ENCUENTRA Y REDUCE A LADR\u00d3N EN EL PATIO DE SU CASA","author":"Alejandro Sosa Ruda","date":"25 marzo, 2019","format":false,"excerpt":"El hecho ocurri\u00f3 en la ma\u00f1ana de ayer, en una vivienda en la zona de calles garay y Saavedra, cuando un vecino encontr\u00f3 en su patio a una persona, que luego se supo que tiene 28 a\u00f1os y no posee antecedentes penales, aunque no se dieron a conocer los datos\u2026","rel":"","context":"En \u00abPOLICIALES\u00bb","block_context":{"text":"POLICIALES","link":"https:\/\/larevistadigital.com.ar\/blog\/category\/policiales\/"},"img":{"alt_text":"","src":"https:\/\/i0.wp.com\/larevistadigital.com.ar\/blog\/wp-content\/uploads\/2019\/03\/detenido-esposado.jpg?fit=1024%2C683&ssl=1&resize=350%2C200","width":350,"height":200,"srcset":"https:\/\/i0.wp.com\/larevistadigital.com.ar\/blog\/wp-content\/uploads\/2019\/03\/detenido-esposado.jpg?fit=1024%2C683&ssl=1&resize=350%2C200 1x, https:\/\/i0.wp.com\/larevistadigital.com.ar\/blog\/wp-content\/uploads\/2019\/03\/detenido-esposado.jpg?fit=1024%2C683&ssl=1&resize=525%2C300 1.5x, https:\/\/i0.wp.com\/larevistadigital.com.ar\/blog\/wp-content\/uploads\/2019\/03\/detenido-esposado.jpg?fit=1024%2C683&ssl=1&resize=700%2C400 2x"},"classes":[]},{"id":12083,"url":"https:\/\/larevistadigital.com.ar\/blog\/bano-de-sangre-en-tigre-asesino-a-hachazos-a-su-hijo-demente\/","url_meta":{"origin":21600,"position":3},"title":"BA\u00d1O DE SANGRE EN TIGRE: ASESIN\u00d3 A HACHAZOS A SU HIJO DEMENTE","author":"Alejandro Sosa Ruda","date":"16 septiembre, 2019","format":false,"excerpt":"El crimen\u00a0ocurri\u00f3 en la localidad bonaerense de General Pacheco. El homicida, de 60\u00a0a\u00f1os, fue detenido por los efectivos policiales. La localidad bonaerense de General Pacheco,\u00a0en el partido de Tigre, se convirti\u00f3 en escenario de un tremendo suceso, ya que un hombre, de 31 a\u00f1os, quien\u00a0padec\u00eda severas alteraciones psiqui\u00e1tricas, fue salvajemente\u2026","rel":"","context":"En \u00abINTERES GENERAL\u00bb","block_context":{"text":"INTERES GENERAL","link":"https:\/\/larevistadigital.com.ar\/blog\/category\/interes-general\/"},"img":{"alt_text":"","src":"https:\/\/i0.wp.com\/larevistadigital.com.ar\/blog\/wp-content\/uploads\/Screenshot_2-38.jpg?fit=919%2C848&ssl=1&resize=350%2C200","width":350,"height":200,"srcset":"https:\/\/i0.wp.com\/larevistadigital.com.ar\/blog\/wp-content\/uploads\/Screenshot_2-38.jpg?fit=919%2C848&ssl=1&resize=350%2C200 1x, https:\/\/i0.wp.com\/larevistadigital.com.ar\/blog\/wp-content\/uploads\/Screenshot_2-38.jpg?fit=919%2C848&ssl=1&resize=525%2C300 1.5x, https:\/\/i0.wp.com\/larevistadigital.com.ar\/blog\/wp-content\/uploads\/Screenshot_2-38.jpg?fit=919%2C848&ssl=1&resize=700%2C400 2x"},"classes":[]},{"id":35259,"url":"https:\/\/larevistadigital.com.ar\/blog\/chascomus-fue-liberado-hace-dos-semanas-ayer-lastimo-y-robo-a-una-mujer-de-77-anos-y-la-policia-volvio-a-apresarlo\/","url_meta":{"origin":21600,"position":4},"title":"CHASCOM\u00daS: FUE LIBERADO HACE DOS SEMANAS, AYER LASTIM\u00d3 Y ROB\u00d3 A UNA MUJER DE 77 A\u00d1OS Y LA POLIC\u00cdA VOLVI\u00d3 A APRESARLO","author":"Alejandro Sosa Ruda","date":"14 febrero, 2024","format":false,"excerpt":"El detenido viv\u00eda en el Barrio 30 de Mayo y estuvo encarcelado hasta hace dos semanas. Ahora volvi\u00f3 a delinquir y nuevamente se encuentra detenido. 14 de febrero de 2024 CHASCOM\u00daS -\u00a0 \u00a0En horas de la tarde del dia de ayer, la polic\u00eda recibio una denuncia de una mujer de\u2026","rel":"","context":"En \u00abCHASCOM\u00daS\u00bb","block_context":{"text":"CHASCOM\u00daS","link":"https:\/\/larevistadigital.com.ar\/blog\/category\/chascomus\/"},"img":{"alt_text":"","src":"https:\/\/i0.wp.com\/larevistadigital.com.ar\/blog\/wp-content\/uploads\/detenido-2-e1707954251403.jpg?fit=699%2C401&ssl=1&resize=350%2C200","width":350,"height":200,"srcset":"https:\/\/i0.wp.com\/larevistadigital.com.ar\/blog\/wp-content\/uploads\/detenido-2-e1707954251403.jpg?fit=699%2C401&ssl=1&resize=350%2C200 1x, https:\/\/i0.wp.com\/larevistadigital.com.ar\/blog\/wp-content\/uploads\/detenido-2-e1707954251403.jpg?fit=699%2C401&ssl=1&resize=525%2C300 1.5x"},"classes":[]},{"id":17757,"url":"https:\/\/larevistadigital.com.ar\/blog\/baleo-a-su-tia-y-luego-de-permanecer-dos-horas-atrincherado-fue-detenido\/","url_meta":{"origin":21600,"position":5},"title":"BALEO A SU T\u00cdA, Y LUEGO DE PERMANECER DOS HORAS ATRINCHERADO, FUE DETENIDO","author":"Alejandro Sosa Ruda","date":"19 noviembre, 2020","format":false,"excerpt":"Un hombre de 36 a\u00f1os fue aprehendido luego de que amenazara de muerte y le disparara a la hermana de su padre en el barrio Jorge Newbery. Hubo disturbios y tambi\u00e9n result\u00f3 herido el hijo de la mujer, que buscaba tomar venganza. MAR DEL PLATA - Un hombre de 36\u2026","rel":"","context":"En \u00abPOLICIALES\u00bb","block_context":{"text":"POLICIALES","link":"https:\/\/larevistadigital.com.ar\/blog\/category\/policiales\/"},"img":{"alt_text":"","src":"https:\/\/i0.wp.com\/larevistadigital.com.ar\/blog\/wp-content\/uploads\/Screenshot_2-118.jpg?fit=996%2C559&ssl=1&resize=350%2C200","width":350,"height":200,"srcset":"https:\/\/i0.wp.com\/larevistadigital.com.ar\/blog\/wp-content\/uploads\/Screenshot_2-118.jpg?fit=996%2C559&ssl=1&resize=350%2C200 1x, https:\/\/i0.wp.com\/larevistadigital.com.ar\/blog\/wp-content\/uploads\/Screenshot_2-118.jpg?fit=996%2C559&ssl=1&resize=525%2C300 1.5x, https:\/\/i0.wp.com\/larevistadigital.com.ar\/blog\/wp-content\/uploads\/Screenshot_2-118.jpg?fit=996%2C559&ssl=1&resize=700%2C400 2x"},"classes":[]}],"_links":{"self":[{"href":"https:\/\/larevistadigital.com.ar\/blog\/wp-json\/wp\/v2\/posts\/21600","targetHints":{"allow":["GET"]}}],"collection":[{"href":"https:\/\/larevistadigital.com.ar\/blog\/wp-json\/wp\/v2\/posts"}],"about":[{"href":"https:\/\/larevistadigital.com.ar\/blog\/wp-json\/wp\/v2\/types\/post"}],"author":[{"embeddable":true,"href":"https:\/\/larevistadigital.com.ar\/blog\/wp-json\/wp\/v2\/users\/3"}],"replies":[{"embeddable":true,"href":"https:\/\/larevistadigital.com.ar\/blog\/wp-json\/wp\/v2\/comments?post=21600"}],"version-history":[{"count":1,"href":"https:\/\/larevistadigital.com.ar\/blog\/wp-json\/wp\/v2\/posts\/21600\/revisions"}],"predecessor-version":[{"id":21602,"href":"https:\/\/larevistadigital.com.ar\/blog\/wp-json\/wp\/v2\/posts\/21600\/revisions\/21602"}],"wp:featuredmedia":[{"embeddable":true,"href":"https:\/\/larevistadigital.com.ar\/blog\/wp-json\/wp\/v2\/media\/21601"}],"wp:attachment":[{"href":"https:\/\/larevistadigital.com.ar\/blog\/wp-json\/wp\/v2\/media?parent=21600"}],"wp:term":[{"taxonomy":"category","embeddable":true,"href":"https:\/\/larevistadigital.com.ar\/blog\/wp-json\/wp\/v2\/categories?post=21600"},{"taxonomy":"post_tag","embeddable":true,"href":"https:\/\/larevistadigital.com.ar\/blog\/wp-json\/wp\/v2\/tags?post=21600"}],"curies":[{"name":"wp","href":"https:\/\/api.w.org\/{rel}","templated":true}]}}