{"id":21604,"date":"2021-08-18T00:01:48","date_gmt":"2021-08-18T00:01:48","guid":{"rendered":"https:\/\/larevistadigital.com.ar\/blog\/?p=21604"},"modified":"2021-08-18T00:02:33","modified_gmt":"2021-08-18T00:02:33","slug":"insolito-detienen-en-la-plata-a-un-piloto-de-tc-pista-porque-tenia-pedido-de-captura-por-robo","status":"publish","type":"post","link":"https:\/\/larevistadigital.com.ar\/blog\/insolito-detienen-en-la-plata-a-un-piloto-de-tc-pista-porque-tenia-pedido-de-captura-por-robo\/","title":{"rendered":"INS\u00d3LITO: DETIENEN EN LA PLATA A UN PILOTO DE TC PISTA PORQUE TEN\u00cdA PEDIDO DE CAPTURA POR ROBO"},"content":{"rendered":"<h2 class=\"negrita\">Fue tras un control policial realizado este martes en la zona de Abasto. Seg\u00fan fuentes policiales, est\u00e1 a la espera de un juicio oral en Esteban Echeverr\u00eda.<\/h2>\n<div class=\"texto\">\n<p><strong>Un piloto de TC Pista de 24 a\u00f1os fue detenido este martes por la tarde durante un control policial realizado en Ruta 36 y 520, debido a que ten\u00eda pedido de captura activa por un robo armado ocurrido hace dos a\u00f1os<\/strong>. Fuentes policiales informaron a\u00a0<strong>0221.com.ar<\/strong>\u00a0que el joven, identificado como\u00a0<strong>Ramiro de\u00a0Bonis<\/strong>, viajaba en un Audi TT cuando efectivos de la Polic\u00eda Local lo pararon para identificarlo.<\/p>\n<p>Durante el operativo, las autoridades descubrieron que el Juzgado N\u00b0 2 de\u00a0<strong>Esteban Echeverr\u00eda\u00a0<\/strong>hab\u00eda solicitado su detenci\u00f3n el pasado 6 de junio de 2019, en el marco de un\u00a0<strong>\u00abrobo agravado por empleo de arma de fuego\u00bb<\/strong>. Por este motivo, lo derivaron a la comisar\u00eda S\u00e9ptima de Abasto, donde se le notific\u00f3 al magistrado interviniente.<\/p>\n<p><a href=\"https:\/\/i0.wp.com\/pxb.cdn.0221.com.ar\/0221\/082021\/1629239091293.jpeg?ssl=1\"><img data-recalc-dims=\"1\" decoding=\"async\" src=\"https:\/\/i0.wp.com\/pxb.cdn.0221.com.ar\/0221\/082021\/1629239091293.jpeg?ssl=1\" alt=\"\" \/><\/a><\/p>\n<p>De acuerdo a los voceros, el expediente se encuentra en el Tribunal N\u00b0 8 del Departamento Judicial de Lomas de Zamora, desde donde se inform\u00f3 que\u00a0<strong>De\u00a0Bonis se encuentra a la espera del juicio oral y p\u00fablico<\/strong>.<\/p>\n<p>En este contexto,\u00a0<strong>se inform\u00f3 que deber\u00e1 presentarse en sede judicial la pr\u00f3xima semana para comparecer en la causa<\/strong>.<\/p>\n<p>publicado en 0221<\/p>\n<\/div>\n","protected":false},"excerpt":{"rendered":"<div class=\"mh-excerpt\"><p>Fue tras un control policial realizado este martes en la zona de Abasto. Seg\u00fan fuentes policiales, est\u00e1 a la espera de un juicio oral en Esteban Echeverr\u00eda. Un piloto de TC Pista de 24 a\u00f1os <a class=\"mh-excerpt-more\" href=\"https:\/\/larevistadigital.com.ar\/blog\/insolito-detienen-en-la-plata-a-un-piloto-de-tc-pista-porque-tenia-pedido-de-captura-por-robo\/\" title=\"INS\u00d3LITO: DETIENEN EN LA PLATA A UN PILOTO DE TC PISTA PORQUE TEN\u00cdA PEDIDO DE CAPTURA POR ROBO\">[Leer M\u00e1s]<\/a><\/p>\n<\/div>","protected":false},"author":3,"featured_media":21607,"comment_status":"open","ping_status":"open","sticky":false,"template":"","format":"standard","meta":{"_jetpack_memberships_contains_paid_content":false,"footnotes":"","jetpack_publicize_message":"","jetpack_publicize_feature_enabled":true,"jetpack_social_post_already_shared":true,"jetpack_social_options":{"image_generator_settings":{"template":"highway","default_image_id":0,"font":"","enabled":false},"version":2}},"categories":[44,51],"tags":[],"class_list":{"0":"post-21604","1":"post","2":"type-post","3":"status-publish","4":"format-standard","5":"has-post-thumbnail","7":"category-policiales","8":"category-regionales"},"jetpack_publicize_connections":[],"jetpack_featured_media_url":"https:\/\/i0.wp.com\/larevistadigital.com.ar\/blog\/wp-content\/uploads\/TC-PISTA.png?fit=900%2C526&ssl=1","jetpack_sharing_enabled":true,"jetpack_shortlink":"https:\/\/wp.me\/p8qtrQ-5Cs","jetpack-related-posts":[{"id":33464,"url":"https:\/\/larevistadigital.com.ar\/blog\/chascomus-durante-tareas-preventivas-la-policia-intercepto-un-sujeto-con-pedido-de-captura-por-robo-en-brandsen\/","url_meta":{"origin":21604,"position":0},"title":"CHASCOM\u00daS: DURANTE TAREAS PREVENTIVAS LA POLIC\u00cdA INTERCEPT\u00d3 UN SUJETO CON PEDIDO DE CAPTURA POR ROBO EN BRANDSEN","author":"Alejandro Sosa Ruda","date":"15 septiembre, 2023","format":false,"excerpt":"El sujeto ten\u00eda pedido de captura por Hurto. 15 de Septiembre de 2023 CHASCOM\u00daS -\u00a0 En horas de la madrugada personal policial de EPC Chascomus 1ra. continuando con las diferentes tareas preventivas realizando operativo de interceptacion selectiva de personas, lograron interceptar en Colombia y Ameghino a una persona de sexo\u2026","rel":"","context":"En \u00abCHASCOM\u00daS\u00bb","block_context":{"text":"CHASCOM\u00daS","link":"https:\/\/larevistadigital.com.ar\/blog\/category\/chascomus\/"},"img":{"alt_text":"","src":"https:\/\/i0.wp.com\/larevistadigital.com.ar\/blog\/wp-content\/uploads\/WhatsApp-Image-2023-09-15-at-09.30.22-e1694793939517.jpeg?fit=966%2C293&ssl=1&resize=350%2C200","width":350,"height":200,"srcset":"https:\/\/i0.wp.com\/larevistadigital.com.ar\/blog\/wp-content\/uploads\/WhatsApp-Image-2023-09-15-at-09.30.22-e1694793939517.jpeg?fit=966%2C293&ssl=1&resize=350%2C200 1x, https:\/\/i0.wp.com\/larevistadigital.com.ar\/blog\/wp-content\/uploads\/WhatsApp-Image-2023-09-15-at-09.30.22-e1694793939517.jpeg?fit=966%2C293&ssl=1&resize=525%2C300 1.5x, https:\/\/i0.wp.com\/larevistadigital.com.ar\/blog\/wp-content\/uploads\/WhatsApp-Image-2023-09-15-at-09.30.22-e1694793939517.jpeg?fit=966%2C293&ssl=1&resize=700%2C400 2x"},"classes":[]},{"id":26304,"url":"https:\/\/larevistadigital.com.ar\/blog\/tenia-pedido-de-captura-y-lo-encontraron-durmiendo-en-la-calle\/","url_meta":{"origin":21604,"position":1},"title":"TEN\u00cdA PEDIDO DE CAPTURA Y LO ENCONTRARON DURMIENDO EN LA CALLE","author":"Alejandro Sosa Ruda","date":"3 julio, 2022","format":false,"excerpt":"Era buscado por una tentativa de robo agravado. Ahora qued\u00f3 alojado en la Unidad Penal 44 de Bat\u00e1n. MAR DEL PLATA -\u00a0 Un hombre de 20 a\u00f1os sobre quien pesaba un\u00a0pedido de captura activo\u00a0en una causa por robo agravado en grado de tentativa fue aprehendido este domingo de una manera\u2026","rel":"","context":"En \u00abPOLICIALES\u00bb","block_context":{"text":"POLICIALES","link":"https:\/\/larevistadigital.com.ar\/blog\/category\/policiales\/"},"img":{"alt_text":"","src":"https:\/\/i0.wp.com\/larevistadigital.com.ar\/blog\/wp-content\/uploads\/LO-APRESARON-DURMIENDO.png?fit=799%2C367&ssl=1&resize=350%2C200","width":350,"height":200,"srcset":"https:\/\/i0.wp.com\/larevistadigital.com.ar\/blog\/wp-content\/uploads\/LO-APRESARON-DURMIENDO.png?fit=799%2C367&ssl=1&resize=350%2C200 1x, https:\/\/i0.wp.com\/larevistadigital.com.ar\/blog\/wp-content\/uploads\/LO-APRESARON-DURMIENDO.png?fit=799%2C367&ssl=1&resize=525%2C300 1.5x, https:\/\/i0.wp.com\/larevistadigital.com.ar\/blog\/wp-content\/uploads\/LO-APRESARON-DURMIENDO.png?fit=799%2C367&ssl=1&resize=700%2C400 2x"},"classes":[]},{"id":13088,"url":"https:\/\/larevistadigital.com.ar\/blog\/detienen-en-banfield-a-mujer-con-pedido-de-captura-en-chascomus\/","url_meta":{"origin":21604,"position":2},"title":"DETIENEN EN BANFIELD A MUJER CON PEDIDO DE CAPTURA EN CHASCOM\u00daS","author":"Alejandro Sosa Ruda","date":"6 noviembre, 2019","format":false,"excerpt":"Una mujer que se encontraba pr\u00f3fuga desde el a\u00f1o 2014 en Chascom\u00fas, fue detenida en las \u00faltimas horas en inmediaciones de la estaci\u00f3n de trenes de Banfield. La Polic\u00eda incaut\u00f3 un celular que hab\u00eda sido arrebatado minutos antes a un hombre que circulaba por la zona. Seg\u00fan inform\u00f3 el portal\u2026","rel":"","context":"En \u00abINTERES GENERAL\u00bb","block_context":{"text":"INTERES GENERAL","link":"https:\/\/larevistadigital.com.ar\/blog\/category\/interes-general\/"},"img":{"alt_text":"","src":"https:\/\/i0.wp.com\/larevistadigital.com.ar\/blog\/wp-content\/uploads\/captura_06denoviembrede2019_elfuerte.jpg?fit=737%2C415&ssl=1&resize=350%2C200","width":350,"height":200,"srcset":"https:\/\/i0.wp.com\/larevistadigital.com.ar\/blog\/wp-content\/uploads\/captura_06denoviembrede2019_elfuerte.jpg?fit=737%2C415&ssl=1&resize=350%2C200 1x, https:\/\/i0.wp.com\/larevistadigital.com.ar\/blog\/wp-content\/uploads\/captura_06denoviembrede2019_elfuerte.jpg?fit=737%2C415&ssl=1&resize=525%2C300 1.5x, https:\/\/i0.wp.com\/larevistadigital.com.ar\/blog\/wp-content\/uploads\/captura_06denoviembrede2019_elfuerte.jpg?fit=737%2C415&ssl=1&resize=700%2C400 2x"},"classes":[]},{"id":8427,"url":"https:\/\/larevistadigital.com.ar\/blog\/monte-persecucion-y-tiroteo-detienen-y-hieren-a-peligroso-delincuente\/","url_meta":{"origin":21604,"position":3},"title":"MONTE: PERSECUCI\u00d3N Y TIROTEO. DETIENEN Y HIEREN A PELIGROSO DELINCUENTE","author":"Alejandro Sosa Ruda","date":"13 febrero, 2019","format":false,"excerpt":"Ocurri\u00f3 en la tarde de este martes 12 de Febrero. El delincuente que era buscado por la polic\u00eda, intent\u00f3 darse a la fuga y respondi\u00f3 a los tiros. Tras una persecuci\u00f3n y tiroteo que se extendi\u00f3 a lo largo del barrio H\u00e9roes de Malvinas, result\u00f3 herido y fue aprehendido. Public\u00f3\u2026","rel":"","context":"En \u00abPOLICIALES\u00bb","block_context":{"text":"POLICIALES","link":"https:\/\/larevistadigital.com.ar\/blog\/category\/policiales\/"},"img":{"alt_text":"","src":"https:\/\/i0.wp.com\/larevistadigital.com.ar\/blog\/wp-content\/uploads\/2019\/02\/BlurImage_12-2-2019-9-11-21_wm_wm.jpg?fit=1024%2C575&ssl=1&resize=350%2C200","width":350,"height":200,"srcset":"https:\/\/i0.wp.com\/larevistadigital.com.ar\/blog\/wp-content\/uploads\/2019\/02\/BlurImage_12-2-2019-9-11-21_wm_wm.jpg?fit=1024%2C575&ssl=1&resize=350%2C200 1x, https:\/\/i0.wp.com\/larevistadigital.com.ar\/blog\/wp-content\/uploads\/2019\/02\/BlurImage_12-2-2019-9-11-21_wm_wm.jpg?fit=1024%2C575&ssl=1&resize=525%2C300 1.5x, https:\/\/i0.wp.com\/larevistadigital.com.ar\/blog\/wp-content\/uploads\/2019\/02\/BlurImage_12-2-2019-9-11-21_wm_wm.jpg?fit=1024%2C575&ssl=1&resize=700%2C400 2x"},"classes":[]},{"id":33608,"url":"https:\/\/larevistadigital.com.ar\/blog\/chascomus-la-policia-recupero-en-un-operativo-una-moto-con-denuncia-de-robo\/","url_meta":{"origin":21604,"position":4},"title":"CHASCOM\u00daS: LA POLIC\u00cdA RECUPER\u00d3 EN UN OPERATIVO UNA MOTO CON DENUNCIA DE ROBO","author":"Alejandro Sosa Ruda","date":"25 septiembre, 2023","format":false,"excerpt":"El pedido de secuestro era por robo de motoveh\u00edculo en septiembre de 2021. 25 de Septiembre de 2023 CHASCOM\u00daS -\u00a0 El pasado s\u00e1bado 23 en horas de la tarde noche, personal policial de EPC Chascomus Primera durante un operativo de interceptacion selectiva de veh\u00edculos, procedi\u00f3 a detener a una motocicleta\u2026","rel":"","context":"En \u00abPOLICIALES\u00bb","block_context":{"text":"POLICIALES","link":"https:\/\/larevistadigital.com.ar\/blog\/category\/policiales\/"},"img":{"alt_text":"","src":"https:\/\/i0.wp.com\/larevistadigital.com.ar\/blog\/wp-content\/uploads\/WhatsApp-Image-2023-09-25-at-20.06.49.jpeg?fit=675%2C1200&ssl=1&resize=350%2C200","width":350,"height":200,"srcset":"https:\/\/i0.wp.com\/larevistadigital.com.ar\/blog\/wp-content\/uploads\/WhatsApp-Image-2023-09-25-at-20.06.49.jpeg?fit=675%2C1200&ssl=1&resize=350%2C200 1x, https:\/\/i0.wp.com\/larevistadigital.com.ar\/blog\/wp-content\/uploads\/WhatsApp-Image-2023-09-25-at-20.06.49.jpeg?fit=675%2C1200&ssl=1&resize=525%2C300 1.5x"},"classes":[]},{"id":8435,"url":"https:\/\/larevistadigital.com.ar\/blog\/chascomus-policia-comunal-detiene-vehiculo-denunciado-por-robo\/","url_meta":{"origin":21604,"position":5},"title":"CHASCOM\u00daS: POLIC\u00cdA COMUNAL DETIENE VEH\u00cdCULO DENUNCIADO POR ROBO","author":"Alejandro Sosa Ruda","date":"13 febrero, 2019","format":false,"excerpt":"En horas del mediod\u00eda personal de la Estaci\u00f3n de Polic\u00eda comunal Chascom\u00fas durante un operativo de interceptaci\u00f3n de veh\u00edculos detienen un rodado marca Volkswagen Gol negro el cual era conducido por un ciudadano de Chascom\u00fas. El veh\u00edculo ten\u00eda cambiadas las chapas patentes y consultado numeraciones de motor y chasis surge\u2026","rel":"","context":"En \u00abPOLICIALES\u00bb","block_context":{"text":"POLICIALES","link":"https:\/\/larevistadigital.com.ar\/blog\/category\/policiales\/"},"img":{"alt_text":"","src":"https:\/\/i0.wp.com\/larevistadigital.com.ar\/blog\/wp-content\/uploads\/2019\/02\/WhatsApp-Image-2019-02-13-at-20.42.55.jpeg?fit=1049%2C1024&ssl=1&resize=350%2C200","width":350,"height":200,"srcset":"https:\/\/i0.wp.com\/larevistadigital.com.ar\/blog\/wp-content\/uploads\/2019\/02\/WhatsApp-Image-2019-02-13-at-20.42.55.jpeg?fit=1049%2C1024&ssl=1&resize=350%2C200 1x, https:\/\/i0.wp.com\/larevistadigital.com.ar\/blog\/wp-content\/uploads\/2019\/02\/WhatsApp-Image-2019-02-13-at-20.42.55.jpeg?fit=1049%2C1024&ssl=1&resize=525%2C300 1.5x, https:\/\/i0.wp.com\/larevistadigital.com.ar\/blog\/wp-content\/uploads\/2019\/02\/WhatsApp-Image-2019-02-13-at-20.42.55.jpeg?fit=1049%2C1024&ssl=1&resize=700%2C400 2x"},"classes":[]}],"_links":{"self":[{"href":"https:\/\/larevistadigital.com.ar\/blog\/wp-json\/wp\/v2\/posts\/21604","targetHints":{"allow":["GET"]}}],"collection":[{"href":"https:\/\/larevistadigital.com.ar\/blog\/wp-json\/wp\/v2\/posts"}],"about":[{"href":"https:\/\/larevistadigital.com.ar\/blog\/wp-json\/wp\/v2\/types\/post"}],"author":[{"embeddable":true,"href":"https:\/\/larevistadigital.com.ar\/blog\/wp-json\/wp\/v2\/users\/3"}],"replies":[{"embeddable":true,"href":"https:\/\/larevistadigital.com.ar\/blog\/wp-json\/wp\/v2\/comments?post=21604"}],"version-history":[{"count":1,"href":"https:\/\/larevistadigital.com.ar\/blog\/wp-json\/wp\/v2\/posts\/21604\/revisions"}],"predecessor-version":[{"id":21606,"href":"https:\/\/larevistadigital.com.ar\/blog\/wp-json\/wp\/v2\/posts\/21604\/revisions\/21606"}],"wp:featuredmedia":[{"embeddable":true,"href":"https:\/\/larevistadigital.com.ar\/blog\/wp-json\/wp\/v2\/media\/21607"}],"wp:attachment":[{"href":"https:\/\/larevistadigital.com.ar\/blog\/wp-json\/wp\/v2\/media?parent=21604"}],"wp:term":[{"taxonomy":"category","embeddable":true,"href":"https:\/\/larevistadigital.com.ar\/blog\/wp-json\/wp\/v2\/categories?post=21604"},{"taxonomy":"post_tag","embeddable":true,"href":"https:\/\/larevistadigital.com.ar\/blog\/wp-json\/wp\/v2\/tags?post=21604"}],"curies":[{"name":"wp","href":"https:\/\/api.w.org\/{rel}","templated":true}]}}