{"id":21608,"date":"2021-08-18T15:03:06","date_gmt":"2021-08-18T15:03:06","guid":{"rendered":"https:\/\/larevistadigital.com.ar\/blog\/?p=21608"},"modified":"2021-08-18T15:03:06","modified_gmt":"2021-08-18T15:03:06","slug":"mar-del-plata-se-detectaron-los-dos-primeros-casos-de-la-variante-delta","status":"publish","type":"post","link":"https:\/\/larevistadigital.com.ar\/blog\/mar-del-plata-se-detectaron-los-dos-primeros-casos-de-la-variante-delta\/","title":{"rendered":"MAR DEL PLATA: SE DETECTARON LOS DOS PRIMEROS CASOS DE LA VARIANTE DELTA"},"content":{"rendered":"<h2>Se trata de dos viajeros que llegaron provenientes de Estados Unidos. Aseguran que realizaron el aislamiento correspondiente y que ya podr\u00edan haber sido dados de alta. Descartan que la variante circule por el momento en la ciudad.<\/h2>\n<p><strong>MAR DEL PLATA &#8211;\u00a0<\/strong> Dos viajeros que llegaron a Mar del Plata provenientes de Estados Unidos dieron positivo de la\u00a0<strong>variante Delta del coronavirus<\/strong>.<\/p>\n<p>El dato fue confirmado a\u00a0<strong>LA CAPITAL<\/strong>\u00a0por el director ejecutivo de la Regi\u00f3n Sanitaria VIII,\u00a0<strong>Gast\u00f3n Vargas<\/strong>, quien asegur\u00f3 que las personas realizaron el aislamiento correspondiente.<\/p>\n<p><strong>\u201cAfortunadamente estuvieron bajo control, con lo cual no es que est\u00e9 circulando la variante en General Pueyrredon a ra\u00edz de estos dos casos\u201d<\/strong>, aclar\u00f3 Vargas.<\/p>\n<blockquote>\n<h3>En este contexto, explic\u00f3 que las personas \u201chab\u00edan dado positivo de Covid en los dispositivos que tenemos previstos con Migraciones y con la Regi\u00f3n Sanitaria, con lo cual\u00a0<strong>permanecieron aisladas durante todo el transcurso de la enfermedad<\/strong>\u00a0y esa muestra, al ser positiva, se manda al Instituto Malbr\u00e1n\u201d.<\/h3>\n<h3><strong><em>\u201cEse estudio tarda unos d\u00edas, de hecho\u00a0las personas seguramente ya han cumplido el aislamiento y ya est\u00e1n dadas de alta por el tiempo transcurrido,\u00a0pero la informaci\u00f3n que nos llega en este caso es que esos dos viajeros son positivos de variante Delta\u201d<\/em><\/strong>, agreg\u00f3.<\/h3>\n<\/blockquote>\n<p>En este marco, el titular de la regi\u00f3n sanitaria llam\u00f3 a tener \u201c<strong>tranquilidad porque no es que surgi\u00f3 en una persona que fue azarosamente a hacerse un hisopado<\/strong>. Estaban dentro del dispositivo de control previsto para los viajeros provenientes del exterior\u201d.<\/p>\n<p>En este sentido, indic\u00f3 tambi\u00e9n que\u00a0<strong>estos casos positivos estaban \u201cdentro de lo previsto\u201d<\/strong>.<\/p>\n<p><strong><em>\u201cQue haya variable Delta en personas que vuelven del exterior no es raro, pero que afortunadamente hayan sido durante el aislamiento previsto para justamente evitar que la variante circule es un buen mensaje<\/em><\/strong>\u201d, sostuvo y agreg\u00f3 que<strong><em> \u201ceso significa que la pol\u00edtica sanitaria utilizada para estos casos funciona\u201d.<\/em><\/strong><\/p>\n","protected":false},"excerpt":{"rendered":"<div class=\"mh-excerpt\"><p>Se trata de dos viajeros que llegaron provenientes de Estados Unidos. Aseguran que realizaron el aislamiento correspondiente y que ya podr\u00edan haber sido dados de alta. Descartan que la variante circule por el momento en <a class=\"mh-excerpt-more\" href=\"https:\/\/larevistadigital.com.ar\/blog\/mar-del-plata-se-detectaron-los-dos-primeros-casos-de-la-variante-delta\/\" title=\"MAR DEL PLATA: SE DETECTARON LOS DOS PRIMEROS CASOS DE LA VARIANTE DELTA\">[Leer M\u00e1s]<\/a><\/p>\n<\/div>","protected":false},"author":3,"featured_media":21609,"comment_status":"open","ping_status":"open","sticky":false,"template":"","format":"standard","meta":{"_jetpack_memberships_contains_paid_content":false,"footnotes":"","jetpack_publicize_message":"","jetpack_publicize_feature_enabled":true,"jetpack_social_post_already_shared":true,"jetpack_social_options":{"image_generator_settings":{"template":"highway","default_image_id":0,"font":"","enabled":false},"version":2}},"categories":[41],"tags":[],"class_list":{"0":"post-21608","1":"post","2":"type-post","3":"status-publish","4":"format-standard","5":"has-post-thumbnail","7":"category-destacadas"},"jetpack_publicize_connections":[],"jetpack_featured_media_url":"https:\/\/i0.wp.com\/larevistadigital.com.ar\/blog\/wp-content\/uploads\/Captura-de-pantalla-2021-08-18-120207.png?fit=1007%2C662&ssl=1","jetpack_sharing_enabled":true,"jetpack_shortlink":"https:\/\/wp.me\/p8qtrQ-5Cw","jetpack-related-posts":[{"id":20191,"url":"https:\/\/larevistadigital.com.ar\/blog\/segun-publico-el-diario-la-capital-mar-del-plata-ya-tiene-cepas-de-manaos-de-reino-unido-y-andina-las-mas-contagiosas-y-peligrosas\/","url_meta":{"origin":21608,"position":0},"title":"SEG\u00daN PUBLIC\u00d3 EL DIARIO \u00abLA CAPITAL\u00bb, MAR DEL PLATA YA TIENE CEPAS DE MANAOS, DE REINO UNIDO Y ANDINA, LAS M\u00c1S CONTAGIOSAS Y PELIGROSAS","author":"Alejandro Sosa Ruda","date":"10 mayo, 2021","format":false,"excerpt":"La preocupante noticia, fue publicada por el diario La Capital y complica a toda la regi\u00f3n, muy ligada a Mar del Plata. En la ciudad balnearia hay m\u00e1s de tres mil casos activos y a\u00fan se mantiene en Fase 3. M\u00e1s detalles MAR DEL PLATA - Existe evidencia cient\u00edfica suficiente\u2026","rel":"","context":"En \u00abREGIONALES\u00bb","block_context":{"text":"REGIONALES","link":"https:\/\/larevistadigital.com.ar\/blog\/category\/regionales\/"},"img":{"alt_text":"","src":"https:\/\/i0.wp.com\/larevistadigital.com.ar\/blog\/wp-content\/uploads\/noviembre-fin003-1024x683-1.jpg?fit=1024%2C683&ssl=1&resize=350%2C200","width":350,"height":200,"srcset":"https:\/\/i0.wp.com\/larevistadigital.com.ar\/blog\/wp-content\/uploads\/noviembre-fin003-1024x683-1.jpg?fit=1024%2C683&ssl=1&resize=350%2C200 1x, https:\/\/i0.wp.com\/larevistadigital.com.ar\/blog\/wp-content\/uploads\/noviembre-fin003-1024x683-1.jpg?fit=1024%2C683&ssl=1&resize=525%2C300 1.5x, https:\/\/i0.wp.com\/larevistadigital.com.ar\/blog\/wp-content\/uploads\/noviembre-fin003-1024x683-1.jpg?fit=1024%2C683&ssl=1&resize=700%2C400 2x"},"classes":[]},{"id":21708,"url":"https:\/\/larevistadigital.com.ar\/blog\/lamentable-noticia-confirman-la-circulacion-comunitaria-de-la-variante-delta-en-el-amba\/","url_meta":{"origin":21608,"position":1},"title":"LAMENTABLE NOTICIA: CONFIRMAN LA CIRCULACI\u00d3N COMUNITARIA DE LA \u00abVARIANTE DELTA\u00bb EN EL AMBA","author":"Alejandro Sosa Ruda","date":"25 agosto, 2021","format":false,"excerpt":"Lo informaron este mi\u00e9rcoles autoridades del Ministerio de Salud bonaerense. Sin embargo se\u00f1alan que la cepa \u201ca\u00fan no predomina\u201d. El jefe de asesores del Ministerio de Salud bonaerense, Enio Garc\u00eda, asegur\u00f3 que en la regi\u00f3n del Amba \u201chay circulaci\u00f3n comunitaria de la variante Delta pero todav\u00eda no predomina\u201d. \u201cApareci\u00f3 el\u2026","rel":"","context":"En \u00abINTERES GENERAL\u00bb","block_context":{"text":"INTERES GENERAL","link":"https:\/\/larevistadigital.com.ar\/blog\/category\/interes-general\/"},"img":{"alt_text":"","src":"https:\/\/i0.wp.com\/larevistadigital.com.ar\/blog\/wp-content\/uploads\/Captura-de-pantalla-2021-08-25-122328.png?fit=992%2C561&ssl=1&resize=350%2C200","width":350,"height":200,"srcset":"https:\/\/i0.wp.com\/larevistadigital.com.ar\/blog\/wp-content\/uploads\/Captura-de-pantalla-2021-08-25-122328.png?fit=992%2C561&ssl=1&resize=350%2C200 1x, https:\/\/i0.wp.com\/larevistadigital.com.ar\/blog\/wp-content\/uploads\/Captura-de-pantalla-2021-08-25-122328.png?fit=992%2C561&ssl=1&resize=525%2C300 1.5x, https:\/\/i0.wp.com\/larevistadigital.com.ar\/blog\/wp-content\/uploads\/Captura-de-pantalla-2021-08-25-122328.png?fit=992%2C561&ssl=1&resize=700%2C400 2x"},"classes":[]},{"id":33210,"url":"https:\/\/larevistadigital.com.ar\/blog\/mar-del-plata-aumentaron-los-casos-de-covid-y-las-autoridades-insisten-con-la-vacunacion\/","url_meta":{"origin":21608,"position":2},"title":"MAR DEL PLATA: AUMENTARON LOS CASOS DE COVID Y LAS AUTORIDADES INSISTEN CON LA VACUNACI\u00d3N","author":"Alejandro Sosa Ruda","date":"1 septiembre, 2023","format":false,"excerpt":"Desde Zona Sanitaria VIII confirmaron un aumento de contagios en las \u00faltimas semanas. Admiten que ha disminuido notablemente la cantidad de marplatenses que se van a vacunar. 1\u00b0 de septiembre de 2023 MAR DEL PLATA\u00a0 -\u00a0 A pesar de que la Organizaci\u00f3n Mundial de la Salud (OMS) levant\u00f3 en mayo\u2026","rel":"","context":"En \u00abREGIONALES\u00bb","block_context":{"text":"REGIONALES","link":"https:\/\/larevistadigital.com.ar\/blog\/category\/regionales\/"},"img":{"alt_text":"","src":"https:\/\/i0.wp.com\/larevistadigital.com.ar\/blog\/wp-content\/uploads\/casos-covid-12-22-1466171.jpg?fit=1200%2C675&ssl=1&resize=350%2C200","width":350,"height":200,"srcset":"https:\/\/i0.wp.com\/larevistadigital.com.ar\/blog\/wp-content\/uploads\/casos-covid-12-22-1466171.jpg?fit=1200%2C675&ssl=1&resize=350%2C200 1x, https:\/\/i0.wp.com\/larevistadigital.com.ar\/blog\/wp-content\/uploads\/casos-covid-12-22-1466171.jpg?fit=1200%2C675&ssl=1&resize=525%2C300 1.5x, https:\/\/i0.wp.com\/larevistadigital.com.ar\/blog\/wp-content\/uploads\/casos-covid-12-22-1466171.jpg?fit=1200%2C675&ssl=1&resize=700%2C400 2x, https:\/\/i0.wp.com\/larevistadigital.com.ar\/blog\/wp-content\/uploads\/casos-covid-12-22-1466171.jpg?fit=1200%2C675&ssl=1&resize=1050%2C600 3x"},"classes":[]},{"id":30441,"url":"https:\/\/larevistadigital.com.ar\/blog\/detectan-el-primer-caso-de-gripe-aviar-en-mar-del-plata\/","url_meta":{"origin":21608,"position":3},"title":"DETECTAN EL PRIMER CASO DE GRIPE AVIAR EN MAR DEL PLATA","author":"Alejandro Sosa Ruda","date":"7 marzo, 2023","format":false,"excerpt":"Lo confirm\u00f3 el Senasa al informar los an\u00e1lisis diagnosticados por su laboratorio nacional a muestras enviadas desde las distintas provincias. 7 de marzo de 2023 MAR DEL PLATA -\u00a0 El Servicio Nacional de Sanidad y Calidad Agroalimentaria (Senasa) confirm\u00f3 tres casos positivos de influenza aviar (IA) H5, 2 en aves\u2026","rel":"","context":"En \u00abREGIONALES\u00bb","block_context":{"text":"REGIONALES","link":"https:\/\/larevistadigital.com.ar\/blog\/category\/regionales\/"},"img":{"alt_text":"","src":"https:\/\/i0.wp.com\/larevistadigital.com.ar\/blog\/wp-content\/uploads\/gallinitas.jpg?fit=700%2C524&ssl=1&resize=350%2C200","width":350,"height":200,"srcset":"https:\/\/i0.wp.com\/larevistadigital.com.ar\/blog\/wp-content\/uploads\/gallinitas.jpg?fit=700%2C524&ssl=1&resize=350%2C200 1x, https:\/\/i0.wp.com\/larevistadigital.com.ar\/blog\/wp-content\/uploads\/gallinitas.jpg?fit=700%2C524&ssl=1&resize=525%2C300 1.5x, https:\/\/i0.wp.com\/larevistadigital.com.ar\/blog\/wp-content\/uploads\/gallinitas.jpg?fit=700%2C524&ssl=1&resize=700%2C400 2x"},"classes":[]},{"id":22134,"url":"https:\/\/larevistadigital.com.ar\/blog\/increible-e-inaceptable-en-chascomus-se-mantuvo-oculto-un-mes-un-caso-de-la-variante-delta\/","url_meta":{"origin":21608,"position":4},"title":"INCRE\u00cdBLE E INACEPTABLE: EN CHASCOM\u00daS SE INFORMA LUEGO DE UN MES UN CASO DE LA VARIANTE DELTA","author":"Alejandro Sosa Ruda","date":"24 septiembre, 2021","format":false,"excerpt":"CHASCOM\u00daS -\u00a0 De manera ins\u00f3lita, la Secretaria de Salud de Chascom\u00fas, la doctora Marcela Arias admiti\u00f3 en una entrevista radial con Fabi\u00e1n Casales en la FM POR SIEMPRE, que hace aproximadamente un mes hubo un caso de Covid, pero infectado con la variante Delta, algo que hasta ahora nadie sab\u00eda.\u2026","rel":"","context":"En \u00abINTERES GENERAL\u00bb","block_context":{"text":"INTERES GENERAL","link":"https:\/\/larevistadigital.com.ar\/blog\/category\/interes-general\/"},"img":{"alt_text":"","src":"https:\/\/i0.wp.com\/larevistadigital.com.ar\/blog\/wp-content\/uploads\/arias_26deseptiembrede2017_elfuerte.jpg?fit=737%2C415&ssl=1&resize=350%2C200","width":350,"height":200,"srcset":"https:\/\/i0.wp.com\/larevistadigital.com.ar\/blog\/wp-content\/uploads\/arias_26deseptiembrede2017_elfuerte.jpg?fit=737%2C415&ssl=1&resize=350%2C200 1x, https:\/\/i0.wp.com\/larevistadigital.com.ar\/blog\/wp-content\/uploads\/arias_26deseptiembrede2017_elfuerte.jpg?fit=737%2C415&ssl=1&resize=525%2C300 1.5x, https:\/\/i0.wp.com\/larevistadigital.com.ar\/blog\/wp-content\/uploads\/arias_26deseptiembrede2017_elfuerte.jpg?fit=737%2C415&ssl=1&resize=700%2C400 2x"},"classes":[]},{"id":21304,"url":"https:\/\/larevistadigital.com.ar\/blog\/cual-es-la-efectividad-de-las-distintas-vacunas-ante-la-variante-delta-del-covid-19\/","url_meta":{"origin":21608,"position":5},"title":"\u00bfCUAL ES LA EFECTIVIDAD DE LAS DISTINTAS VACUNAS ANTE LA VARIANTE DELTA DEL COVID-19?","author":"Alejandro Sosa Ruda","date":"30 julio, 2021","format":false,"excerpt":"Los cient\u00edficos siguen investigando sobre la pandemia y estudios ya determinan los efectos de las dosis de los distintos laboratorios. Mientras la pandemia contin\u00faa aquejando al mundo entero,\u00a0los operativos de vacunaci\u00f3n se llevan adelante con el fin de aplacar las consecuencias del virus, que va mutando y cambiando aspectos de\u2026","rel":"","context":"En \u00abINTERES GENERAL\u00bb","block_context":{"text":"INTERES GENERAL","link":"https:\/\/larevistadigital.com.ar\/blog\/category\/interes-general\/"},"img":{"alt_text":"","src":"https:\/\/i0.wp.com\/larevistadigital.com.ar\/blog\/wp-content\/uploads\/covid-19-vaccination-1500-991-2.jpg?fit=1200%2C600&ssl=1&resize=350%2C200","width":350,"height":200,"srcset":"https:\/\/i0.wp.com\/larevistadigital.com.ar\/blog\/wp-content\/uploads\/covid-19-vaccination-1500-991-2.jpg?fit=1200%2C600&ssl=1&resize=350%2C200 1x, https:\/\/i0.wp.com\/larevistadigital.com.ar\/blog\/wp-content\/uploads\/covid-19-vaccination-1500-991-2.jpg?fit=1200%2C600&ssl=1&resize=525%2C300 1.5x, https:\/\/i0.wp.com\/larevistadigital.com.ar\/blog\/wp-content\/uploads\/covid-19-vaccination-1500-991-2.jpg?fit=1200%2C600&ssl=1&resize=700%2C400 2x, https:\/\/i0.wp.com\/larevistadigital.com.ar\/blog\/wp-content\/uploads\/covid-19-vaccination-1500-991-2.jpg?fit=1200%2C600&ssl=1&resize=1050%2C600 3x"},"classes":[]}],"_links":{"self":[{"href":"https:\/\/larevistadigital.com.ar\/blog\/wp-json\/wp\/v2\/posts\/21608","targetHints":{"allow":["GET"]}}],"collection":[{"href":"https:\/\/larevistadigital.com.ar\/blog\/wp-json\/wp\/v2\/posts"}],"about":[{"href":"https:\/\/larevistadigital.com.ar\/blog\/wp-json\/wp\/v2\/types\/post"}],"author":[{"embeddable":true,"href":"https:\/\/larevistadigital.com.ar\/blog\/wp-json\/wp\/v2\/users\/3"}],"replies":[{"embeddable":true,"href":"https:\/\/larevistadigital.com.ar\/blog\/wp-json\/wp\/v2\/comments?post=21608"}],"version-history":[{"count":1,"href":"https:\/\/larevistadigital.com.ar\/blog\/wp-json\/wp\/v2\/posts\/21608\/revisions"}],"predecessor-version":[{"id":21610,"href":"https:\/\/larevistadigital.com.ar\/blog\/wp-json\/wp\/v2\/posts\/21608\/revisions\/21610"}],"wp:featuredmedia":[{"embeddable":true,"href":"https:\/\/larevistadigital.com.ar\/blog\/wp-json\/wp\/v2\/media\/21609"}],"wp:attachment":[{"href":"https:\/\/larevistadigital.com.ar\/blog\/wp-json\/wp\/v2\/media?parent=21608"}],"wp:term":[{"taxonomy":"category","embeddable":true,"href":"https:\/\/larevistadigital.com.ar\/blog\/wp-json\/wp\/v2\/categories?post=21608"},{"taxonomy":"post_tag","embeddable":true,"href":"https:\/\/larevistadigital.com.ar\/blog\/wp-json\/wp\/v2\/tags?post=21608"}],"curies":[{"name":"wp","href":"https:\/\/api.w.org\/{rel}","templated":true}]}}