{"id":21615,"date":"2021-08-19T13:13:08","date_gmt":"2021-08-19T13:13:08","guid":{"rendered":"https:\/\/larevistadigital.com.ar\/blog\/?p=21615"},"modified":"2021-08-19T13:13:08","modified_gmt":"2021-08-19T13:13:08","slug":"chascomus-de-la-mano-de-beatriz-de-leon-y-su-gente-ayer-se-realizo-el-banderazo-en-defensa-de-los-humedales","status":"publish","type":"post","link":"https:\/\/larevistadigital.com.ar\/blog\/chascomus-de-la-mano-de-beatriz-de-leon-y-su-gente-ayer-se-realizo-el-banderazo-en-defensa-de-los-humedales\/","title":{"rendered":"CHASCOM\u00daS: DE LA MANO DE BEATRIZ DE LE\u00d3N Y SU GENTE AYER SE REALIZ\u00d3 EL \u00abBANDERAZO\u00bb EN DEFENSA DE LOS HUMEDALES"},"content":{"rendered":"<p><strong>CHASCOM\u00daS &#8211;<\/strong> Como estaba previsto, durante la jornada de ayer se realiz\u00f3 el \u00abbanderazo y junta de firmas\u00bb en defensa de los \u00abhumedales\u00bb, algo que se replic\u00f3 en distintos puntos del pa\u00eds, y que en Chascom\u00fas tiene alta vigencia, entre otras cosas por la <strong>intenci\u00f3n del gobierno local que encabeza Javier Gast\u00f3n de instalar un Basurero en un predio que contiene humedales.<\/strong><\/p>\n<blockquote>\n<h3>As\u00ed, desde las 16 horas en la esquina de \u00abBanco Provincia\u00bb, ubicada en Libres del Sur y Remedios de Escalada, se hicieron presentes militantes de \u00abVamos con Vos\u00bb, Mumala y se fueron sumando vecinos, que no solo se interesaron en el tema, sino que adem\u00e1s firmaron el petitorio por una urgente \u00abley de humedales.<\/h3>\n<\/blockquote>\n<p>La gente de Vamos con Vos, se suma de esta manera a otra importante actividad, que adem\u00e1s de ser urgente por el bien del planeta, de nuestro partido y de la sociedad toda, demuestra que cuando las propuestas son por el bien de todos, la gente se interesa, se suma y le pone el hombro al reclamo.<\/p>\n<p>La pre candidata a concejal por \u00abVamos con Vos\u00bb <strong>Beatriz De Le\u00f3n<\/strong>, en di\u00e1logo con nosotros, manifest\u00f3 que <strong><em>\u00abCuando se pretende tapar humedales con basura, les resultar\u00eda imposible tratar de hacerlo si existiera una ley que protege los humedales\u00bb<\/em><\/strong><\/p>\n<p>Felicitaciones por la iniciativa!<\/p>\n<p><strong>GALER\u00cdA DE FOTOS:<\/strong><\/p>\n<p><img data-recalc-dims=\"1\" loading=\"lazy\" decoding=\"async\" class=\"alignnone size-full wp-image-21617\" src=\"https:\/\/i0.wp.com\/larevistadigital.com.ar\/blog\/wp-content\/uploads\/WhatsApp-Image-2021-08-18-at-20.52.42-1.jpeg?resize=1280%2C720&#038;ssl=1\" alt=\"\" width=\"1280\" height=\"720\" srcset=\"https:\/\/i0.wp.com\/larevistadigital.com.ar\/blog\/wp-content\/uploads\/WhatsApp-Image-2021-08-18-at-20.52.42-1.jpeg?w=1280&amp;ssl=1 1280w, https:\/\/i0.wp.com\/larevistadigital.com.ar\/blog\/wp-content\/uploads\/WhatsApp-Image-2021-08-18-at-20.52.42-1.jpeg?resize=300%2C169&amp;ssl=1 300w, https:\/\/i0.wp.com\/larevistadigital.com.ar\/blog\/wp-content\/uploads\/WhatsApp-Image-2021-08-18-at-20.52.42-1.jpeg?resize=1024%2C576&amp;ssl=1 1024w, https:\/\/i0.wp.com\/larevistadigital.com.ar\/blog\/wp-content\/uploads\/WhatsApp-Image-2021-08-18-at-20.52.42-1.jpeg?resize=768%2C432&amp;ssl=1 768w, https:\/\/i0.wp.com\/larevistadigital.com.ar\/blog\/wp-content\/uploads\/WhatsApp-Image-2021-08-18-at-20.52.42-1.jpeg?resize=678%2C381&amp;ssl=1 678w\" sizes=\"auto, (max-width: 1000px) 100vw, 1000px\" \/> <img data-recalc-dims=\"1\" loading=\"lazy\" decoding=\"async\" class=\"size-full wp-image-21618 aligncenter\" src=\"https:\/\/i0.wp.com\/larevistadigital.com.ar\/blog\/wp-content\/uploads\/WhatsApp-Image-2021-08-18-at-20.52.42-2.jpeg?resize=720%2C1280&#038;ssl=1\" alt=\"\" width=\"720\" height=\"1280\" srcset=\"https:\/\/i0.wp.com\/larevistadigital.com.ar\/blog\/wp-content\/uploads\/WhatsApp-Image-2021-08-18-at-20.52.42-2.jpeg?w=720&amp;ssl=1 720w, https:\/\/i0.wp.com\/larevistadigital.com.ar\/blog\/wp-content\/uploads\/WhatsApp-Image-2021-08-18-at-20.52.42-2.jpeg?resize=169%2C300&amp;ssl=1 169w, https:\/\/i0.wp.com\/larevistadigital.com.ar\/blog\/wp-content\/uploads\/WhatsApp-Image-2021-08-18-at-20.52.42-2.jpeg?resize=576%2C1024&amp;ssl=1 576w\" sizes=\"auto, (max-width: 720px) 100vw, 720px\" \/> <img data-recalc-dims=\"1\" loading=\"lazy\" decoding=\"async\" class=\"alignnone size-full wp-image-21619\" src=\"https:\/\/i0.wp.com\/larevistadigital.com.ar\/blog\/wp-content\/uploads\/WhatsApp-Image-2021-08-18-at-20.52.45.jpeg?resize=1280%2C720&#038;ssl=1\" alt=\"\" width=\"1280\" height=\"720\" srcset=\"https:\/\/i0.wp.com\/larevistadigital.com.ar\/blog\/wp-content\/uploads\/WhatsApp-Image-2021-08-18-at-20.52.45.jpeg?w=1280&amp;ssl=1 1280w, https:\/\/i0.wp.com\/larevistadigital.com.ar\/blog\/wp-content\/uploads\/WhatsApp-Image-2021-08-18-at-20.52.45.jpeg?resize=300%2C169&amp;ssl=1 300w, https:\/\/i0.wp.com\/larevistadigital.com.ar\/blog\/wp-content\/uploads\/WhatsApp-Image-2021-08-18-at-20.52.45.jpeg?resize=1024%2C576&amp;ssl=1 1024w, https:\/\/i0.wp.com\/larevistadigital.com.ar\/blog\/wp-content\/uploads\/WhatsApp-Image-2021-08-18-at-20.52.45.jpeg?resize=768%2C432&amp;ssl=1 768w, https:\/\/i0.wp.com\/larevistadigital.com.ar\/blog\/wp-content\/uploads\/WhatsApp-Image-2021-08-18-at-20.52.45.jpeg?resize=678%2C381&amp;ssl=1 678w\" sizes=\"auto, (max-width: 1000px) 100vw, 1000px\" \/> <img data-recalc-dims=\"1\" loading=\"lazy\" decoding=\"async\" class=\"size-full wp-image-21620 aligncenter\" src=\"https:\/\/i0.wp.com\/larevistadigital.com.ar\/blog\/wp-content\/uploads\/WhatsApp-Image-2021-08-18-at-20.52.47.jpeg?resize=1280%2C720&#038;ssl=1\" alt=\"\" width=\"1280\" height=\"720\" srcset=\"https:\/\/i0.wp.com\/larevistadigital.com.ar\/blog\/wp-content\/uploads\/WhatsApp-Image-2021-08-18-at-20.52.47.jpeg?w=1280&amp;ssl=1 1280w, https:\/\/i0.wp.com\/larevistadigital.com.ar\/blog\/wp-content\/uploads\/WhatsApp-Image-2021-08-18-at-20.52.47.jpeg?resize=300%2C169&amp;ssl=1 300w, https:\/\/i0.wp.com\/larevistadigital.com.ar\/blog\/wp-content\/uploads\/WhatsApp-Image-2021-08-18-at-20.52.47.jpeg?resize=1024%2C576&amp;ssl=1 1024w, https:\/\/i0.wp.com\/larevistadigital.com.ar\/blog\/wp-content\/uploads\/WhatsApp-Image-2021-08-18-at-20.52.47.jpeg?resize=768%2C432&amp;ssl=1 768w, https:\/\/i0.wp.com\/larevistadigital.com.ar\/blog\/wp-content\/uploads\/WhatsApp-Image-2021-08-18-at-20.52.47.jpeg?resize=678%2C381&amp;ssl=1 678w\" sizes=\"auto, (max-width: 1000px) 100vw, 1000px\" \/> <img data-recalc-dims=\"1\" loading=\"lazy\" decoding=\"async\" class=\"size-full wp-image-21621 aligncenter\" src=\"https:\/\/i0.wp.com\/larevistadigital.com.ar\/blog\/wp-content\/uploads\/WhatsApp-Image-2021-08-18-at-20.52.48.jpeg?resize=720%2C1280&#038;ssl=1\" alt=\"\" width=\"720\" height=\"1280\" srcset=\"https:\/\/i0.wp.com\/larevistadigital.com.ar\/blog\/wp-content\/uploads\/WhatsApp-Image-2021-08-18-at-20.52.48.jpeg?w=720&amp;ssl=1 720w, https:\/\/i0.wp.com\/larevistadigital.com.ar\/blog\/wp-content\/uploads\/WhatsApp-Image-2021-08-18-at-20.52.48.jpeg?resize=169%2C300&amp;ssl=1 169w, https:\/\/i0.wp.com\/larevistadigital.com.ar\/blog\/wp-content\/uploads\/WhatsApp-Image-2021-08-18-at-20.52.48.jpeg?resize=576%2C1024&amp;ssl=1 576w\" sizes=\"auto, (max-width: 720px) 100vw, 720px\" \/> <img data-recalc-dims=\"1\" loading=\"lazy\" decoding=\"async\" class=\"size-full wp-image-21622 aligncenter\" src=\"https:\/\/i0.wp.com\/larevistadigital.com.ar\/blog\/wp-content\/uploads\/WhatsApp-Image-2021-08-18-at-20.52.51.jpeg?resize=720%2C1280&#038;ssl=1\" alt=\"\" width=\"720\" height=\"1280\" srcset=\"https:\/\/i0.wp.com\/larevistadigital.com.ar\/blog\/wp-content\/uploads\/WhatsApp-Image-2021-08-18-at-20.52.51.jpeg?w=720&amp;ssl=1 720w, https:\/\/i0.wp.com\/larevistadigital.com.ar\/blog\/wp-content\/uploads\/WhatsApp-Image-2021-08-18-at-20.52.51.jpeg?resize=169%2C300&amp;ssl=1 169w, https:\/\/i0.wp.com\/larevistadigital.com.ar\/blog\/wp-content\/uploads\/WhatsApp-Image-2021-08-18-at-20.52.51.jpeg?resize=576%2C1024&amp;ssl=1 576w\" sizes=\"auto, (max-width: 720px) 100vw, 720px\" \/> <img data-recalc-dims=\"1\" loading=\"lazy\" decoding=\"async\" class=\"size-full wp-image-21623 aligncenter\" src=\"https:\/\/i0.wp.com\/larevistadigital.com.ar\/blog\/wp-content\/uploads\/WhatsApp-Image-2021-08-18-at-20.52.52.jpeg?resize=720%2C1280&#038;ssl=1\" alt=\"\" width=\"720\" height=\"1280\" srcset=\"https:\/\/i0.wp.com\/larevistadigital.com.ar\/blog\/wp-content\/uploads\/WhatsApp-Image-2021-08-18-at-20.52.52.jpeg?w=720&amp;ssl=1 720w, https:\/\/i0.wp.com\/larevistadigital.com.ar\/blog\/wp-content\/uploads\/WhatsApp-Image-2021-08-18-at-20.52.52.jpeg?resize=169%2C300&amp;ssl=1 169w, https:\/\/i0.wp.com\/larevistadigital.com.ar\/blog\/wp-content\/uploads\/WhatsApp-Image-2021-08-18-at-20.52.52.jpeg?resize=576%2C1024&amp;ssl=1 576w\" sizes=\"auto, (max-width: 720px) 100vw, 720px\" \/> <img data-recalc-dims=\"1\" loading=\"lazy\" decoding=\"async\" class=\"size-full wp-image-21624 aligncenter\" src=\"https:\/\/i0.wp.com\/larevistadigital.com.ar\/blog\/wp-content\/uploads\/WhatsApp-Image-2021-08-18-at-20.52.54.jpeg?resize=720%2C1280&#038;ssl=1\" alt=\"\" width=\"720\" height=\"1280\" srcset=\"https:\/\/i0.wp.com\/larevistadigital.com.ar\/blog\/wp-content\/uploads\/WhatsApp-Image-2021-08-18-at-20.52.54.jpeg?w=720&amp;ssl=1 720w, https:\/\/i0.wp.com\/larevistadigital.com.ar\/blog\/wp-content\/uploads\/WhatsApp-Image-2021-08-18-at-20.52.54.jpeg?resize=169%2C300&amp;ssl=1 169w, https:\/\/i0.wp.com\/larevistadigital.com.ar\/blog\/wp-content\/uploads\/WhatsApp-Image-2021-08-18-at-20.52.54.jpeg?resize=576%2C1024&amp;ssl=1 576w\" sizes=\"auto, (max-width: 720px) 100vw, 720px\" \/><\/p>\n<p>&nbsp;<\/p>\n","protected":false},"excerpt":{"rendered":"<div class=\"mh-excerpt\"><p>CHASCOM\u00daS &#8211; Como estaba previsto, durante la jornada de ayer se realiz\u00f3 el \u00abbanderazo y junta de firmas\u00bb en defensa de los \u00abhumedales\u00bb, algo que se replic\u00f3 en distintos puntos del pa\u00eds, y que en <a class=\"mh-excerpt-more\" href=\"https:\/\/larevistadigital.com.ar\/blog\/chascomus-de-la-mano-de-beatriz-de-leon-y-su-gente-ayer-se-realizo-el-banderazo-en-defensa-de-los-humedales\/\" title=\"CHASCOM\u00daS: DE LA MANO DE BEATRIZ DE LE\u00d3N Y SU GENTE AYER SE REALIZ\u00d3 EL \u00abBANDERAZO\u00bb EN DEFENSA DE LOS HUMEDALES\">[Leer M\u00e1s]<\/a><\/p>\n<\/div>","protected":false},"author":3,"featured_media":21616,"comment_status":"open","ping_status":"open","sticky":false,"template":"","format":"standard","meta":{"_jetpack_memberships_contains_paid_content":false,"footnotes":"","jetpack_publicize_message":"","jetpack_publicize_feature_enabled":true,"jetpack_social_post_already_shared":true,"jetpack_social_options":{"image_generator_settings":{"template":"highway","default_image_id":0,"font":"","enabled":false},"version":2}},"categories":[41],"tags":[],"class_list":{"0":"post-21615","1":"post","2":"type-post","3":"status-publish","4":"format-standard","5":"has-post-thumbnail","7":"category-destacadas"},"jetpack_publicize_connections":[],"jetpack_featured_media_url":"https:\/\/i0.wp.com\/larevistadigital.com.ar\/blog\/wp-content\/uploads\/WhatsApp-Image-2021-08-18-at-20.52.42-e1629378221827.jpeg?fit=720%2C790&ssl=1","jetpack_sharing_enabled":true,"jetpack_shortlink":"https:\/\/wp.me\/p8qtrQ-5CD","jetpack-related-posts":[{"id":21612,"url":"https:\/\/larevistadigital.com.ar\/blog\/hoy-habra-un-banderazo-en-chascomus\/","url_meta":{"origin":21615,"position":0},"title":"HOY HABR\u00c1 UN BANDERAZO EN CHASCOM\u00daS","author":"Alejandro Sosa Ruda","date":"18 agosto, 2021","format":false,"excerpt":"Por Beatriz De Le\u00f3n Hace 15 a\u00f1os que en nuestro pa\u00eds luchamos por una Ley que proteja los humedales. El debate iniciado en la C\u00e1mara de Diputados durante el 2020 no avanza desde noviembre pasado, con riesgo de perder estado parlamentario en este 2021, al igual que sucedi\u00f3 en dos\u2026","rel":"","context":"En \u00abDESTACADAS\u00bb","block_context":{"text":"DESTACADAS","link":"https:\/\/larevistadigital.com.ar\/blog\/category\/destacadas\/"},"img":{"alt_text":"","src":"https:\/\/i0.wp.com\/larevistadigital.com.ar\/blog\/wp-content\/uploads\/WhatsApp-Image-2021-08-18-at-11.14.41.jpeg?fit=1080%2C1080&ssl=1&resize=350%2C200","width":350,"height":200,"srcset":"https:\/\/i0.wp.com\/larevistadigital.com.ar\/blog\/wp-content\/uploads\/WhatsApp-Image-2021-08-18-at-11.14.41.jpeg?fit=1080%2C1080&ssl=1&resize=350%2C200 1x, https:\/\/i0.wp.com\/larevistadigital.com.ar\/blog\/wp-content\/uploads\/WhatsApp-Image-2021-08-18-at-11.14.41.jpeg?fit=1080%2C1080&ssl=1&resize=525%2C300 1.5x, https:\/\/i0.wp.com\/larevistadigital.com.ar\/blog\/wp-content\/uploads\/WhatsApp-Image-2021-08-18-at-11.14.41.jpeg?fit=1080%2C1080&ssl=1&resize=700%2C400 2x, https:\/\/i0.wp.com\/larevistadigital.com.ar\/blog\/wp-content\/uploads\/WhatsApp-Image-2021-08-18-at-11.14.41.jpeg?fit=1080%2C1080&ssl=1&resize=1050%2C600 3x"},"classes":[]},{"id":43709,"url":"https:\/\/larevistadigital.com.ar\/blog\/2-de-febrero-por-que-se-conmemora-el-dia-mundial-de-los-humedales-y-cual-es-su-importancia\/","url_meta":{"origin":21615,"position":1},"title":"2 de febrero: por qu\u00e9 se conmemora el D\u00eda Mundial de los Humedales y cu\u00e1l es su importancia","author":"Alejandro Sosa Ruda","date":"2 febrero, 2026","format":false,"excerpt":"Cada 2 de febrero se conmemora el D\u00eda Mundial de los Humedales, una fecha destinada a visibilizar la importancia de estos ecosistemas clave para la biodiversidad, el equilibrio ambiental y la vida humana en el planeta. 02 de febrero de 2026 CHASCOM\u00daS -\u00a0 \u00a0La efem\u00e9ride recuerda la firma de la\u2026","rel":"","context":"En \u00abCHASCOM\u00daS\u00bb","block_context":{"text":"CHASCOM\u00daS","link":"https:\/\/larevistadigital.com.ar\/blog\/category\/chascomus\/"},"img":{"alt_text":"","src":"https:\/\/i0.wp.com\/larevistadigital.com.ar\/blog\/wp-content\/uploads\/2024_05_23_00_57_56_9130742-1.jpeg?fit=600%2C400&ssl=1&resize=350%2C200","width":350,"height":200,"srcset":"https:\/\/i0.wp.com\/larevistadigital.com.ar\/blog\/wp-content\/uploads\/2024_05_23_00_57_56_9130742-1.jpeg?fit=600%2C400&ssl=1&resize=350%2C200 1x, https:\/\/i0.wp.com\/larevistadigital.com.ar\/blog\/wp-content\/uploads\/2024_05_23_00_57_56_9130742-1.jpeg?fit=600%2C400&ssl=1&resize=525%2C300 1.5x"},"classes":[]},{"id":36127,"url":"https:\/\/larevistadigital.com.ar\/blog\/ayer-fue-el-dia-mundial-de-la-biodiversidad-importancia-de-las-especies-vegetales-palustres-en-ecosistemas-de-humedales\/","url_meta":{"origin":21615,"position":2},"title":"AYER FUE EL D\u00cdA MUNDIAL DE LA BIODIVERSIDAD: IMPORTANCIA DE LAS ESPECIES VEGETALES PALUSTRES EN ECOSISTEMAS DE HUMEDALES","author":"Alejandro Sosa Ruda","date":"23 mayo, 2024","format":false,"excerpt":"Cada 22 de mayo se celebra el D\u00eda Mundial de la Biodiversidad y este a\u00f1o el tema es \u201cS\u00e9 parte del plan\u201d con la intenci\u00f3n de llamar a la acci\u00f3n para que todas las partes interesadas detengan y reviertan la p\u00e9rdida de la variedad biol\u00f3gica. 23 de Mayo de 2024\u2026","rel":"","context":"En \u00abINTERES GENERAL\u00bb","block_context":{"text":"INTERES GENERAL","link":"https:\/\/larevistadigital.com.ar\/blog\/category\/interes-general\/"},"img":{"alt_text":"","src":"https:\/\/i0.wp.com\/larevistadigital.com.ar\/blog\/wp-content\/uploads\/2024_05_23_00_57_56_9130742.jpeg?fit=600%2C400&ssl=1&resize=350%2C200","width":350,"height":200,"srcset":"https:\/\/i0.wp.com\/larevistadigital.com.ar\/blog\/wp-content\/uploads\/2024_05_23_00_57_56_9130742.jpeg?fit=600%2C400&ssl=1&resize=350%2C200 1x, https:\/\/i0.wp.com\/larevistadigital.com.ar\/blog\/wp-content\/uploads\/2024_05_23_00_57_56_9130742.jpeg?fit=600%2C400&ssl=1&resize=525%2C300 1.5x"},"classes":[]},{"id":37362,"url":"https:\/\/larevistadigital.com.ar\/blog\/trail-running-chascomus\/","url_meta":{"origin":21615,"position":3},"title":"Trail Running Chascom\u00fas","author":"Alejandro Sosa Ruda","date":"30 septiembre, 2024","format":false,"excerpt":"Mil quinientos atletas locales y de otras ciudades participaron de la carrera de aventura que tuvo lugar el domingo 01 de Octubre de 2024 CHASCOM\u00daS -\u00a0 La competencia organizada por Iloverunn por s\u00e9ptimo a\u00f1o consecutivo, ofreci\u00f3 un ambiente natural sobre la laguna, intercalando sectores con senderos, arroyos, humedales y terrenos\u2026","rel":"","context":"En \u00abCHASCOM\u00daS\u00bb","block_context":{"text":"CHASCOM\u00daS","link":"https:\/\/larevistadigital.com.ar\/blog\/category\/chascomus\/"},"img":{"alt_text":"","src":"https:\/\/i0.wp.com\/larevistadigital.com.ar\/blog\/wp-content\/uploads\/66fad86136487.png?fit=668%2C445&ssl=1&resize=350%2C200","width":350,"height":200,"srcset":"https:\/\/i0.wp.com\/larevistadigital.com.ar\/blog\/wp-content\/uploads\/66fad86136487.png?fit=668%2C445&ssl=1&resize=350%2C200 1x, https:\/\/i0.wp.com\/larevistadigital.com.ar\/blog\/wp-content\/uploads\/66fad86136487.png?fit=668%2C445&ssl=1&resize=525%2C300 1.5x"},"classes":[]},{"id":42231,"url":"https:\/\/larevistadigital.com.ar\/blog\/chascomus-colocan-islas-flotantes-artificiales-en-la-laguna\/","url_meta":{"origin":21615,"position":4},"title":"Chascom\u00fas: Colocan islas flotantes artificiales en la laguna","author":"Alejandro Sosa Ruda","date":"24 octubre, 2025","format":false,"excerpt":"Se trata de una investigaci\u00f3n del Instituto Nacional del Agua (INA) que pone a prueba este sistema innovador frente a las particularidades climatol\u00f3gicas. 24 de Octubre de 2025 CHASCOM\u00daS -\u00a0 \u00a0En el d\u00eda de ayer investigadores del INA junto al personal del \u00e1rea de Ambiente municipal, comenzaron la construcci\u00f3n de\u2026","rel":"","context":"En \u00abCHASCOM\u00daS\u00bb","block_context":{"text":"CHASCOM\u00daS","link":"https:\/\/larevistadigital.com.ar\/blog\/category\/chascomus\/"},"img":{"alt_text":"","src":"https:\/\/i0.wp.com\/larevistadigital.com.ar\/blog\/wp-content\/uploads\/68fbab3eb3c4b.png?fit=668%2C445&ssl=1&resize=350%2C200","width":350,"height":200,"srcset":"https:\/\/i0.wp.com\/larevistadigital.com.ar\/blog\/wp-content\/uploads\/68fbab3eb3c4b.png?fit=668%2C445&ssl=1&resize=350%2C200 1x, https:\/\/i0.wp.com\/larevistadigital.com.ar\/blog\/wp-content\/uploads\/68fbab3eb3c4b.png?fit=668%2C445&ssl=1&resize=525%2C300 1.5x"},"classes":[]},{"id":21087,"url":"https:\/\/larevistadigital.com.ar\/blog\/el-predio-de-la-ruta-20-que-se-quiere-destinar-para-basurero-no-es-apto-comunicado-de-vecinos-autoconvocados\/","url_meta":{"origin":21615,"position":5},"title":"EL PREDIO DE LA RUTA 20 QUE SE QUIERE DESTINAR PARA BASURERO, NO ES APTO. (COMUNICADO DE VECINOS AUTOCONVOCADOS)","author":"Alejandro Sosa Ruda","date":"12 julio, 2021","format":false,"excerpt":"COMUNICADO DE PRENSA Los vecinos autoconvocados de Ruta 20 desmentimos que el BID haya declarado \u201cAPTO\u201d el predio propuesto para basural: el municipio oculta las objeciones realizadas al informe de elegibilidad presentado Los vecinos autoconvocados contra el basural ilegal de Ruta 20 informamos que el Informe de elegibilidad ambiental del\u2026","rel":"","context":"En \u00abINTERES GENERAL\u00bb","block_context":{"text":"INTERES GENERAL","link":"https:\/\/larevistadigital.com.ar\/blog\/category\/interes-general\/"},"img":{"alt_text":"","src":"https:\/\/i0.wp.com\/larevistadigital.com.ar\/blog\/wp-content\/uploads\/WhatsApp-Image-2021-07-09-at-18.59.03.jpeg?fit=1200%2C540&ssl=1&resize=350%2C200","width":350,"height":200,"srcset":"https:\/\/i0.wp.com\/larevistadigital.com.ar\/blog\/wp-content\/uploads\/WhatsApp-Image-2021-07-09-at-18.59.03.jpeg?fit=1200%2C540&ssl=1&resize=350%2C200 1x, https:\/\/i0.wp.com\/larevistadigital.com.ar\/blog\/wp-content\/uploads\/WhatsApp-Image-2021-07-09-at-18.59.03.jpeg?fit=1200%2C540&ssl=1&resize=525%2C300 1.5x, https:\/\/i0.wp.com\/larevistadigital.com.ar\/blog\/wp-content\/uploads\/WhatsApp-Image-2021-07-09-at-18.59.03.jpeg?fit=1200%2C540&ssl=1&resize=700%2C400 2x, https:\/\/i0.wp.com\/larevistadigital.com.ar\/blog\/wp-content\/uploads\/WhatsApp-Image-2021-07-09-at-18.59.03.jpeg?fit=1200%2C540&ssl=1&resize=1050%2C600 3x"},"classes":[]}],"_links":{"self":[{"href":"https:\/\/larevistadigital.com.ar\/blog\/wp-json\/wp\/v2\/posts\/21615","targetHints":{"allow":["GET"]}}],"collection":[{"href":"https:\/\/larevistadigital.com.ar\/blog\/wp-json\/wp\/v2\/posts"}],"about":[{"href":"https:\/\/larevistadigital.com.ar\/blog\/wp-json\/wp\/v2\/types\/post"}],"author":[{"embeddable":true,"href":"https:\/\/larevistadigital.com.ar\/blog\/wp-json\/wp\/v2\/users\/3"}],"replies":[{"embeddable":true,"href":"https:\/\/larevistadigital.com.ar\/blog\/wp-json\/wp\/v2\/comments?post=21615"}],"version-history":[{"count":1,"href":"https:\/\/larevistadigital.com.ar\/blog\/wp-json\/wp\/v2\/posts\/21615\/revisions"}],"predecessor-version":[{"id":21625,"href":"https:\/\/larevistadigital.com.ar\/blog\/wp-json\/wp\/v2\/posts\/21615\/revisions\/21625"}],"wp:featuredmedia":[{"embeddable":true,"href":"https:\/\/larevistadigital.com.ar\/blog\/wp-json\/wp\/v2\/media\/21616"}],"wp:attachment":[{"href":"https:\/\/larevistadigital.com.ar\/blog\/wp-json\/wp\/v2\/media?parent=21615"}],"wp:term":[{"taxonomy":"category","embeddable":true,"href":"https:\/\/larevistadigital.com.ar\/blog\/wp-json\/wp\/v2\/categories?post=21615"},{"taxonomy":"post_tag","embeddable":true,"href":"https:\/\/larevistadigital.com.ar\/blog\/wp-json\/wp\/v2\/tags?post=21615"}],"curies":[{"name":"wp","href":"https:\/\/api.w.org\/{rel}","templated":true}]}}