{"id":21626,"date":"2021-08-19T15:13:36","date_gmt":"2021-08-19T15:13:36","guid":{"rendered":"https:\/\/larevistadigital.com.ar\/blog\/?p=21626"},"modified":"2021-08-19T15:13:36","modified_gmt":"2021-08-19T15:13:36","slug":"autoridades-de-la-escuela-normal-inician-investigacion-administrativa-y-penal-por-supuestas-irregularidades","status":"publish","type":"post","link":"https:\/\/larevistadigital.com.ar\/blog\/autoridades-de-la-escuela-normal-inician-investigacion-administrativa-y-penal-por-supuestas-irregularidades\/","title":{"rendered":"AUTORIDADES DE LA ESCUELA NORMAL INICIAN INVESTIGACI\u00d3N ADMINISTRATIVA Y PENAL POR SUPUESTAS IRREGULARIDADES"},"content":{"rendered":"<p><strong>CHASCOM\u00daS &#8211;<\/strong> Public\u00f3 el <strong>Diario El fuerte<\/strong> acerca de una situaci\u00f3n que viene circulando en distintas redes y que da cuenta de presuntas irregularidades que habr\u00edan ocurrido en\u00a0la Escuela Normal Superior \u201cManuel J. Almada\u201d.<\/p>\n<p>Menciona El Fuerte que <strong><em>\u00abSe ha podido conocer al respecto que por las mismas las autoridades educativas intervinieron e iniciaron los procedimientos administrativos y penales correspondientes\u00bb<\/em><\/strong>.<br \/>\nAgregando luego que <em><strong>\u00abDe acuerdo a lo que se extraoficialmente se conoce, lo sucedido tendr\u00eda que ver con un intento de adulteraci\u00f3n de un documento p\u00fablico vinculado a labor educativa del establecimiento, en uno de los niveles, que habr\u00eda sido descubierto\u00bb.<\/strong><\/em><\/p>\n<blockquote>\n<h3>En la v\u00edspera, los docentes, estudiantes, graduados y familias del Instituto Superior de Formaci\u00f3n Docente N\u00ba 98 se solidarizaron con las autoridades de la Escuela, en un documento que circul\u00f3 por la web y lleg\u00f3 a los medios de prensa.<\/h3>\n<\/blockquote>\n<p>En lo difundido y en lo que hace al ISFD N\u00ba 98 aclaran que dicho establecimiento educativo trabaja en el marco de la normativa vigente, con profesionalismo y sentido democr\u00e1tico, garantizando una formaci\u00f3n docente de calidad para la regi\u00f3n.<\/p>\n<p>Por \u00faltimo, resaltan su defensa a la instituci\u00f3n en particular, y a la educaci\u00f3n p\u00fablica en general.<br \/>\nSe espera que en los pr\u00f3ximos d\u00edas exista informaci\u00f3n oficial de lo acontecido, as\u00ed como tambi\u00e9n cu\u00e1l es el avance del procedimiento administrativo, no s\u00f3lo en Chascom\u00fas sino a nivel de la Direcci\u00f3n de Cultura y Educaci\u00f3n de la Provincia y el cuerpo de Consejeros Generales de Educaci\u00f3n; al igual de lo que se tramita ante la justicia.<\/p>\n<p>publicaci\u00f3n e imagen: elfuertediario.com.ar<\/p>\n","protected":false},"excerpt":{"rendered":"<div class=\"mh-excerpt\"><p>CHASCOM\u00daS &#8211; Public\u00f3 el Diario El fuerte acerca de una situaci\u00f3n que viene circulando en distintas redes y que da cuenta de presuntas irregularidades que habr\u00edan ocurrido en\u00a0la Escuela Normal Superior \u201cManuel J. Almada\u201d. Menciona <a class=\"mh-excerpt-more\" href=\"https:\/\/larevistadigital.com.ar\/blog\/autoridades-de-la-escuela-normal-inician-investigacion-administrativa-y-penal-por-supuestas-irregularidades\/\" title=\"AUTORIDADES DE LA ESCUELA NORMAL INICIAN INVESTIGACI\u00d3N ADMINISTRATIVA Y PENAL POR SUPUESTAS IRREGULARIDADES\">[Leer M\u00e1s]<\/a><\/p>\n<\/div>","protected":false},"author":3,"featured_media":21627,"comment_status":"open","ping_status":"open","sticky":false,"template":"","format":"standard","meta":{"_jetpack_memberships_contains_paid_content":false,"footnotes":"","jetpack_publicize_message":"","jetpack_publicize_feature_enabled":true,"jetpack_social_post_already_shared":true,"jetpack_social_options":{"image_generator_settings":{"template":"highway","default_image_id":0,"font":"","enabled":false},"version":2}},"categories":[50],"tags":[170],"class_list":{"0":"post-21626","1":"post","2":"type-post","3":"status-publish","4":"format-standard","5":"has-post-thumbnail","7":"category-interes-general","8":"tag-escuela-normal"},"jetpack_publicize_connections":[],"jetpack_featured_media_url":"https:\/\/i0.wp.com\/larevistadigital.com.ar\/blog\/wp-content\/uploads\/escuela-normal.png?fit=930%2C610&ssl=1","jetpack_sharing_enabled":true,"jetpack_shortlink":"https:\/\/wp.me\/p8qtrQ-5CO","jetpack-related-posts":[{"id":32430,"url":"https:\/\/larevistadigital.com.ar\/blog\/chascomus-la-dgc-y-e-emitio-un-duro-comunicado-por-los-hechos-sucedidos-en-la-escuela-normal\/","url_meta":{"origin":21626,"position":0},"title":"CHASCOM\u00daS: LA DGC y E EMITI\u00d3 UN DURO COMUNICADO POR LOS HECHOS SUCEDIDOS EN LA ESCUELA NORMAL","author":"Alejandro Sosa Ruda","date":"15 julio, 2023","format":false,"excerpt":"El comunicado es muy severo, por los hechos donde los alumnos, auxiliares y docentes debieron ser evacuados por una p\u00e9rdida de gas. 15 de julio de 2023 EL COMUNICADO Desde la Direcci\u00f3n General de Cultura y Educaci\u00f3n manifestamos la profunda preocupaci\u00f3n por lo ocurrido el d\u00eda martes 11 de julio\u2026","rel":"","context":"En \u00abCULTURA\u00bb","block_context":{"text":"CULTURA","link":"https:\/\/larevistadigital.com.ar\/blog\/category\/cultura\/"},"img":{"alt_text":"","src":"https:\/\/i0.wp.com\/larevistadigital.com.ar\/blog\/wp-content\/uploads\/COMUNICADO-1.jpg?fit=720%2C348&ssl=1&resize=350%2C200","width":350,"height":200,"srcset":"https:\/\/i0.wp.com\/larevistadigital.com.ar\/blog\/wp-content\/uploads\/COMUNICADO-1.jpg?fit=720%2C348&ssl=1&resize=350%2C200 1x, https:\/\/i0.wp.com\/larevistadigital.com.ar\/blog\/wp-content\/uploads\/COMUNICADO-1.jpg?fit=720%2C348&ssl=1&resize=525%2C300 1.5x, https:\/\/i0.wp.com\/larevistadigital.com.ar\/blog\/wp-content\/uploads\/COMUNICADO-1.jpg?fit=720%2C348&ssl=1&resize=700%2C400 2x"},"classes":[]},{"id":32372,"url":"https:\/\/larevistadigital.com.ar\/blog\/chascomus-se-debio-evacuar-la-escuela-normal-por-una-perdida-de-gas-pudo-ser-intencional\/","url_meta":{"origin":21626,"position":1},"title":"CHASCOM\u00daS: SE DEBI\u00d3 EVACUAR LA ESCUELA NORMAL POR UNA P\u00c9RDIDA DE GAS, PUDO SER INTENCIONAL.","author":"Alejandro Sosa Ruda","date":"11 julio, 2023","format":false,"excerpt":"Se evacu\u00f3 a los alumnos, auxiliares y docentes de manera preventiva.\u00a0 Se trat\u00f3 de una garrafa y se investiga si fue intencional. Por la tarde el colegio funcion\u00f3 con normalidad. 11 de julio de 2023 CHASCOM\u00daS -\u00a0 Por la ma\u00f1ana, se produjo una p\u00e9rdida de gas, por lo que se\u2026","rel":"","context":"En \u00abDESTACADAS\u00bb","block_context":{"text":"DESTACADAS","link":"https:\/\/larevistadigital.com.ar\/blog\/category\/destacadas\/"},"img":{"alt_text":"","src":"https:\/\/i0.wp.com\/larevistadigital.com.ar\/blog\/wp-content\/uploads\/garrafa.jpg?fit=675%2C1200&ssl=1&resize=350%2C200","width":350,"height":200,"srcset":"https:\/\/i0.wp.com\/larevistadigital.com.ar\/blog\/wp-content\/uploads\/garrafa.jpg?fit=675%2C1200&ssl=1&resize=350%2C200 1x, https:\/\/i0.wp.com\/larevistadigital.com.ar\/blog\/wp-content\/uploads\/garrafa.jpg?fit=675%2C1200&ssl=1&resize=525%2C300 1.5x"},"classes":[]},{"id":8037,"url":"https:\/\/larevistadigital.com.ar\/blog\/chascomus-la-provincia-envio-fondos-que-fueron-entregados-al-concejo-escolar-y-se-utilizaran-para-acondicionar-los-sanitarios-de-la-escuela-normal\/","url_meta":{"origin":21626,"position":2},"title":"CHASCOM\u00daS: LA PROVINCIA ENVI\u00d3 FONDOS QUE FUERON ENTREGADOS AL CONCEJO ESCOLAR Y SE UTILIZAR\u00c1N PARA ACONDICIONAR LOS SANITARIOS DE LA ESCUELA NORMAL","author":"Alejandro Sosa Ruda","date":"29 enero, 2019","format":false,"excerpt":"As\u00ed lo anunci\u00f3 d\u00edas pasados el Intendente Municipal al entregar un subsidio de Provincia por un monto de $400.000 al Consejo Escolar de Chascom\u00fas para afrontar los gastos de la refacci\u00f3n de los sanitarios en las instalaciones de la Escuela Normal Superior \u201cManuel J. Almada\u201d. \u201cEs la cuarta intervenci\u00f3n que\u2026","rel":"","context":"En \u00abCHASCOM\u00daS\u00bb","block_context":{"text":"CHASCOM\u00daS","link":"https:\/\/larevistadigital.com.ar\/blog\/category\/chascomus\/"},"img":{"alt_text":"","src":"https:\/\/i0.wp.com\/larevistadigital.com.ar\/blog\/wp-content\/uploads\/2019\/01\/Screenshot_2-4.jpg?fit=792%2C486&ssl=1&resize=350%2C200","width":350,"height":200,"srcset":"https:\/\/i0.wp.com\/larevistadigital.com.ar\/blog\/wp-content\/uploads\/2019\/01\/Screenshot_2-4.jpg?fit=792%2C486&ssl=1&resize=350%2C200 1x, https:\/\/i0.wp.com\/larevistadigital.com.ar\/blog\/wp-content\/uploads\/2019\/01\/Screenshot_2-4.jpg?fit=792%2C486&ssl=1&resize=525%2C300 1.5x, https:\/\/i0.wp.com\/larevistadigital.com.ar\/blog\/wp-content\/uploads\/2019\/01\/Screenshot_2-4.jpg?fit=792%2C486&ssl=1&resize=700%2C400 2x"},"classes":[]},{"id":40194,"url":"https:\/\/larevistadigital.com.ar\/blog\/lucio-alfonsin-la-municipalidad-ofrecio-aportar-los-fondos-necesarios-para-la-reparacion-del-sistema-de-calefaccion-de-la-escuela-normal\/","url_meta":{"origin":21626,"position":3},"title":"Lucio Alfons\u00edn: \u201cLa Municipalidad ofreci\u00f3 aportar los fondos necesarios para la reparaci\u00f3n del sistema de calefacci\u00f3n de la Escuela Normal\u201d","author":"Alejandro Sosa Ruda","date":"26 junio, 2025","format":false,"excerpt":"El anuncio fue realizado por el subsecretario de Infancias y Juventudes durante una reuni\u00f3n con padres y madres de estudiantes de la Escuela Primaria N\u00ba 55 que forma parte de la Unidad Acad\u00e9mica de la Escuela Normal. 26 de Junio de 2025 CHASCOM\u00daS\u00a0 -\u00a0 \u00a0En el encuentro, del que tambi\u00e9n\u2026","rel":"","context":"En \u00abDESTACADAS\u00bb","block_context":{"text":"DESTACADAS","link":"https:\/\/larevistadigital.com.ar\/blog\/category\/destacadas\/"},"img":{"alt_text":"","src":"https:\/\/i0.wp.com\/larevistadigital.com.ar\/blog\/wp-content\/uploads\/685d9a844410e.png?fit=668%2C445&ssl=1&resize=350%2C200","width":350,"height":200,"srcset":"https:\/\/i0.wp.com\/larevistadigital.com.ar\/blog\/wp-content\/uploads\/685d9a844410e.png?fit=668%2C445&ssl=1&resize=350%2C200 1x, https:\/\/i0.wp.com\/larevistadigital.com.ar\/blog\/wp-content\/uploads\/685d9a844410e.png?fit=668%2C445&ssl=1&resize=525%2C300 1.5x"},"classes":[]},{"id":5105,"url":"https:\/\/larevistadigital.com.ar\/blog\/reunion-autoridades-educacion-concejo-preocupado-la-situacion-las-escuelas-rurales-otros-servicios\/","url_meta":{"origin":21626,"position":4},"title":"Reuni\u00f3n con autoridades de Educaci\u00f3n El Concejo, preocupado por la situaci\u00f3n de las escuelas rurales y otros servicios","author":"admin","date":"1 marzo, 2018","format":false,"excerpt":"Con la presencia de todos los bloques pol\u00edticos que integran el Cuerpo Deliberativo, el HCD encabezado por su Presidente, Osvaldo Casalins, se reuni\u00f3 en la ma\u00f1ana de este martes con el Presidente del Consejo Escolar, Prof. Lucio Alfons\u00edn y con la Jefa Distrital de Educaci\u00f3n, Prof. Silvina Abelenda. Los tremas\u2026","rel":"","context":"En \u00abCHASCOM\u00daS\u00bb","block_context":{"text":"CHASCOM\u00daS","link":"https:\/\/larevistadigital.com.ar\/blog\/category\/chascomus\/"},"img":{"alt_text":"","src":"https:\/\/i0.wp.com\/larevistadigital.com.ar\/blog\/wp-content\/uploads\/2018\/03\/2018_02_27_15_52_14_2509766.jpg?fit=600%2C415&ssl=1&resize=350%2C200","width":350,"height":200,"srcset":"https:\/\/i0.wp.com\/larevistadigital.com.ar\/blog\/wp-content\/uploads\/2018\/03\/2018_02_27_15_52_14_2509766.jpg?fit=600%2C415&ssl=1&resize=350%2C200 1x, https:\/\/i0.wp.com\/larevistadigital.com.ar\/blog\/wp-content\/uploads\/2018\/03\/2018_02_27_15_52_14_2509766.jpg?fit=600%2C415&ssl=1&resize=525%2C300 1.5x"},"classes":[]},{"id":1682,"url":"https:\/\/larevistadigital.com.ar\/blog\/concejales-y-autoridades-corroboraron-el-mal-estado-de-la-escuela-normal\/","url_meta":{"origin":21626,"position":5},"title":"CONCEJALES Y AUTORIDADES CORROBORARON EL MAL ESTADO DE LA ESCUELA NORMAL","author":"Alejandro Sosa Ruda","date":"28 marzo, 2017","format":false,"excerpt":"Ayer por la ma\u00f1ana, tuvo lugar una reuni\u00f3n en la Escuela Normal, donde se plante\u00f3 intentar brindar soluciones a las graves falencias edilicias del edificio de Presidente Alfons\u00edn y Artigas. Al respecto el concejal de la UCR-Cambiemos, Jorge Brucetta, fue entrevistado en el programa \"AM Show\" que conducen Alberto Morel\u2026","rel":"","context":"En \u00abCHASCOM\u00daS\u00bb","block_context":{"text":"CHASCOM\u00daS","link":"https:\/\/larevistadigital.com.ar\/blog\/category\/chascomus\/"},"img":{"alt_text":"","src":"https:\/\/i0.wp.com\/larevistadigital.com.ar\/blog\/wp-content\/uploads\/2017\/03\/bomba3.jpg?fit=960%2C720&ssl=1&resize=350%2C200","width":350,"height":200,"srcset":"https:\/\/i0.wp.com\/larevistadigital.com.ar\/blog\/wp-content\/uploads\/2017\/03\/bomba3.jpg?fit=960%2C720&ssl=1&resize=350%2C200 1x, https:\/\/i0.wp.com\/larevistadigital.com.ar\/blog\/wp-content\/uploads\/2017\/03\/bomba3.jpg?fit=960%2C720&ssl=1&resize=525%2C300 1.5x, https:\/\/i0.wp.com\/larevistadigital.com.ar\/blog\/wp-content\/uploads\/2017\/03\/bomba3.jpg?fit=960%2C720&ssl=1&resize=700%2C400 2x"},"classes":[]}],"_links":{"self":[{"href":"https:\/\/larevistadigital.com.ar\/blog\/wp-json\/wp\/v2\/posts\/21626","targetHints":{"allow":["GET"]}}],"collection":[{"href":"https:\/\/larevistadigital.com.ar\/blog\/wp-json\/wp\/v2\/posts"}],"about":[{"href":"https:\/\/larevistadigital.com.ar\/blog\/wp-json\/wp\/v2\/types\/post"}],"author":[{"embeddable":true,"href":"https:\/\/larevistadigital.com.ar\/blog\/wp-json\/wp\/v2\/users\/3"}],"replies":[{"embeddable":true,"href":"https:\/\/larevistadigital.com.ar\/blog\/wp-json\/wp\/v2\/comments?post=21626"}],"version-history":[{"count":1,"href":"https:\/\/larevistadigital.com.ar\/blog\/wp-json\/wp\/v2\/posts\/21626\/revisions"}],"predecessor-version":[{"id":21628,"href":"https:\/\/larevistadigital.com.ar\/blog\/wp-json\/wp\/v2\/posts\/21626\/revisions\/21628"}],"wp:featuredmedia":[{"embeddable":true,"href":"https:\/\/larevistadigital.com.ar\/blog\/wp-json\/wp\/v2\/media\/21627"}],"wp:attachment":[{"href":"https:\/\/larevistadigital.com.ar\/blog\/wp-json\/wp\/v2\/media?parent=21626"}],"wp:term":[{"taxonomy":"category","embeddable":true,"href":"https:\/\/larevistadigital.com.ar\/blog\/wp-json\/wp\/v2\/categories?post=21626"},{"taxonomy":"post_tag","embeddable":true,"href":"https:\/\/larevistadigital.com.ar\/blog\/wp-json\/wp\/v2\/tags?post=21626"}],"curies":[{"name":"wp","href":"https:\/\/api.w.org\/{rel}","templated":true}]}}