{"id":21629,"date":"2021-08-19T16:07:21","date_gmt":"2021-08-19T16:07:21","guid":{"rendered":"https:\/\/larevistadigital.com.ar\/blog\/?p=21629"},"modified":"2021-08-19T16:07:21","modified_gmt":"2021-08-19T16:07:21","slug":"madre-de-nena-de-9-anos-fallecida-por-neumonia-pide-al-intendente-gaston-que-desafecte-del-hospital-municipal-al-medico-que-atendio-a-su-hijita-en-berisso","status":"publish","type":"post","link":"https:\/\/larevistadigital.com.ar\/blog\/madre-de-nena-de-9-anos-fallecida-por-neumonia-pide-al-intendente-gaston-que-desafecte-del-hospital-municipal-al-medico-que-atendio-a-su-hijita-en-berisso\/","title":{"rendered":"MADRE DE NENA DE 9 A\u00d1OS FALLECIDA POR NEUMON\u00cdA, PIDE AL INTENDENTE GAST\u00d3N QUE DESAFECTE DEL HOSPITAL MUNICIPAL AL M\u00c9DICO QUE ATENDI\u00d3 A SU HIJITA EN BERISSO"},"content":{"rendered":"<h2>Se trata de Ana Baban, mam\u00e1 de Nahiara, quien encontr\u00f3 la muerte a los 9 a\u00f1itos de edad, v\u00edctima de una neumon\u00eda que en ese momento no fue detectada por los profesionales. Especialmente el doctor Dar\u00edo Corazza, que en aquel momento envi\u00f3 a la criatura de regreso a su domicilio. Ac\u00e1 la triste historia que le toc\u00f3 vivir.<\/h2>\n<p>La historia se desarroll\u00f3 en el a\u00f1o 2014, m\u00e1s precisamente en la Guardia del Hospital Larra\u00edn, en Berisso.<strong><em> \u201cEl s\u00e1bado llevo a mi nena a la guardia del hospital de Berisso porque me dice: \u2018mam\u00e1, me duele la vista y la garganta\u2019. El pediatra\u00a0Dar\u00edo Corazza\u00a0le revisa con la linterna la garganta y le dice \u2018ten\u00e9s inflamados los ganglios, tom\u00e1 ibuprofeno para la fiebre, puede que est\u00e9 incubando algo\u2019\u201d<\/em><\/strong>, comenz\u00f3 el relato ante el portal BerissoCiudad<\/p>\n<blockquote>\n<h3>Y continu\u00f3: <em>\u201cMe fui a mi casa, a la noche no la vimos bien entonces mi marido me dice \u2018yo la llevo, qu\u00e9date con los nenes\u2019. Dijeron que ten\u00eda un principio de laringitis, todo del mismo resfr\u00edo y le dieron betametasona, adem\u00e1s del ibuprofeno por si volv\u00eda a levantar fiebre\u201d<\/em>.<\/h3>\n<\/blockquote>\n<p><strong><em>\u201cEl domingo, despu\u00e9s del mediod\u00eda se levanta, iba y ven\u00eda, le estaba cambiando el color de la piel y le pregunt\u00e9 si estaba bien. \u2018S\u00ed, estoy bien\u2019 me dec\u00eda. En un momento, cuando el color de la cara era casi amarillo la llev\u00e9 de nuevo (al Larrain) donde me dijeron que era todo de lo mismo, que el color era porque se sent\u00eda mal\u201d<\/em><\/strong>, repas\u00f3.<\/p>\n<blockquote>\n<h3>A ello, sum\u00f3:<em> \u201cLa enfermera le puso un saturador para medirle la respiraci\u00f3n, mi hija saturaba 65 y le dijo que era imposible \u2018no estar\u00eda sentada ac\u00e1\u2019. Fue a buscar otro saturador y la nena segu\u00eda con lo mismo y decidi\u00f3 hacerle una nebulizaci\u00f3n. La nena se descompens\u00f3, dijo \u2018tengo sed, me siento mal\u201d<\/em>.<\/h3>\n<\/blockquote>\n<p><strong><em>\u201cLe pusieron una m\u00e1scara de reservorio y la enfermera preguntaba (al m\u00e9dico) \u2018por qu\u00e9 no le hacen an\u00e1lisis de sangre\u2019. Le pusieron el suero y le hicieron los an\u00e1lisis. Me dijeron que la iban a dejar internada porque los valores del az\u00facar le dieron el doble de lo normal y no sab\u00edan por qu\u00e9\u201d<\/em><\/strong>, lament\u00f3 destruida, la madre.<\/p>\n<blockquote>\n<h3>Pero sigui\u00f3: <strong><em>\u201cA las dos horas le hacen una placa a mi nena y cuando llegaron los resultados el m\u00e9dico dijo \u2018con raz\u00f3n, \u00bfves este pulm\u00f3n? No est\u00e1 m\u00e1s\u2019. Nunca me dijo que era grave y yo segu\u00eda trat\u00e1ndome de enfocar en que mi hija se recuperara r\u00e1pido. La enfermera aconsej\u00f3 un traslado porque no hab\u00eda camas y tampoco hab\u00eda nada en otros lados\u201d<\/em><\/strong>.<\/h3>\n<\/blockquote>\n<p><strong><em>\u201cLa doctora que lleg\u00f3 en el otro turno vio a la nena, la sent\u00f3, no la dej\u00f3 tomar agua, la revis\u00f3 y se empez\u00f3 a preocupar. Las doctoras Costa y Lazarte hicieron todo. Costa llam\u00f3 a una especialista. El hospital no est\u00e1 preparado para una urgencia, ni para una terapia intensiva; no hab\u00eda insumos\u201d<\/em><\/strong>, afirm\u00f3 con enojo.<\/p>\n<blockquote>\n<h3>E indic\u00f3 que <strong><em>\u201ccuando lleg\u00f3 la especialista mi hija entr\u00f3 en un paro cardiorrespiratorio y no hab\u00eda m\u00e1scaras para ponerle, tuvieron que usar cosas que no eran las adecuadas. Al rato, entr\u00f3 en un paro card\u00edaco y cuando la estaban entubando tuvo una hemorragia muy grande, no sabemos cu\u00e1l fue la causa\u201d<\/em><\/strong>.<\/h3>\n<\/blockquote>\n<p><em><strong>\u201cLuego mi hija volvi\u00f3, porque ten\u00eda muchas ganas de vivir. La subieron a terapia de adultos. Yo entr\u00e9, la pude ver, le habl\u00e9, le ped\u00ed que salga. Pero entr\u00f3 en otro paro cardiorrespiratorio que no soport\u00f3 y se me fue\u201d<\/strong><\/em>, concluy\u00f3 <strong>Bab\u00e1n<\/strong> entre l\u00e1grimas.<\/p>\n<p><strong>El d\u00eda despu\u00e9s<\/strong><\/p>\n<p>Tras el preciso y duro racconto de los hechos, que valientemente detall\u00f3 Ana, el t\u00edo de Naiara cont\u00f3: \u201c<strong><em>El martes me acerqu\u00e9 al hospital para tratar de hablar esto con el director\u00a0Mario Aued\u00a0y no consegu\u00ed que me atienda. La secretaria me dijo que ya hab\u00eda hablado con la familia pero era mentira\u201d.<\/em><\/strong><\/p>\n<blockquote>\n<h3>\u201cLo m\u00e1s grave de esto es que no fue el primer caso en el Hospital de Berisso, no s\u00f3lo con nenes sino hasta con un funcionario municipal y a pesar del peso pol\u00edtico que ten\u00eda no hicieron nada por mejorar la atenci\u00f3n\u201d, aclar\u00f3.<\/h3>\n<\/blockquote>\n<p>Tambi\u00e9n repudi\u00f3 que <strong><em>\u201cno hay una sala pedi\u00e1trica en condiciones para cualquier tipo de urgencias. Las ambulancias no tienen ox\u00edgeno para el traslado. Queremos una respuesta del director del Hospital y del jefe de Pediatr\u00eda, que no supo dejar las cosas en claro\u201d.<\/em><\/strong><\/p>\n<p>Por su parte, Bab\u00e1n, coment\u00f3 que al d\u00eda siguiente del deceso en la funeraria le dijeron que a\u00fan no hab\u00eda llegado el cuerpo de su hija, <strong><em>\u201cen el hospital no nos quieren dar el cuerpo\u201d, se escudaron. \u201cEntonces fui personalmente, ped\u00ed que me dieran a mi hija, que no me trabaran m\u00e1s y tardaron tres minutos\u201d, revel\u00f3.<\/em><\/strong><\/p>\n<blockquote>\n<h3>\u201cMe sent\u00e9 en la guardia y le dije \u2018quiero que venga el doctor Corazza y me d\u00e9 una explicaci\u00f3n de por qu\u00e9 no le hizo una placa que definiera el estado de mi hija\u2019, cuando lleg\u00f3 por segunda vez, que ya estaba m\u00e1s deca\u00edda\u201d, retom\u00f3 la madre.<\/h3>\n<\/blockquote>\n<p>Seguidamente sentenci\u00f3: <strong><em>\u201cQuiero pedir que el hospital de Berisso tenga aunque sea una sala pedi\u00e1trica de terapia con dos camas como m\u00ednimo, para estos casos, para que los chicos puedan resistir y esperar un traslado. No podemos dar por muerto a un chico que entra en coma en el Hospital de Berisso. Y tambi\u00e9n quiero que el doctor Corazza no atienda m\u00e1s a ning\u00fan chico. No quiero plata, ni juicio\u201d.<\/em><\/strong><\/p>\n<p>&nbsp;<\/p>\n","protected":false},"excerpt":{"rendered":"<div class=\"mh-excerpt\"><p>Se trata de Ana Baban, mam\u00e1 de Nahiara, quien encontr\u00f3 la muerte a los 9 a\u00f1itos de edad, v\u00edctima de una neumon\u00eda que en ese momento no fue detectada por los profesionales. Especialmente el doctor <a class=\"mh-excerpt-more\" href=\"https:\/\/larevistadigital.com.ar\/blog\/madre-de-nena-de-9-anos-fallecida-por-neumonia-pide-al-intendente-gaston-que-desafecte-del-hospital-municipal-al-medico-que-atendio-a-su-hijita-en-berisso\/\" title=\"MADRE DE NENA DE 9 A\u00d1OS FALLECIDA POR NEUMON\u00cdA, PIDE AL INTENDENTE GAST\u00d3N QUE DESAFECTE DEL HOSPITAL MUNICIPAL AL M\u00c9DICO QUE ATENDI\u00d3 A SU HIJITA EN BERISSO\">[Leer M\u00e1s]<\/a><\/p>\n<\/div>","protected":false},"author":3,"featured_media":21630,"comment_status":"open","ping_status":"open","sticky":false,"template":"","format":"standard","meta":{"_jetpack_memberships_contains_paid_content":false,"footnotes":"","jetpack_publicize_message":"","jetpack_publicize_feature_enabled":true,"jetpack_social_post_already_shared":true,"jetpack_social_options":{"image_generator_settings":{"template":"highway","default_image_id":0,"font":"","enabled":false},"version":2}},"categories":[50],"tags":[],"class_list":{"0":"post-21629","1":"post","2":"type-post","3":"status-publish","4":"format-standard","5":"has-post-thumbnail","7":"category-interes-general"},"jetpack_publicize_connections":[],"jetpack_featured_media_url":"https:\/\/i0.wp.com\/larevistadigital.com.ar\/blog\/wp-content\/uploads\/MAMA.png?fit=927%2C693&ssl=1","jetpack_sharing_enabled":true,"jetpack_shortlink":"https:\/\/wp.me\/p8qtrQ-5CR","jetpack-related-posts":[{"id":33214,"url":"https:\/\/larevistadigital.com.ar\/blog\/berisso-una-nena-de-8-anos-jugaba-en-la-plaza-desaparecio-y-la-encontraron-sola-en-un-micro\/","url_meta":{"origin":21629,"position":0},"title":"BERISSO: UNA NENA DE 8 A\u00d1OS JUGABA EN LA PLAZA, DESAPARECI\u00d3 Y LA ENCONTRARON SOLA EN UN MICRO","author":"Alejandro Sosa Ruda","date":"1 septiembre, 2023","format":false,"excerpt":"El chofer descubri\u00f3 al terminar su recorrido que la peque\u00f1a hab\u00eda quedado sola,\u00a0por lo que se inici\u00f3 un veloz operativo y finalmente dieron con\u00a0su familia. 01 de septiembre de 2023 Una nena de apenas 8 a\u00f1os que viajaba en un colectivo de la L\u00ednea 202 fue hallada sola por el\u2026","rel":"","context":"En \u00abREGIONALES\u00bb","block_context":{"text":"REGIONALES","link":"https:\/\/larevistadigital.com.ar\/blog\/category\/regionales\/"},"img":{"alt_text":"","src":"https:\/\/i0.wp.com\/larevistadigital.com.ar\/blog\/wp-content\/uploads\/1592950334787.jpg?fit=1200%2C594&ssl=1&resize=350%2C200","width":350,"height":200,"srcset":"https:\/\/i0.wp.com\/larevistadigital.com.ar\/blog\/wp-content\/uploads\/1592950334787.jpg?fit=1200%2C594&ssl=1&resize=350%2C200 1x, https:\/\/i0.wp.com\/larevistadigital.com.ar\/blog\/wp-content\/uploads\/1592950334787.jpg?fit=1200%2C594&ssl=1&resize=525%2C300 1.5x, https:\/\/i0.wp.com\/larevistadigital.com.ar\/blog\/wp-content\/uploads\/1592950334787.jpg?fit=1200%2C594&ssl=1&resize=700%2C400 2x, https:\/\/i0.wp.com\/larevistadigital.com.ar\/blog\/wp-content\/uploads\/1592950334787.jpg?fit=1200%2C594&ssl=1&resize=1050%2C600 3x"},"classes":[]},{"id":6239,"url":"https:\/\/larevistadigital.com.ar\/blog\/6239-2\/","url_meta":{"origin":21629,"position":1},"title":"MUJER POLIC\u00cdA AMAMANT\u00d3 Y CALM\u00d3 A UN BEBE QUE LLORABA DE HAMBRE","author":"Alejandro Sosa Ruda","date":"16 agosto, 2018","format":false,"excerpt":"Celeste Ayala\u00a0es cadete a bombero voluntario y estaba de guardia en el Hospital de Ni\u00f1os Sor Mar\u00eda Ludovica, ubicado sobre la calle 14. Integra el grupo de\u00a0Bomberos Voluntarios de Berisso. Un beb\u00e9 lleg\u00f3 al centro m\u00e9dico para ser atendido, pero\u00a0no paraba de llorar. Ayala, que fue mam\u00e1 recientemente,not\u00f3 que el\u2026","rel":"","context":"En \u00abPOLITICA\u00bb","block_context":{"text":"POLITICA","link":"https:\/\/larevistadigital.com.ar\/blog\/category\/politica\/"},"img":{"alt_text":"","src":"https:\/\/i0.wp.com\/larevistadigital.com.ar\/blog\/wp-content\/uploads\/2018\/08\/bombero_1.jpg_525981578.jpg?fit=790%2C440&ssl=1&resize=350%2C200","width":350,"height":200,"srcset":"https:\/\/i0.wp.com\/larevistadigital.com.ar\/blog\/wp-content\/uploads\/2018\/08\/bombero_1.jpg_525981578.jpg?fit=790%2C440&ssl=1&resize=350%2C200 1x, https:\/\/i0.wp.com\/larevistadigital.com.ar\/blog\/wp-content\/uploads\/2018\/08\/bombero_1.jpg_525981578.jpg?fit=790%2C440&ssl=1&resize=525%2C300 1.5x, https:\/\/i0.wp.com\/larevistadigital.com.ar\/blog\/wp-content\/uploads\/2018\/08\/bombero_1.jpg_525981578.jpg?fit=790%2C440&ssl=1&resize=700%2C400 2x"},"classes":[]},{"id":38139,"url":"https:\/\/larevistadigital.com.ar\/blog\/horror-en-berisso-una-nena-invita-a-sus-amiguitas-a-una-pijamada-y-el-padre-abuso-de-dos-de-ellas\/","url_meta":{"origin":21629,"position":2},"title":"HORROR EN BERISSO: UNA NENA INVITA A SUS AMIGUITAS A UNA PIJAMADA Y EL PADRE ABUS\u00d3 DE DOS DE ELLAS","author":"Alejandro Sosa Ruda","date":"5 diciembre, 2024","format":false,"excerpt":"El abusador fue detenido. Todo sali\u00f3 a la luz, cuando una de las nenas cont\u00f3 a su mam\u00e1 lo sucedido. 05 de Diciembre de 2024 BERISSO -\u00a0 \u00a0Un aberrante hecho, ocurri\u00f3 en el contexto de algo que debi\u00f3 ser una fiesta para los chicos, ya que un individuo de 53\u2026","rel":"","context":"En \u00abPOLICIALES\u00bb","block_context":{"text":"POLICIALES","link":"https:\/\/larevistadigital.com.ar\/blog\/category\/policiales\/"},"img":{"alt_text":"","src":"https:\/\/i0.wp.com\/larevistadigital.com.ar\/blog\/wp-content\/uploads\/Captura-de-pantalla-2024-12-05-210759.png?fit=570%2C334&ssl=1&resize=350%2C200","width":350,"height":200,"srcset":"https:\/\/i0.wp.com\/larevistadigital.com.ar\/blog\/wp-content\/uploads\/Captura-de-pantalla-2024-12-05-210759.png?fit=570%2C334&ssl=1&resize=350%2C200 1x, https:\/\/i0.wp.com\/larevistadigital.com.ar\/blog\/wp-content\/uploads\/Captura-de-pantalla-2024-12-05-210759.png?fit=570%2C334&ssl=1&resize=525%2C300 1.5x"},"classes":[]},{"id":37988,"url":"https:\/\/larevistadigital.com.ar\/blog\/terror-en-berisso-mato-a-su-hijita-de-5-anos-apunalandola-en-el-pecho-y-luego-trato-de-suicidarse\/","url_meta":{"origin":21629,"position":3},"title":"Terror en Berisso: Mat\u00f3 a su hijita de 5 a\u00f1os apu\u00f1al\u00e1ndola en el pecho y luego trat\u00f3 de suicidarse","author":"Alejandro Sosa Ruda","date":"24 noviembre, 2024","format":false,"excerpt":"Detienen a un hombre en Berisso, acusado de matar a la hija de 5 a\u00f1os a pu\u00f1aladas en el pecho 24 de Noviembre de 2024 Berisso.- LA PLATA\u00a0 -\u00a0 \u00a0\u00a0Un demente sujeto, asesin\u00f3 a pu\u00f1aladas a su hija de 5 a\u00f1os, en la localidad de Berisso, para luego intentar suicidarse\u2026","rel":"","context":"En \u00abPOLICIALES\u00bb","block_context":{"text":"POLICIALES","link":"https:\/\/larevistadigital.com.ar\/blog\/category\/policiales\/"},"img":{"alt_text":"","src":"https:\/\/i0.wp.com\/larevistadigital.com.ar\/blog\/wp-content\/uploads\/5a1d8ec76f9d76d92e3d3e6ec7b8c9d200e9ed6b.jpg?fit=1140%2C641&ssl=1&resize=350%2C200","width":350,"height":200,"srcset":"https:\/\/i0.wp.com\/larevistadigital.com.ar\/blog\/wp-content\/uploads\/5a1d8ec76f9d76d92e3d3e6ec7b8c9d200e9ed6b.jpg?fit=1140%2C641&ssl=1&resize=350%2C200 1x, https:\/\/i0.wp.com\/larevistadigital.com.ar\/blog\/wp-content\/uploads\/5a1d8ec76f9d76d92e3d3e6ec7b8c9d200e9ed6b.jpg?fit=1140%2C641&ssl=1&resize=525%2C300 1.5x, https:\/\/i0.wp.com\/larevistadigital.com.ar\/blog\/wp-content\/uploads\/5a1d8ec76f9d76d92e3d3e6ec7b8c9d200e9ed6b.jpg?fit=1140%2C641&ssl=1&resize=700%2C400 2x, https:\/\/i0.wp.com\/larevistadigital.com.ar\/blog\/wp-content\/uploads\/5a1d8ec76f9d76d92e3d3e6ec7b8c9d200e9ed6b.jpg?fit=1140%2C641&ssl=1&resize=1050%2C600 3x"},"classes":[]},{"id":31046,"url":"https:\/\/larevistadigital.com.ar\/blog\/berisso-perdio-el-control-del-auto-y-termino-en-un-canal\/","url_meta":{"origin":21629,"position":4},"title":"BERISSO: PERDI\u00d3 EL CONTROL DEL AUTO Y TERMIN\u00d3 EN UN CANAL","author":"Alejandro Sosa Ruda","date":"14 abril, 2023","format":false,"excerpt":"La v\u00edctima debi\u00f3 ser trasladada de urgencia a un centro de salud como consecuencia de las heridas. Se desconocen las causas que originaron el siniestro. 14 de abril de 2023 BERISSO -\u00a0 Un automovilista sufri\u00f3 un grave accidente de tr\u00e1nsito en 66 y 143, Berisso. Como consecuencia\u00a0del impacto,\u00a0el hombre de\u2026","rel":"","context":"En \u00abPOLICIALES\u00bb","block_context":{"text":"POLICIALES","link":"https:\/\/larevistadigital.com.ar\/blog\/category\/policiales\/"},"img":{"alt_text":"","src":"https:\/\/i0.wp.com\/larevistadigital.com.ar\/blog\/wp-content\/uploads\/1681503015312.jpg?fit=1200%2C594&ssl=1&resize=350%2C200","width":350,"height":200,"srcset":"https:\/\/i0.wp.com\/larevistadigital.com.ar\/blog\/wp-content\/uploads\/1681503015312.jpg?fit=1200%2C594&ssl=1&resize=350%2C200 1x, https:\/\/i0.wp.com\/larevistadigital.com.ar\/blog\/wp-content\/uploads\/1681503015312.jpg?fit=1200%2C594&ssl=1&resize=525%2C300 1.5x, https:\/\/i0.wp.com\/larevistadigital.com.ar\/blog\/wp-content\/uploads\/1681503015312.jpg?fit=1200%2C594&ssl=1&resize=700%2C400 2x, https:\/\/i0.wp.com\/larevistadigital.com.ar\/blog\/wp-content\/uploads\/1681503015312.jpg?fit=1200%2C594&ssl=1&resize=1050%2C600 3x"},"classes":[]},{"id":27068,"url":"https:\/\/larevistadigital.com.ar\/blog\/berisso-escapo-de-un-hospital-y-destruyo-un-comercio\/","url_meta":{"origin":21629,"position":5},"title":"BERISSO: ESCAP\u00d3 DE UN HOSPITAL Y DESTRUY\u00d3 UN COMERCIO","author":"Alejandro Sosa Ruda","date":"8 agosto, 2022","format":false,"excerpt":"El paciente de 35 a\u00f1os escap\u00f3 del Hospital Larrain y, bajo efectos de narc\u00f3ticos, \u00a0provoc\u00f3 un verdadero desastre en el interior de un local cercano. 07 de agosto de 2022 Un hombre se\u00a0escap\u00f3 de un hospital de la regi\u00f3n y destroz\u00f3 un comercio.\u00a0El individuo de 35 a\u00f1os, que estaba siendo\u2026","rel":"","context":"En \u00abPOLICIALES\u00bb","block_context":{"text":"POLICIALES","link":"https:\/\/larevistadigital.com.ar\/blog\/category\/policiales\/"},"img":{"alt_text":"","src":"https:\/\/i0.wp.com\/larevistadigital.com.ar\/blog\/wp-content\/uploads\/1644853372152.jpg?fit=1200%2C594&ssl=1&resize=350%2C200","width":350,"height":200,"srcset":"https:\/\/i0.wp.com\/larevistadigital.com.ar\/blog\/wp-content\/uploads\/1644853372152.jpg?fit=1200%2C594&ssl=1&resize=350%2C200 1x, https:\/\/i0.wp.com\/larevistadigital.com.ar\/blog\/wp-content\/uploads\/1644853372152.jpg?fit=1200%2C594&ssl=1&resize=525%2C300 1.5x, https:\/\/i0.wp.com\/larevistadigital.com.ar\/blog\/wp-content\/uploads\/1644853372152.jpg?fit=1200%2C594&ssl=1&resize=700%2C400 2x, https:\/\/i0.wp.com\/larevistadigital.com.ar\/blog\/wp-content\/uploads\/1644853372152.jpg?fit=1200%2C594&ssl=1&resize=1050%2C600 3x"},"classes":[]}],"_links":{"self":[{"href":"https:\/\/larevistadigital.com.ar\/blog\/wp-json\/wp\/v2\/posts\/21629","targetHints":{"allow":["GET"]}}],"collection":[{"href":"https:\/\/larevistadigital.com.ar\/blog\/wp-json\/wp\/v2\/posts"}],"about":[{"href":"https:\/\/larevistadigital.com.ar\/blog\/wp-json\/wp\/v2\/types\/post"}],"author":[{"embeddable":true,"href":"https:\/\/larevistadigital.com.ar\/blog\/wp-json\/wp\/v2\/users\/3"}],"replies":[{"embeddable":true,"href":"https:\/\/larevistadigital.com.ar\/blog\/wp-json\/wp\/v2\/comments?post=21629"}],"version-history":[{"count":2,"href":"https:\/\/larevistadigital.com.ar\/blog\/wp-json\/wp\/v2\/posts\/21629\/revisions"}],"predecessor-version":[{"id":21632,"href":"https:\/\/larevistadigital.com.ar\/blog\/wp-json\/wp\/v2\/posts\/21629\/revisions\/21632"}],"wp:featuredmedia":[{"embeddable":true,"href":"https:\/\/larevistadigital.com.ar\/blog\/wp-json\/wp\/v2\/media\/21630"}],"wp:attachment":[{"href":"https:\/\/larevistadigital.com.ar\/blog\/wp-json\/wp\/v2\/media?parent=21629"}],"wp:term":[{"taxonomy":"category","embeddable":true,"href":"https:\/\/larevistadigital.com.ar\/blog\/wp-json\/wp\/v2\/categories?post=21629"},{"taxonomy":"post_tag","embeddable":true,"href":"https:\/\/larevistadigital.com.ar\/blog\/wp-json\/wp\/v2\/tags?post=21629"}],"curies":[{"name":"wp","href":"https:\/\/api.w.org\/{rel}","templated":true}]}}