{"id":21635,"date":"2021-08-22T16:53:53","date_gmt":"2021-08-22T16:53:53","guid":{"rendered":"https:\/\/larevistadigital.com.ar\/blog\/?p=21635"},"modified":"2021-08-22T16:53:53","modified_gmt":"2021-08-22T16:53:53","slug":"profunda-emocion-en-la-inauguracion-de-un-monumento-en-honor-de-gustavo-garcia-cuerva-caido-en-malvinas","status":"publish","type":"post","link":"https:\/\/larevistadigital.com.ar\/blog\/profunda-emocion-en-la-inauguracion-de-un-monumento-en-honor-de-gustavo-garcia-cuerva-caido-en-malvinas\/","title":{"rendered":"PROFUNDA EMOCI\u00d3N EN LA INAUGURACI\u00d3N DE UN MONUMENTO EN HONOR DE GUSTAVO GARC\u00cdA CUERVA, CA\u00cdDO EN MALVINAS"},"content":{"rendered":"<h2 class=\"nota__hero__summary\">Se emplaz\u00f3 un avi\u00f3n Mirage similar al que pilotaba al momento de ser derribado en la rotonda de ingreso desde ruta 63 por avenida Belgrano. El homenajeado ten\u00eda v\u00ednculos con el chascomunense Juan Ignacio Garc\u00eda cuerva y sus hermanos e hijos.<\/h2>\n<p>Si algo caracteriz\u00f3 el acto de homenaje al mayor <strong>Gustavo Garc\u00eda Cuerva<\/strong> en el marco del 204 aniversario de la fundaci\u00f3n de la ciudad de Dolores, fue la emotividad. Porque bajo el Mirage que se emplaz\u00f3 en la rotonda de ingreso a la ciudad por la avenida Belgrano desde la ruta 63 una gran cantidad de personas se convocaron para recordar la figura del dolorense que cay\u00f3 el 1 de mayo de 1982 en el Atl\u00e1ntico Sur.<\/p>\n<blockquote>\n<h3>El homenaje fue organizado por Ezequiel Martel Barcia, hijo de Rub\u00e9n Martel, compa\u00f1ero de promoci\u00f3n de Garc\u00eda Cuerva tambi\u00e9n ca\u00eddo en las islas y el avi\u00f3n que fue armado apuntando en direcci\u00f3n a Malvinas es id\u00e9ntico al que tripulaba Garc\u00eda Cuerva en el momento de ser derribado.<\/h3>\n<\/blockquote>\n<p>Estuvieron presentes en la ceremonia, la madre, la esposa y los hijos del homenajeado, as\u00ed como representantes de la Fuerza A\u00e9rea y ex combatientes de Malvinas. Los ex combatientes de Dolores fueron los encargados de colocar una ofrenda floral al pie del monumento.<\/p>\n<blockquote>\n<h3>Adem\u00e1s de <strong>Martel Barcia<\/strong>, habl\u00f3 el hijo de <strong>Garc\u00eda Cuerva<\/strong>. Ambos destacaron la figura del hombre a quien se rend\u00eda homenaje, su valor y su sentido del deber. Un grupo de aviones de la Fuerza A\u00e9rea realizaron una pasada para completar el valor simb\u00f3lico del momento. El intendente <strong>Camilo Etchevarren<\/strong>, profundamente emocionado, anunci\u00f3 la decisi\u00f3n de nominar con el nombre de otro soldado dolorense muerto en combate, <strong>Jos\u00e9 Luis Rodr\u00edguez<\/strong>, a un barrio nuevo de la ciudad, as\u00ed como ya se estableci\u00f3 que otro lleve el nombre de <strong>Garc\u00eda Cuerva<\/strong>.<\/h3>\n<\/blockquote>\n<p>Cabe se\u00f1alar, que el mayor homenajeado ten\u00eda v\u00ednculos familiares con el destacado chascomunense <strong>Juan Ignacio Garc\u00eda Cuerva<\/strong>, que se desempe\u00f1\u00f3 con gran \u00e9xito como Gerente de Personal y RRHH de la empresa Villa del Sur, y entre otras de la Rural de Chascom\u00fas.<\/p>\n","protected":false},"excerpt":{"rendered":"<div class=\"mh-excerpt\"><p>Se emplaz\u00f3 un avi\u00f3n Mirage similar al que pilotaba al momento de ser derribado en la rotonda de ingreso desde ruta 63 por avenida Belgrano. El homenajeado ten\u00eda v\u00ednculos con el chascomunense Juan Ignacio Garc\u00eda <a class=\"mh-excerpt-more\" href=\"https:\/\/larevistadigital.com.ar\/blog\/profunda-emocion-en-la-inauguracion-de-un-monumento-en-honor-de-gustavo-garcia-cuerva-caido-en-malvinas\/\" title=\"PROFUNDA EMOCI\u00d3N EN LA INAUGURACI\u00d3N DE UN MONUMENTO EN HONOR DE GUSTAVO GARC\u00cdA CUERVA, CA\u00cdDO EN MALVINAS\">[Leer M\u00e1s]<\/a><\/p>\n<\/div>","protected":false},"author":3,"featured_media":21636,"comment_status":"open","ping_status":"open","sticky":false,"template":"","format":"standard","meta":{"_jetpack_memberships_contains_paid_content":false,"footnotes":"","jetpack_publicize_message":"","jetpack_publicize_feature_enabled":true,"jetpack_social_post_already_shared":true,"jetpack_social_options":{"image_generator_settings":{"template":"highway","default_image_id":0,"font":"","enabled":false},"version":2}},"categories":[50],"tags":[],"class_list":{"0":"post-21635","1":"post","2":"type-post","3":"status-publish","4":"format-standard","5":"has-post-thumbnail","7":"category-interes-general"},"jetpack_publicize_connections":[],"jetpack_featured_media_url":"https:\/\/i0.wp.com\/larevistadigital.com.ar\/blog\/wp-content\/uploads\/59a3748365c2114e6d68576836984b152b590085.jpg?fit=900%2C525&ssl=1","jetpack_sharing_enabled":true,"jetpack_shortlink":"https:\/\/wp.me\/p8qtrQ-5CX","jetpack-related-posts":[{"id":39600,"url":"https:\/\/larevistadigital.com.ar\/blog\/chascomus-un-finde-xxl-con-imperdibles-propuestas-para-disfrutar\/","url_meta":{"origin":21635,"position":0},"title":"Chascom\u00fas: Un finde XXL con imperdibles propuestas para disfrutar","author":"Alejandro Sosa Ruda","date":"1 mayo, 2025","format":false,"excerpt":"Chascom\u00fas se disfruta todo el a\u00f1o y este finde no es la excepci\u00f3n. En una amplia cartelera se ofrecen actividades para compartir con la familia, la pareja o amigos. 01 de Mayo de 2025 CHASCOM\u00daS -\u00a0 La ciudad espera a los turistas en este fin de semana largo, con una\u2026","rel":"","context":"En \u00abCHASCOM\u00daS\u00bb","block_context":{"text":"CHASCOM\u00daS","link":"https:\/\/larevistadigital.com.ar\/blog\/category\/chascomus\/"},"img":{"alt_text":"","src":"https:\/\/i0.wp.com\/larevistadigital.com.ar\/blog\/wp-content\/uploads\/681251f544e8e.png?fit=668%2C445&ssl=1&resize=350%2C200","width":350,"height":200,"srcset":"https:\/\/i0.wp.com\/larevistadigital.com.ar\/blog\/wp-content\/uploads\/681251f544e8e.png?fit=668%2C445&ssl=1&resize=350%2C200 1x, https:\/\/i0.wp.com\/larevistadigital.com.ar\/blog\/wp-content\/uploads\/681251f544e8e.png?fit=668%2C445&ssl=1&resize=525%2C300 1.5x"},"classes":[]},{"id":44391,"url":"https:\/\/larevistadigital.com.ar\/blog\/chascomus-reparacion-y-bacheo-de-la-ruta-58-en-el-ingreso-al-barrio-el-porteno\/","url_meta":{"origin":21635,"position":1},"title":"Chascom\u00fas: Reparaci\u00f3n y bacheo de la ruta 58 en el ingreso al barrio El Porte\u00f1o","author":"Alejandro Sosa Ruda","date":"7 marzo, 2026","format":false,"excerpt":"Los trabajos son parte de una obra integral que lleva adelante Vialidad Provincial en nuestra ciudad. 07 de marzo de 2026 Contin\u00faan desarroll\u00e1ndose en distintos puntos de la ciudad bacheo y reparaci\u00f3n de accesos a la ciudad. Los trabajos se llevan adelante en la ruta 58, en el barrio El\u2026","rel":"","context":"En \u00abCHASCOM\u00daS\u00bb","block_context":{"text":"CHASCOM\u00daS","link":"https:\/\/larevistadigital.com.ar\/blog\/category\/chascomus\/"},"img":{"alt_text":"","src":"https:\/\/i0.wp.com\/larevistadigital.com.ar\/blog\/wp-content\/uploads\/69ab11e193e4e.png?fit=668%2C445&ssl=1&resize=350%2C200","width":350,"height":200,"srcset":"https:\/\/i0.wp.com\/larevistadigital.com.ar\/blog\/wp-content\/uploads\/69ab11e193e4e.png?fit=668%2C445&ssl=1&resize=350%2C200 1x, https:\/\/i0.wp.com\/larevistadigital.com.ar\/blog\/wp-content\/uploads\/69ab11e193e4e.png?fit=668%2C445&ssl=1&resize=525%2C300 1.5x"},"classes":[]},{"id":1213,"url":"https:\/\/larevistadigital.com.ar\/blog\/casi-un-centenar-de-corredores-en-la-noche-de-las-estrellas\/","url_meta":{"origin":21635,"position":2},"title":"Casi un centenar de corredores en \u201cLa Noche de las Estrellas\u201d","author":"editor","date":"14 marzo, 2017","format":false,"excerpt":"Desde la Plaza de laAutonom\u00eda de la ciudad de Lezama, a las 20horas del s\u00e1bado 11, pr\u00f3ximo pasado, largaron los competidores de la segunda edici\u00f3n local de la Noche de las Estrellas, organizada por Tricota Sport Argentina y auspiciada por la Municipalidad de Lezama. Casi un centenar de participantes se\u2026","rel":"","context":"En \u00abDEPORTES\u00bb","block_context":{"text":"DEPORTES","link":"https:\/\/larevistadigital.com.ar\/blog\/category\/deportes\/"},"img":{"alt_text":"","src":"https:\/\/i0.wp.com\/larevistadigital.com.ar\/blog\/wp-content\/uploads\/2017\/03\/NOCHE-DE-LAS-ESTRELLAS-1.jpg?fit=851%2C638&ssl=1&resize=350%2C200","width":350,"height":200,"srcset":"https:\/\/i0.wp.com\/larevistadigital.com.ar\/blog\/wp-content\/uploads\/2017\/03\/NOCHE-DE-LAS-ESTRELLAS-1.jpg?fit=851%2C638&ssl=1&resize=350%2C200 1x, https:\/\/i0.wp.com\/larevistadigital.com.ar\/blog\/wp-content\/uploads\/2017\/03\/NOCHE-DE-LAS-ESTRELLAS-1.jpg?fit=851%2C638&ssl=1&resize=525%2C300 1.5x, https:\/\/i0.wp.com\/larevistadigital.com.ar\/blog\/wp-content\/uploads\/2017\/03\/NOCHE-DE-LAS-ESTRELLAS-1.jpg?fit=851%2C638&ssl=1&resize=700%2C400 2x"},"classes":[]},{"id":13058,"url":"https:\/\/larevistadigital.com.ar\/blog\/se-debe-evitar-la-amenaza-de-juicio-politico-para-condicionar-el-ejercicio-independiente-de-la-justicia-dice-la-resolucion-que-archivo-la-denuncia-de-echarren\/","url_meta":{"origin":21635,"position":3},"title":"SE DEBE EVITAR LA AMENAZA DE JUICIO POL\u00cdTICO PARA CONDICIONAR EL EJERCICIO INDEPENDIENTE DE LA JUSTICIA, DICE LA RESOLUCI\u00d3N QUE ARCHIV\u00d3 LA DENUNCIA DE ECHARREN","author":"Alejandro Sosa Ruda","date":"5 noviembre, 2019","format":false,"excerpt":"Dictada por el Jurado de Enjuiciamiento de Jueces y Funcionarios. El Jefe Comunal de Dolores acusaba a la Fiscal Garc\u00eda Cuerva de \u201cabuso de autoridad y violaci\u00f3n de medios de prueba, incompetencia o negligencia en el ejercicio de sus funciones, incumplimiento de los deberes inherentes al cargo, y de realizaci\u00f3n\u2026","rel":"","context":"En \u00abDOLORES\u00bb","block_context":{"text":"DOLORES","link":"https:\/\/larevistadigital.com.ar\/blog\/category\/dolores\/"},"img":{"alt_text":"","src":"https:\/\/i0.wp.com\/larevistadigital.com.ar\/blog\/wp-content\/uploads\/Camilo-660x330.jpg?fit=660%2C330&ssl=1&resize=350%2C200","width":350,"height":200,"srcset":"https:\/\/i0.wp.com\/larevistadigital.com.ar\/blog\/wp-content\/uploads\/Camilo-660x330.jpg?fit=660%2C330&ssl=1&resize=350%2C200 1x, https:\/\/i0.wp.com\/larevistadigital.com.ar\/blog\/wp-content\/uploads\/Camilo-660x330.jpg?fit=660%2C330&ssl=1&resize=525%2C300 1.5x"},"classes":[]},{"id":35828,"url":"https:\/\/larevistadigital.com.ar\/blog\/camion-volco-en-la-ruta-nacional-50\/","url_meta":{"origin":21635,"position":4},"title":"CAMI\u00d3N VOLC\u00d3 EN LA RUTA NACIONAL 50","author":"Alejandro Sosa Ruda","date":"14 abril, 2024","format":false,"excerpt":"En la noche del s\u00e1bado 13 de abril cerca de las horas 21:30 se registr\u00f3 un accidente en Ruta Nacional 50 y Avenida Palacios, donde un cami\u00f3n volc\u00f3 y termin\u00f3 sobre la banquina, precisamente en la rotonda de ingreso a la ciudad de Or\u00e1n. 14 de abril de 2024 Or\u00e1n\u2026","rel":"","context":"En \u00abINTERES GENERAL\u00bb","block_context":{"text":"INTERES GENERAL","link":"https:\/\/larevistadigital.com.ar\/blog\/category\/interes-general\/"},"img":{"alt_text":"","src":"https:\/\/i0.wp.com\/larevistadigital.com.ar\/blog\/wp-content\/uploads\/437893814_839541674877633_4394247394583405840_n.jpg?fit=992%2C557&ssl=1&resize=350%2C200","width":350,"height":200,"srcset":"https:\/\/i0.wp.com\/larevistadigital.com.ar\/blog\/wp-content\/uploads\/437893814_839541674877633_4394247394583405840_n.jpg?fit=992%2C557&ssl=1&resize=350%2C200 1x, https:\/\/i0.wp.com\/larevistadigital.com.ar\/blog\/wp-content\/uploads\/437893814_839541674877633_4394247394583405840_n.jpg?fit=992%2C557&ssl=1&resize=525%2C300 1.5x, https:\/\/i0.wp.com\/larevistadigital.com.ar\/blog\/wp-content\/uploads\/437893814_839541674877633_4394247394583405840_n.jpg?fit=992%2C557&ssl=1&resize=700%2C400 2x"},"classes":[]},{"id":21066,"url":"https:\/\/larevistadigital.com.ar\/blog\/el-instituto-divino-corazon-informa-que-estan-para-retirar-titulos-analiticos-de-distintas-promociones\/","url_meta":{"origin":21635,"position":5},"title":"EL INSTITUTO \u00abDIVINO CORAZ\u00d3N\u00bb INFORMA QUE ESTAN PARA RETIRAR T\u00cdTULOS ANAL\u00cdTICOS DE DISTINTAS PROMOCIONES","author":"Alejandro Sosa Ruda","date":"8 julio, 2021","format":false,"excerpt":"CHASCOM\u00daS - El Instituto \u2018Divino Coraz\u00f3n\u2019 informa a la comunidad que se encuentra para retirar T\u00edtulos Anal\u00edticos de alumnos correspondientes a diferentes promociones, incluida la promoci\u00f3n 2020. A continuaci\u00f3n compartimos la lista de los titulares de dicha documentaci\u00f3n: Aenlle, Mar\u00eda Teresa Alfons\u00edn, Sim\u00f3n Allen, Cintia Mar\u00eda \u00c1lvarez, Mariano \u00c1lvarez, Ximena\u2026","rel":"","context":"En \u00abINTERES GENERAL\u00bb","block_context":{"text":"INTERES GENERAL","link":"https:\/\/larevistadigital.com.ar\/blog\/category\/interes-general\/"},"img":{"alt_text":"","src":"https:\/\/i0.wp.com\/larevistadigital.com.ar\/blog\/wp-content\/uploads\/13925170_316096982065327_4915032905836735611_n.jpg?fit=600%2C445&ssl=1&resize=350%2C200","width":350,"height":200,"srcset":"https:\/\/i0.wp.com\/larevistadigital.com.ar\/blog\/wp-content\/uploads\/13925170_316096982065327_4915032905836735611_n.jpg?fit=600%2C445&ssl=1&resize=350%2C200 1x, https:\/\/i0.wp.com\/larevistadigital.com.ar\/blog\/wp-content\/uploads\/13925170_316096982065327_4915032905836735611_n.jpg?fit=600%2C445&ssl=1&resize=525%2C300 1.5x"},"classes":[]}],"_links":{"self":[{"href":"https:\/\/larevistadigital.com.ar\/blog\/wp-json\/wp\/v2\/posts\/21635","targetHints":{"allow":["GET"]}}],"collection":[{"href":"https:\/\/larevistadigital.com.ar\/blog\/wp-json\/wp\/v2\/posts"}],"about":[{"href":"https:\/\/larevistadigital.com.ar\/blog\/wp-json\/wp\/v2\/types\/post"}],"author":[{"embeddable":true,"href":"https:\/\/larevistadigital.com.ar\/blog\/wp-json\/wp\/v2\/users\/3"}],"replies":[{"embeddable":true,"href":"https:\/\/larevistadigital.com.ar\/blog\/wp-json\/wp\/v2\/comments?post=21635"}],"version-history":[{"count":1,"href":"https:\/\/larevistadigital.com.ar\/blog\/wp-json\/wp\/v2\/posts\/21635\/revisions"}],"predecessor-version":[{"id":21637,"href":"https:\/\/larevistadigital.com.ar\/blog\/wp-json\/wp\/v2\/posts\/21635\/revisions\/21637"}],"wp:featuredmedia":[{"embeddable":true,"href":"https:\/\/larevistadigital.com.ar\/blog\/wp-json\/wp\/v2\/media\/21636"}],"wp:attachment":[{"href":"https:\/\/larevistadigital.com.ar\/blog\/wp-json\/wp\/v2\/media?parent=21635"}],"wp:term":[{"taxonomy":"category","embeddable":true,"href":"https:\/\/larevistadigital.com.ar\/blog\/wp-json\/wp\/v2\/categories?post=21635"},{"taxonomy":"post_tag","embeddable":true,"href":"https:\/\/larevistadigital.com.ar\/blog\/wp-json\/wp\/v2\/tags?post=21635"}],"curies":[{"name":"wp","href":"https:\/\/api.w.org\/{rel}","templated":true}]}}