{"id":21638,"date":"2021-08-22T16:56:45","date_gmt":"2021-08-22T16:56:45","guid":{"rendered":"https:\/\/larevistadigital.com.ar\/blog\/?p=21638"},"modified":"2021-08-22T16:56:45","modified_gmt":"2021-08-22T16:56:45","slug":"san-bernardo-sorpresa-por-la-aparicion-de-un-lobo-marino-en-las-calles","status":"publish","type":"post","link":"https:\/\/larevistadigital.com.ar\/blog\/san-bernardo-sorpresa-por-la-aparicion-de-un-lobo-marino-en-las-calles\/","title":{"rendered":"SAN BERNARDO: SORPRESA POR LA APARICI\u00d3N DE UN LOBO MARINO EN LAS CALLES"},"content":{"rendered":"<p><strong>SAN BERNARDO &#8211;<\/strong> Un lobo marino sali\u00f3 del mar y sorprendi\u00f3 a quienes recorr\u00edan las playas de San Bernardo.<\/p>\n<p>El simp\u00e1tico animal recorri\u00f3 la avenida Costanera para luego descansar sobre Hernandarias, cautivando la mirada de quienes lo cruzaron y su imagen se viraliz\u00f3 en las redes sociales.<\/p>\n<p>Las autoridades recordaron que ante la aparici\u00f3n de estas especies se debe mantener distancia.<\/p>\n<p>fuente e imagen: entrel\u00edneas.info<\/p>\n","protected":false},"excerpt":{"rendered":"<div class=\"mh-excerpt\"><p>SAN BERNARDO &#8211; Un lobo marino sali\u00f3 del mar y sorprendi\u00f3 a quienes recorr\u00edan las playas de San Bernardo. El simp\u00e1tico animal recorri\u00f3 la avenida Costanera para luego descansar sobre Hernandarias, cautivando la mirada de <a class=\"mh-excerpt-more\" href=\"https:\/\/larevistadigital.com.ar\/blog\/san-bernardo-sorpresa-por-la-aparicion-de-un-lobo-marino-en-las-calles\/\" title=\"SAN BERNARDO: SORPRESA POR LA APARICI\u00d3N DE UN LOBO MARINO EN LAS CALLES\">[Leer M\u00e1s]<\/a><\/p>\n<\/div>","protected":false},"author":3,"featured_media":21639,"comment_status":"open","ping_status":"open","sticky":false,"template":"","format":"standard","meta":{"_jetpack_memberships_contains_paid_content":false,"footnotes":"","jetpack_publicize_message":"","jetpack_publicize_feature_enabled":true,"jetpack_social_post_already_shared":true,"jetpack_social_options":{"image_generator_settings":{"template":"highway","default_image_id":0,"font":"","enabled":false},"version":2}},"categories":[51],"tags":[],"class_list":{"0":"post-21638","1":"post","2":"type-post","3":"status-publish","4":"format-standard","5":"has-post-thumbnail","7":"category-regionales"},"jetpack_publicize_connections":[],"jetpack_featured_media_url":"https:\/\/i0.wp.com\/larevistadigital.com.ar\/blog\/wp-content\/uploads\/57bae59d807de19e844ba7873642b3a5e47c5d87.jpg?fit=987%2C900&ssl=1","jetpack_sharing_enabled":true,"jetpack_shortlink":"https:\/\/wp.me\/p8qtrQ-5D0","jetpack-related-posts":[{"id":25819,"url":"https:\/\/larevistadigital.com.ar\/blog\/lobo-marino-se-quedo-a-vivir-en-san-bernardo\/","url_meta":{"origin":21638,"position":0},"title":"LOBO MARINO SE QUED\u00d3 A VIVIR EN SAN BERNARDO","author":"Alejandro Sosa Ruda","date":"13 junio, 2022","format":false,"excerpt":"Desde hace una semana, los vecinos y visitantes de San Bernardo reciben a diario una grata visita, que al parecer se ha sentido tan c\u00f3modo en las playas de la zona sur del partido de La Costa que ha decidido quedarse por un tiempo. Seg\u00fan indic\u00f3 Melody De Gennaro, Directora\u2026","rel":"","context":"En \u00abMEDIO AMBIENTE\u00bb","block_context":{"text":"MEDIO AMBIENTE","link":"https:\/\/larevistadigital.com.ar\/blog\/category\/suplementos\/medio-ambiente\/"},"img":{"alt_text":"","src":"https:\/\/i0.wp.com\/larevistadigital.com.ar\/blog\/wp-content\/uploads\/20220611140331_elefante-marino-san-bernanrdo.jpg?fit=880%2C512&ssl=1&resize=350%2C200","width":350,"height":200,"srcset":"https:\/\/i0.wp.com\/larevistadigital.com.ar\/blog\/wp-content\/uploads\/20220611140331_elefante-marino-san-bernanrdo.jpg?fit=880%2C512&ssl=1&resize=350%2C200 1x, https:\/\/i0.wp.com\/larevistadigital.com.ar\/blog\/wp-content\/uploads\/20220611140331_elefante-marino-san-bernanrdo.jpg?fit=880%2C512&ssl=1&resize=525%2C300 1.5x, https:\/\/i0.wp.com\/larevistadigital.com.ar\/blog\/wp-content\/uploads\/20220611140331_elefante-marino-san-bernanrdo.jpg?fit=880%2C512&ssl=1&resize=700%2C400 2x"},"classes":[]},{"id":36499,"url":"https:\/\/larevistadigital.com.ar\/blog\/impresionante-incendio-que-arraso-el-restaurante-la-gran-familia-en-san-bernardo\/","url_meta":{"origin":21638,"position":1},"title":"IMPRESIONANTE INCENDIO QUE ARRAS\u00d3 EL RESTAURANTE \u00abLA GRAN FAMILIA\u00bb EN SAN BERNARDO","author":"Alejandro Sosa Ruda","date":"1 julio, 2024","format":false,"excerpt":"Se desat\u00f3 un voraz incendio en el reconocido restaurante \"La Gran Familia\" de San Bernardo, ubicado en Querini entre La Rioja y Catamarca. 01 de Julio de 2024 SAN BERNARDO -\u00a0\u00a0Dirante la jornada de ayer, se produjo un voraz incendio en el conocido restaurante \"La Gran Familia\" de la localidad\u2026","rel":"","context":"En \u00abPOLICIALES\u00bb","block_context":{"text":"POLICIALES","link":"https:\/\/larevistadigital.com.ar\/blog\/category\/policiales\/"},"img":{"alt_text":"","src":"https:\/\/i0.wp.com\/larevistadigital.com.ar\/blog\/wp-content\/uploads\/71338ec839ab1c8e5fe1a09a752a2383726b7fd9.jpeg?fit=1140%2C760&ssl=1&resize=350%2C200","width":350,"height":200,"srcset":"https:\/\/i0.wp.com\/larevistadigital.com.ar\/blog\/wp-content\/uploads\/71338ec839ab1c8e5fe1a09a752a2383726b7fd9.jpeg?fit=1140%2C760&ssl=1&resize=350%2C200 1x, https:\/\/i0.wp.com\/larevistadigital.com.ar\/blog\/wp-content\/uploads\/71338ec839ab1c8e5fe1a09a752a2383726b7fd9.jpeg?fit=1140%2C760&ssl=1&resize=525%2C300 1.5x, https:\/\/i0.wp.com\/larevistadigital.com.ar\/blog\/wp-content\/uploads\/71338ec839ab1c8e5fe1a09a752a2383726b7fd9.jpeg?fit=1140%2C760&ssl=1&resize=700%2C400 2x, https:\/\/i0.wp.com\/larevistadigital.com.ar\/blog\/wp-content\/uploads\/71338ec839ab1c8e5fe1a09a752a2383726b7fd9.jpeg?fit=1140%2C760&ssl=1&resize=1050%2C600 3x"},"classes":[]},{"id":43901,"url":"https:\/\/larevistadigital.com.ar\/blog\/robo-en-san-bernardo-asaltaron-a-una-mujer-de-86-anos-y-detuvieron-a-dos-sospechosos\/","url_meta":{"origin":21638,"position":2},"title":"Robo en San Bernardo: asaltaron a una mujer de 86 a\u00f1os y detuvieron a dos sospechosos","author":"Alejandro Sosa Ruda","date":"9 febrero, 2026","format":false,"excerpt":"El hecho ocurri\u00f3 a plena tarde. Los delincuentes escapaban en un Audi A3 y fueron localizados tras un seguimiento por c\u00e1maras municipales. 09 de febrero de 2026 SAN BERNARDO -\u00a0 \u00a0 Un hecho de inseguridad se registr\u00f3 el domingo por la tarde en San Bernardo, Partido de La Costa, cuando\u2026","rel":"","context":"En \u00abINTERES GENERAL\u00bb","block_context":{"text":"INTERES GENERAL","link":"https:\/\/larevistadigital.com.ar\/blog\/category\/interes-general\/"},"img":{"alt_text":"","src":"https:\/\/i0.wp.com\/larevistadigital.com.ar\/blog\/wp-content\/uploads\/f1e8884003b3846c7c9ce697d60609db19b9da44.jpeg?fit=1140%2C726&ssl=1&resize=350%2C200","width":350,"height":200,"srcset":"https:\/\/i0.wp.com\/larevistadigital.com.ar\/blog\/wp-content\/uploads\/f1e8884003b3846c7c9ce697d60609db19b9da44.jpeg?fit=1140%2C726&ssl=1&resize=350%2C200 1x, https:\/\/i0.wp.com\/larevistadigital.com.ar\/blog\/wp-content\/uploads\/f1e8884003b3846c7c9ce697d60609db19b9da44.jpeg?fit=1140%2C726&ssl=1&resize=525%2C300 1.5x, https:\/\/i0.wp.com\/larevistadigital.com.ar\/blog\/wp-content\/uploads\/f1e8884003b3846c7c9ce697d60609db19b9da44.jpeg?fit=1140%2C726&ssl=1&resize=700%2C400 2x, https:\/\/i0.wp.com\/larevistadigital.com.ar\/blog\/wp-content\/uploads\/f1e8884003b3846c7c9ce697d60609db19b9da44.jpeg?fit=1140%2C726&ssl=1&resize=1050%2C600 3x"},"classes":[]},{"id":17260,"url":"https:\/\/larevistadigital.com.ar\/blog\/sorpresivo-hallazgo-de-un-lobo-marino-en-la-costa-de-berazategui\/","url_meta":{"origin":21638,"position":3},"title":"SORPRESIVO HALLAZGO DE UN LOBO MARINO EN LA COSTA DE BERAZATEGUI","author":"Alejandro Sosa Ruda","date":"27 octubre, 2020","format":false,"excerpt":"El animal qued\u00f3 al resguardo en una pileta municipal a la espera de ser trasladado a Mundo Marino. Un peque\u00f1o lobo marino apareci\u00f3 en la costa de la localidad bonaerense de Berazategui,\u00a0por lo que tuvo que quedar a resguardo en las piletas de un completo recreativo municipal a la espera\u2026","rel":"","context":"En \u00abREGIONALES\u00bb","block_context":{"text":"REGIONALES","link":"https:\/\/larevistadigital.com.ar\/blog\/category\/regionales\/"},"img":{"alt_text":"","src":"https:\/\/i0.wp.com\/larevistadigital.com.ar\/blog\/wp-content\/uploads\/0038190487.jpg?fit=1140%2C640&ssl=1&resize=350%2C200","width":350,"height":200,"srcset":"https:\/\/i0.wp.com\/larevistadigital.com.ar\/blog\/wp-content\/uploads\/0038190487.jpg?fit=1140%2C640&ssl=1&resize=350%2C200 1x, https:\/\/i0.wp.com\/larevistadigital.com.ar\/blog\/wp-content\/uploads\/0038190487.jpg?fit=1140%2C640&ssl=1&resize=525%2C300 1.5x, https:\/\/i0.wp.com\/larevistadigital.com.ar\/blog\/wp-content\/uploads\/0038190487.jpg?fit=1140%2C640&ssl=1&resize=700%2C400 2x, https:\/\/i0.wp.com\/larevistadigital.com.ar\/blog\/wp-content\/uploads\/0038190487.jpg?fit=1140%2C640&ssl=1&resize=1050%2C600 3x"},"classes":[]},{"id":22614,"url":"https:\/\/larevistadigital.com.ar\/blog\/rescate-aparecio-un-pequeno-lobo-marino-en-las-costas-de-berisso\/","url_meta":{"origin":21638,"position":4},"title":"RESCATE: APARECI\u00d3 UN PEQUE\u00d1O LOBO MARINO EN LAS COSTAS DE BERISSO","author":"Alejandro Sosa Ruda","date":"9 noviembre, 2021","format":false,"excerpt":"Este domingo por la tarde, vecinos de la ciudad de Berisso que disfrutaban de una jornada espl\u00e9ndida en la rivera del r\u00edo, avistaron a un peque\u00f1o lobo marino, que con dificultad intentaba acercarse a la playa. Fue rescatado por personal de Defensa Civil del municipio. BERISSO\u00a0 -\u00a0Un peque\u00f1o lobo marino\u2026","rel":"","context":"En \u00abREGIONALES\u00bb","block_context":{"text":"REGIONALES","link":"https:\/\/larevistadigital.com.ar\/blog\/category\/regionales\/"},"img":{"alt_text":"","src":"https:\/\/i0.wp.com\/larevistadigital.com.ar\/blog\/wp-content\/uploads\/Captura-de-pantalla-2021-11-09-001421.jpg?fit=988%2C502&ssl=1&resize=350%2C200","width":350,"height":200,"srcset":"https:\/\/i0.wp.com\/larevistadigital.com.ar\/blog\/wp-content\/uploads\/Captura-de-pantalla-2021-11-09-001421.jpg?fit=988%2C502&ssl=1&resize=350%2C200 1x, https:\/\/i0.wp.com\/larevistadigital.com.ar\/blog\/wp-content\/uploads\/Captura-de-pantalla-2021-11-09-001421.jpg?fit=988%2C502&ssl=1&resize=525%2C300 1.5x, https:\/\/i0.wp.com\/larevistadigital.com.ar\/blog\/wp-content\/uploads\/Captura-de-pantalla-2021-11-09-001421.jpg?fit=988%2C502&ssl=1&resize=700%2C400 2x"},"classes":[]},{"id":42282,"url":"https:\/\/larevistadigital.com.ar\/blog\/san-bernardo-hallaron-sin-vida-a-una-mujer-su-hijo-habria-convivido-con-el-cuerpo-durante-varios-dias\/","url_meta":{"origin":21638,"position":5},"title":"San Bernardo: Hallaron sin vida a una mujer su hijo habr\u00eda convivido con el cuerpo durante varios d\u00edas","author":"Alejandro Sosa Ruda","date":"29 octubre, 2025","format":false,"excerpt":"El impactante hallazgo ocurri\u00f3 en un departamento del Partido de La Costa. La mujer, de 82 a\u00f1os, fue encontrada en avanzado estado de descomposici\u00f3n. Su hijo, con presuntos problemas de salud mental, estaba en el lugar. 29 de Octubre 2025 Una mujer de 82 a\u00f1os fue encontrada sin vida dentro\u2026","rel":"","context":"En \u00abPOLICIALES\u00bb","block_context":{"text":"POLICIALES","link":"https:\/\/larevistadigital.com.ar\/blog\/category\/policiales\/"},"img":{"alt_text":"","src":"https:\/\/i0.wp.com\/larevistadigital.com.ar\/blog\/wp-content\/uploads\/1620734310362-1.jpg?fit=1200%2C594&ssl=1&resize=350%2C200","width":350,"height":200,"srcset":"https:\/\/i0.wp.com\/larevistadigital.com.ar\/blog\/wp-content\/uploads\/1620734310362-1.jpg?fit=1200%2C594&ssl=1&resize=350%2C200 1x, https:\/\/i0.wp.com\/larevistadigital.com.ar\/blog\/wp-content\/uploads\/1620734310362-1.jpg?fit=1200%2C594&ssl=1&resize=525%2C300 1.5x, https:\/\/i0.wp.com\/larevistadigital.com.ar\/blog\/wp-content\/uploads\/1620734310362-1.jpg?fit=1200%2C594&ssl=1&resize=700%2C400 2x, https:\/\/i0.wp.com\/larevistadigital.com.ar\/blog\/wp-content\/uploads\/1620734310362-1.jpg?fit=1200%2C594&ssl=1&resize=1050%2C600 3x"},"classes":[]}],"_links":{"self":[{"href":"https:\/\/larevistadigital.com.ar\/blog\/wp-json\/wp\/v2\/posts\/21638","targetHints":{"allow":["GET"]}}],"collection":[{"href":"https:\/\/larevistadigital.com.ar\/blog\/wp-json\/wp\/v2\/posts"}],"about":[{"href":"https:\/\/larevistadigital.com.ar\/blog\/wp-json\/wp\/v2\/types\/post"}],"author":[{"embeddable":true,"href":"https:\/\/larevistadigital.com.ar\/blog\/wp-json\/wp\/v2\/users\/3"}],"replies":[{"embeddable":true,"href":"https:\/\/larevistadigital.com.ar\/blog\/wp-json\/wp\/v2\/comments?post=21638"}],"version-history":[{"count":1,"href":"https:\/\/larevistadigital.com.ar\/blog\/wp-json\/wp\/v2\/posts\/21638\/revisions"}],"predecessor-version":[{"id":21640,"href":"https:\/\/larevistadigital.com.ar\/blog\/wp-json\/wp\/v2\/posts\/21638\/revisions\/21640"}],"wp:featuredmedia":[{"embeddable":true,"href":"https:\/\/larevistadigital.com.ar\/blog\/wp-json\/wp\/v2\/media\/21639"}],"wp:attachment":[{"href":"https:\/\/larevistadigital.com.ar\/blog\/wp-json\/wp\/v2\/media?parent=21638"}],"wp:term":[{"taxonomy":"category","embeddable":true,"href":"https:\/\/larevistadigital.com.ar\/blog\/wp-json\/wp\/v2\/categories?post=21638"},{"taxonomy":"post_tag","embeddable":true,"href":"https:\/\/larevistadigital.com.ar\/blog\/wp-json\/wp\/v2\/tags?post=21638"}],"curies":[{"name":"wp","href":"https:\/\/api.w.org\/{rel}","templated":true}]}}