{"id":21641,"date":"2021-08-22T17:36:12","date_gmt":"2021-08-22T17:36:12","guid":{"rendered":"https:\/\/larevistadigital.com.ar\/blog\/?p=21641"},"modified":"2021-08-22T17:36:12","modified_gmt":"2021-08-22T17:36:12","slug":"mar-del-tuyu-indignacion-por-robo-en-la-sociedad-de-fomento-residencial","status":"publish","type":"post","link":"https:\/\/larevistadigital.com.ar\/blog\/mar-del-tuyu-indignacion-por-robo-en-la-sociedad-de-fomento-residencial\/","title":{"rendered":"MAR DEL TUY\u00da: INDIGNACI\u00d3N POR ROBO EN LA SOCIEDAD DE FOMENTO RESIDENCIAL"},"content":{"rendered":"<h2 class=\"nota__hero__summary\">Se llevaron un televisor de 48 pulgadas y las garrafas de la cocina. \u201cRobar es muy malo, pero peor es robar en un lugar donde se le brinda ayuda alimentaria a tanta gente\u201d, expres\u00f3 Miguel \u00c1lvarez, presidente de la Sociedad de Fomento.<\/h2>\n<p><strong>MAR DEL TUY\u00da &#8211;\u00a0 <\/strong>Sucedi\u00f3 ayer por la noche: la Sociedad de Fomento Residencial de Mar del Tuy\u00fa sufri\u00f3 un robo en su sede de la calle 4 y 92. Los delincuentes, violentaron una ventana, e ingresaron al establecimiento.<\/p>\n<blockquote>\n<h3>Seg\u00fan coment\u00f3 <strong>Miguel \u00c1lvarez<\/strong>, presidente de la Sociedad de Fomento, se llevaron un televisor de 48 pulgadas que era utilizado para entretenimiento de los pibes que diariamente acuden al merendero, y, adem\u00e1s, las garrafas que abastec\u00edan de gas a la cocina, donde se preparan la merienda diaria y las viandas que se entregan los s\u00e1bados.<\/h3>\n<\/blockquote>\n<p><em><strong>\u201cRobar es muy malo, pero peor es robar en un lugar donde se le brinda ayuda alimentaria a tanta gente. Estamos muy dolidos\u201d<\/strong><\/em>, expres\u00f3 <strong>Miguel \u00c1lvarez<\/strong>, presidente de la Sociedad de Fomento, a trav\u00e9s de las redes sociales.<\/p>\n<blockquote>\n<h3>Cabe destacar que en la Sociedad de Fomento Residencial de Mar del Tuy\u00fa es epicentro de numerosas actividades sociales y educativas. Adem\u00e1s del merendero, se realiza la Feria de Productores Costeros y una peluquer\u00eda social, talleres art\u00edsticos y musicales, cursos de costura, de Tai Chi y primeros auxilios, festejos del D\u00eda de la Ni\u00f1ez, entre otras.<\/h3>\n<\/blockquote>\n","protected":false},"excerpt":{"rendered":"<div class=\"mh-excerpt\"><p>Se llevaron un televisor de 48 pulgadas y las garrafas de la cocina. \u201cRobar es muy malo, pero peor es robar en un lugar donde se le brinda ayuda alimentaria a tanta gente\u201d, expres\u00f3 Miguel <a class=\"mh-excerpt-more\" href=\"https:\/\/larevistadigital.com.ar\/blog\/mar-del-tuyu-indignacion-por-robo-en-la-sociedad-de-fomento-residencial\/\" title=\"MAR DEL TUY\u00da: INDIGNACI\u00d3N POR ROBO EN LA SOCIEDAD DE FOMENTO RESIDENCIAL\">[Leer M\u00e1s]<\/a><\/p>\n<\/div>","protected":false},"author":3,"featured_media":21642,"comment_status":"open","ping_status":"open","sticky":false,"template":"","format":"standard","meta":{"_jetpack_memberships_contains_paid_content":false,"footnotes":"","jetpack_publicize_message":"","jetpack_publicize_feature_enabled":true,"jetpack_social_post_already_shared":true,"jetpack_social_options":{"image_generator_settings":{"template":"highway","default_image_id":0,"font":"","enabled":false},"version":2}},"categories":[44,51],"tags":[],"class_list":{"0":"post-21641","1":"post","2":"type-post","3":"status-publish","4":"format-standard","5":"has-post-thumbnail","7":"category-policiales","8":"category-regionales"},"jetpack_publicize_connections":[],"jetpack_featured_media_url":"https:\/\/i0.wp.com\/larevistadigital.com.ar\/blog\/wp-content\/uploads\/6451194082169ad3fd47476829ab16eaa8d5bd75.jpg?fit=1140%2C718&ssl=1","jetpack_sharing_enabled":true,"jetpack_shortlink":"https:\/\/wp.me\/p8qtrQ-5D3","jetpack-related-posts":[{"id":40948,"url":"https:\/\/larevistadigital.com.ar\/blog\/detuvieron-a-dos-jovenes-acusados-de-robar-en-un-local-de-ropa-en-mar-del-tuyu\/","url_meta":{"origin":21641,"position":0},"title":"Detuvieron a dos j\u00f3venes acusados de robar en un local de ropa en Mar del Tuy\u00fa","author":"Alejandro Sosa Ruda","date":"18 agosto, 2025","format":false,"excerpt":"Un operativo conjunto entre la Polic\u00eda y la Patrulla Municipal permiti\u00f3 la aprehensi\u00f3n de los dos sujetos. 18 de Agosto de 2025 MAR DEL TUY\u00da -\u00a0 En las \u00faltimas horas, personal policial de Mar del Tuy\u00fa junto con agentes de la Patrulla Municipal logr\u00f3 detener a dos j\u00f3venes tras un\u2026","rel":"","context":"En \u00abSin categor\u00eda\u00bb","block_context":{"text":"Sin categor\u00eda","link":"https:\/\/larevistadigital.com.ar\/blog\/category\/sin-categoria\/"},"img":{"alt_text":"","src":"https:\/\/i0.wp.com\/larevistadigital.com.ar\/blog\/wp-content\/uploads\/Screenshot_1-121.jpg?fit=1007%2C565&ssl=1&resize=350%2C200","width":350,"height":200,"srcset":"https:\/\/i0.wp.com\/larevistadigital.com.ar\/blog\/wp-content\/uploads\/Screenshot_1-121.jpg?fit=1007%2C565&ssl=1&resize=350%2C200 1x, https:\/\/i0.wp.com\/larevistadigital.com.ar\/blog\/wp-content\/uploads\/Screenshot_1-121.jpg?fit=1007%2C565&ssl=1&resize=525%2C300 1.5x, https:\/\/i0.wp.com\/larevistadigital.com.ar\/blog\/wp-content\/uploads\/Screenshot_1-121.jpg?fit=1007%2C565&ssl=1&resize=700%2C400 2x"},"classes":[]},{"id":37054,"url":"https:\/\/larevistadigital.com.ar\/blog\/la-costa-boqueteros-robaron-en-santa-teresita-y-mar-del-tuyu\/","url_meta":{"origin":21641,"position":1},"title":"LA COSTA: BOQUETEROS ROBARON EN SANTA TERESITA Y MAR DEL TUY\u00da","author":"Alejandro Sosa Ruda","date":"23 agosto, 2024","format":false,"excerpt":"Los hechos se registraron en domicilios que se encuentran desocupados. Se logr\u00f3 aprehender a dos sujetos y recuperar varios de los elementos sustra\u00eddos. 23 de Agosto de 2024 LA COSTA -\u00a0 En las \u00faltimas horas, el Partido de La Costa ha sido escenario de una ola de robos en viviendas\u2026","rel":"","context":"En \u00abPOLICIALES\u00bb","block_context":{"text":"POLICIALES","link":"https:\/\/larevistadigital.com.ar\/blog\/category\/policiales\/"},"img":{"alt_text":"","src":"https:\/\/i0.wp.com\/larevistadigital.com.ar\/blog\/wp-content\/uploads\/eb5d80546dd62bdc1baef50c0ef766af24e24772.png?fit=1140%2C701&ssl=1&resize=350%2C200","width":350,"height":200,"srcset":"https:\/\/i0.wp.com\/larevistadigital.com.ar\/blog\/wp-content\/uploads\/eb5d80546dd62bdc1baef50c0ef766af24e24772.png?fit=1140%2C701&ssl=1&resize=350%2C200 1x, https:\/\/i0.wp.com\/larevistadigital.com.ar\/blog\/wp-content\/uploads\/eb5d80546dd62bdc1baef50c0ef766af24e24772.png?fit=1140%2C701&ssl=1&resize=525%2C300 1.5x, https:\/\/i0.wp.com\/larevistadigital.com.ar\/blog\/wp-content\/uploads\/eb5d80546dd62bdc1baef50c0ef766af24e24772.png?fit=1140%2C701&ssl=1&resize=700%2C400 2x, https:\/\/i0.wp.com\/larevistadigital.com.ar\/blog\/wp-content\/uploads\/eb5d80546dd62bdc1baef50c0ef766af24e24772.png?fit=1140%2C701&ssl=1&resize=1050%2C600 3x"},"classes":[]},{"id":13038,"url":"https:\/\/larevistadigital.com.ar\/blog\/se-renovaron-las-autoridades-de-la-sociedad-de-fomento-del-gallo-blanco\/","url_meta":{"origin":21641,"position":2},"title":"SE RENOVARON LAS AUTORIDADES DE LA SOCIEDAD DE FOMENTO DEL GALLO BLANCO","author":"Alejandro Sosa Ruda","date":"5 noviembre, 2019","format":false,"excerpt":"Se conoci\u00f3 ayer a trav\u00e9s del programa radial \u201cLa Primera Ma\u00f1ana\u201d que conduce Julio Giribaldi por FM Volver 95.3, sobre la renovaci\u00f3n de autoridades de la comisi\u00f3n de la Sociedad de Fomento del barrio Gallo Blanco. Cabe indicar que Dora Muscagorry continuar\u00e1 al frente de la entidad por otros dos\u2026","rel":"","context":"En \u00abINTERES GENERAL\u00bb","block_context":{"text":"INTERES GENERAL","link":"https:\/\/larevistadigital.com.ar\/blog\/category\/interes-general\/"},"img":{"alt_text":"","src":"https:\/\/i0.wp.com\/larevistadigital.com.ar\/blog\/wp-content\/uploads\/gallo_05denoviembrede2019_elfuerte.jpg?fit=737%2C415&ssl=1&resize=350%2C200","width":350,"height":200,"srcset":"https:\/\/i0.wp.com\/larevistadigital.com.ar\/blog\/wp-content\/uploads\/gallo_05denoviembrede2019_elfuerte.jpg?fit=737%2C415&ssl=1&resize=350%2C200 1x, https:\/\/i0.wp.com\/larevistadigital.com.ar\/blog\/wp-content\/uploads\/gallo_05denoviembrede2019_elfuerte.jpg?fit=737%2C415&ssl=1&resize=525%2C300 1.5x, https:\/\/i0.wp.com\/larevistadigital.com.ar\/blog\/wp-content\/uploads\/gallo_05denoviembrede2019_elfuerte.jpg?fit=737%2C415&ssl=1&resize=700%2C400 2x"},"classes":[]},{"id":20820,"url":"https:\/\/larevistadigital.com.ar\/blog\/mar-del-tuyu-abuelo-fue-victima-de-una-viuda-negra\/","url_meta":{"origin":21641,"position":3},"title":"MAR DEL TUY\u00da: ABUELO FUE V\u00cdCTIMA DE UNA VIUDA NEGRA","author":"Alejandro Sosa Ruda","date":"22 junio, 2021","format":false,"excerpt":"Los estafadores, lo llevaron a Capital y lo internaron en un geri\u00e1trico MAR DEL TUY\u00da - Un hombre fue enga\u00f1ado, llevado a Capital Federal y estafado econ\u00f3micamente. Seg\u00fan relat\u00f3 el hijo de la v\u00edctima a Radios Noticias Web dos personas ingresaron al Hotel propiedad de su padre y con estrategias\u2026","rel":"","context":"En \u00abPOLICIALES\u00bb","block_context":{"text":"POLICIALES","link":"https:\/\/larevistadigital.com.ar\/blog\/category\/policiales\/"},"img":{"alt_text":"","src":"https:\/\/i0.wp.com\/larevistadigital.com.ar\/blog\/wp-content\/uploads\/10d57d3807001393f8868a21df542340ede6cf4c.jpg?fit=1140%2C592&ssl=1&resize=350%2C200","width":350,"height":200,"srcset":"https:\/\/i0.wp.com\/larevistadigital.com.ar\/blog\/wp-content\/uploads\/10d57d3807001393f8868a21df542340ede6cf4c.jpg?fit=1140%2C592&ssl=1&resize=350%2C200 1x, https:\/\/i0.wp.com\/larevistadigital.com.ar\/blog\/wp-content\/uploads\/10d57d3807001393f8868a21df542340ede6cf4c.jpg?fit=1140%2C592&ssl=1&resize=525%2C300 1.5x, https:\/\/i0.wp.com\/larevistadigital.com.ar\/blog\/wp-content\/uploads\/10d57d3807001393f8868a21df542340ede6cf4c.jpg?fit=1140%2C592&ssl=1&resize=700%2C400 2x, https:\/\/i0.wp.com\/larevistadigital.com.ar\/blog\/wp-content\/uploads\/10d57d3807001393f8868a21df542340ede6cf4c.jpg?fit=1140%2C592&ssl=1&resize=1050%2C600 3x"},"classes":[]},{"id":6927,"url":"https:\/\/larevistadigital.com.ar\/blog\/chascomus-otra-vez-robaron-la-escuela-1\/","url_meta":{"origin":21641,"position":4},"title":"CHASCOM\u00daS: OTRA VEZ ROBARON LA ESCUELA 1&#8230;","author":"Alejandro Sosa Ruda","date":"19 octubre, 2018","format":false,"excerpt":"En una entrevista al noticiero local, Somos Noticias, la concejera escolar de cambiemos, Andrea Vieira coment\u00f3 la lamentable noticia de un nuevo robo, en la escuela secundaria n\u00famero 1. Los delincuentes se valieron de un bicicletero para poder \u201chacer pie\u201d y de esta manera poder ingresar por el patio al\u2026","rel":"","context":"En \u00abPOLICIALES\u00bb","block_context":{"text":"POLICIALES","link":"https:\/\/larevistadigital.com.ar\/blog\/category\/policiales\/"},"img":{"alt_text":"","src":"https:\/\/i0.wp.com\/larevistadigital.com.ar\/blog\/wp-content\/uploads\/2018\/09\/ESCUELA-CHASCOMUS.jpg?fit=700%2C420&ssl=1&resize=350%2C200","width":350,"height":200,"srcset":"https:\/\/i0.wp.com\/larevistadigital.com.ar\/blog\/wp-content\/uploads\/2018\/09\/ESCUELA-CHASCOMUS.jpg?fit=700%2C420&ssl=1&resize=350%2C200 1x, https:\/\/i0.wp.com\/larevistadigital.com.ar\/blog\/wp-content\/uploads\/2018\/09\/ESCUELA-CHASCOMUS.jpg?fit=700%2C420&ssl=1&resize=525%2C300 1.5x, https:\/\/i0.wp.com\/larevistadigital.com.ar\/blog\/wp-content\/uploads\/2018\/09\/ESCUELA-CHASCOMUS.jpg?fit=700%2C420&ssl=1&resize=700%2C400 2x"},"classes":[]},{"id":41533,"url":"https:\/\/larevistadigital.com.ar\/blog\/chascomus-un-detenido-por-robar-en-una-casa-rodante-del-circo\/","url_meta":{"origin":21641,"position":5},"title":"Chascom\u00fas: un detenido por robar en una casa rodante del circo","author":"Alejandro Sosa Ruda","date":"19 septiembre, 2025","format":false,"excerpt":"El hecho ocurri\u00f3 en el predio de la Sociedad Rural. La polic\u00eda detuvo a uno de los sospechosos, mientras que el otro logr\u00f3 escapar. 19 de Septiembre de 2025 CHASCOM\u00daS -\u00a0 \u00a0Un hombre fue detenido en las \u00faltimas horas acusado de robar en una casa rodante perteneciente al personal de\u2026","rel":"","context":"En \u00abCHASCOM\u00daS\u00bb","block_context":{"text":"CHASCOM\u00daS","link":"https:\/\/larevistadigital.com.ar\/blog\/category\/chascomus\/"},"img":{"alt_text":"","src":"https:\/\/i0.wp.com\/larevistadigital.com.ar\/blog\/wp-content\/uploads\/1620734311775.jpg?fit=1200%2C777&ssl=1&resize=350%2C200","width":350,"height":200,"srcset":"https:\/\/i0.wp.com\/larevistadigital.com.ar\/blog\/wp-content\/uploads\/1620734311775.jpg?fit=1200%2C777&ssl=1&resize=350%2C200 1x, https:\/\/i0.wp.com\/larevistadigital.com.ar\/blog\/wp-content\/uploads\/1620734311775.jpg?fit=1200%2C777&ssl=1&resize=525%2C300 1.5x, https:\/\/i0.wp.com\/larevistadigital.com.ar\/blog\/wp-content\/uploads\/1620734311775.jpg?fit=1200%2C777&ssl=1&resize=700%2C400 2x, https:\/\/i0.wp.com\/larevistadigital.com.ar\/blog\/wp-content\/uploads\/1620734311775.jpg?fit=1200%2C777&ssl=1&resize=1050%2C600 3x"},"classes":[]}],"_links":{"self":[{"href":"https:\/\/larevistadigital.com.ar\/blog\/wp-json\/wp\/v2\/posts\/21641","targetHints":{"allow":["GET"]}}],"collection":[{"href":"https:\/\/larevistadigital.com.ar\/blog\/wp-json\/wp\/v2\/posts"}],"about":[{"href":"https:\/\/larevistadigital.com.ar\/blog\/wp-json\/wp\/v2\/types\/post"}],"author":[{"embeddable":true,"href":"https:\/\/larevistadigital.com.ar\/blog\/wp-json\/wp\/v2\/users\/3"}],"replies":[{"embeddable":true,"href":"https:\/\/larevistadigital.com.ar\/blog\/wp-json\/wp\/v2\/comments?post=21641"}],"version-history":[{"count":1,"href":"https:\/\/larevistadigital.com.ar\/blog\/wp-json\/wp\/v2\/posts\/21641\/revisions"}],"predecessor-version":[{"id":21643,"href":"https:\/\/larevistadigital.com.ar\/blog\/wp-json\/wp\/v2\/posts\/21641\/revisions\/21643"}],"wp:featuredmedia":[{"embeddable":true,"href":"https:\/\/larevistadigital.com.ar\/blog\/wp-json\/wp\/v2\/media\/21642"}],"wp:attachment":[{"href":"https:\/\/larevistadigital.com.ar\/blog\/wp-json\/wp\/v2\/media?parent=21641"}],"wp:term":[{"taxonomy":"category","embeddable":true,"href":"https:\/\/larevistadigital.com.ar\/blog\/wp-json\/wp\/v2\/categories?post=21641"},{"taxonomy":"post_tag","embeddable":true,"href":"https:\/\/larevistadigital.com.ar\/blog\/wp-json\/wp\/v2\/tags?post=21641"}],"curies":[{"name":"wp","href":"https:\/\/api.w.org\/{rel}","templated":true}]}}