{"id":21645,"date":"2021-08-23T02:59:24","date_gmt":"2021-08-23T02:59:24","guid":{"rendered":"https:\/\/larevistadigital.com.ar\/blog\/?p=21645"},"modified":"2021-08-23T02:59:24","modified_gmt":"2021-08-23T02:59:24","slug":"robaba-un-televisor-lo-atrapan-pero-se-resistio-y-golpeo-a-efectivos","status":"publish","type":"post","link":"https:\/\/larevistadigital.com.ar\/blog\/robaba-un-televisor-lo-atrapan-pero-se-resistio-y-golpeo-a-efectivos\/","title":{"rendered":"ROBABA UN TELEVISOR, LO ATRAPAN PERO SE RESISTI\u00d3 Y GOLPE\u00d3 A EFECTIVOS"},"content":{"rendered":"<h2>Tiene 45 a\u00f1os y fue trasladado a la Alcaid\u00eda Penitenciaria N\u00ba 44 de Bat\u00e1n, luego de haber golpearon a los efectivos de la comisar\u00eda tercera.<\/h2>\n<p><strong>MAR DEL PLATA &#8211;<\/strong> Un<strong>\u00a0hombre de 45 a\u00f1os fue detenido<\/strong>\u00a0este domingo luego de que lo descubrieran tras haber robado un televisor de una casa y que, en ese contexto, golpeara a los efectivos policiales que participaban del operativo.<\/p>\n<p>El hecho ocurri\u00f3 en\u00a0<strong>Roque S\u00e1enz Pe\u00f1a y Bouchard<\/strong>, donde est\u00e1 ubicada la vivienda en la que se hab\u00eda introducido el ladr\u00f3n, en ese momento desocupada. Un vecino llam\u00f3 al 911 tras observar la maniobra y minutos m\u00e1s tarde arrib\u00f3 al lugar personal de la comisar\u00eda tercera -con jurisdicci\u00f3n all\u00ed-, que constat\u00f3 la rotura de una ventana.<\/p>\n<blockquote>\n<h3>Fue en ese contexto que, al observar en las inmediaciones del inmueble, los efectivos descubrieron que un hombre corr\u00eda con un televisor en la mano. De inmediato, procedieron a interceptarlo y quisieron requisarlo.<\/h3>\n<\/blockquote>\n<p>Lejos de acatar la orden policial,\u00a0<strong>el sospechoso comenz\u00f3 a golpear a los uniformados<\/strong>\u00a0y se inici\u00f3 un forcejeo que acab\u00f3 con su aprehensi\u00f3n y el secuestro del artefacto que, luego se supo, hab\u00eda sido sustra\u00eddo de la vivienda en cuesti\u00f3n.<\/p>\n<p>Notificada del caso la fiscal de Flagrancia,<strong>\u00a0Mar\u00eda Isabel S\u00e1nchez<\/strong>, imput\u00f3 al detenido en una causa penal por el delito de \u201crobo en grado de tentativa y atentado a la autoridad\u201d, y dispuso su traslado a la Alcaid\u00eda Penitenciaria N\u00ba 44 de Bat\u00e1n.<\/p>\n<p>publicado en lacapitaldirario<\/p>\n","protected":false},"excerpt":{"rendered":"<div class=\"mh-excerpt\"><p>Tiene 45 a\u00f1os y fue trasladado a la Alcaid\u00eda Penitenciaria N\u00ba 44 de Bat\u00e1n, luego de haber golpearon a los efectivos de la comisar\u00eda tercera. MAR DEL PLATA &#8211; Un\u00a0hombre de 45 a\u00f1os fue detenido\u00a0este <a class=\"mh-excerpt-more\" href=\"https:\/\/larevistadigital.com.ar\/blog\/robaba-un-televisor-lo-atrapan-pero-se-resistio-y-golpeo-a-efectivos\/\" title=\"ROBABA UN TELEVISOR, LO ATRAPAN PERO SE RESISTI\u00d3 Y GOLPE\u00d3 A EFECTIVOS\">[Leer M\u00e1s]<\/a><\/p>\n<\/div>","protected":false},"author":3,"featured_media":20770,"comment_status":"open","ping_status":"open","sticky":false,"template":"","format":"standard","meta":{"_jetpack_memberships_contains_paid_content":false,"footnotes":"","jetpack_publicize_message":"","jetpack_publicize_feature_enabled":true,"jetpack_social_post_already_shared":true,"jetpack_social_options":{"image_generator_settings":{"template":"highway","default_image_id":0,"font":"","enabled":false},"version":2}},"categories":[44,51],"tags":[],"class_list":{"0":"post-21645","1":"post","2":"type-post","3":"status-publish","4":"format-standard","5":"has-post-thumbnail","7":"category-policiales","8":"category-regionales"},"jetpack_publicize_connections":[],"jetpack_featured_media_url":"https:\/\/i0.wp.com\/larevistadigital.com.ar\/blog\/wp-content\/uploads\/1620734311775.jpg?fit=1500%2C971&ssl=1","jetpack_sharing_enabled":true,"jetpack_shortlink":"https:\/\/wp.me\/p8qtrQ-5D7","jetpack-related-posts":[{"id":21704,"url":"https:\/\/larevistadigital.com.ar\/blog\/zafo-el-verdulero-detienen-a-carnicero-por-amenazar-de-muerte-a-panadero-que-supuestamente-le-robo-75-mil-pesos\/","url_meta":{"origin":21645,"position":0},"title":"ZAF\u00d3 EL VERDULERO!: DETIENEN A CARNICERO POR AMENAZAR DE MUERTE A PANADERO QUE SUPUESTAMENTE LE ROB\u00d3 75 MIL PESOS","author":"Alejandro Sosa Ruda","date":"25 agosto, 2021","format":false,"excerpt":"El comerciante armado, de 49 a\u00f1os, fue detenido y en su poder se hallaron 34 mil pesos. La polic\u00eda lleg\u00f3 al lugar, en la zona de Constituci\u00f3n, por el llamado de los clientes de ambos comercios. MAR DEL PLATA - Un carnicero de la zona de Constituci\u00f3n\u00a0fue detenido este martes\u2026","rel":"","context":"En \u00abPOLICIALES\u00bb","block_context":{"text":"POLICIALES","link":"https:\/\/larevistadigital.com.ar\/blog\/category\/policiales\/"},"img":{"alt_text":"","src":"https:\/\/i0.wp.com\/larevistadigital.com.ar\/blog\/wp-content\/uploads\/POLICIA.png?fit=1002%2C658&ssl=1&resize=350%2C200","width":350,"height":200,"srcset":"https:\/\/i0.wp.com\/larevistadigital.com.ar\/blog\/wp-content\/uploads\/POLICIA.png?fit=1002%2C658&ssl=1&resize=350%2C200 1x, https:\/\/i0.wp.com\/larevistadigital.com.ar\/blog\/wp-content\/uploads\/POLICIA.png?fit=1002%2C658&ssl=1&resize=525%2C300 1.5x, https:\/\/i0.wp.com\/larevistadigital.com.ar\/blog\/wp-content\/uploads\/POLICIA.png?fit=1002%2C658&ssl=1&resize=700%2C400 2x"},"classes":[]},{"id":29120,"url":"https:\/\/larevistadigital.com.ar\/blog\/la-plata-alerta-por-un-exhibicionista-que-acoso-una-chica-cerca-de-la-terminal\/","url_meta":{"origin":21645,"position":1},"title":"LA PLATA: ALERTA POR UN EXHIBICIONISTA QUE ACOS\u00d3 UNA CHICA CERCA DE LA TERMINAL.","author":"Alejandro Sosa Ruda","date":"27 noviembre, 2022","format":false,"excerpt":"Ocurri\u00f3 este fin de semana en 3 y 41. La v\u00edctima, de 20 a\u00f1os, denunci\u00f3 la situaci\u00f3n ante la Polic\u00eda y los efectivos lograron interceptarlo a los pocos metros. 27 de noviembre de 2022 Una joven de 20 a\u00f1os denunci\u00f3 en las \u00faltimas horas la presencia de un acosador sexual\u2026","rel":"","context":"En \u00abPOLICIALES\u00bb","block_context":{"text":"POLICIALES","link":"https:\/\/larevistadigital.com.ar\/blog\/category\/policiales\/"},"img":{"alt_text":"","src":"https:\/\/i0.wp.com\/larevistadigital.com.ar\/blog\/wp-content\/uploads\/1619523279743.jpg?fit=1200%2C594&ssl=1&resize=350%2C200","width":350,"height":200,"srcset":"https:\/\/i0.wp.com\/larevistadigital.com.ar\/blog\/wp-content\/uploads\/1619523279743.jpg?fit=1200%2C594&ssl=1&resize=350%2C200 1x, https:\/\/i0.wp.com\/larevistadigital.com.ar\/blog\/wp-content\/uploads\/1619523279743.jpg?fit=1200%2C594&ssl=1&resize=525%2C300 1.5x, https:\/\/i0.wp.com\/larevistadigital.com.ar\/blog\/wp-content\/uploads\/1619523279743.jpg?fit=1200%2C594&ssl=1&resize=700%2C400 2x, https:\/\/i0.wp.com\/larevistadigital.com.ar\/blog\/wp-content\/uploads\/1619523279743.jpg?fit=1200%2C594&ssl=1&resize=1050%2C600 3x"},"classes":[]},{"id":33856,"url":"https:\/\/larevistadigital.com.ar\/blog\/la-plata-cayo-el-acusado-por-el-femicidio-de-cecilia-gongora\/","url_meta":{"origin":21645,"position":2},"title":"LA PLATA: CAY\u00d3 EL ACUSADO POR EL FEMICIDIO DE CECILIA G\u00d3NGORA","author":"Alejandro Sosa Ruda","date":"5 octubre, 2023","format":false,"excerpt":"Tras una persecuci\u00f3n, la Polic\u00eda atrap\u00f3 al hombre en un descampado. Es el principal y \u00fanico acusado de asesinar a la mujer frente a sus hijos en La Plata. 05 de octubre de 2023 En medio de los pedidos de justicia por el\u00a0femicidio\u00a0que sacude a\u00a0La Plata, efectivos de la DDI\u2026","rel":"","context":"En \u00abDESTACADAS\u00bb","block_context":{"text":"DESTACADAS","link":"https:\/\/larevistadigital.com.ar\/blog\/category\/destacadas\/"},"img":{"alt_text":"","src":"https:\/\/i0.wp.com\/larevistadigital.com.ar\/blog\/wp-content\/uploads\/Captura-de-pantalla-2023-10-05-191830.png?fit=875%2C495&ssl=1&resize=350%2C200","width":350,"height":200,"srcset":"https:\/\/i0.wp.com\/larevistadigital.com.ar\/blog\/wp-content\/uploads\/Captura-de-pantalla-2023-10-05-191830.png?fit=875%2C495&ssl=1&resize=350%2C200 1x, https:\/\/i0.wp.com\/larevistadigital.com.ar\/blog\/wp-content\/uploads\/Captura-de-pantalla-2023-10-05-191830.png?fit=875%2C495&ssl=1&resize=525%2C300 1.5x, https:\/\/i0.wp.com\/larevistadigital.com.ar\/blog\/wp-content\/uploads\/Captura-de-pantalla-2023-10-05-191830.png?fit=875%2C495&ssl=1&resize=700%2C400 2x"},"classes":[]},{"id":38886,"url":"https:\/\/larevistadigital.com.ar\/blog\/cayo-un-hombre-acusado-de-abusar-de-la-sobrina-de-su-pareja-durante-14-anos\/","url_meta":{"origin":21645,"position":3},"title":"Cay\u00f3 un hombre acusado de abusar de la sobrina de su pareja durante 14 a\u00f1os","author":"Alejandro Sosa Ruda","date":"27 febrero, 2025","format":false,"excerpt":"El sujeto tiene 69 a\u00f1os. Todo sucedi\u00f3 entre 2012 y 2025. MAR DEL PLATA -\u00a0 Un hombre de 69 a\u00f1os fue detenido este jueves por la tarde en el barrio Los Andes de Mar del Plata, acusado de haber abusado sexualmente de la sobrina de su pareja durante m\u00e1s de\u2026","rel":"","context":"En \u00abPOLICIALES\u00bb","block_context":{"text":"POLICIALES","link":"https:\/\/larevistadigital.com.ar\/blog\/category\/policiales\/"},"img":{"alt_text":"","src":"https:\/\/i0.wp.com\/larevistadigital.com.ar\/blog\/wp-content\/uploads\/Captura-de-pantalla-2025-02-27-201230.jpg?fit=773%2C432&ssl=1&resize=350%2C200","width":350,"height":200,"srcset":"https:\/\/i0.wp.com\/larevistadigital.com.ar\/blog\/wp-content\/uploads\/Captura-de-pantalla-2025-02-27-201230.jpg?fit=773%2C432&ssl=1&resize=350%2C200 1x, https:\/\/i0.wp.com\/larevistadigital.com.ar\/blog\/wp-content\/uploads\/Captura-de-pantalla-2025-02-27-201230.jpg?fit=773%2C432&ssl=1&resize=525%2C300 1.5x, https:\/\/i0.wp.com\/larevistadigital.com.ar\/blog\/wp-content\/uploads\/Captura-de-pantalla-2025-02-27-201230.jpg?fit=773%2C432&ssl=1&resize=700%2C400 2x"},"classes":[]},{"id":31580,"url":"https:\/\/larevistadigital.com.ar\/blog\/la-plata-balean-a-un-joven-de-26-anos\/","url_meta":{"origin":21645,"position":4},"title":"LA PLATA: BALEAN A UN JOVEN DE 26 A\u00d1OS","author":"Alejandro Sosa Ruda","date":"16 mayo, 2023","format":false,"excerpt":"El episodio ocurri\u00f3 el domingo por la noche en Los Hornos. La v\u00edctima sufri\u00f3 un impacto en el hombro y est\u00e1 internada en el hospital San Mart\u00edn. 15 de mayo de 2023 Un joven de 26 a\u00f1os se encuentra internado en el\u00a0hospital San Mart\u00edn,\u00a0luego de\u00a0recibir un tiro el \u00faltimo domingo\u00a0en\u2026","rel":"","context":"En \u00abPOLICIALES\u00bb","block_context":{"text":"POLICIALES","link":"https:\/\/larevistadigital.com.ar\/blog\/category\/policiales\/"},"img":{"alt_text":"","src":"https:\/\/i0.wp.com\/larevistadigital.com.ar\/blog\/wp-content\/uploads\/1587740549733.jpeg?fit=1200%2C594&ssl=1&resize=350%2C200","width":350,"height":200,"srcset":"https:\/\/i0.wp.com\/larevistadigital.com.ar\/blog\/wp-content\/uploads\/1587740549733.jpeg?fit=1200%2C594&ssl=1&resize=350%2C200 1x, https:\/\/i0.wp.com\/larevistadigital.com.ar\/blog\/wp-content\/uploads\/1587740549733.jpeg?fit=1200%2C594&ssl=1&resize=525%2C300 1.5x, https:\/\/i0.wp.com\/larevistadigital.com.ar\/blog\/wp-content\/uploads\/1587740549733.jpeg?fit=1200%2C594&ssl=1&resize=700%2C400 2x, https:\/\/i0.wp.com\/larevistadigital.com.ar\/blog\/wp-content\/uploads\/1587740549733.jpeg?fit=1200%2C594&ssl=1&resize=1050%2C600 3x"},"classes":[]},{"id":26685,"url":"https:\/\/larevistadigital.com.ar\/blog\/controlaron-un-motin-en-la-comisaria-de-los-toldos\/","url_meta":{"origin":21645,"position":5},"title":"CONTROLARON UN MOTIN EN LA COMISAR\u00cdA DE LOS TOLDOS","author":"Alejandro Sosa Ruda","date":"17 julio, 2022","format":false,"excerpt":"Un grupo de nueve presos gener\u00f3 un principio de incendio. Uno de ellos exig\u00eda que se lo traslade al a una dependencia del conurbano. LOS TOLDOS -\u00a0 En la tarde de este s\u00e1bado se registr\u00f3 un mot\u00edn en la comisar\u00eda de Los Toldos, partido de General Viamonte. Hasta all\u00ed se\u2026","rel":"","context":"En \u00abINTERES GENERAL\u00bb","block_context":{"text":"INTERES GENERAL","link":"https:\/\/larevistadigital.com.ar\/blog\/category\/interes-general\/"},"img":{"alt_text":"","src":"https:\/\/i0.wp.com\/larevistadigital.com.ar\/blog\/wp-content\/uploads\/LOS-TOLDOS.jpg?fit=800%2C500&ssl=1&resize=350%2C200","width":350,"height":200,"srcset":"https:\/\/i0.wp.com\/larevistadigital.com.ar\/blog\/wp-content\/uploads\/LOS-TOLDOS.jpg?fit=800%2C500&ssl=1&resize=350%2C200 1x, https:\/\/i0.wp.com\/larevistadigital.com.ar\/blog\/wp-content\/uploads\/LOS-TOLDOS.jpg?fit=800%2C500&ssl=1&resize=525%2C300 1.5x, https:\/\/i0.wp.com\/larevistadigital.com.ar\/blog\/wp-content\/uploads\/LOS-TOLDOS.jpg?fit=800%2C500&ssl=1&resize=700%2C400 2x"},"classes":[]}],"_links":{"self":[{"href":"https:\/\/larevistadigital.com.ar\/blog\/wp-json\/wp\/v2\/posts\/21645","targetHints":{"allow":["GET"]}}],"collection":[{"href":"https:\/\/larevistadigital.com.ar\/blog\/wp-json\/wp\/v2\/posts"}],"about":[{"href":"https:\/\/larevistadigital.com.ar\/blog\/wp-json\/wp\/v2\/types\/post"}],"author":[{"embeddable":true,"href":"https:\/\/larevistadigital.com.ar\/blog\/wp-json\/wp\/v2\/users\/3"}],"replies":[{"embeddable":true,"href":"https:\/\/larevistadigital.com.ar\/blog\/wp-json\/wp\/v2\/comments?post=21645"}],"version-history":[{"count":1,"href":"https:\/\/larevistadigital.com.ar\/blog\/wp-json\/wp\/v2\/posts\/21645\/revisions"}],"predecessor-version":[{"id":21646,"href":"https:\/\/larevistadigital.com.ar\/blog\/wp-json\/wp\/v2\/posts\/21645\/revisions\/21646"}],"wp:featuredmedia":[{"embeddable":true,"href":"https:\/\/larevistadigital.com.ar\/blog\/wp-json\/wp\/v2\/media\/20770"}],"wp:attachment":[{"href":"https:\/\/larevistadigital.com.ar\/blog\/wp-json\/wp\/v2\/media?parent=21645"}],"wp:term":[{"taxonomy":"category","embeddable":true,"href":"https:\/\/larevistadigital.com.ar\/blog\/wp-json\/wp\/v2\/categories?post=21645"},{"taxonomy":"post_tag","embeddable":true,"href":"https:\/\/larevistadigital.com.ar\/blog\/wp-json\/wp\/v2\/tags?post=21645"}],"curies":[{"name":"wp","href":"https:\/\/api.w.org\/{rel}","templated":true}]}}