{"id":21647,"date":"2021-08-23T03:03:10","date_gmt":"2021-08-23T03:03:10","guid":{"rendered":"https:\/\/larevistadigital.com.ar\/blog\/?p=21647"},"modified":"2021-08-23T03:03:10","modified_gmt":"2021-08-23T03:03:10","slug":"durante-una-pelea-le-rompen-una-botella-en-la-cabeza-a-un-adolescente","status":"publish","type":"post","link":"https:\/\/larevistadigital.com.ar\/blog\/durante-una-pelea-le-rompen-una-botella-en-la-cabeza-a-un-adolescente\/","title":{"rendered":"DURANTE UNA PELEA LE ROMPEN UNA BOTELLA EN LA CABEZA A UN ADOLESCENTE"},"content":{"rendered":"<p><strong>MAR DEL PLATA &#8211;<\/strong> Un\u00a0<strong>adolescente de 15 a\u00f1os<\/strong>\u00a0recibi\u00f3 un\u00a0<strong>botellazo en la cabeza<\/strong>\u00a0durante una pelea esta madrugada en el barrio San Mart\u00edn y tuvo que ser trasladado de urgencia al Hospital Interzonal.<\/p>\n<p>El hecho se registr\u00f3 en G\u00e9nova y Fleming, donde un grupo de personas, en aparente estado de ebriedad, se peleaban en la v\u00eda p\u00fablica. En ese contexto es que al adolescente, de 15 a\u00f1os, le partieron una botella en la cabeza y sufri\u00f3 una herida cortante.<\/p>\n<blockquote>\n<h3>Un llamado al 911 alert\u00f3 a la polic\u00eda y personal de la comisar\u00eda quinta fue hasta el lugar. Al llegar, los involucrados en la pelea se dispersaron y encontraron al adolescente, herido de gravedad, por lo que solicitaron la presencia de una ambulancia del SAME para trasladarlo al Hospital Interzonal.<\/h3>\n<\/blockquote>\n<p>La v\u00edctima, acompa\u00f1ada al nosocomio por su madre, qued\u00f3 internada por decisi\u00f3n de los m\u00e9dicos.<\/p>\n<p>El hecho es investigado por la fiscal <strong>Andrea G\u00f3mez<\/strong>, quien inici\u00f3 una causa por lesiones.<\/p>\n","protected":false},"excerpt":{"rendered":"<div class=\"mh-excerpt\"><p>MAR DEL PLATA &#8211; Un\u00a0adolescente de 15 a\u00f1os\u00a0recibi\u00f3 un\u00a0botellazo en la cabeza\u00a0durante una pelea esta madrugada en el barrio San Mart\u00edn y tuvo que ser trasladado de urgencia al Hospital Interzonal. El hecho se registr\u00f3 <a class=\"mh-excerpt-more\" href=\"https:\/\/larevistadigital.com.ar\/blog\/durante-una-pelea-le-rompen-una-botella-en-la-cabeza-a-un-adolescente\/\" title=\"DURANTE UNA PELEA LE ROMPEN UNA BOTELLA EN LA CABEZA A UN ADOLESCENTE\">[Leer M\u00e1s]<\/a><\/p>\n<\/div>","protected":false},"author":3,"featured_media":21648,"comment_status":"open","ping_status":"open","sticky":false,"template":"","format":"standard","meta":{"_jetpack_memberships_contains_paid_content":false,"footnotes":"","jetpack_publicize_message":"","jetpack_publicize_feature_enabled":true,"jetpack_social_post_already_shared":true,"jetpack_social_options":{"image_generator_settings":{"template":"highway","default_image_id":0,"font":"","enabled":false},"version":2}},"categories":[44,51],"tags":[],"class_list":{"0":"post-21647","1":"post","2":"type-post","3":"status-publish","4":"format-standard","5":"has-post-thumbnail","7":"category-policiales","8":"category-regionales"},"jetpack_publicize_connections":[],"jetpack_featured_media_url":"https:\/\/i0.wp.com\/larevistadigital.com.ar\/blog\/wp-content\/uploads\/POLICIA.png?fit=1002%2C658&ssl=1","jetpack_sharing_enabled":true,"jetpack_shortlink":"https:\/\/wp.me\/p8qtrQ-5D9","jetpack-related-posts":[{"id":16768,"url":"https:\/\/larevistadigital.com.ar\/blog\/mar-del-plata-apunalan-a-tres-jovenes-al-querer-entrar-a-una-fiesta-de-cumpleanos\/","url_meta":{"origin":21647,"position":0},"title":"MAR DEL PLATA: APU\u00d1ALAN A TRES J\u00d3VENES AL QUERER ENTRAR A UNA FIESTA DE CUMPLEA\u00d1OS","author":"Alejandro Sosa Ruda","date":"5 octubre, 2020","format":false,"excerpt":"Ocurri\u00f3 ayer a la madrugada en el barrio San Mart\u00edn. Las v\u00edctimas tienen 17, 18 y 19 a\u00f1os. Tres j\u00f3venes, de 17, 18 y 19 a\u00f1os, fueron apu\u00f1alados al querer ingresar a una fiesta clandestina en el barrio San Mart\u00edn donde un adolescente celebraba su cumplea\u00f1os. Cerca de las 5\u2026","rel":"","context":"En \u00abINTERES GENERAL\u00bb","block_context":{"text":"INTERES GENERAL","link":"https:\/\/larevistadigital.com.ar\/blog\/category\/interes-general\/"},"img":{"alt_text":"","src":"https:\/\/i0.wp.com\/larevistadigital.com.ar\/blog\/wp-content\/uploads\/Guardia-Higa-0311.jpg?fit=790%2C444&ssl=1&resize=350%2C200","width":350,"height":200,"srcset":"https:\/\/i0.wp.com\/larevistadigital.com.ar\/blog\/wp-content\/uploads\/Guardia-Higa-0311.jpg?fit=790%2C444&ssl=1&resize=350%2C200 1x, https:\/\/i0.wp.com\/larevistadigital.com.ar\/blog\/wp-content\/uploads\/Guardia-Higa-0311.jpg?fit=790%2C444&ssl=1&resize=525%2C300 1.5x, https:\/\/i0.wp.com\/larevistadigital.com.ar\/blog\/wp-content\/uploads\/Guardia-Higa-0311.jpg?fit=790%2C444&ssl=1&resize=700%2C400 2x"},"classes":[]},{"id":42358,"url":"https:\/\/larevistadigital.com.ar\/blog\/necochea-conmocionada-un-adolescente-de-16-anos-fue-asesinado-frente-al-casino\/","url_meta":{"origin":21647,"position":1},"title":"Necochea conmocionada: un adolescente de 16 a\u00f1os fue asesinado frente al Casino","author":"Alejandro Sosa Ruda","date":"2 noviembre, 2025","format":false,"excerpt":"El hecho ocurri\u00f3 durante una pelea entre menores en la zona del Casino. La v\u00edctima, identificada como Bautista Coronel, muri\u00f3 tras recibir una pu\u00f1alada en la ingle. El agresor, tambi\u00e9n de 16 a\u00f1os, fue detenido y trasladado al Centro de Contenci\u00f3n de Bat\u00e1n. 02 de Noviembre de 2025 NECOCHEA -\u00a0\u2026","rel":"","context":"En \u00abPOLICIALES\u00bb","block_context":{"text":"POLICIALES","link":"https:\/\/larevistadigital.com.ar\/blog\/category\/policiales\/"},"img":{"alt_text":"","src":"https:\/\/i0.wp.com\/larevistadigital.com.ar\/blog\/wp-content\/uploads\/1fab6e5bfa5d542724bdaf4ab43a212b4fc6b86c.jpg?fit=1140%2C623&ssl=1&resize=350%2C200","width":350,"height":200,"srcset":"https:\/\/i0.wp.com\/larevistadigital.com.ar\/blog\/wp-content\/uploads\/1fab6e5bfa5d542724bdaf4ab43a212b4fc6b86c.jpg?fit=1140%2C623&ssl=1&resize=350%2C200 1x, https:\/\/i0.wp.com\/larevistadigital.com.ar\/blog\/wp-content\/uploads\/1fab6e5bfa5d542724bdaf4ab43a212b4fc6b86c.jpg?fit=1140%2C623&ssl=1&resize=525%2C300 1.5x, https:\/\/i0.wp.com\/larevistadigital.com.ar\/blog\/wp-content\/uploads\/1fab6e5bfa5d542724bdaf4ab43a212b4fc6b86c.jpg?fit=1140%2C623&ssl=1&resize=700%2C400 2x, https:\/\/i0.wp.com\/larevistadigital.com.ar\/blog\/wp-content\/uploads\/1fab6e5bfa5d542724bdaf4ab43a212b4fc6b86c.jpg?fit=1140%2C623&ssl=1&resize=1050%2C600 3x"},"classes":[]},{"id":23023,"url":"https:\/\/larevistadigital.com.ar\/blog\/mar-del-plata-otra-pelea-a-la-salida-de-un-boliche-en-playa-grande-joven-recibio-un-botellazo\/","url_meta":{"origin":21647,"position":2},"title":"MAR DEL PLATA: OTRA PELEA A LA SALIDA DE UN BOLICHE EN PLAYA GRANDE. JOVEN RECIBI\u00d3 UN BOTELLAZO","author":"Alejandro Sosa Ruda","date":"26 diciembre, 2021","format":false,"excerpt":"La situaci\u00f3n qued\u00f3 grabada en un video tomado por un testigo. El joven estuvo internado en el Hospital Interzonal General de Agudos (HIGA) y su padre public\u00f3 en Facebook las im\u00e1genes de los agresores. MAR DEL PLATA\u00a0 -\u00a0 Ocurri\u00f3 otra vez:\u00a0un joven result\u00f3 gravemente herido durante una pelea que se\u2026","rel":"","context":"En \u00abPOLICIALES\u00bb","block_context":{"text":"POLICIALES","link":"https:\/\/larevistadigital.com.ar\/blog\/category\/policiales\/"},"img":{"alt_text":"","src":"https:\/\/i0.wp.com\/larevistadigital.com.ar\/blog\/wp-content\/uploads\/Captura-de-pantalla-2021-12-26-104039.jpg?fit=896%2C551&ssl=1&resize=350%2C200","width":350,"height":200,"srcset":"https:\/\/i0.wp.com\/larevistadigital.com.ar\/blog\/wp-content\/uploads\/Captura-de-pantalla-2021-12-26-104039.jpg?fit=896%2C551&ssl=1&resize=350%2C200 1x, https:\/\/i0.wp.com\/larevistadigital.com.ar\/blog\/wp-content\/uploads\/Captura-de-pantalla-2021-12-26-104039.jpg?fit=896%2C551&ssl=1&resize=525%2C300 1.5x, https:\/\/i0.wp.com\/larevistadigital.com.ar\/blog\/wp-content\/uploads\/Captura-de-pantalla-2021-12-26-104039.jpg?fit=896%2C551&ssl=1&resize=700%2C400 2x"},"classes":[]},{"id":20750,"url":"https:\/\/larevistadigital.com.ar\/blog\/mar-del-plata-asaltan-a-pareja-en-la-rambla-y-luego-de-una-persecucion-fueron-detenidos\/","url_meta":{"origin":21647,"position":3},"title":"MAR DEL PLATA: ASALTAN A PAREJA EN LA RAMBLA, Y LUEGO DE UNA PERSECUCI\u00d3N FUERON DETENIDOS","author":"Alejandro Sosa Ruda","date":"16 junio, 2021","format":false,"excerpt":"Tienen 16 y 19 a\u00f1os. Recuperaron los elementos robados. El mayor cay\u00f3 al piso, se cort\u00f3 la cabeza y debi\u00f3 ser trasladado al hospital. MAR DEL PLATA - La recorrida de rutina que personal policial realizaba en la zona de la costa termin\u00f3 con la aprehensi\u00f3n de un joven de\u2026","rel":"","context":"En \u00abREGIONALES\u00bb","block_context":{"text":"REGIONALES","link":"https:\/\/larevistadigital.com.ar\/blog\/category\/regionales\/"},"img":{"alt_text":"","src":"https:\/\/i0.wp.com\/larevistadigital.com.ar\/blog\/wp-content\/uploads\/rambla.png?fit=1002%2C565&ssl=1&resize=350%2C200","width":350,"height":200,"srcset":"https:\/\/i0.wp.com\/larevistadigital.com.ar\/blog\/wp-content\/uploads\/rambla.png?fit=1002%2C565&ssl=1&resize=350%2C200 1x, https:\/\/i0.wp.com\/larevistadigital.com.ar\/blog\/wp-content\/uploads\/rambla.png?fit=1002%2C565&ssl=1&resize=525%2C300 1.5x, https:\/\/i0.wp.com\/larevistadigital.com.ar\/blog\/wp-content\/uploads\/rambla.png?fit=1002%2C565&ssl=1&resize=700%2C400 2x"},"classes":[]},{"id":15397,"url":"https:\/\/larevistadigital.com.ar\/blog\/molio-a-golpes-a-su-hija-de-2-anos-ahora-la-criatura-pelea-por-su-vida\/","url_meta":{"origin":21647,"position":4},"title":"CHACAL MOLI\u00d3 A GOLPES A SU HIJA DE 2 A\u00d1OS. AHORA LA CRIATURA PELEA POR SU VIDA","author":"Alejandro Sosa Ruda","date":"28 mayo, 2020","format":false,"excerpt":"SAN NICOL\u00c1S - Una ni\u00f1a de 2 a\u00f1os qued\u00f3 internada en grave estado en un hospital de San Nicol\u00e1s, y por el hecho detuvieron a su padre, un adolescente de 17 a\u00f1os con antecedentes penales, informaron fuentes policiales. La denuncia fue realizada por la madre de la v\u00edctima, una joven\u2026","rel":"","context":"En \u00abINTERES GENERAL\u00bb","block_context":{"text":"INTERES GENERAL","link":"https:\/\/larevistadigital.com.ar\/blog\/category\/interes-general\/"},"img":{"alt_text":"","src":"https:\/\/i0.wp.com\/larevistadigital.com.ar\/blog\/wp-content\/uploads\/1590675122756.jpg?fit=1200%2C673&ssl=1&resize=350%2C200","width":350,"height":200,"srcset":"https:\/\/i0.wp.com\/larevistadigital.com.ar\/blog\/wp-content\/uploads\/1590675122756.jpg?fit=1200%2C673&ssl=1&resize=350%2C200 1x, https:\/\/i0.wp.com\/larevistadigital.com.ar\/blog\/wp-content\/uploads\/1590675122756.jpg?fit=1200%2C673&ssl=1&resize=525%2C300 1.5x, https:\/\/i0.wp.com\/larevistadigital.com.ar\/blog\/wp-content\/uploads\/1590675122756.jpg?fit=1200%2C673&ssl=1&resize=700%2C400 2x, https:\/\/i0.wp.com\/larevistadigital.com.ar\/blog\/wp-content\/uploads\/1590675122756.jpg?fit=1200%2C673&ssl=1&resize=1050%2C600 3x"},"classes":[]},{"id":24209,"url":"https:\/\/larevistadigital.com.ar\/blog\/le-pegaron-un-palazo-en-la-cabeza-en-una-pelea-callejera-tres-anos-de-prision\/","url_meta":{"origin":21647,"position":5},"title":"LE PEGARON UN PALAZO EN LA CABEZA EN UNA PELEA CALLEJERA: TRES A\u00d1OS DE PRISI\u00d3N","author":"Alejandro Sosa Ruda","date":"26 febrero, 2022","format":false,"excerpt":"El hecho ocurri\u00f3 en marzo de 2019 en Miramar. La ejecuci\u00f3n de la pena impuesta a Juan Carlos Rozas y Santiago Nahuel Rozas quedar\u00e1 en suspenso. MAR DEL PLATA -\u00a0 Dos sujetos que en marzo de 2019 y tras una pelea en la calle le pegaron un palazo en la\u2026","rel":"","context":"En \u00abPOLICIALES\u00bb","block_context":{"text":"POLICIALES","link":"https:\/\/larevistadigital.com.ar\/blog\/category\/policiales\/"},"img":{"alt_text":"","src":"https:\/\/i0.wp.com\/larevistadigital.com.ar\/blog\/wp-content\/uploads\/Captura-de-pantalla-2022-02-25-213005.jpg?fit=912%2C500&ssl=1&resize=350%2C200","width":350,"height":200,"srcset":"https:\/\/i0.wp.com\/larevistadigital.com.ar\/blog\/wp-content\/uploads\/Captura-de-pantalla-2022-02-25-213005.jpg?fit=912%2C500&ssl=1&resize=350%2C200 1x, https:\/\/i0.wp.com\/larevistadigital.com.ar\/blog\/wp-content\/uploads\/Captura-de-pantalla-2022-02-25-213005.jpg?fit=912%2C500&ssl=1&resize=525%2C300 1.5x, https:\/\/i0.wp.com\/larevistadigital.com.ar\/blog\/wp-content\/uploads\/Captura-de-pantalla-2022-02-25-213005.jpg?fit=912%2C500&ssl=1&resize=700%2C400 2x"},"classes":[]}],"_links":{"self":[{"href":"https:\/\/larevistadigital.com.ar\/blog\/wp-json\/wp\/v2\/posts\/21647","targetHints":{"allow":["GET"]}}],"collection":[{"href":"https:\/\/larevistadigital.com.ar\/blog\/wp-json\/wp\/v2\/posts"}],"about":[{"href":"https:\/\/larevistadigital.com.ar\/blog\/wp-json\/wp\/v2\/types\/post"}],"author":[{"embeddable":true,"href":"https:\/\/larevistadigital.com.ar\/blog\/wp-json\/wp\/v2\/users\/3"}],"replies":[{"embeddable":true,"href":"https:\/\/larevistadigital.com.ar\/blog\/wp-json\/wp\/v2\/comments?post=21647"}],"version-history":[{"count":1,"href":"https:\/\/larevistadigital.com.ar\/blog\/wp-json\/wp\/v2\/posts\/21647\/revisions"}],"predecessor-version":[{"id":21649,"href":"https:\/\/larevistadigital.com.ar\/blog\/wp-json\/wp\/v2\/posts\/21647\/revisions\/21649"}],"wp:featuredmedia":[{"embeddable":true,"href":"https:\/\/larevistadigital.com.ar\/blog\/wp-json\/wp\/v2\/media\/21648"}],"wp:attachment":[{"href":"https:\/\/larevistadigital.com.ar\/blog\/wp-json\/wp\/v2\/media?parent=21647"}],"wp:term":[{"taxonomy":"category","embeddable":true,"href":"https:\/\/larevistadigital.com.ar\/blog\/wp-json\/wp\/v2\/categories?post=21647"},{"taxonomy":"post_tag","embeddable":true,"href":"https:\/\/larevistadigital.com.ar\/blog\/wp-json\/wp\/v2\/tags?post=21647"}],"curies":[{"name":"wp","href":"https:\/\/api.w.org\/{rel}","templated":true}]}}